{"id":10048,"date":"2017-08-12T09:20:36","date_gmt":"2017-08-12T09:20:36","guid":{"rendered":"https:\/\/www.aguarda.es\/?p=10048"},"modified":"2017-08-12T09:23:19","modified_gmt":"2017-08-12T09:23:19","slug":"xunta-directiva-da-sociedade-pro-monte-reunese-para-considerar-posible-disolucion-da-institucion","status":"publish","type":"post","link":"https:\/\/www.aguarda.es\/en\/xunta-directiva-da-sociedade-pro-monte-reunese-para-considerar-posible-disolucion-da-institucion\/","title":{"rendered":"A Directiva da Sociedade Pro-Monte re\u00fanese para considerar a disoluci\u00f3n da instituci\u00f3n"},"content":{"rendered":"<p style=\"text-align: justify\">O pasado xoves celebrouse no sal\u00f3n de plenos do Concello da Guarda unha Xunta Extraordinaria da Directiva da Sociedade Pro-Monte Santa Trega, cun \u00fanico punto na orde do d\u00eda relativo \u00e1 disoluci\u00f3n da Sociedade. Asistiron \u00e1 convocatoria os membros da \u00faltima directiva elixida no ano 1979: o tesoreiro Manuel Mart\u00edn Goy\u00e1s, os vogais Florentina Andr\u00e9s \u00c1lvarez e Miguel Sobrino Blanco, e o presidente en funci\u00f3ns, Antonio Mart\u00ednez Vicente.<\/p>\n<p style=\"text-align: justify\">O secretario Jes\u00fas Alonso \u00c1lvarez, pola s\u00faa parte, escusou a s\u00faa ausencia por ter sufrido un accidente dom\u00e9stico, segundo explicou o presidente. Amais dos membros da directiva, estiveron presentes no acto o alcalde da Guarda, como testemu\u00f1a, e o historiador Joaqu\u00edn Miguel Villa \u00c1lvarez, en calidade de asesor.<\/p>\n<h5 style=\"text-align: left\"><b>Cuesti\u00f3ns sobre a disoluci\u00f3n dunha Sociedade centenaria<\/b><\/h5>\n<p style=\"text-align: justify\">A necesidade da Xunta Extraordinaria vi\u00f1a dada, segundo expuxo o presidente en funci\u00f3ns, pola\u00a0 \u201cirregular\u201d situaci\u00f3n da Sociedade, que a pesar de non ter presentado actividade durante m\u00e1is de 38 anos, nunca chegou a disolverse. Deste xeito, a instituci\u00f3n conserva a s\u00faa personalidade xur\u00eddica, cun patrimonio material ao seu nome e a presidencia do Padroado do Hospital-Casa-Asilo da Guarda (propietario do edificio do actual Centro Cultural), cargo que ostenta o presidente da Sociedade Pro-Monte.<\/p>\n<p style=\"text-align: justify\">Antes de dar a palabra aos membros da Directiva, Antonio Mart\u00ednez quixo facer constar a s\u00faa vontade de dar \u00e1 instituci\u00f3n un \u201cep\u00edlogo honroso, \u00e1 altura do prestixio da instituci\u00f3n, dos seus fundadores e de as persoas que a dirixiron durante tantos anos\u201d toda vez que os fins para os que foi creada xa se ti\u00f1an logrado. Neste sentido, e seguindo o establecido no artigo 34 dos seus Estatutos, propuxo como mellor e \u00fanica maneira de garantir a conservaci\u00f3n do legado da Pro-Monte a cesi\u00f3n en dep\u00f3sito de todos os bens ao Concello guard\u00e9s.<\/p>\n<p style=\"text-align: justify\">Nesta mesma li\u00f1a pronunciouse a vogal Florentina Andr\u00e9s, ao considerar que o Concello ser\u00eda a instituci\u00f3n m\u00e1is axeitada para xestionar o patrimonio en caso de disoluci\u00f3n, mais insistiu na s\u00faa vontade de dar a co\u00f1ecer as pretensi\u00f3ns da Xunta Directiva ao pobo da Guarda, a fin de que o proceso de disoluci\u00f3n se levase a cabo con transparencia e publicidade.<\/p>\n<p style=\"text-align: justify\">En li\u00f1as xerais, Manuel Mart\u00edn manifestou o seu desexo de chegar a unha soluci\u00f3n pronta e sinxela que po\u00f1a fin \u00e1 actual situaci\u00f3n da Sociedade. As\u00ed, o tesoreiro manifestou a s\u00faa intenci\u00f3n de apoiar a disoluci\u00f3n, sempre que esta sexa a mellor opci\u00f3n para a instituci\u00f3n\u00a0 e para o mantemento dos seus bens.\u00a0 Pola s\u00faa parte, o vogal Miguel Sobrino defendeu a posibilidade de \u201creavivar\u201d a Sociedade, de xeito que outras sa\u00eddas distintas \u00e1 disoluci\u00f3n deber\u00edan ser contempladas.<\/p>\n<p style=\"text-align: justify\">A fin de tomar unha decisi\u00f3n sobre o destino da Sociedade Pro-Monte Santa Trega e o seu patrimonio, os membros da Directiva acordaron continuar coa Xunta Extraordinaria o pr\u00f3ximo luns 21 de agosto nas instalaci\u00f3ns do Concello da Guarda, onde se votar\u00e1 a proposta de disoluci\u00f3n exposta polo seu presidente, Antonio Mart\u00ednez Vicente.<\/p>\n","protected":false},"excerpt":{"rendered":"<p>O pasado xoves celebrouse no sal\u00f3n de plenos do Concello da Guarda unha Xunta Extraordinaria da Directiva da Sociedade Pro-Monte Santa Trega, cun \u00fanico punto na orde do d\u00eda relativo \u00e1 disoluci\u00f3n da Sociedade. Asistiron \u00e1 convocatoria os membros da &hellip; <\/p>\n","protected":false},"author":2,"featured_media":10047,"comment_status":"open","ping_status":"open","sticky":false,"template":"","format":"standard","meta":[],"categories":[34],"tags":[488,490,489],"yoast_head":"<!-- This site is optimized with the Yoast SEO plugin v21.1 - https:\/\/yoast.com\/wordpress\/plugins\/seo\/ -->\n<title>A Directiva da Sociedade Pro-Monte re\u00fanese para considerar a disoluci\u00f3n da instituci\u00f3n - Concello da Guarda<\/title>\n<meta name=\"robots\" content=\"index, follow, max-snippet:-1, max-image-preview:large, max-video-preview:-1\" \/>\n<link rel=\"canonical\" href=\"https:\/\/www.aguarda.es\/en\/xunta-directiva-da-sociedade-pro-monte-reunese-para-considerar-posible-disolucion-da-institucion\/\" \/>\n<meta property=\"og:locale\" content=\"en_US\" \/>\n<meta property=\"og:type\" content=\"article\" \/>\n<meta property=\"og:title\" content=\"A Directiva da Sociedade Pro-Monte re\u00fanese para considerar a disoluci\u00f3n da instituci\u00f3n - Concello da Guarda\" \/>\n<meta property=\"og:description\" content=\"O pasado xoves celebrouse no sal\u00f3n de plenos do Concello da Guarda unha Xunta Extraordinaria da Directiva da Sociedade Pro-Monte Santa Trega, cun \u00fanico punto na orde do d\u00eda relativo \u00e1 disoluci\u00f3n da Sociedade. Asistiron \u00e1 convocatoria os membros da &hellip;\" \/>\n<meta property=\"og:url\" content=\"https:\/\/www.aguarda.es\/en\/xunta-directiva-da-sociedade-pro-monte-reunese-para-considerar-posible-disolucion-da-institucion\/\" \/>\n<meta property=\"og:site_name\" content=\"Concello da Guarda\" \/>\n<meta property=\"article:publisher\" content=\"https:\/\/www.facebook.com\/ConcellodaGuarda\" \/>\n<meta property=\"article:published_time\" content=\"2017-08-12T09:20:36+00:00\" \/>\n<meta property=\"article:modified_time\" content=\"2017-08-12T09:23:19+00:00\" \/>\n<meta property=\"og:image\" content=\"https:\/\/www.aguarda.es\/wp-content\/uploads\/2017\/08\/IMG_9442.jpg\" \/>\n\t<meta property=\"og:image:width\" content=\"4677\" \/>\n\t<meta property=\"og:image:height\" content=\"2830\" \/>\n\t<meta property=\"og:image:type\" content=\"image\/jpeg\" \/>\n<meta name=\"author\" content=\"prensa\" \/>\n<meta name=\"twitter:card\" content=\"summary_large_image\" \/>\n<meta name=\"twitter:creator\" content=\"@AGuarda_es\" \/>\n<meta name=\"twitter:site\" content=\"@AGuarda_es\" \/>\n<meta name=\"twitter:label1\" content=\"Written by\" \/>\n\t<meta name=\"twitter:data1\" content=\"prensa\" \/>\n\t<meta name=\"twitter:label2\" content=\"Est. reading time\" \/>\n\t<meta name=\"twitter:data2\" content=\"3 minutes\" \/>\n<script type=\"application\/ld+json\" class=\"yoast-schema-graph\">{\"@context\":\"https:\/\/schema.org\",\"@graph\":[{\"@type\":\"WebPage\",\"@id\":\"https:\/\/www.aguarda.es\/en\/xunta-directiva-da-sociedade-pro-monte-reunese-para-considerar-posible-disolucion-da-institucion\/\",\"url\":\"https:\/\/www.aguarda.es\/en\/xunta-directiva-da-sociedade-pro-monte-reunese-para-considerar-posible-disolucion-da-institucion\/\",\"name\":\"A Directiva da Sociedade Pro-Monte re\u00fanese para considerar a disoluci\u00f3n da instituci\u00f3n - Concello da Guarda\",\"isPartOf\":{\"@id\":\"https:\/\/www.aguarda.es\/en\/#website\"},\"datePublished\":\"2017-08-12T09:20:36+00:00\",\"dateModified\":\"2017-08-12T09:23:19+00:00\",\"author\":{\"@id\":\"https:\/\/www.aguarda.es\/en\/#\/schema\/person\/c463ca3006858ffb349d11179d044f21\"},\"breadcrumb\":{\"@id\":\"https:\/\/www.aguarda.es\/en\/xunta-directiva-da-sociedade-pro-monte-reunese-para-considerar-posible-disolucion-da-institucion\/#breadcrumb\"},\"inLanguage\":\"en-US\",\"potentialAction\":[{\"@type\":\"ReadAction\",\"target\":[\"https:\/\/www.aguarda.es\/en\/xunta-directiva-da-sociedade-pro-monte-reunese-para-considerar-posible-disolucion-da-institucion\/\"]}]},{\"@type\":\"BreadcrumbList\",\"@id\":\"https:\/\/www.aguarda.es\/en\/xunta-directiva-da-sociedade-pro-monte-reunese-para-considerar-posible-disolucion-da-institucion\/#breadcrumb\",\"itemListElement\":[{\"@type\":\"ListItem\",\"position\":1,\"name\":\"Portada\",\"item\":\"https:\/\/www.aguarda.es\/en\/\"},{\"@type\":\"ListItem\",\"position\":2,\"name\":\"A Directiva da Sociedade Pro-Monte re\u00fanese para considerar a disoluci\u00f3n da instituci\u00f3n\"}]},{\"@type\":\"WebSite\",\"@id\":\"https:\/\/www.aguarda.es\/en\/#website\",\"url\":\"https:\/\/www.aguarda.es\/en\/\",\"name\":\"Concello da Guarda\",\"description\":\"P\u00e1xina web do concello da Guarda\",\"potentialAction\":[{\"@type\":\"SearchAction\",\"target\":{\"@type\":\"EntryPoint\",\"urlTemplate\":\"https:\/\/www.aguarda.es\/en\/?s={search_term_string}\"},\"query-input\":\"required name=search_term_string\"}],\"inLanguage\":\"en-US\"},{\"@type\":\"Person\",\"@id\":\"https:\/\/www.aguarda.es\/en\/#\/schema\/person\/c463ca3006858ffb349d11179d044f21\",\"name\":\"prensa\",\"image\":{\"@type\":\"ImageObject\",\"inLanguage\":\"en-US\",\"@id\":\"https:\/\/www.aguarda.es\/en\/#\/schema\/person\/image\/\",\"url\":\"https:\/\/secure.gravatar.com\/avatar\/5f90ef536b0f98306edf5c7a1135ffa1?s=96&d=mm&r=g\",\"contentUrl\":\"https:\/\/secure.gravatar.com\/avatar\/5f90ef536b0f98306edf5c7a1135ffa1?s=96&d=mm&r=g\",\"caption\":\"prensa\"},\"url\":\"https:\/\/www.aguarda.es\/en\/author\/prensa\/\"}]}<\/script>\n<!-- \/ Yoast SEO plugin. -->","yoast_head_json":{"title":"A Directiva da Sociedade Pro-Monte re\u00fanese para considerar a disoluci\u00f3n da instituci\u00f3n - Concello da Guarda","robots":{"index":"index","follow":"follow","max-snippet":"max-snippet:-1","max-image-preview":"max-image-preview:large","max-video-preview":"max-video-preview:-1"},"canonical":"https:\/\/www.aguarda.es\/en\/xunta-directiva-da-sociedade-pro-monte-reunese-para-considerar-posible-disolucion-da-institucion\/","og_locale":"en_US","og_type":"article","og_title":"A Directiva da Sociedade Pro-Monte re\u00fanese para considerar a disoluci\u00f3n da instituci\u00f3n - Concello da Guarda","og_description":"O pasado xoves celebrouse no sal\u00f3n de plenos do Concello da Guarda unha Xunta Extraordinaria da Directiva da Sociedade Pro-Monte Santa Trega, cun \u00fanico punto na orde do d\u00eda relativo \u00e1 disoluci\u00f3n da Sociedade. Asistiron \u00e1 convocatoria os membros da &hellip;","og_url":"https:\/\/www.aguarda.es\/en\/xunta-directiva-da-sociedade-pro-monte-reunese-para-considerar-posible-disolucion-da-institucion\/","og_site_name":"Concello da Guarda","article_publisher":"https:\/\/www.facebook.com\/ConcellodaGuarda","article_published_time":"2017-08-12T09:20:36+00:00","article_modified_time":"2017-08-12T09:23:19+00:00","og_image":[{"width":4677,"height":2830,"url":"https:\/\/www.aguarda.es\/wp-content\/uploads\/2017\/08\/IMG_9442.jpg","type":"image\/jpeg"}],"author":"prensa","twitter_card":"summary_large_image","twitter_creator":"@AGuarda_es","twitter_site":"@AGuarda_es","twitter_misc":{"Written by":"prensa","Est. reading time":"3 minutes"},"schema":{"@context":"https:\/\/schema.org","@graph":[{"@type":"WebPage","@id":"https:\/\/www.aguarda.es\/en\/xunta-directiva-da-sociedade-pro-monte-reunese-para-considerar-posible-disolucion-da-institucion\/","url":"https:\/\/www.aguarda.es\/en\/xunta-directiva-da-sociedade-pro-monte-reunese-para-considerar-posible-disolucion-da-institucion\/","name":"A Directiva da Sociedade Pro-Monte re\u00fanese para considerar a disoluci\u00f3n da instituci\u00f3n - Concello da Guarda","isPartOf":{"@id":"https:\/\/www.aguarda.es\/en\/#website"},"datePublished":"2017-08-12T09:20:36+00:00","dateModified":"2017-08-12T09:23:19+00:00","author":{"@id":"https:\/\/www.aguarda.es\/en\/#\/schema\/person\/c463ca3006858ffb349d11179d044f21"},"breadcrumb":{"@id":"https:\/\/www.aguarda.es\/en\/xunta-directiva-da-sociedade-pro-monte-reunese-para-considerar-posible-disolucion-da-institucion\/#breadcrumb"},"inLanguage":"en-US","potentialAction":[{"@type":"ReadAction","target":["https:\/\/www.aguarda.es\/en\/xunta-directiva-da-sociedade-pro-monte-reunese-para-considerar-posible-disolucion-da-institucion\/"]}]},{"@type":"BreadcrumbList","@id":"https:\/\/www.aguarda.es\/en\/xunta-directiva-da-sociedade-pro-monte-reunese-para-considerar-posible-disolucion-da-institucion\/#breadcrumb","itemListElement":[{"@type":"ListItem","position":1,"name":"Portada","item":"https:\/\/www.aguarda.es\/en\/"},{"@type":"ListItem","position":2,"name":"A Directiva da Sociedade Pro-Monte re\u00fanese para considerar a disoluci\u00f3n da instituci\u00f3n"}]},{"@type":"WebSite","@id":"https:\/\/www.aguarda.es\/en\/#website","url":"https:\/\/www.aguarda.es\/en\/","name":"Concello da Guarda","description":"P\u00e1xina web do concello da Guarda","potentialAction":[{"@type":"SearchAction","target":{"@type":"EntryPoint","urlTemplate":"https:\/\/www.aguarda.es\/en\/?s={search_term_string}"},"query-input":"required name=search_term_string"}],"inLanguage":"en-US"},{"@type":"Person","@id":"https:\/\/www.aguarda.es\/en\/#\/schema\/person\/c463ca3006858ffb349d11179d044f21","name":"prensa","image":{"@type":"ImageObject","inLanguage":"en-US","@id":"https:\/\/www.aguarda.es\/en\/#\/schema\/person\/image\/","url":"https:\/\/secure.gravatar.com\/avatar\/5f90ef536b0f98306edf5c7a1135ffa1?s=96&d=mm&r=g","contentUrl":"https:\/\/secure.gravatar.com\/avatar\/5f90ef536b0f98306edf5c7a1135ffa1?s=96&d=mm&r=g","caption":"prensa"},"url":"https:\/\/www.aguarda.es\/en\/author\/prensa\/"}]}},"_links":{"self":[{"href":"https:\/\/www.aguarda.es\/en\/wp-json\/wp\/v2\/posts\/10048"}],"collection":[{"href":"https:\/\/www.aguarda.es\/en\/wp-json\/wp\/v2\/posts"}],"about":[{"href":"https:\/\/www.aguarda.es\/en\/wp-json\/wp\/v2\/types\/post"}],"author":[{"embeddable":true,"href":"https:\/\/www.aguarda.es\/en\/wp-json\/wp\/v2\/users\/2"}],"replies":[{"embeddable":true,"href":"https:\/\/www.aguarda.es\/en\/wp-json\/wp\/v2\/comments?post=10048"}],"version-history":[{"count":4,"href":"https:\/\/www.aguarda.es\/en\/wp-json\/wp\/v2\/posts\/10048\/revisions"}],"predecessor-version":[{"id":10052,"href":"https:\/\/www.aguarda.es\/en\/wp-json\/wp\/v2\/posts\/10048\/revisions\/10052"}],"wp:featuredmedia":[{"embeddable":true,"href":"https:\/\/www.aguarda.es\/en\/wp-json\/wp\/v2\/media\/10047"}],"wp:attachment":[{"href":"https:\/\/www.aguarda.es\/en\/wp-json\/wp\/v2\/media?parent=10048"}],"wp:term":[{"taxonomy":"category","embeddable":true,"href":"https:\/\/www.aguarda.es\/en\/wp-json\/wp\/v2\/categories?post=10048"},{"taxonomy":"post_tag","embeddable":true,"href":"https:\/\/www.aguarda.es\/en\/wp-json\/wp\/v2\/tags?post=10048"}],"curies":[{"name":"wp","href":"https:\/\/api.w.org\/{rel}","templated":true}]}}