{"id":10067,"date":"2017-08-17T12:37:10","date_gmt":"2017-08-17T12:37:10","guid":{"rendered":"https:\/\/www.aguarda.es\/?p=10067"},"modified":"2017-08-17T12:38:39","modified_gmt":"2017-08-17T12:38:39","slug":"o-persoal-de-socorrismo-o-ges-e-o-helicoptero-pesca-realizaron-simulacros-de-rescate-na-praia-muino","status":"publish","type":"post","link":"https:\/\/www.aguarda.es\/en\/o-persoal-de-socorrismo-o-ges-e-o-helicoptero-pesca-realizaron-simulacros-de-rescate-na-praia-muino\/","title":{"rendered":"O persoal de socorrismo, o GES e o Pesca realizaron simulacros de rescate na praia do Mu\u00ed\u00f1o"},"content":{"rendered":"<p style=\"text-align: justify\">O Grupo de Emerxencias Supranacionais (GES) da Guarda, o helic\u00f3ptero de salvamento mar\u00edtimo pertencente ao servizo de Gardacostas (Pesca) e o persoal de socorrismo da praia do Mu\u00ed\u00f1o realizaron durante a ma\u00f1\u00e1 de onte d\u00faas manobras de rescate na praia guardesa.<\/p>\n<p style=\"text-align: justify\">Para a realizaci\u00f3n das actividades de salvamento, o GES e o helic\u00f3ptero Pesca simularon o rescate dunha persoa con dificultades na auga e outra manobra de rescate dunha persoa en situaci\u00f3n de perigo a bordo dunha embarcaci\u00f3n.<\/p>\n<p style=\"text-align: justify\">O operativo contou con catro membros do helic\u00f3ptero de salvamento mar\u00edtimo, encargados de realizar o rescate das persoas e a s\u00faa evacuaci\u00f3n \u00f3 Pesca, un membro do GES a bordo da embarcaci\u00f3n e os dous socorristas, interpretando o rol das persoas rescatadas. \u00c1mbalas d\u00faas actividades lev\u00e1ronse a cabo sen complicaci\u00f3ns, entre as 11.30 e as 12.30 da ma\u00f1\u00e1.<\/p>\n<p><img decoding=\"async\" loading=\"lazy\" class=\"aligncenter wp-image-10065 size-full\" src=\"https:\/\/www.aguarda.es\/wp-content\/uploads\/2017\/08\/IMG_2377.jpg?_t=1502963575\" alt=\"\" width=\"1600\" height=\"900\" srcset=\"https:\/\/www.aguarda.es\/wp-content\/uploads\/2017\/08\/IMG_2377.jpg 1600w, https:\/\/www.aguarda.es\/wp-content\/uploads\/2017\/08\/IMG_2377-570x321.jpg 570w, https:\/\/www.aguarda.es\/wp-content\/uploads\/2017\/08\/IMG_2377-300x169.jpg 300w, https:\/\/www.aguarda.es\/wp-content\/uploads\/2017\/08\/IMG_2377-768x432.jpg 768w, https:\/\/www.aguarda.es\/wp-content\/uploads\/2017\/08\/IMG_2377-1024x576.jpg 1024w\" sizes=\"(max-width: 1600px) 100vw, 1600px\" \/><\/p>\n","protected":false},"excerpt":{"rendered":"<p>O Grupo de Emerxencias Supranacionais (GES) da Guarda, o helic\u00f3ptero de salvamento mar\u00edtimo pertencente ao servizo de Gardacostas (Pesca) e o persoal de socorrismo da praia do Mu\u00ed\u00f1o realizaron durante a ma\u00f1\u00e1 de onte d\u00faas manobras de rescate na praia &hellip; <\/p>\n","protected":false},"author":2,"featured_media":10065,"comment_status":"open","ping_status":"open","sticky":false,"template":"","format":"standard","meta":[],"categories":[1],"tags":[491,494,493,371,492],"yoast_head":"<!-- This site is optimized with the Yoast SEO plugin v21.1 - https:\/\/yoast.com\/wordpress\/plugins\/seo\/ -->\n<title>O persoal de socorrismo, o GES e o Pesca realizaron simulacros de rescate na praia do Mu\u00ed\u00f1o - Concello da Guarda<\/title>\n<meta name=\"robots\" content=\"index, follow, max-snippet:-1, max-image-preview:large, max-video-preview:-1\" \/>\n<link rel=\"canonical\" href=\"https:\/\/www.aguarda.es\/en\/o-persoal-de-socorrismo-o-ges-e-o-helicoptero-pesca-realizaron-simulacros-de-rescate-na-praia-muino\/\" \/>\n<meta property=\"og:locale\" content=\"en_US\" \/>\n<meta property=\"og:type\" content=\"article\" \/>\n<meta property=\"og:title\" content=\"O persoal de socorrismo, o GES e o Pesca realizaron simulacros de rescate na praia do Mu\u00ed\u00f1o - Concello da Guarda\" \/>\n<meta property=\"og:description\" content=\"O Grupo de Emerxencias Supranacionais (GES) da Guarda, o helic\u00f3ptero de salvamento mar\u00edtimo pertencente ao servizo de Gardacostas (Pesca) e o persoal de socorrismo da praia do Mu\u00ed\u00f1o realizaron durante a ma\u00f1\u00e1 de onte d\u00faas manobras de rescate na praia &hellip;\" \/>\n<meta property=\"og:url\" content=\"https:\/\/www.aguarda.es\/en\/o-persoal-de-socorrismo-o-ges-e-o-helicoptero-pesca-realizaron-simulacros-de-rescate-na-praia-muino\/\" \/>\n<meta property=\"og:site_name\" content=\"Concello da Guarda\" \/>\n<meta property=\"article:publisher\" content=\"https:\/\/www.facebook.com\/ConcellodaGuarda\" \/>\n<meta property=\"article:published_time\" content=\"2017-08-17T12:37:10+00:00\" \/>\n<meta property=\"article:modified_time\" content=\"2017-08-17T12:38:39+00:00\" \/>\n<meta property=\"og:image\" content=\"https:\/\/www.aguarda.es\/wp-content\/uploads\/2017\/08\/IMG_2377.jpg\" \/>\n\t<meta property=\"og:image:width\" content=\"1600\" \/>\n\t<meta property=\"og:image:height\" content=\"900\" \/>\n\t<meta property=\"og:image:type\" content=\"image\/jpeg\" \/>\n<meta name=\"author\" content=\"prensa\" \/>\n<meta name=\"twitter:card\" content=\"summary_large_image\" \/>\n<meta name=\"twitter:creator\" content=\"@AGuarda_es\" \/>\n<meta name=\"twitter:site\" content=\"@AGuarda_es\" \/>\n<meta name=\"twitter:label1\" content=\"Written by\" \/>\n\t<meta name=\"twitter:data1\" content=\"prensa\" \/>\n\t<meta name=\"twitter:label2\" content=\"Est. reading time\" \/>\n\t<meta name=\"twitter:data2\" content=\"1 minute\" \/>\n<script type=\"application\/ld+json\" class=\"yoast-schema-graph\">{\"@context\":\"https:\/\/schema.org\",\"@graph\":[{\"@type\":\"WebPage\",\"@id\":\"https:\/\/www.aguarda.es\/en\/o-persoal-de-socorrismo-o-ges-e-o-helicoptero-pesca-realizaron-simulacros-de-rescate-na-praia-muino\/\",\"url\":\"https:\/\/www.aguarda.es\/en\/o-persoal-de-socorrismo-o-ges-e-o-helicoptero-pesca-realizaron-simulacros-de-rescate-na-praia-muino\/\",\"name\":\"O persoal de socorrismo, o GES e o Pesca realizaron simulacros de rescate na praia do Mu\u00ed\u00f1o - Concello da Guarda\",\"isPartOf\":{\"@id\":\"https:\/\/www.aguarda.es\/en\/#website\"},\"datePublished\":\"2017-08-17T12:37:10+00:00\",\"dateModified\":\"2017-08-17T12:38:39+00:00\",\"author\":{\"@id\":\"https:\/\/www.aguarda.es\/en\/#\/schema\/person\/c463ca3006858ffb349d11179d044f21\"},\"breadcrumb\":{\"@id\":\"https:\/\/www.aguarda.es\/en\/o-persoal-de-socorrismo-o-ges-e-o-helicoptero-pesca-realizaron-simulacros-de-rescate-na-praia-muino\/#breadcrumb\"},\"inLanguage\":\"en-US\",\"potentialAction\":[{\"@type\":\"ReadAction\",\"target\":[\"https:\/\/www.aguarda.es\/en\/o-persoal-de-socorrismo-o-ges-e-o-helicoptero-pesca-realizaron-simulacros-de-rescate-na-praia-muino\/\"]}]},{\"@type\":\"BreadcrumbList\",\"@id\":\"https:\/\/www.aguarda.es\/en\/o-persoal-de-socorrismo-o-ges-e-o-helicoptero-pesca-realizaron-simulacros-de-rescate-na-praia-muino\/#breadcrumb\",\"itemListElement\":[{\"@type\":\"ListItem\",\"position\":1,\"name\":\"Portada\",\"item\":\"https:\/\/www.aguarda.es\/en\/\"},{\"@type\":\"ListItem\",\"position\":2,\"name\":\"O persoal de socorrismo, o GES e o Pesca realizaron simulacros de rescate na praia do Mu\u00ed\u00f1o\"}]},{\"@type\":\"WebSite\",\"@id\":\"https:\/\/www.aguarda.es\/en\/#website\",\"url\":\"https:\/\/www.aguarda.es\/en\/\",\"name\":\"Concello da Guarda\",\"description\":\"P\u00e1xina web do concello da Guarda\",\"potentialAction\":[{\"@type\":\"SearchAction\",\"target\":{\"@type\":\"EntryPoint\",\"urlTemplate\":\"https:\/\/www.aguarda.es\/en\/?s={search_term_string}\"},\"query-input\":\"required name=search_term_string\"}],\"inLanguage\":\"en-US\"},{\"@type\":\"Person\",\"@id\":\"https:\/\/www.aguarda.es\/en\/#\/schema\/person\/c463ca3006858ffb349d11179d044f21\",\"name\":\"prensa\",\"image\":{\"@type\":\"ImageObject\",\"inLanguage\":\"en-US\",\"@id\":\"https:\/\/www.aguarda.es\/en\/#\/schema\/person\/image\/\",\"url\":\"https:\/\/secure.gravatar.com\/avatar\/5f90ef536b0f98306edf5c7a1135ffa1?s=96&d=mm&r=g\",\"contentUrl\":\"https:\/\/secure.gravatar.com\/avatar\/5f90ef536b0f98306edf5c7a1135ffa1?s=96&d=mm&r=g\",\"caption\":\"prensa\"},\"url\":\"https:\/\/www.aguarda.es\/en\/author\/prensa\/\"}]}<\/script>\n<!-- \/ Yoast SEO plugin. -->","yoast_head_json":{"title":"O persoal de socorrismo, o GES e o Pesca realizaron simulacros de rescate na praia do Mu\u00ed\u00f1o - Concello da Guarda","robots":{"index":"index","follow":"follow","max-snippet":"max-snippet:-1","max-image-preview":"max-image-preview:large","max-video-preview":"max-video-preview:-1"},"canonical":"https:\/\/www.aguarda.es\/en\/o-persoal-de-socorrismo-o-ges-e-o-helicoptero-pesca-realizaron-simulacros-de-rescate-na-praia-muino\/","og_locale":"en_US","og_type":"article","og_title":"O persoal de socorrismo, o GES e o Pesca realizaron simulacros de rescate na praia do Mu\u00ed\u00f1o - Concello da Guarda","og_description":"O Grupo de Emerxencias Supranacionais (GES) da Guarda, o helic\u00f3ptero de salvamento mar\u00edtimo pertencente ao servizo de Gardacostas (Pesca) e o persoal de socorrismo da praia do Mu\u00ed\u00f1o realizaron durante a ma\u00f1\u00e1 de onte d\u00faas manobras de rescate na praia &hellip;","og_url":"https:\/\/www.aguarda.es\/en\/o-persoal-de-socorrismo-o-ges-e-o-helicoptero-pesca-realizaron-simulacros-de-rescate-na-praia-muino\/","og_site_name":"Concello da Guarda","article_publisher":"https:\/\/www.facebook.com\/ConcellodaGuarda","article_published_time":"2017-08-17T12:37:10+00:00","article_modified_time":"2017-08-17T12:38:39+00:00","og_image":[{"width":1600,"height":900,"url":"https:\/\/www.aguarda.es\/wp-content\/uploads\/2017\/08\/IMG_2377.jpg","type":"image\/jpeg"}],"author":"prensa","twitter_card":"summary_large_image","twitter_creator":"@AGuarda_es","twitter_site":"@AGuarda_es","twitter_misc":{"Written by":"prensa","Est. reading time":"1 minute"},"schema":{"@context":"https:\/\/schema.org","@graph":[{"@type":"WebPage","@id":"https:\/\/www.aguarda.es\/en\/o-persoal-de-socorrismo-o-ges-e-o-helicoptero-pesca-realizaron-simulacros-de-rescate-na-praia-muino\/","url":"https:\/\/www.aguarda.es\/en\/o-persoal-de-socorrismo-o-ges-e-o-helicoptero-pesca-realizaron-simulacros-de-rescate-na-praia-muino\/","name":"O persoal de socorrismo, o GES e o Pesca realizaron simulacros de rescate na praia do Mu\u00ed\u00f1o - Concello da Guarda","isPartOf":{"@id":"https:\/\/www.aguarda.es\/en\/#website"},"datePublished":"2017-08-17T12:37:10+00:00","dateModified":"2017-08-17T12:38:39+00:00","author":{"@id":"https:\/\/www.aguarda.es\/en\/#\/schema\/person\/c463ca3006858ffb349d11179d044f21"},"breadcrumb":{"@id":"https:\/\/www.aguarda.es\/en\/o-persoal-de-socorrismo-o-ges-e-o-helicoptero-pesca-realizaron-simulacros-de-rescate-na-praia-muino\/#breadcrumb"},"inLanguage":"en-US","potentialAction":[{"@type":"ReadAction","target":["https:\/\/www.aguarda.es\/en\/o-persoal-de-socorrismo-o-ges-e-o-helicoptero-pesca-realizaron-simulacros-de-rescate-na-praia-muino\/"]}]},{"@type":"BreadcrumbList","@id":"https:\/\/www.aguarda.es\/en\/o-persoal-de-socorrismo-o-ges-e-o-helicoptero-pesca-realizaron-simulacros-de-rescate-na-praia-muino\/#breadcrumb","itemListElement":[{"@type":"ListItem","position":1,"name":"Portada","item":"https:\/\/www.aguarda.es\/en\/"},{"@type":"ListItem","position":2,"name":"O persoal de socorrismo, o GES e o Pesca realizaron simulacros de rescate na praia do Mu\u00ed\u00f1o"}]},{"@type":"WebSite","@id":"https:\/\/www.aguarda.es\/en\/#website","url":"https:\/\/www.aguarda.es\/en\/","name":"Concello da Guarda","description":"P\u00e1xina web do concello da Guarda","potentialAction":[{"@type":"SearchAction","target":{"@type":"EntryPoint","urlTemplate":"https:\/\/www.aguarda.es\/en\/?s={search_term_string}"},"query-input":"required name=search_term_string"}],"inLanguage":"en-US"},{"@type":"Person","@id":"https:\/\/www.aguarda.es\/en\/#\/schema\/person\/c463ca3006858ffb349d11179d044f21","name":"prensa","image":{"@type":"ImageObject","inLanguage":"en-US","@id":"https:\/\/www.aguarda.es\/en\/#\/schema\/person\/image\/","url":"https:\/\/secure.gravatar.com\/avatar\/5f90ef536b0f98306edf5c7a1135ffa1?s=96&d=mm&r=g","contentUrl":"https:\/\/secure.gravatar.com\/avatar\/5f90ef536b0f98306edf5c7a1135ffa1?s=96&d=mm&r=g","caption":"prensa"},"url":"https:\/\/www.aguarda.es\/en\/author\/prensa\/"}]}},"_links":{"self":[{"href":"https:\/\/www.aguarda.es\/en\/wp-json\/wp\/v2\/posts\/10067"}],"collection":[{"href":"https:\/\/www.aguarda.es\/en\/wp-json\/wp\/v2\/posts"}],"about":[{"href":"https:\/\/www.aguarda.es\/en\/wp-json\/wp\/v2\/types\/post"}],"author":[{"embeddable":true,"href":"https:\/\/www.aguarda.es\/en\/wp-json\/wp\/v2\/users\/2"}],"replies":[{"embeddable":true,"href":"https:\/\/www.aguarda.es\/en\/wp-json\/wp\/v2\/comments?post=10067"}],"version-history":[{"count":5,"href":"https:\/\/www.aguarda.es\/en\/wp-json\/wp\/v2\/posts\/10067\/revisions"}],"predecessor-version":[{"id":10078,"href":"https:\/\/www.aguarda.es\/en\/wp-json\/wp\/v2\/posts\/10067\/revisions\/10078"}],"wp:featuredmedia":[{"embeddable":true,"href":"https:\/\/www.aguarda.es\/en\/wp-json\/wp\/v2\/media\/10065"}],"wp:attachment":[{"href":"https:\/\/www.aguarda.es\/en\/wp-json\/wp\/v2\/media?parent=10067"}],"wp:term":[{"taxonomy":"category","embeddable":true,"href":"https:\/\/www.aguarda.es\/en\/wp-json\/wp\/v2\/categories?post=10067"},{"taxonomy":"post_tag","embeddable":true,"href":"https:\/\/www.aguarda.es\/en\/wp-json\/wp\/v2\/tags?post=10067"}],"curies":[{"name":"wp","href":"https:\/\/api.w.org\/{rel}","templated":true}]}}