{"id":10159,"date":"2017-08-30T09:03:35","date_gmt":"2017-08-30T09:03:35","guid":{"rendered":"https:\/\/www.aguarda.es\/?p=10159"},"modified":"2017-08-30T09:44:03","modified_gmt":"2017-08-30T09:44:03","slug":"concello-organiza-duas-xornadas-de-informacion-medioambiental-nas-praias-bandeira-azul","status":"publish","type":"post","link":"https:\/\/www.aguarda.es\/en\/concello-organiza-duas-xornadas-de-informacion-medioambiental-nas-praias-bandeira-azul\/","title":{"rendered":"O Concello organiza d\u00faas xornadas de informaci\u00f3n medioambiental nas praias con Bandeira Azul"},"content":{"rendered":"<p style=\"text-align: justify\">Como xa ven sendo habitual no ver\u00e1n, o Concello da Guarda celebra unha campa\u00f1a informativa medioambiental nas praias con Bandeira Azul coincidindo co final do mes de agosto.<\/p>\n<p style=\"text-align: justify\">Este ver\u00e1n celebraranse d\u00faas actividades dirixidas ao p\u00fablico infantil. A primeira delas ser\u00e1 o xoves 31 de agosto na praia de Area Grande a partir das 16:00 horas. Os cativos participantes realizar\u00e1n unha actividade de sensibilizaci\u00f3n ambiental centrada na identificaci\u00f3ns dos residuos que se poden atopar nas praias e onde deben depositarse para evitar a contaminaci\u00f3n dos nosos espazos naturais.<img decoding=\"async\" loading=\"lazy\" class=\"size-medium wp-image-10157 alignright\" src=\"https:\/\/www.aguarda.es\/wp-content\/uploads\/2017\/08\/Cartel-actividades-praias-225x300.jpg\" alt=\"\" width=\"225\" height=\"300\" srcset=\"https:\/\/www.aguarda.es\/wp-content\/uploads\/2017\/08\/Cartel-actividades-praias-225x300.jpg 225w, https:\/\/www.aguarda.es\/wp-content\/uploads\/2017\/08\/Cartel-actividades-praias-570x760.jpg 570w, https:\/\/www.aguarda.es\/wp-content\/uploads\/2017\/08\/Cartel-actividades-praias.jpg 720w\" sizes=\"(max-width: 225px) 100vw, 225px\" \/><\/p>\n<p style=\"text-align: justify\">Tr\u00e1tase, por tanto, de dar unha perspectiva de responsabilidade aplicable ao noso d\u00eda a d\u00eda, para concienciar sobre as consecuencias de desbotar os no chan, podendo rematar no mar e na nosa costa. Cun sinxelo xogo, os nenos e nenas poder\u00e1n adquirir o compromiso de non botar ao chan os refugallos e os co\u00f1ecementos necesarios para realizar unha correcta reciclaxe dos mesmos.<\/p>\n<p style=\"text-align: justify\">Para completar as actividades medioambientais, este venres 1 de setembro celebrarase un obradoiro de cometas. A cita, que tivo que ser reprogramada por mor das malas condici\u00f3ns meteorol\u00f3xicas, ter\u00e1 lugar na praia do Mu\u00ed\u00f1o \u00e1s 16:00 horas. No taller, os cativos aprender\u00e1n a elaborar unha cometa con materiais de reciclaxe.<\/p>\n<p style=\"text-align: justify\">Estas actividades non precisan de inscrici\u00f3n previa, de xeito que as nenas e nenos interesados en participar soamente deber\u00e1n achegarse \u00e1s praias para participar.<\/p>\n<p style=\"text-align: justify\">Como complemento a estas d\u00faas xornadas de sensibilizaci\u00f3n ambiental, exporanse carteis e folletos informativos de concienciaci\u00f3n informativa medioambiental, amais de informaci\u00f3n sobre o sendeiro azul que une as d\u00faas praias con Bandeira Azul.<\/p>\n","protected":false},"excerpt":{"rendered":"<p>Como xa ven sendo habitual no ver\u00e1n, o Concello da Guarda celebra unha campa\u00f1a informativa medioambiental nas praias con Bandeira Azul coincidindo co final do mes de agosto. Este ver\u00e1n celebraranse d\u00faas actividades dirixidas ao p\u00fablico infantil. A primeira delas &hellip; <\/p>\n","protected":false},"author":2,"featured_media":10158,"comment_status":"open","ping_status":"open","sticky":false,"template":"","format":"standard","meta":[],"categories":[37,40],"tags":[500,501,371],"yoast_head":"<!-- This site is optimized with the Yoast SEO plugin v21.1 - https:\/\/yoast.com\/wordpress\/plugins\/seo\/ -->\n<title>O Concello organiza d\u00faas xornadas de informaci\u00f3n medioambiental nas praias con Bandeira Azul - Concello da Guarda<\/title>\n<meta name=\"robots\" content=\"index, follow, max-snippet:-1, max-image-preview:large, max-video-preview:-1\" \/>\n<link rel=\"canonical\" href=\"https:\/\/www.aguarda.es\/en\/concello-organiza-duas-xornadas-de-informacion-medioambiental-nas-praias-bandeira-azul\/\" \/>\n<meta property=\"og:locale\" content=\"en_US\" \/>\n<meta property=\"og:type\" content=\"article\" \/>\n<meta property=\"og:title\" content=\"O Concello organiza d\u00faas xornadas de informaci\u00f3n medioambiental nas praias con Bandeira Azul - Concello da Guarda\" \/>\n<meta property=\"og:description\" content=\"Como xa ven sendo habitual no ver\u00e1n, o Concello da Guarda celebra unha campa\u00f1a informativa medioambiental nas praias con Bandeira Azul coincidindo co final do mes de agosto. Este ver\u00e1n celebraranse d\u00faas actividades dirixidas ao p\u00fablico infantil. A primeira delas &hellip;\" \/>\n<meta property=\"og:url\" content=\"https:\/\/www.aguarda.es\/en\/concello-organiza-duas-xornadas-de-informacion-medioambiental-nas-praias-bandeira-azul\/\" \/>\n<meta property=\"og:site_name\" content=\"Concello da Guarda\" \/>\n<meta property=\"article:publisher\" content=\"https:\/\/www.facebook.com\/ConcellodaGuarda\" \/>\n<meta property=\"article:published_time\" content=\"2017-08-30T09:03:35+00:00\" \/>\n<meta property=\"article:modified_time\" content=\"2017-08-30T09:44:03+00:00\" \/>\n<meta property=\"og:image\" content=\"https:\/\/www.aguarda.es\/wp-content\/uploads\/2017\/08\/Cartes-reducido.jpg\" \/>\n\t<meta property=\"og:image:width\" content=\"713\" \/>\n\t<meta property=\"og:image:height\" content=\"624\" \/>\n\t<meta property=\"og:image:type\" content=\"image\/jpeg\" \/>\n<meta name=\"author\" content=\"prensa\" \/>\n<meta name=\"twitter:card\" content=\"summary_large_image\" \/>\n<meta name=\"twitter:creator\" content=\"@AGuarda_es\" \/>\n<meta name=\"twitter:site\" content=\"@AGuarda_es\" \/>\n<meta name=\"twitter:label1\" content=\"Written by\" \/>\n\t<meta name=\"twitter:data1\" content=\"prensa\" \/>\n\t<meta name=\"twitter:label2\" content=\"Est. reading time\" \/>\n\t<meta name=\"twitter:data2\" content=\"1 minute\" \/>\n<script type=\"application\/ld+json\" class=\"yoast-schema-graph\">{\"@context\":\"https:\/\/schema.org\",\"@graph\":[{\"@type\":\"WebPage\",\"@id\":\"https:\/\/www.aguarda.es\/en\/concello-organiza-duas-xornadas-de-informacion-medioambiental-nas-praias-bandeira-azul\/\",\"url\":\"https:\/\/www.aguarda.es\/en\/concello-organiza-duas-xornadas-de-informacion-medioambiental-nas-praias-bandeira-azul\/\",\"name\":\"O Concello organiza d\u00faas xornadas de informaci\u00f3n medioambiental nas praias con Bandeira Azul - Concello da Guarda\",\"isPartOf\":{\"@id\":\"https:\/\/www.aguarda.es\/en\/#website\"},\"datePublished\":\"2017-08-30T09:03:35+00:00\",\"dateModified\":\"2017-08-30T09:44:03+00:00\",\"author\":{\"@id\":\"https:\/\/www.aguarda.es\/en\/#\/schema\/person\/c463ca3006858ffb349d11179d044f21\"},\"breadcrumb\":{\"@id\":\"https:\/\/www.aguarda.es\/en\/concello-organiza-duas-xornadas-de-informacion-medioambiental-nas-praias-bandeira-azul\/#breadcrumb\"},\"inLanguage\":\"en-US\",\"potentialAction\":[{\"@type\":\"ReadAction\",\"target\":[\"https:\/\/www.aguarda.es\/en\/concello-organiza-duas-xornadas-de-informacion-medioambiental-nas-praias-bandeira-azul\/\"]}]},{\"@type\":\"BreadcrumbList\",\"@id\":\"https:\/\/www.aguarda.es\/en\/concello-organiza-duas-xornadas-de-informacion-medioambiental-nas-praias-bandeira-azul\/#breadcrumb\",\"itemListElement\":[{\"@type\":\"ListItem\",\"position\":1,\"name\":\"Portada\",\"item\":\"https:\/\/www.aguarda.es\/en\/\"},{\"@type\":\"ListItem\",\"position\":2,\"name\":\"O Concello organiza d\u00faas xornadas de informaci\u00f3n medioambiental nas praias con Bandeira Azul\"}]},{\"@type\":\"WebSite\",\"@id\":\"https:\/\/www.aguarda.es\/en\/#website\",\"url\":\"https:\/\/www.aguarda.es\/en\/\",\"name\":\"Concello da Guarda\",\"description\":\"P\u00e1xina web do concello da Guarda\",\"potentialAction\":[{\"@type\":\"SearchAction\",\"target\":{\"@type\":\"EntryPoint\",\"urlTemplate\":\"https:\/\/www.aguarda.es\/en\/?s={search_term_string}\"},\"query-input\":\"required name=search_term_string\"}],\"inLanguage\":\"en-US\"},{\"@type\":\"Person\",\"@id\":\"https:\/\/www.aguarda.es\/en\/#\/schema\/person\/c463ca3006858ffb349d11179d044f21\",\"name\":\"prensa\",\"image\":{\"@type\":\"ImageObject\",\"inLanguage\":\"en-US\",\"@id\":\"https:\/\/www.aguarda.es\/en\/#\/schema\/person\/image\/\",\"url\":\"https:\/\/secure.gravatar.com\/avatar\/5f90ef536b0f98306edf5c7a1135ffa1?s=96&d=mm&r=g\",\"contentUrl\":\"https:\/\/secure.gravatar.com\/avatar\/5f90ef536b0f98306edf5c7a1135ffa1?s=96&d=mm&r=g\",\"caption\":\"prensa\"},\"url\":\"https:\/\/www.aguarda.es\/en\/author\/prensa\/\"}]}<\/script>\n<!-- \/ Yoast SEO plugin. -->","yoast_head_json":{"title":"O Concello organiza d\u00faas xornadas de informaci\u00f3n medioambiental nas praias con Bandeira Azul - Concello da Guarda","robots":{"index":"index","follow":"follow","max-snippet":"max-snippet:-1","max-image-preview":"max-image-preview:large","max-video-preview":"max-video-preview:-1"},"canonical":"https:\/\/www.aguarda.es\/en\/concello-organiza-duas-xornadas-de-informacion-medioambiental-nas-praias-bandeira-azul\/","og_locale":"en_US","og_type":"article","og_title":"O Concello organiza d\u00faas xornadas de informaci\u00f3n medioambiental nas praias con Bandeira Azul - Concello da Guarda","og_description":"Como xa ven sendo habitual no ver\u00e1n, o Concello da Guarda celebra unha campa\u00f1a informativa medioambiental nas praias con Bandeira Azul coincidindo co final do mes de agosto. Este ver\u00e1n celebraranse d\u00faas actividades dirixidas ao p\u00fablico infantil. A primeira delas &hellip;","og_url":"https:\/\/www.aguarda.es\/en\/concello-organiza-duas-xornadas-de-informacion-medioambiental-nas-praias-bandeira-azul\/","og_site_name":"Concello da Guarda","article_publisher":"https:\/\/www.facebook.com\/ConcellodaGuarda","article_published_time":"2017-08-30T09:03:35+00:00","article_modified_time":"2017-08-30T09:44:03+00:00","og_image":[{"width":713,"height":624,"url":"https:\/\/www.aguarda.es\/wp-content\/uploads\/2017\/08\/Cartes-reducido.jpg","type":"image\/jpeg"}],"author":"prensa","twitter_card":"summary_large_image","twitter_creator":"@AGuarda_es","twitter_site":"@AGuarda_es","twitter_misc":{"Written by":"prensa","Est. reading time":"1 minute"},"schema":{"@context":"https:\/\/schema.org","@graph":[{"@type":"WebPage","@id":"https:\/\/www.aguarda.es\/en\/concello-organiza-duas-xornadas-de-informacion-medioambiental-nas-praias-bandeira-azul\/","url":"https:\/\/www.aguarda.es\/en\/concello-organiza-duas-xornadas-de-informacion-medioambiental-nas-praias-bandeira-azul\/","name":"O Concello organiza d\u00faas xornadas de informaci\u00f3n medioambiental nas praias con Bandeira Azul - Concello da Guarda","isPartOf":{"@id":"https:\/\/www.aguarda.es\/en\/#website"},"datePublished":"2017-08-30T09:03:35+00:00","dateModified":"2017-08-30T09:44:03+00:00","author":{"@id":"https:\/\/www.aguarda.es\/en\/#\/schema\/person\/c463ca3006858ffb349d11179d044f21"},"breadcrumb":{"@id":"https:\/\/www.aguarda.es\/en\/concello-organiza-duas-xornadas-de-informacion-medioambiental-nas-praias-bandeira-azul\/#breadcrumb"},"inLanguage":"en-US","potentialAction":[{"@type":"ReadAction","target":["https:\/\/www.aguarda.es\/en\/concello-organiza-duas-xornadas-de-informacion-medioambiental-nas-praias-bandeira-azul\/"]}]},{"@type":"BreadcrumbList","@id":"https:\/\/www.aguarda.es\/en\/concello-organiza-duas-xornadas-de-informacion-medioambiental-nas-praias-bandeira-azul\/#breadcrumb","itemListElement":[{"@type":"ListItem","position":1,"name":"Portada","item":"https:\/\/www.aguarda.es\/en\/"},{"@type":"ListItem","position":2,"name":"O Concello organiza d\u00faas xornadas de informaci\u00f3n medioambiental nas praias con Bandeira Azul"}]},{"@type":"WebSite","@id":"https:\/\/www.aguarda.es\/en\/#website","url":"https:\/\/www.aguarda.es\/en\/","name":"Concello da Guarda","description":"P\u00e1xina web do concello da Guarda","potentialAction":[{"@type":"SearchAction","target":{"@type":"EntryPoint","urlTemplate":"https:\/\/www.aguarda.es\/en\/?s={search_term_string}"},"query-input":"required name=search_term_string"}],"inLanguage":"en-US"},{"@type":"Person","@id":"https:\/\/www.aguarda.es\/en\/#\/schema\/person\/c463ca3006858ffb349d11179d044f21","name":"prensa","image":{"@type":"ImageObject","inLanguage":"en-US","@id":"https:\/\/www.aguarda.es\/en\/#\/schema\/person\/image\/","url":"https:\/\/secure.gravatar.com\/avatar\/5f90ef536b0f98306edf5c7a1135ffa1?s=96&d=mm&r=g","contentUrl":"https:\/\/secure.gravatar.com\/avatar\/5f90ef536b0f98306edf5c7a1135ffa1?s=96&d=mm&r=g","caption":"prensa"},"url":"https:\/\/www.aguarda.es\/en\/author\/prensa\/"}]}},"_links":{"self":[{"href":"https:\/\/www.aguarda.es\/en\/wp-json\/wp\/v2\/posts\/10159"}],"collection":[{"href":"https:\/\/www.aguarda.es\/en\/wp-json\/wp\/v2\/posts"}],"about":[{"href":"https:\/\/www.aguarda.es\/en\/wp-json\/wp\/v2\/types\/post"}],"author":[{"embeddable":true,"href":"https:\/\/www.aguarda.es\/en\/wp-json\/wp\/v2\/users\/2"}],"replies":[{"embeddable":true,"href":"https:\/\/www.aguarda.es\/en\/wp-json\/wp\/v2\/comments?post=10159"}],"version-history":[{"count":2,"href":"https:\/\/www.aguarda.es\/en\/wp-json\/wp\/v2\/posts\/10159\/revisions"}],"predecessor-version":[{"id":10163,"href":"https:\/\/www.aguarda.es\/en\/wp-json\/wp\/v2\/posts\/10159\/revisions\/10163"}],"wp:featuredmedia":[{"embeddable":true,"href":"https:\/\/www.aguarda.es\/en\/wp-json\/wp\/v2\/media\/10158"}],"wp:attachment":[{"href":"https:\/\/www.aguarda.es\/en\/wp-json\/wp\/v2\/media?parent=10159"}],"wp:term":[{"taxonomy":"category","embeddable":true,"href":"https:\/\/www.aguarda.es\/en\/wp-json\/wp\/v2\/categories?post=10159"},{"taxonomy":"post_tag","embeddable":true,"href":"https:\/\/www.aguarda.es\/en\/wp-json\/wp\/v2\/tags?post=10159"}],"curies":[{"name":"wp","href":"https:\/\/api.w.org\/{rel}","templated":true}]}}