{"id":10565,"date":"2017-10-06T13:18:42","date_gmt":"2017-10-06T13:18:42","guid":{"rendered":"https:\/\/www.aguarda.es\/?p=10565"},"modified":"2017-11-30T10:37:50","modified_gmt":"2017-11-30T10:37:50","slug":"ciclo-dialogos-educacion-retorna-este-outono-catro-novos-faladoiros-na-casa-dos-alonso","status":"publish","type":"post","link":"https:\/\/www.aguarda.es\/en\/ciclo-dialogos-educacion-retorna-este-outono-catro-novos-faladoiros-na-casa-dos-alonso\/","title":{"rendered":"\u00abDi\u00e1logos en Educaci\u00f3n\u00bb retorna este outono con catro novos faladoiros na Casa dos Alonso"},"content":{"rendered":"<p style=\"text-align: justify\"><em>Esta terceira edici\u00f3n contar\u00e1 con catro charlas nas que profesionais do mundo da pedagox\u00eda e a psicolox\u00eda promover\u00e1n o debate e a reflexi\u00f3n sobre diferentes temas de actualidade no \u00e1mbito educativo. O primeiro faladoiro ser\u00e1 o pr\u00f3ximo venres 27 de outubro \u00e1s 20:30 horas.<\/em><\/p>\n<p style=\"text-align: justify\">O ciclo de charlas \u201cDi\u00e1logos en Educaci\u00f3n\u201d volver\u00e1 celebrarse na Guarda este outono, contando <strong>coa participaci\u00f3n de profesionais do mundo da pedagox\u00eda e a psicolox\u00eda<\/strong> que guiar\u00e1n os faladoiros abertos ao p\u00fablico.<\/p>\n<p style=\"text-align: justify\">Nesta terceira edici\u00f3n, os encontros trasl\u00e1danse \u00e1 Casa dos Alonso, onde se <strong>trataran como temas principais o multiculturalismo nas aulas, o <em>mindfulness<\/em><\/strong> (a atenci\u00f3n consciente ou plena),<strong> a filosof\u00eda adaptada \u00e1 infancia e as influencias neoliberais na pol\u00edtica educativa<\/strong>. Esta pretende ser unha actividade aberta ao p\u00fablico e participativa, de interese para persoas de diferentes perf\u00eds -m\u00e1is al\u00e1 da profesi\u00f3n docente- e na que se promover\u00e1 o debate e a reflexi\u00f3n sobre as tem\u00e1ticas propostas.<\/p>\n<h5 style=\"text-align: justify\">Presentaci\u00f3n do novo ciclo de charlas<\/h5>\n<p style=\"text-align: justify\">A presentaci\u00f3n do novo programa de \u201cDi\u00e1logos en Educaci\u00f3n\u201d celebrouse o pasado martes 3 de outubro na Casa dos Alonso, coas intervenci\u00f3ns do alcalde do Concello da Guarda, Antonio Lomba; a concelleira de Cultura, Educaci\u00f3n e Xuventude, Elena Baz; e o doutor en Filosof\u00eda e Pedagox\u00eda e mestre na Universidade da Coru\u00f1a (UDC), Xos\u00e9 Manuel Malheiro.<\/p>\n<p style=\"text-align: justify\">Este \u00faltimo, impulsor da actividade, puxo en valor a boa acollida coa que o ciclo de charlas contou dende os seus inicios, fai xa dous anos. Ent\u00f3n, pensouse na necesidade dunha actividade de contido educativo que fose distinta \u00e1s conferencias maxistrais. As\u00ed, o obxectivo de \u201cDi\u00e1logos en Educaci\u00f3n\u201d concibiuse, explica, orientado ao debate e o intercambio de ideas, e no que os convidados -docentes universitarios- se sumasen \u00e1s conversas pola s\u00faa transcendencia, sen m\u00e1is interese que contribu\u00edr ao enriquecemento com\u00fan. Esta \u00e9, con todo,<strong> unha experiencia de car\u00e1cter aberto na que \u201ctodos vimos a aprender e a ensinar\u201d<\/strong>.<\/p>\n<p style=\"text-align: justify\">O rexedor local quixo destacar, pola s\u00faa parte, a importancia desta clase de eventos culturais e educativos que, \u201cnon sendo multitudinarios, son moi grandes pola s\u00faa transcendencia\u201d, dado o alto nivel dos convidados que dirixir\u00e1n cada un dos faladoiros e as \u201cinteresantes reflexi\u00f3ns\u201d que con seguridade nos deixar\u00e1n, tendo na memoria a experiencia de pasadas edici\u00f3ns.<\/p>\n<p style=\"text-align: justify\">Nesta mesma li\u00f1a, a concelleira de Educaci\u00f3n referiuse aos convidados como \u201cpersoas dunha grande calidade humana e profesional\u201d cos que \u201cser\u00e1 sinxelo reflexionar e extraer ensinanzas de enorme transcendencia\u201d. Coa mirada posta no futuro, Elena Baz defendeu a continuidade dos ciclos de charlas educativas, refer\u00edndose a este como <strong>\u201cun evento precioso, dos que fan cambiar o mundo e polo que seguiremos apostando\u201d<\/strong>.<\/p>\n<h5 style=\"text-align: justify\">Programaci\u00f3n e tem\u00e1ticas<\/h5>\n<p style=\"text-align: justify\">O primeiro faladoiro, co t\u00edtulo <strong>\u201cO multiculturalismo nas aulas, problema ou oportunidade\u201d<\/strong> celebrarase o venres 27 de outubro, contando coa participaci\u00f3n do profesor da UDC no departamento de Pedagox\u00eda e Did\u00e1cticas, Ju\u00e1n Jos\u00e9 Bueno. O venres 10 de novembro ser\u00e1 a segunda charla do ciclo, co t\u00edtulo <strong>\u201cEducaci\u00f3n consciente: baseada en <em>Mindfulness<\/em>\u201d<\/strong>, dirixida pola psic\u00f3loga do Centro San Xerome Emiliani, Joana L. Pereira.<\/p>\n<p style=\"text-align: justify\">O profesor da UDC no departamento de Pedagox\u00eda e Did\u00e1cticas, Javier F. Rouco participar\u00e1 na terceira charla, que xirar\u00e1 en torno \u00e1 <strong>\u201cFilosof\u00eda para\/con a infancia\u201d<\/strong>, namentres a derradeira entrega deste outono estar\u00e1 dirixido polo catedr\u00e1tico da UDC no departamento de Pedagox\u00eda e Did\u00e1cticas, Jurjo Torres, e versar\u00e1 sobre as <strong>\u201cPol\u00edticas educativas e as influencias neoliberais\u201d<\/strong>, realizando tam\u00e9n unha an\u00e1lise sobre o futuro da educaci\u00f3n.<\/p>\n<p style=\"text-align: justify\">Os encontros ser\u00e1n na Casa dos Alonso \u00e1s 20:30 horas, sen l\u00edmite de aforo e sen necesidade de inscrici\u00f3n previa.<\/p>\n<p><img decoding=\"async\" loading=\"lazy\" class=\"aligncenter wp-image-10564 size-full\" src=\"https:\/\/www.aguarda.es\/wp-content\/uploads\/2017\/10\/Di\u00e1logos-en-Educaci\u00f3n1.jpg?_t=1507295612\" alt=\"\" width=\"495\" height=\"700\" \/><\/p>\n","protected":false},"excerpt":{"rendered":"<p>Esta terceira edici\u00f3n contar\u00e1 con catro charlas nas que profesionais do mundo da pedagox\u00eda e a psicolox\u00eda promover\u00e1n o debate e a reflexi\u00f3n sobre diferentes temas de actualidade no \u00e1mbito educativo. O primeiro faladoiro ser\u00e1 o pr\u00f3ximo venres 27 de &hellip; <\/p>\n","protected":false},"author":2,"featured_media":10618,"comment_status":"open","ping_status":"open","sticky":false,"template":"","format":"standard","meta":[],"categories":[34,37],"tags":[423,588],"yoast_head":"<!-- This site is optimized with the Yoast SEO plugin v21.1 - https:\/\/yoast.com\/wordpress\/plugins\/seo\/ -->\n<title>\u00abDi\u00e1logos en Educaci\u00f3n\u00bb retorna este outono con catro novos faladoiros na Casa dos Alonso - Concello da Guarda<\/title>\n<meta name=\"robots\" content=\"index, follow, max-snippet:-1, max-image-preview:large, max-video-preview:-1\" \/>\n<link rel=\"canonical\" href=\"https:\/\/www.aguarda.es\/en\/ciclo-dialogos-educacion-retorna-este-outono-catro-novos-faladoiros-na-casa-dos-alonso\/\" \/>\n<meta property=\"og:locale\" content=\"en_US\" \/>\n<meta property=\"og:type\" content=\"article\" \/>\n<meta property=\"og:title\" content=\"\u00abDi\u00e1logos en Educaci\u00f3n\u00bb retorna este outono con catro novos faladoiros na Casa dos Alonso - Concello da Guarda\" \/>\n<meta property=\"og:description\" content=\"Esta terceira edici\u00f3n contar\u00e1 con catro charlas nas que profesionais do mundo da pedagox\u00eda e a psicolox\u00eda promover\u00e1n o debate e a reflexi\u00f3n sobre diferentes temas de actualidade no \u00e1mbito educativo. O primeiro faladoiro ser\u00e1 o pr\u00f3ximo venres 27 de &hellip;\" \/>\n<meta property=\"og:url\" content=\"https:\/\/www.aguarda.es\/en\/ciclo-dialogos-educacion-retorna-este-outono-catro-novos-faladoiros-na-casa-dos-alonso\/\" \/>\n<meta property=\"og:site_name\" content=\"Concello da Guarda\" \/>\n<meta property=\"article:publisher\" content=\"https:\/\/www.facebook.com\/ConcellodaGuarda\" \/>\n<meta property=\"article:published_time\" content=\"2017-10-06T13:18:42+00:00\" \/>\n<meta property=\"article:modified_time\" content=\"2017-11-30T10:37:50+00:00\" \/>\n<meta property=\"og:image\" content=\"https:\/\/www.aguarda.es\/wp-content\/uploads\/2017\/10\/Presentaci\u00f3n-Di\u00e1logos-en-Educaci\u00f3n1.jpg\" \/>\n\t<meta property=\"og:image:width\" content=\"800\" \/>\n\t<meta property=\"og:image:height\" content=\"532\" \/>\n\t<meta property=\"og:image:type\" content=\"image\/jpeg\" \/>\n<meta name=\"author\" content=\"prensa\" \/>\n<meta name=\"twitter:card\" content=\"summary_large_image\" \/>\n<meta name=\"twitter:creator\" content=\"@AGuarda_es\" \/>\n<meta name=\"twitter:site\" content=\"@AGuarda_es\" \/>\n<meta name=\"twitter:label1\" content=\"Written by\" \/>\n\t<meta name=\"twitter:data1\" content=\"prensa\" \/>\n\t<meta name=\"twitter:label2\" content=\"Est. reading time\" \/>\n\t<meta name=\"twitter:data2\" content=\"3 minutes\" \/>\n<script type=\"application\/ld+json\" class=\"yoast-schema-graph\">{\"@context\":\"https:\/\/schema.org\",\"@graph\":[{\"@type\":\"WebPage\",\"@id\":\"https:\/\/www.aguarda.es\/en\/ciclo-dialogos-educacion-retorna-este-outono-catro-novos-faladoiros-na-casa-dos-alonso\/\",\"url\":\"https:\/\/www.aguarda.es\/en\/ciclo-dialogos-educacion-retorna-este-outono-catro-novos-faladoiros-na-casa-dos-alonso\/\",\"name\":\"\u00abDi\u00e1logos en Educaci\u00f3n\u00bb retorna este outono con catro novos faladoiros na Casa dos Alonso - Concello da Guarda\",\"isPartOf\":{\"@id\":\"https:\/\/www.aguarda.es\/en\/#website\"},\"datePublished\":\"2017-10-06T13:18:42+00:00\",\"dateModified\":\"2017-11-30T10:37:50+00:00\",\"author\":{\"@id\":\"https:\/\/www.aguarda.es\/en\/#\/schema\/person\/c463ca3006858ffb349d11179d044f21\"},\"breadcrumb\":{\"@id\":\"https:\/\/www.aguarda.es\/en\/ciclo-dialogos-educacion-retorna-este-outono-catro-novos-faladoiros-na-casa-dos-alonso\/#breadcrumb\"},\"inLanguage\":\"en-US\",\"potentialAction\":[{\"@type\":\"ReadAction\",\"target\":[\"https:\/\/www.aguarda.es\/en\/ciclo-dialogos-educacion-retorna-este-outono-catro-novos-faladoiros-na-casa-dos-alonso\/\"]}]},{\"@type\":\"BreadcrumbList\",\"@id\":\"https:\/\/www.aguarda.es\/en\/ciclo-dialogos-educacion-retorna-este-outono-catro-novos-faladoiros-na-casa-dos-alonso\/#breadcrumb\",\"itemListElement\":[{\"@type\":\"ListItem\",\"position\":1,\"name\":\"Portada\",\"item\":\"https:\/\/www.aguarda.es\/en\/\"},{\"@type\":\"ListItem\",\"position\":2,\"name\":\"\u00abDi\u00e1logos en Educaci\u00f3n\u00bb retorna este outono con catro novos faladoiros na Casa dos Alonso\"}]},{\"@type\":\"WebSite\",\"@id\":\"https:\/\/www.aguarda.es\/en\/#website\",\"url\":\"https:\/\/www.aguarda.es\/en\/\",\"name\":\"Concello da Guarda\",\"description\":\"P\u00e1xina web do concello da Guarda\",\"potentialAction\":[{\"@type\":\"SearchAction\",\"target\":{\"@type\":\"EntryPoint\",\"urlTemplate\":\"https:\/\/www.aguarda.es\/en\/?s={search_term_string}\"},\"query-input\":\"required name=search_term_string\"}],\"inLanguage\":\"en-US\"},{\"@type\":\"Person\",\"@id\":\"https:\/\/www.aguarda.es\/en\/#\/schema\/person\/c463ca3006858ffb349d11179d044f21\",\"name\":\"prensa\",\"image\":{\"@type\":\"ImageObject\",\"inLanguage\":\"en-US\",\"@id\":\"https:\/\/www.aguarda.es\/en\/#\/schema\/person\/image\/\",\"url\":\"https:\/\/secure.gravatar.com\/avatar\/5f90ef536b0f98306edf5c7a1135ffa1?s=96&d=mm&r=g\",\"contentUrl\":\"https:\/\/secure.gravatar.com\/avatar\/5f90ef536b0f98306edf5c7a1135ffa1?s=96&d=mm&r=g\",\"caption\":\"prensa\"},\"url\":\"https:\/\/www.aguarda.es\/en\/author\/prensa\/\"}]}<\/script>\n<!-- \/ Yoast SEO plugin. -->","yoast_head_json":{"title":"\u00abDi\u00e1logos en Educaci\u00f3n\u00bb retorna este outono con catro novos faladoiros na Casa dos Alonso - Concello da Guarda","robots":{"index":"index","follow":"follow","max-snippet":"max-snippet:-1","max-image-preview":"max-image-preview:large","max-video-preview":"max-video-preview:-1"},"canonical":"https:\/\/www.aguarda.es\/en\/ciclo-dialogos-educacion-retorna-este-outono-catro-novos-faladoiros-na-casa-dos-alonso\/","og_locale":"en_US","og_type":"article","og_title":"\u00abDi\u00e1logos en Educaci\u00f3n\u00bb retorna este outono con catro novos faladoiros na Casa dos Alonso - Concello da Guarda","og_description":"Esta terceira edici\u00f3n contar\u00e1 con catro charlas nas que profesionais do mundo da pedagox\u00eda e a psicolox\u00eda promover\u00e1n o debate e a reflexi\u00f3n sobre diferentes temas de actualidade no \u00e1mbito educativo. O primeiro faladoiro ser\u00e1 o pr\u00f3ximo venres 27 de &hellip;","og_url":"https:\/\/www.aguarda.es\/en\/ciclo-dialogos-educacion-retorna-este-outono-catro-novos-faladoiros-na-casa-dos-alonso\/","og_site_name":"Concello da Guarda","article_publisher":"https:\/\/www.facebook.com\/ConcellodaGuarda","article_published_time":"2017-10-06T13:18:42+00:00","article_modified_time":"2017-11-30T10:37:50+00:00","og_image":[{"width":800,"height":532,"url":"https:\/\/www.aguarda.es\/wp-content\/uploads\/2017\/10\/Presentaci\u00f3n-Di\u00e1logos-en-Educaci\u00f3n1.jpg","type":"image\/jpeg"}],"author":"prensa","twitter_card":"summary_large_image","twitter_creator":"@AGuarda_es","twitter_site":"@AGuarda_es","twitter_misc":{"Written by":"prensa","Est. reading time":"3 minutes"},"schema":{"@context":"https:\/\/schema.org","@graph":[{"@type":"WebPage","@id":"https:\/\/www.aguarda.es\/en\/ciclo-dialogos-educacion-retorna-este-outono-catro-novos-faladoiros-na-casa-dos-alonso\/","url":"https:\/\/www.aguarda.es\/en\/ciclo-dialogos-educacion-retorna-este-outono-catro-novos-faladoiros-na-casa-dos-alonso\/","name":"\u00abDi\u00e1logos en Educaci\u00f3n\u00bb retorna este outono con catro novos faladoiros na Casa dos Alonso - Concello da Guarda","isPartOf":{"@id":"https:\/\/www.aguarda.es\/en\/#website"},"datePublished":"2017-10-06T13:18:42+00:00","dateModified":"2017-11-30T10:37:50+00:00","author":{"@id":"https:\/\/www.aguarda.es\/en\/#\/schema\/person\/c463ca3006858ffb349d11179d044f21"},"breadcrumb":{"@id":"https:\/\/www.aguarda.es\/en\/ciclo-dialogos-educacion-retorna-este-outono-catro-novos-faladoiros-na-casa-dos-alonso\/#breadcrumb"},"inLanguage":"en-US","potentialAction":[{"@type":"ReadAction","target":["https:\/\/www.aguarda.es\/en\/ciclo-dialogos-educacion-retorna-este-outono-catro-novos-faladoiros-na-casa-dos-alonso\/"]}]},{"@type":"BreadcrumbList","@id":"https:\/\/www.aguarda.es\/en\/ciclo-dialogos-educacion-retorna-este-outono-catro-novos-faladoiros-na-casa-dos-alonso\/#breadcrumb","itemListElement":[{"@type":"ListItem","position":1,"name":"Portada","item":"https:\/\/www.aguarda.es\/en\/"},{"@type":"ListItem","position":2,"name":"\u00abDi\u00e1logos en Educaci\u00f3n\u00bb retorna este outono con catro novos faladoiros na Casa dos Alonso"}]},{"@type":"WebSite","@id":"https:\/\/www.aguarda.es\/en\/#website","url":"https:\/\/www.aguarda.es\/en\/","name":"Concello da Guarda","description":"P\u00e1xina web do concello da Guarda","potentialAction":[{"@type":"SearchAction","target":{"@type":"EntryPoint","urlTemplate":"https:\/\/www.aguarda.es\/en\/?s={search_term_string}"},"query-input":"required name=search_term_string"}],"inLanguage":"en-US"},{"@type":"Person","@id":"https:\/\/www.aguarda.es\/en\/#\/schema\/person\/c463ca3006858ffb349d11179d044f21","name":"prensa","image":{"@type":"ImageObject","inLanguage":"en-US","@id":"https:\/\/www.aguarda.es\/en\/#\/schema\/person\/image\/","url":"https:\/\/secure.gravatar.com\/avatar\/5f90ef536b0f98306edf5c7a1135ffa1?s=96&d=mm&r=g","contentUrl":"https:\/\/secure.gravatar.com\/avatar\/5f90ef536b0f98306edf5c7a1135ffa1?s=96&d=mm&r=g","caption":"prensa"},"url":"https:\/\/www.aguarda.es\/en\/author\/prensa\/"}]}},"_links":{"self":[{"href":"https:\/\/www.aguarda.es\/en\/wp-json\/wp\/v2\/posts\/10565"}],"collection":[{"href":"https:\/\/www.aguarda.es\/en\/wp-json\/wp\/v2\/posts"}],"about":[{"href":"https:\/\/www.aguarda.es\/en\/wp-json\/wp\/v2\/types\/post"}],"author":[{"embeddable":true,"href":"https:\/\/www.aguarda.es\/en\/wp-json\/wp\/v2\/users\/2"}],"replies":[{"embeddable":true,"href":"https:\/\/www.aguarda.es\/en\/wp-json\/wp\/v2\/comments?post=10565"}],"version-history":[{"count":7,"href":"https:\/\/www.aguarda.es\/en\/wp-json\/wp\/v2\/posts\/10565\/revisions"}],"predecessor-version":[{"id":11328,"href":"https:\/\/www.aguarda.es\/en\/wp-json\/wp\/v2\/posts\/10565\/revisions\/11328"}],"wp:featuredmedia":[{"embeddable":true,"href":"https:\/\/www.aguarda.es\/en\/wp-json\/wp\/v2\/media\/10618"}],"wp:attachment":[{"href":"https:\/\/www.aguarda.es\/en\/wp-json\/wp\/v2\/media?parent=10565"}],"wp:term":[{"taxonomy":"category","embeddable":true,"href":"https:\/\/www.aguarda.es\/en\/wp-json\/wp\/v2\/categories?post=10565"},{"taxonomy":"post_tag","embeddable":true,"href":"https:\/\/www.aguarda.es\/en\/wp-json\/wp\/v2\/tags?post=10565"}],"curies":[{"name":"wp","href":"https:\/\/api.w.org\/{rel}","templated":true}]}}