{"id":10581,"date":"2017-10-07T18:46:21","date_gmt":"2017-10-07T18:46:21","guid":{"rendered":"https:\/\/www.aguarda.es\/?p=10581"},"modified":"2017-10-08T11:38:31","modified_gmt":"2017-10-08T11:38:31","slug":"feira-de-emprego-formacion-pecha-sua-primeira-edicion-boa-acollida-das-persoas-participantes","status":"publish","type":"post","link":"https:\/\/www.aguarda.es\/en\/feira-de-emprego-formacion-pecha-sua-primeira-edicion-boa-acollida-das-persoas-participantes\/","title":{"rendered":"A Feira de Emprego e Formaci\u00f3n pecha a s\u00faa primeira edici\u00f3n con boa acollida dos participantes"},"content":{"rendered":"<p style=\"text-align: justify\">A primeira Feira de Emprego e Formaci\u00f3n \u201cImaxinAct\u00edvate\u201d rematou esta ma\u00f1\u00e1 na Guarda tras <strong>tres d\u00edas cunha intensa programaci\u00f3n composta por obradoiros, charlas e mostras\u00a0orientados ao emprendemento e \u00e1 mellor empregabilidade<\/strong> das persoas\u00a0con ideas de novos negocios ou en busca dunha nova filosof\u00eda de traballo.<\/p>\n<p style=\"text-align: justify\">Asistiron <strong>unha media de 30 persoas a cada unha das actividades<\/strong> celebradas na Casa dos Alonso durante as ma\u00f1\u00e1s e as tardes do xoves e o venres, namentres na ma\u00f1\u00e1 de hoxe celebrouse a derradeira charla e unha mostra do tecido empresarial guard\u00e9s.<\/p>\n<p style=\"text-align: justify\"><strong>Os obradoiros ofertados<\/strong>, de 4 hora de duraci\u00f3n cada un, acadaron o m\u00e1ximo de persoas inscritas durante as xornadas e orient\u00e1ronse cara a formaci\u00f3n dos participantes. As\u00ed, os formadores Susana Rodr\u00edguez, Jos\u00e9 Fonterosa e Sonia Fern\u00e1ndez <strong>aportaron aos asistentes ferramentas \u00fatiles e necesarias tanto para emprender como para realizar unha busca efectiva de emprego<\/strong>, tales como a identificaci\u00f3ns das posibles fontes de financiamento, as t\u00e9cnicas de marketing dixital (mellora da propia imaxe a da empresa) e a motivaci\u00f3n e xesti\u00f3n emocional no proceso a trav\u00e9s do <i>coaching<\/i>.<\/p>\n<p style=\"text-align: justify\">As charlas, pola s\u00faa parte, caracterizaronse polo seu caracter divulgativo e participativo. Os e as participantes puideron compartir as s\u00faas experiencias, opini\u00f3ns e\/ou d\u00fabidas respecto de tem\u00e1ticas como as formas de traballo colaborativo,\u00a0 o emprendemento levado a cabo por mulleres e a creaci\u00f3n de empresas de nova xeraci\u00f3n, co\u00f1ecidas como <i>start ups<\/i>.<\/p>\n<div class=\"wpmf-gallerys\"><div id=\"gallery-1\" data-id=\"gallery-1\" data-gutterwidth=\"5\" \n class=\"gallery flexslider carousel wpmfflexslider gallery-link-file wpmf-has-border-radius-0 wpmf-gutterwidth-5 wpmf-gg-multiple-columns\" data-wpmfcolumns=\"3\" data-auto_animation=\"1\" data-border-width=\"0\" data-shadow=\"0\"><ul class=\"slides wpmf-slides\"><\/ul><\/div><\/div>\n<p style=\"text-align: justify\">Nesta li\u00f1a, <strong>a artes\u00e1 Eva Carreira deu conta na tarde do venres do bo resultado de combinar a tradici\u00f3n e as novas tecnolox\u00edas<\/strong>, po\u00f1endo como exemplo a s\u00faa empresa Zoclos, dedicada \u00e1 elaboraci\u00f3n e venda de zocos galegos modernizados e con variedade de dese\u00f1os.<\/p>\n<p style=\"text-align: justify\">O peche desta primeira edici\u00f3n da Feira de Emprego e formaci\u00f3n viu esta ma\u00f1\u00e1 da man do formador Pablo G. Fortes cunha charla motivacional centrada n<strong>a importancia da actitude como unha cualidade potenciadora das habilidades persoais e o co\u00f1ecemento adquirido<\/strong>. Deseguido, dez emprededores locais tomaron o testemu\u00f1o, coa colocaci\u00f3ns de expositores e a celebraci\u00f3n dunha mesa redonda. OR.PA.GU, AGA Formaci\u00f3n, Xardiner\u00eda San Xerome Emiliani, Alento, Grupo Arlequ\u00edn, Redeiras Atalaia, Crespum, SAFIT e a dese\u00f1adora gr\u00e1fica Tamara Baz foron as dez empresas participantes na variada mostra do tecido empresarial guard\u00e9s, durante a que falaron da s\u00faa actividade, o seu modelo de negocio e o desenvolvemento das s\u00faas empresas.<\/p>\n<div class=\"wpmf-gallerys\"><div id=\"gallery-2\" data-id=\"gallery-2\" data-gutterwidth=\"5\" \n class=\"gallery flexslider carousel wpmfflexslider gallery-link-file wpmf-has-border-radius-0 wpmf-gutterwidth-5 wpmf-gg-multiple-columns\" data-wpmfcolumns=\"2\" data-auto_animation=\"1\" data-border-width=\"0\" data-shadow=\"0\"><ul class=\"slides wpmf-slides\"><\/ul><\/div><\/div>\n<p style=\"text-align: justify\">Dada a boa acollida destas xornadas, para as que contamos co financiamento da Direcci\u00f3n Xeral de Xuventude da Xunta de Galicia, dende o Concello da Guarda temos a firme vontade de retomar anualente a celebraci\u00f3n da Feira de Emprego e Formaci\u00f3n \u201cImaxinAct\u00edvate\u201d, como maneira de animar ao emprendemento na nosa vila\u00a0 \u00e1 empregabilidade das guardesas e guardeses.<\/p>\n","protected":false},"excerpt":{"rendered":"<p>A primeira Feira de Emprego e Formaci\u00f3n \u201cImaxinAct\u00edvate\u201d rematou esta ma\u00f1\u00e1 na Guarda tras tres d\u00edas cunha intensa programaci\u00f3n composta por obradoiros, charlas e mostras\u00a0orientados ao emprendemento e \u00e1 mellor empregabilidade das persoas\u00a0con ideas de novos negocios ou en busca &hellip; <\/p>\n","protected":false},"author":2,"featured_media":10585,"comment_status":"open","ping_status":"open","sticky":false,"template":"","format":"standard","meta":[],"categories":[37,48],"tags":[574,575],"yoast_head":"<!-- This site is optimized with the Yoast SEO plugin v21.1 - https:\/\/yoast.com\/wordpress\/plugins\/seo\/ -->\n<title>A Feira de Emprego e Formaci\u00f3n pecha a s\u00faa primeira edici\u00f3n con boa acollida dos participantes - Concello da Guarda<\/title>\n<meta name=\"robots\" content=\"index, follow, max-snippet:-1, max-image-preview:large, max-video-preview:-1\" \/>\n<link rel=\"canonical\" href=\"https:\/\/www.aguarda.es\/en\/feira-de-emprego-formacion-pecha-sua-primeira-edicion-boa-acollida-das-persoas-participantes\/\" \/>\n<meta property=\"og:locale\" content=\"en_US\" \/>\n<meta property=\"og:type\" content=\"article\" \/>\n<meta property=\"og:title\" content=\"A Feira de Emprego e Formaci\u00f3n pecha a s\u00faa primeira edici\u00f3n con boa acollida dos participantes - Concello da Guarda\" \/>\n<meta property=\"og:description\" content=\"A primeira Feira de Emprego e Formaci\u00f3n \u201cImaxinAct\u00edvate\u201d rematou esta ma\u00f1\u00e1 na Guarda tras tres d\u00edas cunha intensa programaci\u00f3n composta por obradoiros, charlas e mostras\u00a0orientados ao emprendemento e \u00e1 mellor empregabilidade das persoas\u00a0con ideas de novos negocios ou en busca &hellip;\" \/>\n<meta property=\"og:url\" content=\"https:\/\/www.aguarda.es\/en\/feira-de-emprego-formacion-pecha-sua-primeira-edicion-boa-acollida-das-persoas-participantes\/\" \/>\n<meta property=\"og:site_name\" content=\"Concello da Guarda\" \/>\n<meta property=\"article:publisher\" content=\"https:\/\/www.facebook.com\/ConcellodaGuarda\" \/>\n<meta property=\"article:published_time\" content=\"2017-10-07T18:46:21+00:00\" \/>\n<meta property=\"article:modified_time\" content=\"2017-10-08T11:38:31+00:00\" \/>\n<meta property=\"og:image\" content=\"https:\/\/www.aguarda.es\/wp-content\/uploads\/2017\/10\/Emprendedores-2_opt.jpg\" \/>\n\t<meta property=\"og:image:width\" content=\"700\" \/>\n\t<meta property=\"og:image:height\" content=\"371\" \/>\n\t<meta property=\"og:image:type\" content=\"image\/jpeg\" \/>\n<meta name=\"author\" content=\"prensa\" \/>\n<meta name=\"twitter:card\" content=\"summary_large_image\" \/>\n<meta name=\"twitter:creator\" content=\"@AGuarda_es\" \/>\n<meta name=\"twitter:site\" content=\"@AGuarda_es\" \/>\n<meta name=\"twitter:label1\" content=\"Written by\" \/>\n\t<meta name=\"twitter:data1\" content=\"prensa\" \/>\n\t<meta name=\"twitter:label2\" content=\"Est. reading time\" \/>\n\t<meta name=\"twitter:data2\" content=\"2 minutes\" \/>\n<script type=\"application\/ld+json\" class=\"yoast-schema-graph\">{\"@context\":\"https:\/\/schema.org\",\"@graph\":[{\"@type\":\"WebPage\",\"@id\":\"https:\/\/www.aguarda.es\/en\/feira-de-emprego-formacion-pecha-sua-primeira-edicion-boa-acollida-das-persoas-participantes\/\",\"url\":\"https:\/\/www.aguarda.es\/en\/feira-de-emprego-formacion-pecha-sua-primeira-edicion-boa-acollida-das-persoas-participantes\/\",\"name\":\"A Feira de Emprego e Formaci\u00f3n pecha a s\u00faa primeira edici\u00f3n con boa acollida dos participantes - Concello da Guarda\",\"isPartOf\":{\"@id\":\"https:\/\/www.aguarda.es\/en\/#website\"},\"datePublished\":\"2017-10-07T18:46:21+00:00\",\"dateModified\":\"2017-10-08T11:38:31+00:00\",\"author\":{\"@id\":\"https:\/\/www.aguarda.es\/en\/#\/schema\/person\/c463ca3006858ffb349d11179d044f21\"},\"breadcrumb\":{\"@id\":\"https:\/\/www.aguarda.es\/en\/feira-de-emprego-formacion-pecha-sua-primeira-edicion-boa-acollida-das-persoas-participantes\/#breadcrumb\"},\"inLanguage\":\"en-US\",\"potentialAction\":[{\"@type\":\"ReadAction\",\"target\":[\"https:\/\/www.aguarda.es\/en\/feira-de-emprego-formacion-pecha-sua-primeira-edicion-boa-acollida-das-persoas-participantes\/\"]}]},{\"@type\":\"BreadcrumbList\",\"@id\":\"https:\/\/www.aguarda.es\/en\/feira-de-emprego-formacion-pecha-sua-primeira-edicion-boa-acollida-das-persoas-participantes\/#breadcrumb\",\"itemListElement\":[{\"@type\":\"ListItem\",\"position\":1,\"name\":\"Portada\",\"item\":\"https:\/\/www.aguarda.es\/en\/\"},{\"@type\":\"ListItem\",\"position\":2,\"name\":\"A Feira de Emprego e Formaci\u00f3n pecha a s\u00faa primeira edici\u00f3n con boa acollida dos participantes\"}]},{\"@type\":\"WebSite\",\"@id\":\"https:\/\/www.aguarda.es\/en\/#website\",\"url\":\"https:\/\/www.aguarda.es\/en\/\",\"name\":\"Concello da Guarda\",\"description\":\"P\u00e1xina web do concello da Guarda\",\"potentialAction\":[{\"@type\":\"SearchAction\",\"target\":{\"@type\":\"EntryPoint\",\"urlTemplate\":\"https:\/\/www.aguarda.es\/en\/?s={search_term_string}\"},\"query-input\":\"required name=search_term_string\"}],\"inLanguage\":\"en-US\"},{\"@type\":\"Person\",\"@id\":\"https:\/\/www.aguarda.es\/en\/#\/schema\/person\/c463ca3006858ffb349d11179d044f21\",\"name\":\"prensa\",\"image\":{\"@type\":\"ImageObject\",\"inLanguage\":\"en-US\",\"@id\":\"https:\/\/www.aguarda.es\/en\/#\/schema\/person\/image\/\",\"url\":\"https:\/\/secure.gravatar.com\/avatar\/5f90ef536b0f98306edf5c7a1135ffa1?s=96&d=mm&r=g\",\"contentUrl\":\"https:\/\/secure.gravatar.com\/avatar\/5f90ef536b0f98306edf5c7a1135ffa1?s=96&d=mm&r=g\",\"caption\":\"prensa\"},\"url\":\"https:\/\/www.aguarda.es\/en\/author\/prensa\/\"}]}<\/script>\n<!-- \/ Yoast SEO plugin. -->","yoast_head_json":{"title":"A Feira de Emprego e Formaci\u00f3n pecha a s\u00faa primeira edici\u00f3n con boa acollida dos participantes - Concello da Guarda","robots":{"index":"index","follow":"follow","max-snippet":"max-snippet:-1","max-image-preview":"max-image-preview:large","max-video-preview":"max-video-preview:-1"},"canonical":"https:\/\/www.aguarda.es\/en\/feira-de-emprego-formacion-pecha-sua-primeira-edicion-boa-acollida-das-persoas-participantes\/","og_locale":"en_US","og_type":"article","og_title":"A Feira de Emprego e Formaci\u00f3n pecha a s\u00faa primeira edici\u00f3n con boa acollida dos participantes - Concello da Guarda","og_description":"A primeira Feira de Emprego e Formaci\u00f3n \u201cImaxinAct\u00edvate\u201d rematou esta ma\u00f1\u00e1 na Guarda tras tres d\u00edas cunha intensa programaci\u00f3n composta por obradoiros, charlas e mostras\u00a0orientados ao emprendemento e \u00e1 mellor empregabilidade das persoas\u00a0con ideas de novos negocios ou en busca &hellip;","og_url":"https:\/\/www.aguarda.es\/en\/feira-de-emprego-formacion-pecha-sua-primeira-edicion-boa-acollida-das-persoas-participantes\/","og_site_name":"Concello da Guarda","article_publisher":"https:\/\/www.facebook.com\/ConcellodaGuarda","article_published_time":"2017-10-07T18:46:21+00:00","article_modified_time":"2017-10-08T11:38:31+00:00","og_image":[{"width":700,"height":371,"url":"https:\/\/www.aguarda.es\/wp-content\/uploads\/2017\/10\/Emprendedores-2_opt.jpg","type":"image\/jpeg"}],"author":"prensa","twitter_card":"summary_large_image","twitter_creator":"@AGuarda_es","twitter_site":"@AGuarda_es","twitter_misc":{"Written by":"prensa","Est. reading time":"2 minutes"},"schema":{"@context":"https:\/\/schema.org","@graph":[{"@type":"WebPage","@id":"https:\/\/www.aguarda.es\/en\/feira-de-emprego-formacion-pecha-sua-primeira-edicion-boa-acollida-das-persoas-participantes\/","url":"https:\/\/www.aguarda.es\/en\/feira-de-emprego-formacion-pecha-sua-primeira-edicion-boa-acollida-das-persoas-participantes\/","name":"A Feira de Emprego e Formaci\u00f3n pecha a s\u00faa primeira edici\u00f3n con boa acollida dos participantes - Concello da Guarda","isPartOf":{"@id":"https:\/\/www.aguarda.es\/en\/#website"},"datePublished":"2017-10-07T18:46:21+00:00","dateModified":"2017-10-08T11:38:31+00:00","author":{"@id":"https:\/\/www.aguarda.es\/en\/#\/schema\/person\/c463ca3006858ffb349d11179d044f21"},"breadcrumb":{"@id":"https:\/\/www.aguarda.es\/en\/feira-de-emprego-formacion-pecha-sua-primeira-edicion-boa-acollida-das-persoas-participantes\/#breadcrumb"},"inLanguage":"en-US","potentialAction":[{"@type":"ReadAction","target":["https:\/\/www.aguarda.es\/en\/feira-de-emprego-formacion-pecha-sua-primeira-edicion-boa-acollida-das-persoas-participantes\/"]}]},{"@type":"BreadcrumbList","@id":"https:\/\/www.aguarda.es\/en\/feira-de-emprego-formacion-pecha-sua-primeira-edicion-boa-acollida-das-persoas-participantes\/#breadcrumb","itemListElement":[{"@type":"ListItem","position":1,"name":"Portada","item":"https:\/\/www.aguarda.es\/en\/"},{"@type":"ListItem","position":2,"name":"A Feira de Emprego e Formaci\u00f3n pecha a s\u00faa primeira edici\u00f3n con boa acollida dos participantes"}]},{"@type":"WebSite","@id":"https:\/\/www.aguarda.es\/en\/#website","url":"https:\/\/www.aguarda.es\/en\/","name":"Concello da Guarda","description":"P\u00e1xina web do concello da Guarda","potentialAction":[{"@type":"SearchAction","target":{"@type":"EntryPoint","urlTemplate":"https:\/\/www.aguarda.es\/en\/?s={search_term_string}"},"query-input":"required name=search_term_string"}],"inLanguage":"en-US"},{"@type":"Person","@id":"https:\/\/www.aguarda.es\/en\/#\/schema\/person\/c463ca3006858ffb349d11179d044f21","name":"prensa","image":{"@type":"ImageObject","inLanguage":"en-US","@id":"https:\/\/www.aguarda.es\/en\/#\/schema\/person\/image\/","url":"https:\/\/secure.gravatar.com\/avatar\/5f90ef536b0f98306edf5c7a1135ffa1?s=96&d=mm&r=g","contentUrl":"https:\/\/secure.gravatar.com\/avatar\/5f90ef536b0f98306edf5c7a1135ffa1?s=96&d=mm&r=g","caption":"prensa"},"url":"https:\/\/www.aguarda.es\/en\/author\/prensa\/"}]}},"_links":{"self":[{"href":"https:\/\/www.aguarda.es\/en\/wp-json\/wp\/v2\/posts\/10581"}],"collection":[{"href":"https:\/\/www.aguarda.es\/en\/wp-json\/wp\/v2\/posts"}],"about":[{"href":"https:\/\/www.aguarda.es\/en\/wp-json\/wp\/v2\/types\/post"}],"author":[{"embeddable":true,"href":"https:\/\/www.aguarda.es\/en\/wp-json\/wp\/v2\/users\/2"}],"replies":[{"embeddable":true,"href":"https:\/\/www.aguarda.es\/en\/wp-json\/wp\/v2\/comments?post=10581"}],"version-history":[{"count":5,"href":"https:\/\/www.aguarda.es\/en\/wp-json\/wp\/v2\/posts\/10581\/revisions"}],"predecessor-version":[{"id":10588,"href":"https:\/\/www.aguarda.es\/en\/wp-json\/wp\/v2\/posts\/10581\/revisions\/10588"}],"wp:featuredmedia":[{"embeddable":true,"href":"https:\/\/www.aguarda.es\/en\/wp-json\/wp\/v2\/media\/10585"}],"wp:attachment":[{"href":"https:\/\/www.aguarda.es\/en\/wp-json\/wp\/v2\/media?parent=10581"}],"wp:term":[{"taxonomy":"category","embeddable":true,"href":"https:\/\/www.aguarda.es\/en\/wp-json\/wp\/v2\/categories?post=10581"},{"taxonomy":"post_tag","embeddable":true,"href":"https:\/\/www.aguarda.es\/en\/wp-json\/wp\/v2\/tags?post=10581"}],"curies":[{"name":"wp","href":"https:\/\/api.w.org\/{rel}","templated":true}]}}