{"id":10627,"date":"2017-10-09T15:45:24","date_gmt":"2017-10-09T15:45:24","guid":{"rendered":"https:\/\/www.aguarda.es\/?p=10627"},"modified":"2017-10-11T12:46:45","modified_gmt":"2017-10-11T12:46:45","slug":"tecnica-medioambiental-de-cabo-verde-paula-pina-formase-no-concello-da-guarda-tres-dias","status":"publish","type":"post","link":"https:\/\/www.aguarda.es\/en\/tecnica-medioambiental-de-cabo-verde-paula-pina-formase-no-concello-da-guarda-tres-dias\/","title":{"rendered":"A t\u00e9cnica medioambiental de Cabo Verde Paula Pina formarase no Concello durante tres d\u00edas"},"content":{"rendered":"<p style=\"text-align: justify\"><em>Tr\u00e1tase dunha acci\u00f3n inclu\u00edda no programa \u201cVacaci\u00f3ns con traballo\u201d do Fondo Galego de Cooperaci\u00f3n e Solidariedade, polo que a caboverdiana intercambiar\u00e1 experiencias co persoal t\u00e9cnico local.<\/em><\/p>\n<p style=\"text-align: justify\">O Concello da Guarda recibiu esta ma\u00f1\u00e1 \u00e1 directora de gabinete de Saneamento, Medio Ambiente e Seguridade Urbana da C\u00e1mara Municipal de Santa Cruz (Cabo Verde), Paula Pina, que pasar\u00e1 tres d\u00edas na nosa vila co fin de co\u00f1ecer o funcionamento de depuradoras, pozos de bombeo, puntos limpos e servizos de saneamento e limpeza, entre outras actividades.<\/p>\n<p style=\"text-align: justify\">A t\u00e9cnica municipal caboverdiana tivo a oportunidade de visitar esta ma\u00f1\u00e1 a Estaci\u00f3n Depuradora de Augas Residuais (E.D.A.R) da Guarda, acompa\u00f1ada polo persoal t\u00e9cnico da planta e o concelleiro de Medio Ambiente, Paulino Rodr\u00edguez. Ma\u00f1\u00e1 far\u00e1 un percorrido polas instalaci\u00f3ns de abastecemento de auga e, xa o m\u00e9rcores, poder\u00e1 visitar o punto limpo da Guarda e profundar en temas como a limpeza viaria, a recollida de lixo e os sistemas de reciclado.<\/p>\n<div class=\"wpmf-gallerys\"><div id=\"gallery-1\" data-id=\"gallery-1\" data-gutterwidth=\"5\" \n class=\"gallery flexslider carousel wpmfflexslider gallery-link-file wpmf-has-border-radius-0 wpmf-gutterwidth-5 wpmf-gg-multiple-columns\" data-wpmfcolumns=\"3\" data-auto_animation=\"1\" data-border-width=\"0\" data-shadow=\"0\"><ul class=\"slides wpmf-slides\"><\/ul><\/div><\/div>\n<p style=\"text-align: justify\">Por\u00e9n, <strong>non todas as actividades ser\u00e1n de interese puramente profesional<\/strong>, xa que durante as tardes Paula Pina poder\u00e1 gozar de boa parte do patrimonio cultural e a tradici\u00f3n guardesas. As\u00ed, esta tarde Pina visitar\u00e1 a praza de abastos, o porto pesqueiro e co\u00f1ecer\u00e1 o labor realizado pola Organizaci\u00f3n de Palangreiros Guardeses (OR.PA.GU) e a Asociaci\u00f3n de Redeiras do Baixo Mi\u00f1o Atalaia.<\/p>\n<p style=\"text-align: justify\">Durante a tarde de ma\u00f1\u00e1 poder\u00e1 gozar do Monte Santa Trega e o Castelo de Santa Cruz con visitas guiadas, namentres o m\u00e9rcores tomar\u00e1 o transbordador para achegarse \u00e1 localidade portuguesa de Caminha.<\/p>\n<h5 style=\"text-align: justify\">Vacaci\u00f3ns con traballo<\/h5>\n<p style=\"text-align: justify\">A acci\u00f3n <strong>enm\u00e1rcase dentro do programa de cooperaci\u00f3n t\u00e9cnica \u201cVacaci\u00f3ns con traballo\u201d<\/strong> do Fondo Galego de Cooperaci\u00f3n e Solidariedade, polo que Paula Pina e a top\u00f3grafa mozambique\u00f1a Ailina de Marta percorrer\u00e1n durante o mes de outubro distintas localidades galegas nas que intercambiar\u00e1n experiencias co persoal t\u00e9cnico local.<\/p>\n<p style=\"text-align: justify\">A trav\u00e9s deste programa de cooperaci\u00f3n t\u00e9cnica <strong>b\u00fascase contribu\u00edr a reforzar as capacidades dos municipios de pa\u00edses empobrecidos<\/strong>, ao tempo que se pon en valor a multiculturalidade e se sensibiliza fronte as desigualdades Norte-Sur.<\/p>\n","protected":false},"excerpt":{"rendered":"<p>Tr\u00e1tase dunha acci\u00f3n inclu\u00edda no programa \u201cVacaci\u00f3ns con traballo\u201d do Fondo Galego de Cooperaci\u00f3n e Solidariedade, polo que a caboverdiana intercambiar\u00e1 experiencias co persoal t\u00e9cnico local. O Concello da Guarda recibiu esta ma\u00f1\u00e1 \u00e1 directora de gabinete de Saneamento, Medio &hellip; <\/p>\n","protected":false},"author":2,"featured_media":10626,"comment_status":"open","ping_status":"open","sticky":false,"template":"","format":"standard","meta":[],"categories":[40],"tags":[599,600,227,598,601],"yoast_head":"<!-- This site is optimized with the Yoast SEO plugin v21.1 - https:\/\/yoast.com\/wordpress\/plugins\/seo\/ -->\n<title>A t\u00e9cnica medioambiental de Cabo Verde Paula Pina formarase no Concello durante tres d\u00edas - Concello da Guarda<\/title>\n<meta name=\"robots\" content=\"index, follow, max-snippet:-1, max-image-preview:large, max-video-preview:-1\" \/>\n<link rel=\"canonical\" href=\"https:\/\/www.aguarda.es\/en\/tecnica-medioambiental-de-cabo-verde-paula-pina-formase-no-concello-da-guarda-tres-dias\/\" \/>\n<meta property=\"og:locale\" content=\"en_US\" \/>\n<meta property=\"og:type\" content=\"article\" \/>\n<meta property=\"og:title\" content=\"A t\u00e9cnica medioambiental de Cabo Verde Paula Pina formarase no Concello durante tres d\u00edas - Concello da Guarda\" \/>\n<meta property=\"og:description\" content=\"Tr\u00e1tase dunha acci\u00f3n inclu\u00edda no programa \u201cVacaci\u00f3ns con traballo\u201d do Fondo Galego de Cooperaci\u00f3n e Solidariedade, polo que a caboverdiana intercambiar\u00e1 experiencias co persoal t\u00e9cnico local. O Concello da Guarda recibiu esta ma\u00f1\u00e1 \u00e1 directora de gabinete de Saneamento, Medio &hellip;\" \/>\n<meta property=\"og:url\" content=\"https:\/\/www.aguarda.es\/en\/tecnica-medioambiental-de-cabo-verde-paula-pina-formase-no-concello-da-guarda-tres-dias\/\" \/>\n<meta property=\"og:site_name\" content=\"Concello da Guarda\" \/>\n<meta property=\"article:publisher\" content=\"https:\/\/www.facebook.com\/ConcellodaGuarda\" \/>\n<meta property=\"article:published_time\" content=\"2017-10-09T15:45:24+00:00\" \/>\n<meta property=\"article:modified_time\" content=\"2017-10-11T12:46:45+00:00\" \/>\n<meta property=\"og:image\" content=\"https:\/\/www.aguarda.es\/wp-content\/uploads\/2017\/10\/Paula-Pina1.jpg\" \/>\n\t<meta property=\"og:image:width\" content=\"800\" \/>\n\t<meta property=\"og:image:height\" content=\"533\" \/>\n\t<meta property=\"og:image:type\" content=\"image\/jpeg\" \/>\n<meta name=\"author\" content=\"prensa\" \/>\n<meta name=\"twitter:card\" content=\"summary_large_image\" \/>\n<meta name=\"twitter:creator\" content=\"@AGuarda_es\" \/>\n<meta name=\"twitter:site\" content=\"@AGuarda_es\" \/>\n<meta name=\"twitter:label1\" content=\"Written by\" \/>\n\t<meta name=\"twitter:data1\" content=\"prensa\" \/>\n\t<meta name=\"twitter:label2\" content=\"Est. reading time\" \/>\n\t<meta name=\"twitter:data2\" content=\"2 minutes\" \/>\n<script type=\"application\/ld+json\" class=\"yoast-schema-graph\">{\"@context\":\"https:\/\/schema.org\",\"@graph\":[{\"@type\":\"WebPage\",\"@id\":\"https:\/\/www.aguarda.es\/en\/tecnica-medioambiental-de-cabo-verde-paula-pina-formase-no-concello-da-guarda-tres-dias\/\",\"url\":\"https:\/\/www.aguarda.es\/en\/tecnica-medioambiental-de-cabo-verde-paula-pina-formase-no-concello-da-guarda-tres-dias\/\",\"name\":\"A t\u00e9cnica medioambiental de Cabo Verde Paula Pina formarase no Concello durante tres d\u00edas - Concello da Guarda\",\"isPartOf\":{\"@id\":\"https:\/\/www.aguarda.es\/en\/#website\"},\"datePublished\":\"2017-10-09T15:45:24+00:00\",\"dateModified\":\"2017-10-11T12:46:45+00:00\",\"author\":{\"@id\":\"https:\/\/www.aguarda.es\/en\/#\/schema\/person\/c463ca3006858ffb349d11179d044f21\"},\"breadcrumb\":{\"@id\":\"https:\/\/www.aguarda.es\/en\/tecnica-medioambiental-de-cabo-verde-paula-pina-formase-no-concello-da-guarda-tres-dias\/#breadcrumb\"},\"inLanguage\":\"en-US\",\"potentialAction\":[{\"@type\":\"ReadAction\",\"target\":[\"https:\/\/www.aguarda.es\/en\/tecnica-medioambiental-de-cabo-verde-paula-pina-formase-no-concello-da-guarda-tres-dias\/\"]}]},{\"@type\":\"BreadcrumbList\",\"@id\":\"https:\/\/www.aguarda.es\/en\/tecnica-medioambiental-de-cabo-verde-paula-pina-formase-no-concello-da-guarda-tres-dias\/#breadcrumb\",\"itemListElement\":[{\"@type\":\"ListItem\",\"position\":1,\"name\":\"Portada\",\"item\":\"https:\/\/www.aguarda.es\/en\/\"},{\"@type\":\"ListItem\",\"position\":2,\"name\":\"A t\u00e9cnica medioambiental de Cabo Verde Paula Pina formarase no Concello durante tres d\u00edas\"}]},{\"@type\":\"WebSite\",\"@id\":\"https:\/\/www.aguarda.es\/en\/#website\",\"url\":\"https:\/\/www.aguarda.es\/en\/\",\"name\":\"Concello da Guarda\",\"description\":\"P\u00e1xina web do concello da Guarda\",\"potentialAction\":[{\"@type\":\"SearchAction\",\"target\":{\"@type\":\"EntryPoint\",\"urlTemplate\":\"https:\/\/www.aguarda.es\/en\/?s={search_term_string}\"},\"query-input\":\"required name=search_term_string\"}],\"inLanguage\":\"en-US\"},{\"@type\":\"Person\",\"@id\":\"https:\/\/www.aguarda.es\/en\/#\/schema\/person\/c463ca3006858ffb349d11179d044f21\",\"name\":\"prensa\",\"image\":{\"@type\":\"ImageObject\",\"inLanguage\":\"en-US\",\"@id\":\"https:\/\/www.aguarda.es\/en\/#\/schema\/person\/image\/\",\"url\":\"https:\/\/secure.gravatar.com\/avatar\/5f90ef536b0f98306edf5c7a1135ffa1?s=96&d=mm&r=g\",\"contentUrl\":\"https:\/\/secure.gravatar.com\/avatar\/5f90ef536b0f98306edf5c7a1135ffa1?s=96&d=mm&r=g\",\"caption\":\"prensa\"},\"url\":\"https:\/\/www.aguarda.es\/en\/author\/prensa\/\"}]}<\/script>\n<!-- \/ Yoast SEO plugin. -->","yoast_head_json":{"title":"A t\u00e9cnica medioambiental de Cabo Verde Paula Pina formarase no Concello durante tres d\u00edas - Concello da Guarda","robots":{"index":"index","follow":"follow","max-snippet":"max-snippet:-1","max-image-preview":"max-image-preview:large","max-video-preview":"max-video-preview:-1"},"canonical":"https:\/\/www.aguarda.es\/en\/tecnica-medioambiental-de-cabo-verde-paula-pina-formase-no-concello-da-guarda-tres-dias\/","og_locale":"en_US","og_type":"article","og_title":"A t\u00e9cnica medioambiental de Cabo Verde Paula Pina formarase no Concello durante tres d\u00edas - Concello da Guarda","og_description":"Tr\u00e1tase dunha acci\u00f3n inclu\u00edda no programa \u201cVacaci\u00f3ns con traballo\u201d do Fondo Galego de Cooperaci\u00f3n e Solidariedade, polo que a caboverdiana intercambiar\u00e1 experiencias co persoal t\u00e9cnico local. O Concello da Guarda recibiu esta ma\u00f1\u00e1 \u00e1 directora de gabinete de Saneamento, Medio &hellip;","og_url":"https:\/\/www.aguarda.es\/en\/tecnica-medioambiental-de-cabo-verde-paula-pina-formase-no-concello-da-guarda-tres-dias\/","og_site_name":"Concello da Guarda","article_publisher":"https:\/\/www.facebook.com\/ConcellodaGuarda","article_published_time":"2017-10-09T15:45:24+00:00","article_modified_time":"2017-10-11T12:46:45+00:00","og_image":[{"width":800,"height":533,"url":"https:\/\/www.aguarda.es\/wp-content\/uploads\/2017\/10\/Paula-Pina1.jpg","type":"image\/jpeg"}],"author":"prensa","twitter_card":"summary_large_image","twitter_creator":"@AGuarda_es","twitter_site":"@AGuarda_es","twitter_misc":{"Written by":"prensa","Est. reading time":"2 minutes"},"schema":{"@context":"https:\/\/schema.org","@graph":[{"@type":"WebPage","@id":"https:\/\/www.aguarda.es\/en\/tecnica-medioambiental-de-cabo-verde-paula-pina-formase-no-concello-da-guarda-tres-dias\/","url":"https:\/\/www.aguarda.es\/en\/tecnica-medioambiental-de-cabo-verde-paula-pina-formase-no-concello-da-guarda-tres-dias\/","name":"A t\u00e9cnica medioambiental de Cabo Verde Paula Pina formarase no Concello durante tres d\u00edas - Concello da Guarda","isPartOf":{"@id":"https:\/\/www.aguarda.es\/en\/#website"},"datePublished":"2017-10-09T15:45:24+00:00","dateModified":"2017-10-11T12:46:45+00:00","author":{"@id":"https:\/\/www.aguarda.es\/en\/#\/schema\/person\/c463ca3006858ffb349d11179d044f21"},"breadcrumb":{"@id":"https:\/\/www.aguarda.es\/en\/tecnica-medioambiental-de-cabo-verde-paula-pina-formase-no-concello-da-guarda-tres-dias\/#breadcrumb"},"inLanguage":"en-US","potentialAction":[{"@type":"ReadAction","target":["https:\/\/www.aguarda.es\/en\/tecnica-medioambiental-de-cabo-verde-paula-pina-formase-no-concello-da-guarda-tres-dias\/"]}]},{"@type":"BreadcrumbList","@id":"https:\/\/www.aguarda.es\/en\/tecnica-medioambiental-de-cabo-verde-paula-pina-formase-no-concello-da-guarda-tres-dias\/#breadcrumb","itemListElement":[{"@type":"ListItem","position":1,"name":"Portada","item":"https:\/\/www.aguarda.es\/en\/"},{"@type":"ListItem","position":2,"name":"A t\u00e9cnica medioambiental de Cabo Verde Paula Pina formarase no Concello durante tres d\u00edas"}]},{"@type":"WebSite","@id":"https:\/\/www.aguarda.es\/en\/#website","url":"https:\/\/www.aguarda.es\/en\/","name":"Concello da Guarda","description":"P\u00e1xina web do concello da Guarda","potentialAction":[{"@type":"SearchAction","target":{"@type":"EntryPoint","urlTemplate":"https:\/\/www.aguarda.es\/en\/?s={search_term_string}"},"query-input":"required name=search_term_string"}],"inLanguage":"en-US"},{"@type":"Person","@id":"https:\/\/www.aguarda.es\/en\/#\/schema\/person\/c463ca3006858ffb349d11179d044f21","name":"prensa","image":{"@type":"ImageObject","inLanguage":"en-US","@id":"https:\/\/www.aguarda.es\/en\/#\/schema\/person\/image\/","url":"https:\/\/secure.gravatar.com\/avatar\/5f90ef536b0f98306edf5c7a1135ffa1?s=96&d=mm&r=g","contentUrl":"https:\/\/secure.gravatar.com\/avatar\/5f90ef536b0f98306edf5c7a1135ffa1?s=96&d=mm&r=g","caption":"prensa"},"url":"https:\/\/www.aguarda.es\/en\/author\/prensa\/"}]}},"_links":{"self":[{"href":"https:\/\/www.aguarda.es\/en\/wp-json\/wp\/v2\/posts\/10627"}],"collection":[{"href":"https:\/\/www.aguarda.es\/en\/wp-json\/wp\/v2\/posts"}],"about":[{"href":"https:\/\/www.aguarda.es\/en\/wp-json\/wp\/v2\/types\/post"}],"author":[{"embeddable":true,"href":"https:\/\/www.aguarda.es\/en\/wp-json\/wp\/v2\/users\/2"}],"replies":[{"embeddable":true,"href":"https:\/\/www.aguarda.es\/en\/wp-json\/wp\/v2\/comments?post=10627"}],"version-history":[{"count":5,"href":"https:\/\/www.aguarda.es\/en\/wp-json\/wp\/v2\/posts\/10627\/revisions"}],"predecessor-version":[{"id":10655,"href":"https:\/\/www.aguarda.es\/en\/wp-json\/wp\/v2\/posts\/10627\/revisions\/10655"}],"wp:featuredmedia":[{"embeddable":true,"href":"https:\/\/www.aguarda.es\/en\/wp-json\/wp\/v2\/media\/10626"}],"wp:attachment":[{"href":"https:\/\/www.aguarda.es\/en\/wp-json\/wp\/v2\/media?parent=10627"}],"wp:term":[{"taxonomy":"category","embeddable":true,"href":"https:\/\/www.aguarda.es\/en\/wp-json\/wp\/v2\/categories?post=10627"},{"taxonomy":"post_tag","embeddable":true,"href":"https:\/\/www.aguarda.es\/en\/wp-json\/wp\/v2\/tags?post=10627"}],"curies":[{"name":"wp","href":"https:\/\/api.w.org\/{rel}","templated":true}]}}