{"id":10732,"date":"2017-10-20T07:25:19","date_gmt":"2017-10-20T07:25:19","guid":{"rendered":"https:\/\/www.aguarda.es\/?p=10732"},"modified":"2017-10-20T07:27:55","modified_gmt":"2017-10-20T07:27:55","slug":"lista-provisional-de-admitidosas-seleccion-dununha-profesora-de-gaita-conservatorio","status":"publish","type":"post","link":"https:\/\/www.aguarda.es\/en\/lista-provisional-de-admitidosas-seleccion-dununha-profesora-de-gaita-conservatorio\/","title":{"rendered":"Lista provisional de admitidos\/as para a selecci\u00f3n dun\/unha profesor\/a de gaita"},"content":{"rendered":"<p style=\"text-align: justify\"><strong>RESOLUCI\u00d3N DA ALCALD\u00cdA DE APROBACI\u00d3N DA LISTAXE PROVISIONAL DE ADMITIDOS NO PROCESO SELECTIVO DUN PROFESOR DE GAITA PARA O CONSERVATORIO MUNICIPAL.<\/strong><\/p>\n<p style=\"text-align: justify\">Aprobadas mediante Decreto 693\/2017, de 14 de setembro, as bases reguladoras das probas selectivas para cubrir a praza de profesor de gaita do Conservatorio de m\u00fasica de A Guarda, en r\u00e9xime de personal laboral (INTERINIDADE), e rematado o prazo para a presentaci\u00f3n de solicitudes polos interesados RESOLVO:<\/p>\n<p><strong>1.- Aprobar a seguinte <a href=\"http:\/\/aguarda.sedelectronica.gal\/info.0?x=nDggPr-IrLan6EveZbLsqIo9F1ALecGQ*X5wVkSbQg1WBNisVBi9Ox4o-aZlcVdCUCRhWrUxVBOWWZ7ohnnGio6qLUkx7bSijInBjd2fmqg\">lista provisional de admitidos e excluidos<\/a>:<\/strong><\/p>\n<p><strong>1.A) ADMITIDOS<\/strong><br \/>\n1. TEIXEIRO REI, XIANA<br \/>\n2. COMESA\u00d1A ABREU, LUC\u00cdA<br \/>\n3. FERNANDEZ LOPEZ, ABRAHAM<br \/>\n4. FERNANDEZ FERNANDEZ, JORGE<br \/>\n5. ALVAREZ FARI\u00d1AS, PEDRO<br \/>\n6. SILVA B\u00d3VEDA, CRISTIAN<br \/>\n7. RIVEIRA CAMPILLO, JES\u00daS<\/p>\n<p><strong>1.B) EXCLUIDOS<\/strong><br \/>\n1.- PRADO FERNANDEZ, LOIS&#8230;&#8230;&#8230;&#8230;MOTIVO (a)<br \/>\n(a) Non presentar copia da titulaci\u00f3n esixida nas bases: T\u00edtulo superior de m\u00fasica (plan de estudos LOXSE) na especialidade de instrumentos de m\u00fasica tradicional e popular.<\/p>\n<p>2.-<strong> Conceder un prazo de 3 d\u00edas h\u00e1biles<\/strong> \u00f3 aspirante excluido para a correcci\u00f3n da deficiencia sinalada.<br \/>\nUnha vez corrixida esta deficiencia ou, no seu caso, transcurridos os 3 d\u00edas dende a publicaci\u00f3n da listaxe provisional, ditarase unha nova resoluci\u00f3n que aprobe a listaxe definitiva, que incluir\u00e1 a fixaci\u00f3n das datas de celebraci\u00f3n das probas as\u00ed como a composici\u00f3n nominal do tribunal de selecci\u00f3n.<\/p>\n<p>3.- <strong>Publicar esta resoluci\u00f3n no Taboleiro de anuncios<\/strong> e publica-la na p\u00e1xina web do Concello.<\/p>\n","protected":false},"excerpt":{"rendered":"<p>RESOLUCI\u00d3N DA ALCALD\u00cdA DE APROBACI\u00d3N DA LISTAXE PROVISIONAL DE ADMITIDOS NO PROCESO SELECTIVO DUN PROFESOR DE GAITA PARA O CONSERVATORIO MUNICIPAL. Aprobadas mediante Decreto 693\/2017, de 14 de setembro, as bases reguladoras das probas selectivas para cubrir a praza de &hellip; <\/p>\n","protected":false},"author":2,"featured_media":8850,"comment_status":"open","ping_status":"open","sticky":false,"template":"","format":"standard","meta":[],"categories":[28],"tags":[618,620,619],"yoast_head":"<!-- This site is optimized with the Yoast SEO plugin v21.1 - https:\/\/yoast.com\/wordpress\/plugins\/seo\/ -->\n<title>Lista provisional de admitidos\/as para a selecci\u00f3n dun\/unha profesor\/a de gaita - Concello da Guarda<\/title>\n<meta name=\"robots\" content=\"index, follow, max-snippet:-1, max-image-preview:large, max-video-preview:-1\" \/>\n<link rel=\"canonical\" href=\"https:\/\/www.aguarda.es\/en\/lista-provisional-de-admitidosas-seleccion-dununha-profesora-de-gaita-conservatorio\/\" \/>\n<meta property=\"og:locale\" content=\"en_US\" \/>\n<meta property=\"og:type\" content=\"article\" \/>\n<meta property=\"og:title\" content=\"Lista provisional de admitidos\/as para a selecci\u00f3n dun\/unha profesor\/a de gaita - Concello da Guarda\" \/>\n<meta property=\"og:description\" content=\"RESOLUCI\u00d3N DA ALCALD\u00cdA DE APROBACI\u00d3N DA LISTAXE PROVISIONAL DE ADMITIDOS NO PROCESO SELECTIVO DUN PROFESOR DE GAITA PARA O CONSERVATORIO MUNICIPAL. Aprobadas mediante Decreto 693\/2017, de 14 de setembro, as bases reguladoras das probas selectivas para cubrir a praza de &hellip;\" \/>\n<meta property=\"og:url\" content=\"https:\/\/www.aguarda.es\/en\/lista-provisional-de-admitidosas-seleccion-dununha-profesora-de-gaita-conservatorio\/\" \/>\n<meta property=\"og:site_name\" content=\"Concello da Guarda\" \/>\n<meta property=\"article:publisher\" content=\"https:\/\/www.facebook.com\/ConcellodaGuarda\" \/>\n<meta property=\"article:published_time\" content=\"2017-10-20T07:25:19+00:00\" \/>\n<meta property=\"article:modified_time\" content=\"2017-10-20T07:27:55+00:00\" \/>\n<meta property=\"og:image\" content=\"https:\/\/www.aguarda.es\/wp-content\/uploads\/2017\/06\/escudo-full-2.jpg\" \/>\n\t<meta property=\"og:image:width\" content=\"1135\" \/>\n\t<meta property=\"og:image:height\" content=\"712\" \/>\n\t<meta property=\"og:image:type\" content=\"image\/jpeg\" \/>\n<meta name=\"author\" content=\"prensa\" \/>\n<meta name=\"twitter:card\" content=\"summary_large_image\" \/>\n<meta name=\"twitter:creator\" content=\"@AGuarda_es\" \/>\n<meta name=\"twitter:site\" content=\"@AGuarda_es\" \/>\n<meta name=\"twitter:label1\" content=\"Written by\" \/>\n\t<meta name=\"twitter:data1\" content=\"prensa\" \/>\n\t<meta name=\"twitter:label2\" content=\"Est. reading time\" \/>\n\t<meta name=\"twitter:data2\" content=\"1 minute\" \/>\n<script type=\"application\/ld+json\" class=\"yoast-schema-graph\">{\"@context\":\"https:\/\/schema.org\",\"@graph\":[{\"@type\":\"WebPage\",\"@id\":\"https:\/\/www.aguarda.es\/en\/lista-provisional-de-admitidosas-seleccion-dununha-profesora-de-gaita-conservatorio\/\",\"url\":\"https:\/\/www.aguarda.es\/en\/lista-provisional-de-admitidosas-seleccion-dununha-profesora-de-gaita-conservatorio\/\",\"name\":\"Lista provisional de admitidos\/as para a selecci\u00f3n dun\/unha profesor\/a de gaita - Concello da Guarda\",\"isPartOf\":{\"@id\":\"https:\/\/www.aguarda.es\/en\/#website\"},\"datePublished\":\"2017-10-20T07:25:19+00:00\",\"dateModified\":\"2017-10-20T07:27:55+00:00\",\"author\":{\"@id\":\"https:\/\/www.aguarda.es\/en\/#\/schema\/person\/c463ca3006858ffb349d11179d044f21\"},\"breadcrumb\":{\"@id\":\"https:\/\/www.aguarda.es\/en\/lista-provisional-de-admitidosas-seleccion-dununha-profesora-de-gaita-conservatorio\/#breadcrumb\"},\"inLanguage\":\"en-US\",\"potentialAction\":[{\"@type\":\"ReadAction\",\"target\":[\"https:\/\/www.aguarda.es\/en\/lista-provisional-de-admitidosas-seleccion-dununha-profesora-de-gaita-conservatorio\/\"]}]},{\"@type\":\"BreadcrumbList\",\"@id\":\"https:\/\/www.aguarda.es\/en\/lista-provisional-de-admitidosas-seleccion-dununha-profesora-de-gaita-conservatorio\/#breadcrumb\",\"itemListElement\":[{\"@type\":\"ListItem\",\"position\":1,\"name\":\"Portada\",\"item\":\"https:\/\/www.aguarda.es\/en\/\"},{\"@type\":\"ListItem\",\"position\":2,\"name\":\"Lista provisional de admitidos\/as para a selecci\u00f3n dun\/unha profesor\/a de gaita\"}]},{\"@type\":\"WebSite\",\"@id\":\"https:\/\/www.aguarda.es\/en\/#website\",\"url\":\"https:\/\/www.aguarda.es\/en\/\",\"name\":\"Concello da Guarda\",\"description\":\"P\u00e1xina web do concello da Guarda\",\"potentialAction\":[{\"@type\":\"SearchAction\",\"target\":{\"@type\":\"EntryPoint\",\"urlTemplate\":\"https:\/\/www.aguarda.es\/en\/?s={search_term_string}\"},\"query-input\":\"required name=search_term_string\"}],\"inLanguage\":\"en-US\"},{\"@type\":\"Person\",\"@id\":\"https:\/\/www.aguarda.es\/en\/#\/schema\/person\/c463ca3006858ffb349d11179d044f21\",\"name\":\"prensa\",\"image\":{\"@type\":\"ImageObject\",\"inLanguage\":\"en-US\",\"@id\":\"https:\/\/www.aguarda.es\/en\/#\/schema\/person\/image\/\",\"url\":\"https:\/\/secure.gravatar.com\/avatar\/5f90ef536b0f98306edf5c7a1135ffa1?s=96&d=mm&r=g\",\"contentUrl\":\"https:\/\/secure.gravatar.com\/avatar\/5f90ef536b0f98306edf5c7a1135ffa1?s=96&d=mm&r=g\",\"caption\":\"prensa\"},\"url\":\"https:\/\/www.aguarda.es\/en\/author\/prensa\/\"}]}<\/script>\n<!-- \/ Yoast SEO plugin. -->","yoast_head_json":{"title":"Lista provisional de admitidos\/as para a selecci\u00f3n dun\/unha profesor\/a de gaita - Concello da Guarda","robots":{"index":"index","follow":"follow","max-snippet":"max-snippet:-1","max-image-preview":"max-image-preview:large","max-video-preview":"max-video-preview:-1"},"canonical":"https:\/\/www.aguarda.es\/en\/lista-provisional-de-admitidosas-seleccion-dununha-profesora-de-gaita-conservatorio\/","og_locale":"en_US","og_type":"article","og_title":"Lista provisional de admitidos\/as para a selecci\u00f3n dun\/unha profesor\/a de gaita - Concello da Guarda","og_description":"RESOLUCI\u00d3N DA ALCALD\u00cdA DE APROBACI\u00d3N DA LISTAXE PROVISIONAL DE ADMITIDOS NO PROCESO SELECTIVO DUN PROFESOR DE GAITA PARA O CONSERVATORIO MUNICIPAL. Aprobadas mediante Decreto 693\/2017, de 14 de setembro, as bases reguladoras das probas selectivas para cubrir a praza de &hellip;","og_url":"https:\/\/www.aguarda.es\/en\/lista-provisional-de-admitidosas-seleccion-dununha-profesora-de-gaita-conservatorio\/","og_site_name":"Concello da Guarda","article_publisher":"https:\/\/www.facebook.com\/ConcellodaGuarda","article_published_time":"2017-10-20T07:25:19+00:00","article_modified_time":"2017-10-20T07:27:55+00:00","og_image":[{"width":1135,"height":712,"url":"https:\/\/www.aguarda.es\/wp-content\/uploads\/2017\/06\/escudo-full-2.jpg","type":"image\/jpeg"}],"author":"prensa","twitter_card":"summary_large_image","twitter_creator":"@AGuarda_es","twitter_site":"@AGuarda_es","twitter_misc":{"Written by":"prensa","Est. reading time":"1 minute"},"schema":{"@context":"https:\/\/schema.org","@graph":[{"@type":"WebPage","@id":"https:\/\/www.aguarda.es\/en\/lista-provisional-de-admitidosas-seleccion-dununha-profesora-de-gaita-conservatorio\/","url":"https:\/\/www.aguarda.es\/en\/lista-provisional-de-admitidosas-seleccion-dununha-profesora-de-gaita-conservatorio\/","name":"Lista provisional de admitidos\/as para a selecci\u00f3n dun\/unha profesor\/a de gaita - Concello da Guarda","isPartOf":{"@id":"https:\/\/www.aguarda.es\/en\/#website"},"datePublished":"2017-10-20T07:25:19+00:00","dateModified":"2017-10-20T07:27:55+00:00","author":{"@id":"https:\/\/www.aguarda.es\/en\/#\/schema\/person\/c463ca3006858ffb349d11179d044f21"},"breadcrumb":{"@id":"https:\/\/www.aguarda.es\/en\/lista-provisional-de-admitidosas-seleccion-dununha-profesora-de-gaita-conservatorio\/#breadcrumb"},"inLanguage":"en-US","potentialAction":[{"@type":"ReadAction","target":["https:\/\/www.aguarda.es\/en\/lista-provisional-de-admitidosas-seleccion-dununha-profesora-de-gaita-conservatorio\/"]}]},{"@type":"BreadcrumbList","@id":"https:\/\/www.aguarda.es\/en\/lista-provisional-de-admitidosas-seleccion-dununha-profesora-de-gaita-conservatorio\/#breadcrumb","itemListElement":[{"@type":"ListItem","position":1,"name":"Portada","item":"https:\/\/www.aguarda.es\/en\/"},{"@type":"ListItem","position":2,"name":"Lista provisional de admitidos\/as para a selecci\u00f3n dun\/unha profesor\/a de gaita"}]},{"@type":"WebSite","@id":"https:\/\/www.aguarda.es\/en\/#website","url":"https:\/\/www.aguarda.es\/en\/","name":"Concello da Guarda","description":"P\u00e1xina web do concello da Guarda","potentialAction":[{"@type":"SearchAction","target":{"@type":"EntryPoint","urlTemplate":"https:\/\/www.aguarda.es\/en\/?s={search_term_string}"},"query-input":"required name=search_term_string"}],"inLanguage":"en-US"},{"@type":"Person","@id":"https:\/\/www.aguarda.es\/en\/#\/schema\/person\/c463ca3006858ffb349d11179d044f21","name":"prensa","image":{"@type":"ImageObject","inLanguage":"en-US","@id":"https:\/\/www.aguarda.es\/en\/#\/schema\/person\/image\/","url":"https:\/\/secure.gravatar.com\/avatar\/5f90ef536b0f98306edf5c7a1135ffa1?s=96&d=mm&r=g","contentUrl":"https:\/\/secure.gravatar.com\/avatar\/5f90ef536b0f98306edf5c7a1135ffa1?s=96&d=mm&r=g","caption":"prensa"},"url":"https:\/\/www.aguarda.es\/en\/author\/prensa\/"}]}},"_links":{"self":[{"href":"https:\/\/www.aguarda.es\/en\/wp-json\/wp\/v2\/posts\/10732"}],"collection":[{"href":"https:\/\/www.aguarda.es\/en\/wp-json\/wp\/v2\/posts"}],"about":[{"href":"https:\/\/www.aguarda.es\/en\/wp-json\/wp\/v2\/types\/post"}],"author":[{"embeddable":true,"href":"https:\/\/www.aguarda.es\/en\/wp-json\/wp\/v2\/users\/2"}],"replies":[{"embeddable":true,"href":"https:\/\/www.aguarda.es\/en\/wp-json\/wp\/v2\/comments?post=10732"}],"version-history":[{"count":2,"href":"https:\/\/www.aguarda.es\/en\/wp-json\/wp\/v2\/posts\/10732\/revisions"}],"predecessor-version":[{"id":10734,"href":"https:\/\/www.aguarda.es\/en\/wp-json\/wp\/v2\/posts\/10732\/revisions\/10734"}],"wp:featuredmedia":[{"embeddable":true,"href":"https:\/\/www.aguarda.es\/en\/wp-json\/wp\/v2\/media\/8850"}],"wp:attachment":[{"href":"https:\/\/www.aguarda.es\/en\/wp-json\/wp\/v2\/media?parent=10732"}],"wp:term":[{"taxonomy":"category","embeddable":true,"href":"https:\/\/www.aguarda.es\/en\/wp-json\/wp\/v2\/categories?post=10732"},{"taxonomy":"post_tag","embeddable":true,"href":"https:\/\/www.aguarda.es\/en\/wp-json\/wp\/v2\/tags?post=10732"}],"curies":[{"name":"wp","href":"https:\/\/api.w.org\/{rel}","templated":true}]}}