{"id":10736,"date":"2017-10-20T07:53:18","date_gmt":"2017-10-20T07:53:18","guid":{"rendered":"https:\/\/www.aguarda.es\/?p=10736"},"modified":"2017-10-20T08:26:41","modified_gmt":"2017-10-20T08:26:41","slug":"proxecto-tactil-arte-ver-coas-mans-xa-pode-visitarse-no-centro-cultural","status":"publish","type":"post","link":"https:\/\/www.aguarda.es\/en\/proxecto-tactil-arte-ver-coas-mans-xa-pode-visitarse-no-centro-cultural\/","title":{"rendered":"\u00abProxecto t\u00e1ctil\u00bb: a arte para ver coas mans xa pode visitarse no Centro Cultural"},"content":{"rendered":"<p style=\"text-align: justify\"><em>A mostra, concibida especificamente para ser tocada, forma parte do programa de actividades do Ano do Patrimonio da Deputaci\u00f3n de Pontevedra e poder\u00e1 visitarse ata o vindeiro 4 de novembro.<\/em><\/p>\n<p style=\"text-align: justify\">Onte inaugurouse no Centro Cultural da Guarda a exposici\u00f3n \u2018Proxecto t\u00e1ctil\u2019, coa que a Deputaci\u00f3n de Pontevedra contrib\u00fae \u00e1 <strong>sensibilizaci\u00f3n sobre o dereito de acceso \u00e1 arte das persoas con dificultades visuais<\/strong>. Na apertura da exposici\u00f3n participaron o alcalde do Concello da Guarda, Antonio Lomba; a concelleira de Cultura, Elena Baz; o director do Centro de Recursos da ONCE en Pontevedra, Jos\u00e9 \u00c1ngel Abraldes; a decana da Facultade de Belas Artes de Pontevedra, Silvia Garc\u00eda; e o deputado de Cultura e Lingua, Xos\u00e9 Leal.<\/p>\n<p style=\"text-align: justify\">O rexedor local comezou o acto sinalando que \u201csempre foron os artistas a punta de lanza das revoluci\u00f3ns, que neste caso son unha punta de lanza para achegar a arte \u00e1s persoas con dificultades visuais\u201d. Unha idea na que tam\u00e9n incidiu o deputado de Cultura e Lingua, Xos\u00e9 Leal, asegurando que \u201ca xente do mundo da arte sempre foi a vangarda para achegarse \u00e1s diferentes realidades e rachar barreiras\u201d.<\/p>\n<div class=\"wpmf-gallerys\"><div id=\"gallery-1\" data-id=\"gallery-1\" data-gutterwidth=\"5\" \n class=\"gallery flexslider carousel wpmfflexslider gallery-link-file wpmf-has-border-radius-0 wpmf-gutterwidth-5 wpmf-gg-multiple-columns\" data-wpmfcolumns=\"3\" data-auto_animation=\"1\" data-border-width=\"0\" data-shadow=\"0\"><ul class=\"slides wpmf-slides\"><\/ul><\/div><\/div>\n<p style=\"text-align: justify\">Compre lembrar que <strong>\u2018Proxecto t\u00e1ctil\u2019 trata de salvar a prohibici\u00f3n de tocar as obras nos museos<\/strong>, o que impide que as persoas cegas poidan acceder \u00e1 arte, posto que perciben os obxectos da s\u00faa contorna a trav\u00e9s do tacto. Explicouno Jos\u00e9 \u00c1ngel Abraldes, indicando que \u201cn\u00f3s para ver as cousas temos que tocalas, por iso \u00e9 tan importante poder tocar obras de arte, porque habitualmente nos Museos non podemos\u201d. O director do Centro de Recursos da ONCE lembrou que neste proxecto \u201cparticipamos como formadores das artistas que crearon as pezas, ensin\u00e1ndolles como percibimos a nosa contorna as persoas con dificultades visuais, e como co\u00f1ecemos os materiais que se usan nas obras, pola s\u00faa textura e pola calor que nos transmiten\u201d.<\/p>\n<p style=\"text-align: justify\">Unha idea na que incidiu Silvia Garc\u00eda ao asegurar que \u201ctocar \u00e9 moi importante porque \u00e9 un sentido que nos est\u00e1 quedando esquecido\u201d. A decana de Belas Artes, que ademais \u00e9 a comisaria da mostra, afirmou que nun mundo \u201cno que manda o imperio do visual, porque cada vez temos m\u00e1is cousas a trav\u00e9s dunha pantalla,<strong> esquec\u00e9monos de que hai outras maneiras de co\u00f1ecer o mundo<\/strong>\u201d.<\/p>\n<p style=\"text-align: justify\">O deputado de Cultura e Lingua, Xos\u00e9 Leal, asegurou ademais que \u201ccon esta mostra e con esta experiencia o que pretendemos \u00e9 crear conciencia entre a xente do com\u00fan sobre a diversidade, para que todos e todas entendamos que a diversidade \u00e9 positiva\u201d. O deputado nacionalista anunciou que durante o tempo que permaneza na Guarda pasar\u00e1n todos os colexios do concello a visitala \u201cpara xerar masa cr\u00edtica entre os rapaces e as rapazas\u201d. Por \u00faltimo, Leal tam\u00e9n defendeu que \u201cas Administraci\u00f3ns debemos colaborar con outras instituci\u00f3ns, como neste caso a Facultade de Belas Artes, e co tecido asociativo, como a ONCE, para superar barreiras e procurar que a arte sexa m\u00e1is inclusiva\u201d.<\/p>\n<p style=\"text-align: justify\">Ao respecto do \u2018Proxecto T\u00e1ctil\u2019 tam\u00e9n indicou que \u201cnon queremos que sexa unha mostra espec\u00edfica para persoas con discapacidade, sen\u00f3n que sexa para todos e para todas, porque niso consiste \u00e1 inclusi\u00f3n&#8221; .<\/p>\n<h5 style=\"text-align: justify\">Sobre a exposici\u00f3n<\/h5>\n<p style=\"text-align: justify\">Unha decena de creadoras da Facultade de Belas Artes e da escola de moda ESDEMGA son as autoras de outras tantas obras que compo\u00f1en esta exposici\u00f3n, coa que se pretende explicar como \u2018ver\u2019 coas mans e que durante este ano visitar\u00e1 cinco emprazamentos da provincia de Pontevedra cun duplo obxectivo: o de permitir que as persoas con discapacidade visual accedan \u00e1 arte contempor\u00e1nea de xeito normalizado e o de concienciar ao conxunto da poboaci\u00f3n sobre as necesidades das persoas cegas. Para percorrer esta exposici\u00f3n conv\u00eddase \u00e1s e aos participantes a facer uso de antefaces para percibir as obras doutro xeito. Ao ter que \u2018ver\u2019 as obras sen facer uso do sentido da vista, p\u00f3dese experimentar a forma en que as persoas cegas perciben os obxectos.<\/p>\n<p style=\"text-align: justify\">\u201cProxecto T\u00e1ctil\u201d est\u00e1 comisariada pola decana da Facultade de Belas Artes, Silvia Garc\u00eda. Nesta ocasi\u00f3n, e a diferenza doutros proxectos cuxas pezas son creadas para ser tocadas, a comisaria elixiu obras que xa estaban realizadas pero que se adaptaban \u00e1 idea de \u201cser t\u00e1ctiles\u201d pola multiciplidade de texturas e materiais.<\/p>\n<p style=\"text-align: justify\">As\u00ed, as teas, os metais, os vimbios, as escaiolas e as madeiras son os materiais que destacan na confecci\u00f3n destas obras, cuxa autor\u00eda corresponde a Laura \u00c1lvarez, Andrea Dom\u00ednguez Torres, Mal\u00fa Feijoo, Alejandra Lago, Loaira Peres, Pilar Picas, Yolanda R\u00edos, Irene Romero, Anabel Santos Leites e Renata Sierra. A mostra foi presentada e exposta durante o mes de xu\u00f1o na sede da Vicerreitor\u00eda da Universidade de Vigo en Pontevedra, a Casa das Camp\u00e1s, e no \u00faltimo trimestre do ano percorrer\u00e1 os concellos de Caldas de Reis, A Guarda, O Porri\u00f1o, e Lal\u00edn da man da Deputaci\u00f3n de Pontevedra.<\/p>\n<p>A exposici\u00f3n estar\u00e1 aberta ao p\u00fablico ata o pr\u00f3ximo 4 de novembro no horario habitual do Centro Cultural, isto \u00e9, de 10 a 13 e de 17 a 20 horas de luns a venres, e os s\u00e1bados en horario de ma\u00f1\u00e1.<\/p>\n","protected":false},"excerpt":{"rendered":"<p>A mostra, concibida especificamente para ser tocada, forma parte do programa de actividades do Ano do Patrimonio da Deputaci\u00f3n de Pontevedra e poder\u00e1 visitarse ata o vindeiro 4 de novembro. Onte inaugurouse no Centro Cultural da Guarda a exposici\u00f3n \u2018Proxecto &hellip; <\/p>\n","protected":false},"author":2,"featured_media":10744,"comment_status":"open","ping_status":"open","sticky":false,"template":"","format":"standard","meta":[],"categories":[34],"tags":[476,274,387,615],"yoast_head":"<!-- This site is optimized with the Yoast SEO plugin v21.1 - https:\/\/yoast.com\/wordpress\/plugins\/seo\/ -->\n<title>\u00abProxecto t\u00e1ctil\u00bb: a arte para ver coas mans xa pode visitarse no Centro Cultural - Concello da Guarda<\/title>\n<meta name=\"robots\" content=\"index, follow, max-snippet:-1, max-image-preview:large, max-video-preview:-1\" \/>\n<link rel=\"canonical\" href=\"https:\/\/www.aguarda.es\/en\/proxecto-tactil-arte-ver-coas-mans-xa-pode-visitarse-no-centro-cultural\/\" \/>\n<meta property=\"og:locale\" content=\"en_US\" \/>\n<meta property=\"og:type\" content=\"article\" \/>\n<meta property=\"og:title\" content=\"\u00abProxecto t\u00e1ctil\u00bb: a arte para ver coas mans xa pode visitarse no Centro Cultural - Concello da Guarda\" \/>\n<meta property=\"og:description\" content=\"A mostra, concibida especificamente para ser tocada, forma parte do programa de actividades do Ano do Patrimonio da Deputaci\u00f3n de Pontevedra e poder\u00e1 visitarse ata o vindeiro 4 de novembro. Onte inaugurouse no Centro Cultural da Guarda a exposici\u00f3n \u2018Proxecto &hellip;\" \/>\n<meta property=\"og:url\" content=\"https:\/\/www.aguarda.es\/en\/proxecto-tactil-arte-ver-coas-mans-xa-pode-visitarse-no-centro-cultural\/\" \/>\n<meta property=\"og:site_name\" content=\"Concello da Guarda\" \/>\n<meta property=\"article:publisher\" content=\"https:\/\/www.facebook.com\/ConcellodaGuarda\" \/>\n<meta property=\"article:published_time\" content=\"2017-10-20T07:53:18+00:00\" \/>\n<meta property=\"article:modified_time\" content=\"2017-10-20T08:26:41+00:00\" \/>\n<meta property=\"og:image\" content=\"https:\/\/www.aguarda.es\/wp-content\/uploads\/2017\/10\/Proxecto-t\u00e1ctil3.jpg\" \/>\n\t<meta property=\"og:image:width\" content=\"700\" \/>\n\t<meta property=\"og:image:height\" content=\"467\" \/>\n\t<meta property=\"og:image:type\" content=\"image\/jpeg\" \/>\n<meta name=\"author\" content=\"prensa\" \/>\n<meta name=\"twitter:card\" content=\"summary_large_image\" \/>\n<meta name=\"twitter:creator\" content=\"@AGuarda_es\" \/>\n<meta name=\"twitter:site\" content=\"@AGuarda_es\" \/>\n<meta name=\"twitter:label1\" content=\"Written by\" \/>\n\t<meta name=\"twitter:data1\" content=\"prensa\" \/>\n\t<meta name=\"twitter:label2\" content=\"Est. reading time\" \/>\n\t<meta name=\"twitter:data2\" content=\"4 minutes\" \/>\n<script type=\"application\/ld+json\" class=\"yoast-schema-graph\">{\"@context\":\"https:\/\/schema.org\",\"@graph\":[{\"@type\":\"WebPage\",\"@id\":\"https:\/\/www.aguarda.es\/en\/proxecto-tactil-arte-ver-coas-mans-xa-pode-visitarse-no-centro-cultural\/\",\"url\":\"https:\/\/www.aguarda.es\/en\/proxecto-tactil-arte-ver-coas-mans-xa-pode-visitarse-no-centro-cultural\/\",\"name\":\"\u00abProxecto t\u00e1ctil\u00bb: a arte para ver coas mans xa pode visitarse no Centro Cultural - Concello da Guarda\",\"isPartOf\":{\"@id\":\"https:\/\/www.aguarda.es\/en\/#website\"},\"datePublished\":\"2017-10-20T07:53:18+00:00\",\"dateModified\":\"2017-10-20T08:26:41+00:00\",\"author\":{\"@id\":\"https:\/\/www.aguarda.es\/en\/#\/schema\/person\/c463ca3006858ffb349d11179d044f21\"},\"breadcrumb\":{\"@id\":\"https:\/\/www.aguarda.es\/en\/proxecto-tactil-arte-ver-coas-mans-xa-pode-visitarse-no-centro-cultural\/#breadcrumb\"},\"inLanguage\":\"en-US\",\"potentialAction\":[{\"@type\":\"ReadAction\",\"target\":[\"https:\/\/www.aguarda.es\/en\/proxecto-tactil-arte-ver-coas-mans-xa-pode-visitarse-no-centro-cultural\/\"]}]},{\"@type\":\"BreadcrumbList\",\"@id\":\"https:\/\/www.aguarda.es\/en\/proxecto-tactil-arte-ver-coas-mans-xa-pode-visitarse-no-centro-cultural\/#breadcrumb\",\"itemListElement\":[{\"@type\":\"ListItem\",\"position\":1,\"name\":\"Portada\",\"item\":\"https:\/\/www.aguarda.es\/en\/\"},{\"@type\":\"ListItem\",\"position\":2,\"name\":\"\u00abProxecto t\u00e1ctil\u00bb: a arte para ver coas mans xa pode visitarse no Centro Cultural\"}]},{\"@type\":\"WebSite\",\"@id\":\"https:\/\/www.aguarda.es\/en\/#website\",\"url\":\"https:\/\/www.aguarda.es\/en\/\",\"name\":\"Concello da Guarda\",\"description\":\"P\u00e1xina web do concello da Guarda\",\"potentialAction\":[{\"@type\":\"SearchAction\",\"target\":{\"@type\":\"EntryPoint\",\"urlTemplate\":\"https:\/\/www.aguarda.es\/en\/?s={search_term_string}\"},\"query-input\":\"required name=search_term_string\"}],\"inLanguage\":\"en-US\"},{\"@type\":\"Person\",\"@id\":\"https:\/\/www.aguarda.es\/en\/#\/schema\/person\/c463ca3006858ffb349d11179d044f21\",\"name\":\"prensa\",\"image\":{\"@type\":\"ImageObject\",\"inLanguage\":\"en-US\",\"@id\":\"https:\/\/www.aguarda.es\/en\/#\/schema\/person\/image\/\",\"url\":\"https:\/\/secure.gravatar.com\/avatar\/5f90ef536b0f98306edf5c7a1135ffa1?s=96&d=mm&r=g\",\"contentUrl\":\"https:\/\/secure.gravatar.com\/avatar\/5f90ef536b0f98306edf5c7a1135ffa1?s=96&d=mm&r=g\",\"caption\":\"prensa\"},\"url\":\"https:\/\/www.aguarda.es\/en\/author\/prensa\/\"}]}<\/script>\n<!-- \/ Yoast SEO plugin. -->","yoast_head_json":{"title":"\u00abProxecto t\u00e1ctil\u00bb: a arte para ver coas mans xa pode visitarse no Centro Cultural - Concello da Guarda","robots":{"index":"index","follow":"follow","max-snippet":"max-snippet:-1","max-image-preview":"max-image-preview:large","max-video-preview":"max-video-preview:-1"},"canonical":"https:\/\/www.aguarda.es\/en\/proxecto-tactil-arte-ver-coas-mans-xa-pode-visitarse-no-centro-cultural\/","og_locale":"en_US","og_type":"article","og_title":"\u00abProxecto t\u00e1ctil\u00bb: a arte para ver coas mans xa pode visitarse no Centro Cultural - Concello da Guarda","og_description":"A mostra, concibida especificamente para ser tocada, forma parte do programa de actividades do Ano do Patrimonio da Deputaci\u00f3n de Pontevedra e poder\u00e1 visitarse ata o vindeiro 4 de novembro. Onte inaugurouse no Centro Cultural da Guarda a exposici\u00f3n \u2018Proxecto &hellip;","og_url":"https:\/\/www.aguarda.es\/en\/proxecto-tactil-arte-ver-coas-mans-xa-pode-visitarse-no-centro-cultural\/","og_site_name":"Concello da Guarda","article_publisher":"https:\/\/www.facebook.com\/ConcellodaGuarda","article_published_time":"2017-10-20T07:53:18+00:00","article_modified_time":"2017-10-20T08:26:41+00:00","og_image":[{"width":700,"height":467,"url":"https:\/\/www.aguarda.es\/wp-content\/uploads\/2017\/10\/Proxecto-t\u00e1ctil3.jpg","type":"image\/jpeg"}],"author":"prensa","twitter_card":"summary_large_image","twitter_creator":"@AGuarda_es","twitter_site":"@AGuarda_es","twitter_misc":{"Written by":"prensa","Est. reading time":"4 minutes"},"schema":{"@context":"https:\/\/schema.org","@graph":[{"@type":"WebPage","@id":"https:\/\/www.aguarda.es\/en\/proxecto-tactil-arte-ver-coas-mans-xa-pode-visitarse-no-centro-cultural\/","url":"https:\/\/www.aguarda.es\/en\/proxecto-tactil-arte-ver-coas-mans-xa-pode-visitarse-no-centro-cultural\/","name":"\u00abProxecto t\u00e1ctil\u00bb: a arte para ver coas mans xa pode visitarse no Centro Cultural - Concello da Guarda","isPartOf":{"@id":"https:\/\/www.aguarda.es\/en\/#website"},"datePublished":"2017-10-20T07:53:18+00:00","dateModified":"2017-10-20T08:26:41+00:00","author":{"@id":"https:\/\/www.aguarda.es\/en\/#\/schema\/person\/c463ca3006858ffb349d11179d044f21"},"breadcrumb":{"@id":"https:\/\/www.aguarda.es\/en\/proxecto-tactil-arte-ver-coas-mans-xa-pode-visitarse-no-centro-cultural\/#breadcrumb"},"inLanguage":"en-US","potentialAction":[{"@type":"ReadAction","target":["https:\/\/www.aguarda.es\/en\/proxecto-tactil-arte-ver-coas-mans-xa-pode-visitarse-no-centro-cultural\/"]}]},{"@type":"BreadcrumbList","@id":"https:\/\/www.aguarda.es\/en\/proxecto-tactil-arte-ver-coas-mans-xa-pode-visitarse-no-centro-cultural\/#breadcrumb","itemListElement":[{"@type":"ListItem","position":1,"name":"Portada","item":"https:\/\/www.aguarda.es\/en\/"},{"@type":"ListItem","position":2,"name":"\u00abProxecto t\u00e1ctil\u00bb: a arte para ver coas mans xa pode visitarse no Centro Cultural"}]},{"@type":"WebSite","@id":"https:\/\/www.aguarda.es\/en\/#website","url":"https:\/\/www.aguarda.es\/en\/","name":"Concello da Guarda","description":"P\u00e1xina web do concello da Guarda","potentialAction":[{"@type":"SearchAction","target":{"@type":"EntryPoint","urlTemplate":"https:\/\/www.aguarda.es\/en\/?s={search_term_string}"},"query-input":"required name=search_term_string"}],"inLanguage":"en-US"},{"@type":"Person","@id":"https:\/\/www.aguarda.es\/en\/#\/schema\/person\/c463ca3006858ffb349d11179d044f21","name":"prensa","image":{"@type":"ImageObject","inLanguage":"en-US","@id":"https:\/\/www.aguarda.es\/en\/#\/schema\/person\/image\/","url":"https:\/\/secure.gravatar.com\/avatar\/5f90ef536b0f98306edf5c7a1135ffa1?s=96&d=mm&r=g","contentUrl":"https:\/\/secure.gravatar.com\/avatar\/5f90ef536b0f98306edf5c7a1135ffa1?s=96&d=mm&r=g","caption":"prensa"},"url":"https:\/\/www.aguarda.es\/en\/author\/prensa\/"}]}},"_links":{"self":[{"href":"https:\/\/www.aguarda.es\/en\/wp-json\/wp\/v2\/posts\/10736"}],"collection":[{"href":"https:\/\/www.aguarda.es\/en\/wp-json\/wp\/v2\/posts"}],"about":[{"href":"https:\/\/www.aguarda.es\/en\/wp-json\/wp\/v2\/types\/post"}],"author":[{"embeddable":true,"href":"https:\/\/www.aguarda.es\/en\/wp-json\/wp\/v2\/users\/2"}],"replies":[{"embeddable":true,"href":"https:\/\/www.aguarda.es\/en\/wp-json\/wp\/v2\/comments?post=10736"}],"version-history":[{"count":8,"href":"https:\/\/www.aguarda.es\/en\/wp-json\/wp\/v2\/posts\/10736\/revisions"}],"predecessor-version":[{"id":10751,"href":"https:\/\/www.aguarda.es\/en\/wp-json\/wp\/v2\/posts\/10736\/revisions\/10751"}],"wp:featuredmedia":[{"embeddable":true,"href":"https:\/\/www.aguarda.es\/en\/wp-json\/wp\/v2\/media\/10744"}],"wp:attachment":[{"href":"https:\/\/www.aguarda.es\/en\/wp-json\/wp\/v2\/media?parent=10736"}],"wp:term":[{"taxonomy":"category","embeddable":true,"href":"https:\/\/www.aguarda.es\/en\/wp-json\/wp\/v2\/categories?post=10736"},{"taxonomy":"post_tag","embeddable":true,"href":"https:\/\/www.aguarda.es\/en\/wp-json\/wp\/v2\/tags?post=10736"}],"curies":[{"name":"wp","href":"https:\/\/api.w.org\/{rel}","templated":true}]}}