{"id":10795,"date":"2017-10-25T09:53:33","date_gmt":"2017-10-25T09:53:33","guid":{"rendered":"https:\/\/www.aguarda.es\/?p=10795"},"modified":"2017-10-27T10:29:48","modified_gmt":"2017-10-27T10:29:48","slug":"ciclo-dialogos-educacion-comeza-este-venres-cun-faladoiro-educacion-consciente","status":"publish","type":"post","link":"https:\/\/www.aguarda.es\/en\/ciclo-dialogos-educacion-comeza-este-venres-cun-faladoiro-educacion-consciente\/","title":{"rendered":"O ciclo \u00abDi\u00e1logos en Educaci\u00f3n\u00bb comeza este venres cun faladoiro sobre \u00abeducaci\u00f3n consciente\u00bb"},"content":{"rendered":"<p style=\"text-align: justify\">A psic\u00f3loga e traballadora do centro San Xerome Emiliani, Joana L. Pereira, ser\u00e1 a encargada de dar comezo a esta terceira edici\u00f3n de \u00abDi\u00e1logos en Educaci\u00f3n\u00bb, un ciclo de charlas no que se <strong>promover\u00e1n o debate e a reflexi\u00f3n<\/strong> sobre diferentes temas de actualidade no \u00e1mbito educativo. Esta pretende ser unha actividade aberta ao p\u00fablico e participativa, de interese para persoas de diferentes perf\u00eds, m\u00e1is al\u00e1 da profesi\u00f3n docente.<\/p>\n<p style=\"text-align: justify\">Profesionais do mundo da pedagox\u00eda e a psicolox\u00eda guiar\u00e1n os catro faladoiros que compo\u00f1en a programaci\u00f3n do ciclo deste outono.<\/p>\n<p style=\"text-align: justify\">\u00ab<strong>Educaci\u00f3n consciente, baseada en \u2018mindfulness\u2019<\/strong>\u00bb \u00e9 o t\u00edtulo deste primeiro faladoiro, que se celebrar\u00e1 na Casa dos Alonso a partir das 20:30 horas. Neste sentido, evidencias cient\u00edficas suxiren que a aprendizaxe, a atenci\u00f3n e a memoria est\u00e1n profundamente influ\u00eddos polas emoci\u00f3ns, de xeito que se estamos bloqueados emocionalmente, debido a m\u00faltiples causas, \u00e9 moi dif\u00edcil aprender. En cambio, se algo nos apaixoa, a aprendizaxe fl\u00fae sen que nos decatemos<strong>. <\/strong><i>Mindfulness<\/i> para nenos e nenas responde \u00e1 necesidade para encontrar espazos de tranquilidade, tanto f\u00edsica coma mental, entre as horas dedicadas ao colexio, as actividades extraescolares, as tarefas, as celebraci\u00f3ns\u2026 base\u00e1ndose en t\u00e9cnicas de relaxaci\u00f3n e de meditaci\u00f3n.<\/p>\n<h5 style=\"text-align: justify\">Programaci\u00f3n e tem\u00e1ticas<\/h5>\n<p style=\"text-align: justify\">A orde de celebraci\u00f3n das charlas anunciadas inicialmente durante a <a href=\"https:\/\/www.aguarda.es\/ciclo-dialogos-educacion-retorna-este-outono-catro-novos-faladoiros-na-casa-dos-alonso\/\">presentaci\u00f3n do evento<\/a>, o pasado 3 de outubro, tivo que ser modificada por cuesti\u00f3ns de axenda. As\u00ed as cousas, a segunda charla, co t\u00edtulo \u00ab<strong>O multiculturalismo nas aulas<\/strong>, problema ou oportunidade\u00bb celebrarase o venres 10 de novembro contando coa participaci\u00f3n do profesor da UDC no departamento de Pedagox\u00eda e Did\u00e1cticas, Ju\u00e1n Jos\u00e9 Bueno.<\/p>\n<p style=\"text-align: justify\">O profesor da UDC no departamento de Pedagox\u00eda e Did\u00e1cticas, Javier F. Rouco, participar\u00e1 no terceiro faladoiro, que xirar\u00e1 en torno \u00e1 \u00ab<strong>Filosof\u00eda para\/con a infancia<\/strong>\u00bb, namentres a derradeira entrega deste outono ser\u00e1 o 1 de decembro e estar\u00e1 dirixida polo catedr\u00e1tico da UDC no departamento de Pedagox\u00eda e Did\u00e1cticas, Jurjo Torres. Este versar\u00e1 sobre as \u00ab<strong>Pol\u00edticas educativas e as influencias neoliberais<\/strong>\u00bb, realizando tam\u00e9n unha an\u00e1lise sobre o futuro da educaci\u00f3n.<\/p>\n<p style=\"text-align: justify\">Todos os encontros ser\u00e1n na Casa dos Alonso \u00e1s 20:30 horas, sen l\u00edmite de aforo e sen necesidade de inscrici\u00f3n previa.<\/p>\n<p><img decoding=\"async\" loading=\"lazy\" class=\"aligncenter wp-image-10796 size-full\" src=\"https:\/\/www.aguarda.es\/wp-content\/uploads\/2017\/10\/Di\u00e1logos1.png?_t=1508925171\" alt=\"\" width=\"495\" height=\"700\" srcset=\"https:\/\/www.aguarda.es\/wp-content\/uploads\/2017\/10\/Di\u00e1logos1.png 495w, https:\/\/www.aguarda.es\/wp-content\/uploads\/2017\/10\/Di\u00e1logos1-212x300.png 212w\" sizes=\"(max-width: 495px) 100vw, 495px\" \/><\/p>\n","protected":false},"excerpt":{"rendered":"<p>A psic\u00f3loga e traballadora do centro San Xerome Emiliani, Joana L. Pereira, ser\u00e1 a encargada de dar comezo a esta terceira edici\u00f3n de \u00abDi\u00e1logos en Educaci\u00f3n\u00bb, un ciclo de charlas no que se promover\u00e1n o debate e a reflexi\u00f3n sobre &hellip; <\/p>\n","protected":false},"author":2,"featured_media":10568,"comment_status":"open","ping_status":"open","sticky":false,"template":"","format":"standard","meta":[],"categories":[34],"tags":[423,588],"yoast_head":"<!-- This site is optimized with the Yoast SEO plugin v21.1 - https:\/\/yoast.com\/wordpress\/plugins\/seo\/ -->\n<title>O ciclo \u00abDi\u00e1logos en Educaci\u00f3n\u00bb comeza este venres cun faladoiro sobre \u00abeducaci\u00f3n consciente\u00bb - Concello da Guarda<\/title>\n<meta name=\"robots\" content=\"index, follow, max-snippet:-1, max-image-preview:large, max-video-preview:-1\" \/>\n<link rel=\"canonical\" href=\"https:\/\/www.aguarda.es\/en\/ciclo-dialogos-educacion-comeza-este-venres-cun-faladoiro-educacion-consciente\/\" \/>\n<meta property=\"og:locale\" content=\"en_US\" \/>\n<meta property=\"og:type\" content=\"article\" \/>\n<meta property=\"og:title\" content=\"O ciclo \u00abDi\u00e1logos en Educaci\u00f3n\u00bb comeza este venres cun faladoiro sobre \u00abeducaci\u00f3n consciente\u00bb - Concello da Guarda\" \/>\n<meta property=\"og:description\" content=\"A psic\u00f3loga e traballadora do centro San Xerome Emiliani, Joana L. Pereira, ser\u00e1 a encargada de dar comezo a esta terceira edici\u00f3n de \u00abDi\u00e1logos en Educaci\u00f3n\u00bb, un ciclo de charlas no que se promover\u00e1n o debate e a reflexi\u00f3n sobre &hellip;\" \/>\n<meta property=\"og:url\" content=\"https:\/\/www.aguarda.es\/en\/ciclo-dialogos-educacion-comeza-este-venres-cun-faladoiro-educacion-consciente\/\" \/>\n<meta property=\"og:site_name\" content=\"Concello da Guarda\" \/>\n<meta property=\"article:publisher\" content=\"https:\/\/www.facebook.com\/ConcellodaGuarda\" \/>\n<meta property=\"article:published_time\" content=\"2017-10-25T09:53:33+00:00\" \/>\n<meta property=\"article:modified_time\" content=\"2017-10-27T10:29:48+00:00\" \/>\n<meta property=\"og:image\" content=\"https:\/\/www.aguarda.es\/wp-content\/uploads\/2017\/10\/Di\u00e1logos-en-Educaci\u00f3n2.jpg\" \/>\n\t<meta property=\"og:image:width\" content=\"495\" \/>\n\t<meta property=\"og:image:height\" content=\"370\" \/>\n\t<meta property=\"og:image:type\" content=\"image\/jpeg\" \/>\n<meta name=\"author\" content=\"prensa\" \/>\n<meta name=\"twitter:card\" content=\"summary_large_image\" \/>\n<meta name=\"twitter:creator\" content=\"@AGuarda_es\" \/>\n<meta name=\"twitter:site\" content=\"@AGuarda_es\" \/>\n<meta name=\"twitter:label1\" content=\"Written by\" \/>\n\t<meta name=\"twitter:data1\" content=\"prensa\" \/>\n\t<meta name=\"twitter:label2\" content=\"Est. reading time\" \/>\n\t<meta name=\"twitter:data2\" content=\"2 minutes\" \/>\n<script type=\"application\/ld+json\" class=\"yoast-schema-graph\">{\"@context\":\"https:\/\/schema.org\",\"@graph\":[{\"@type\":\"WebPage\",\"@id\":\"https:\/\/www.aguarda.es\/en\/ciclo-dialogos-educacion-comeza-este-venres-cun-faladoiro-educacion-consciente\/\",\"url\":\"https:\/\/www.aguarda.es\/en\/ciclo-dialogos-educacion-comeza-este-venres-cun-faladoiro-educacion-consciente\/\",\"name\":\"O ciclo \u00abDi\u00e1logos en Educaci\u00f3n\u00bb comeza este venres cun faladoiro sobre \u00abeducaci\u00f3n consciente\u00bb - Concello da Guarda\",\"isPartOf\":{\"@id\":\"https:\/\/www.aguarda.es\/en\/#website\"},\"datePublished\":\"2017-10-25T09:53:33+00:00\",\"dateModified\":\"2017-10-27T10:29:48+00:00\",\"author\":{\"@id\":\"https:\/\/www.aguarda.es\/en\/#\/schema\/person\/c463ca3006858ffb349d11179d044f21\"},\"breadcrumb\":{\"@id\":\"https:\/\/www.aguarda.es\/en\/ciclo-dialogos-educacion-comeza-este-venres-cun-faladoiro-educacion-consciente\/#breadcrumb\"},\"inLanguage\":\"en-US\",\"potentialAction\":[{\"@type\":\"ReadAction\",\"target\":[\"https:\/\/www.aguarda.es\/en\/ciclo-dialogos-educacion-comeza-este-venres-cun-faladoiro-educacion-consciente\/\"]}]},{\"@type\":\"BreadcrumbList\",\"@id\":\"https:\/\/www.aguarda.es\/en\/ciclo-dialogos-educacion-comeza-este-venres-cun-faladoiro-educacion-consciente\/#breadcrumb\",\"itemListElement\":[{\"@type\":\"ListItem\",\"position\":1,\"name\":\"Portada\",\"item\":\"https:\/\/www.aguarda.es\/en\/\"},{\"@type\":\"ListItem\",\"position\":2,\"name\":\"O ciclo \u00abDi\u00e1logos en Educaci\u00f3n\u00bb comeza este venres cun faladoiro sobre \u00abeducaci\u00f3n consciente\u00bb\"}]},{\"@type\":\"WebSite\",\"@id\":\"https:\/\/www.aguarda.es\/en\/#website\",\"url\":\"https:\/\/www.aguarda.es\/en\/\",\"name\":\"Concello da Guarda\",\"description\":\"P\u00e1xina web do concello da Guarda\",\"potentialAction\":[{\"@type\":\"SearchAction\",\"target\":{\"@type\":\"EntryPoint\",\"urlTemplate\":\"https:\/\/www.aguarda.es\/en\/?s={search_term_string}\"},\"query-input\":\"required name=search_term_string\"}],\"inLanguage\":\"en-US\"},{\"@type\":\"Person\",\"@id\":\"https:\/\/www.aguarda.es\/en\/#\/schema\/person\/c463ca3006858ffb349d11179d044f21\",\"name\":\"prensa\",\"image\":{\"@type\":\"ImageObject\",\"inLanguage\":\"en-US\",\"@id\":\"https:\/\/www.aguarda.es\/en\/#\/schema\/person\/image\/\",\"url\":\"https:\/\/secure.gravatar.com\/avatar\/5f90ef536b0f98306edf5c7a1135ffa1?s=96&d=mm&r=g\",\"contentUrl\":\"https:\/\/secure.gravatar.com\/avatar\/5f90ef536b0f98306edf5c7a1135ffa1?s=96&d=mm&r=g\",\"caption\":\"prensa\"},\"url\":\"https:\/\/www.aguarda.es\/en\/author\/prensa\/\"}]}<\/script>\n<!-- \/ Yoast SEO plugin. -->","yoast_head_json":{"title":"O ciclo \u00abDi\u00e1logos en Educaci\u00f3n\u00bb comeza este venres cun faladoiro sobre \u00abeducaci\u00f3n consciente\u00bb - Concello da Guarda","robots":{"index":"index","follow":"follow","max-snippet":"max-snippet:-1","max-image-preview":"max-image-preview:large","max-video-preview":"max-video-preview:-1"},"canonical":"https:\/\/www.aguarda.es\/en\/ciclo-dialogos-educacion-comeza-este-venres-cun-faladoiro-educacion-consciente\/","og_locale":"en_US","og_type":"article","og_title":"O ciclo \u00abDi\u00e1logos en Educaci\u00f3n\u00bb comeza este venres cun faladoiro sobre \u00abeducaci\u00f3n consciente\u00bb - Concello da Guarda","og_description":"A psic\u00f3loga e traballadora do centro San Xerome Emiliani, Joana L. Pereira, ser\u00e1 a encargada de dar comezo a esta terceira edici\u00f3n de \u00abDi\u00e1logos en Educaci\u00f3n\u00bb, un ciclo de charlas no que se promover\u00e1n o debate e a reflexi\u00f3n sobre &hellip;","og_url":"https:\/\/www.aguarda.es\/en\/ciclo-dialogos-educacion-comeza-este-venres-cun-faladoiro-educacion-consciente\/","og_site_name":"Concello da Guarda","article_publisher":"https:\/\/www.facebook.com\/ConcellodaGuarda","article_published_time":"2017-10-25T09:53:33+00:00","article_modified_time":"2017-10-27T10:29:48+00:00","og_image":[{"width":495,"height":370,"url":"https:\/\/www.aguarda.es\/wp-content\/uploads\/2017\/10\/Di\u00e1logos-en-Educaci\u00f3n2.jpg","type":"image\/jpeg"}],"author":"prensa","twitter_card":"summary_large_image","twitter_creator":"@AGuarda_es","twitter_site":"@AGuarda_es","twitter_misc":{"Written by":"prensa","Est. reading time":"2 minutes"},"schema":{"@context":"https:\/\/schema.org","@graph":[{"@type":"WebPage","@id":"https:\/\/www.aguarda.es\/en\/ciclo-dialogos-educacion-comeza-este-venres-cun-faladoiro-educacion-consciente\/","url":"https:\/\/www.aguarda.es\/en\/ciclo-dialogos-educacion-comeza-este-venres-cun-faladoiro-educacion-consciente\/","name":"O ciclo \u00abDi\u00e1logos en Educaci\u00f3n\u00bb comeza este venres cun faladoiro sobre \u00abeducaci\u00f3n consciente\u00bb - Concello da Guarda","isPartOf":{"@id":"https:\/\/www.aguarda.es\/en\/#website"},"datePublished":"2017-10-25T09:53:33+00:00","dateModified":"2017-10-27T10:29:48+00:00","author":{"@id":"https:\/\/www.aguarda.es\/en\/#\/schema\/person\/c463ca3006858ffb349d11179d044f21"},"breadcrumb":{"@id":"https:\/\/www.aguarda.es\/en\/ciclo-dialogos-educacion-comeza-este-venres-cun-faladoiro-educacion-consciente\/#breadcrumb"},"inLanguage":"en-US","potentialAction":[{"@type":"ReadAction","target":["https:\/\/www.aguarda.es\/en\/ciclo-dialogos-educacion-comeza-este-venres-cun-faladoiro-educacion-consciente\/"]}]},{"@type":"BreadcrumbList","@id":"https:\/\/www.aguarda.es\/en\/ciclo-dialogos-educacion-comeza-este-venres-cun-faladoiro-educacion-consciente\/#breadcrumb","itemListElement":[{"@type":"ListItem","position":1,"name":"Portada","item":"https:\/\/www.aguarda.es\/en\/"},{"@type":"ListItem","position":2,"name":"O ciclo \u00abDi\u00e1logos en Educaci\u00f3n\u00bb comeza este venres cun faladoiro sobre \u00abeducaci\u00f3n consciente\u00bb"}]},{"@type":"WebSite","@id":"https:\/\/www.aguarda.es\/en\/#website","url":"https:\/\/www.aguarda.es\/en\/","name":"Concello da Guarda","description":"P\u00e1xina web do concello da Guarda","potentialAction":[{"@type":"SearchAction","target":{"@type":"EntryPoint","urlTemplate":"https:\/\/www.aguarda.es\/en\/?s={search_term_string}"},"query-input":"required name=search_term_string"}],"inLanguage":"en-US"},{"@type":"Person","@id":"https:\/\/www.aguarda.es\/en\/#\/schema\/person\/c463ca3006858ffb349d11179d044f21","name":"prensa","image":{"@type":"ImageObject","inLanguage":"en-US","@id":"https:\/\/www.aguarda.es\/en\/#\/schema\/person\/image\/","url":"https:\/\/secure.gravatar.com\/avatar\/5f90ef536b0f98306edf5c7a1135ffa1?s=96&d=mm&r=g","contentUrl":"https:\/\/secure.gravatar.com\/avatar\/5f90ef536b0f98306edf5c7a1135ffa1?s=96&d=mm&r=g","caption":"prensa"},"url":"https:\/\/www.aguarda.es\/en\/author\/prensa\/"}]}},"_links":{"self":[{"href":"https:\/\/www.aguarda.es\/en\/wp-json\/wp\/v2\/posts\/10795"}],"collection":[{"href":"https:\/\/www.aguarda.es\/en\/wp-json\/wp\/v2\/posts"}],"about":[{"href":"https:\/\/www.aguarda.es\/en\/wp-json\/wp\/v2\/types\/post"}],"author":[{"embeddable":true,"href":"https:\/\/www.aguarda.es\/en\/wp-json\/wp\/v2\/users\/2"}],"replies":[{"embeddable":true,"href":"https:\/\/www.aguarda.es\/en\/wp-json\/wp\/v2\/comments?post=10795"}],"version-history":[{"count":7,"href":"https:\/\/www.aguarda.es\/en\/wp-json\/wp\/v2\/posts\/10795\/revisions"}],"predecessor-version":[{"id":10816,"href":"https:\/\/www.aguarda.es\/en\/wp-json\/wp\/v2\/posts\/10795\/revisions\/10816"}],"wp:featuredmedia":[{"embeddable":true,"href":"https:\/\/www.aguarda.es\/en\/wp-json\/wp\/v2\/media\/10568"}],"wp:attachment":[{"href":"https:\/\/www.aguarda.es\/en\/wp-json\/wp\/v2\/media?parent=10795"}],"wp:term":[{"taxonomy":"category","embeddable":true,"href":"https:\/\/www.aguarda.es\/en\/wp-json\/wp\/v2\/categories?post=10795"},{"taxonomy":"post_tag","embeddable":true,"href":"https:\/\/www.aguarda.es\/en\/wp-json\/wp\/v2\/tags?post=10795"}],"curies":[{"name":"wp","href":"https:\/\/api.w.org\/{rel}","templated":true}]}}