{"id":10819,"date":"2017-10-27T10:54:02","date_gmt":"2017-10-27T10:54:02","guid":{"rendered":"https:\/\/www.aguarda.es\/?p=10819"},"modified":"2017-10-27T11:29:36","modified_gmt":"2017-10-27T11:29:36","slug":"outubro-remata-na-guarda-cunha-ampla-variada-programacion-cultural-ludica","status":"publish","type":"post","link":"https:\/\/www.aguarda.es\/en\/outubro-remata-na-guarda-cunha-ampla-variada-programacion-cultural-ludica\/","title":{"rendered":"Outubro remata na Guarda cunha ampla e variada programaci\u00f3n cultural e l\u00fadica"},"content":{"rendered":"<p style=\"text-align: justify\">A programaci\u00f3n cultural e l\u00fadica de cara \u00e1 fin de semana comeza esta mesma tarde na Casa dos Alonso, onde a\u00a0psic\u00f3loga e traballadora do centro San Xerome Emiliani, Joana L. Pereira, ser\u00e1 a encargada de dar comezo \u00e1 terceira edici\u00f3n do ciclo de charlas<b>\u00a0 \u00abDi\u00e1logos en Educaci\u00f3n\u00bb,<\/b> unha actividade aberta ao p\u00fablico e participativa, de interese para persoas de diferentes perf\u00eds. O faladoiro, titulado <a href=\"https:\/\/www.aguarda.es\/ciclo-dialogos-educacion-comeza-este-venres-cun-faladoiro-educacion-consciente\/\">\u00abEducaci\u00f3n consciente, baseada en \u2018mindfulness\u2019\u00bb<\/a> celebrarase a partir das 20:30 horas.<\/p>\n<p style=\"text-align: justify\">A promoci\u00f3n da sa\u00fade f\u00edsica e mental das mulleres, pola s\u00faa parte, ser\u00e1 a tem\u00e1tica do ciclo de charlas <b>\u00abCoidate, muller!\u00bb<\/b>, organizada pola Asociaci\u00f3n de Mulleres Progresistas da Guarda e que arrinca tam\u00e9n hoxe co faladoiro <b>\u00abO exercicio f\u00edsico e a prevenci\u00f3n de lesi\u00f3ns musculares\u00bb.<\/b> A licenciada en Ciencias da Actividade F\u00edsica e do Deporte, Ana Gonz\u00e1lez Portela, ser\u00e1 a encargada de dirixir este primeiro encontro, que se celebrar\u00e1 no Centro Cultural da Guarda a partir das 20:00 horas.<\/p>\n<p style=\"text-align: justify\">Ma\u00f1\u00e1, a lectura e o audiovisual ser\u00e1n as protagonistas da xornada. Para os cativos e cativas, a Biblioteca Municipal organiza unha sesi\u00f3n especial da actividade <b>\u00abContos contados\u00bb<\/b> dedicada ao Sama\u00edn, a partir das 11:30 horas. As\u00ed, <b>\u00ab<\/b>Andr\u00e9s cabeza abaixo<b>\u00bb<\/b> ser\u00e1 a lectura do d\u00eda e, deseguido, os participantes poder\u00e1n elaborar un \u2018marcap\u00e1xinas terror\u00edfico\u2019 no obradoiro de manualidades.\u00a0 Ademais, ata o pr\u00f3ximo 7 de novembro celebraranse as <a href=\"https:\/\/www.aguarda.es\/biblioteca-municipal-organiza-duas-novas-actividades-celebrar-dia-da-biblioteca\/\">xornadas tituladas \u00abBiblioteca solidaria\u00bb<\/a><b>,<\/b> nas que aquelas persoas que se acheguen ao espazo de ocio e lectura municipal\u00a0poder\u00e1n escoller un libro descatalogado a cambio de aportar unha unidade de alimentos\u00a0non perecedoiros.<\/p>\n<div class=\"wpmf-gallerys\"><div id=\"gallery-1\" data-id=\"gallery-1\" data-gutterwidth=\"5\" \n class=\"gallery flexslider carousel wpmfflexslider gallery-link-file wpmf-has-border-radius-0 wpmf-gutterwidth-5 wpmf-gg-multiple-columns\" data-wpmfcolumns=\"3\" data-auto_animation=\"1\" data-border-width=\"0\" data-shadow=\"0\"><ul class=\"slides wpmf-slides\"><\/ul><\/div><\/div>\n<p style=\"text-align: justify\">Por outra parte, a segunda edici\u00f3n do <b>\u00abCiclo Camposancos de Cine\u00bb <\/b>retornar\u00e1 este s\u00e1bado \u00e1 parroquia guardesa. A partir das 20:30 horas ter\u00e1 lugar na Casa Cultural da Comunidade de Montes de Camposancos, organizadora do evento, o encontro\u00a0 titulado <b>\u00abT\u00f3dolos segredos de \u2018Era Visto!\u2019. Unha serie da TVG distinta, nun mercado cambiante\u00bb<\/b> no que participar\u00e1 o coordinador creativo da TVG e post-productor da serie, Daniel Gonz\u00e1lez.<\/p>\n<p style=\"text-align: left\"><b>Celebrando o Sama\u00edn<\/b><\/p>\n<p style=\"text-align: justify\">A xornada do martes, previo \u00e1 celebraci\u00f3n do D\u00eda de Todos os Santos, estar\u00e1 caracterizada pola tem\u00e1tica do medo. Nesta li\u00f1a, os comerciantes do Mercado do Relo organizan unha serie de actividades dirixidas a todos os p\u00fablicos, comezando\u00a0 \u00e1s 17:30 horas con <b>\u00abObradoiros de Sama\u00edn\u00bb\u00a0 <\/b>na r\u00faa Pac\u00edfico Rodr\u00edguez.\u00a0 As 19:00 horas, o grupo Perseide ofrecer\u00e1 un concerto no local Kanella\u2019s Caf\u00e9 e, xa pasada a media noite, a celebraci\u00f3n continuar\u00e1 coa actuaci\u00f3n de Punkiereteiras no local As Pozas Disco-Tasca, onde tam\u00e9n se realizar\u00e1 unha <i>queimada<\/i>.<\/p>\n<p style=\"text-align: justify\">A programaci\u00f3n compl\u00e9tase coa celebraci\u00f3n dunha <b>\u00abAndaina Nocturna do Terror\u00bb<\/b>, que dar\u00e1 comezo \u00e1s 21:00 horas dende a r\u00faa Pac\u00edfico Rodr\u00edguez e rematar\u00e1 preto das 00:30 horas no mesmo punto, cunha chocolatada con churros de balde para os cami\u00f1antes. Para participar na actividade \u00e9 preciso inscribirse previamente, chamando aos tel\u00e9fonos 986 611 601 ou 647 368 933.<\/p>\n<p style=\"text-align: justify\">A Casa Cultural da Comunidade de Montes de Camposancos tam\u00e9n acoller\u00e1 unha\u00a0 <b>\u00abFesta de Sama\u00edn\u00bb<\/b>, que comezar\u00e1 \u00e1s 17:00 horas cun obradoiro de cabazas e continuar\u00e1 cunha merendola e un obradoiro de maquillaxe. Deseguido, a celebraci\u00f3n na parroquia guardesa tam\u00e9n rematar\u00e1 cunha <b>\u00abAndaina terror\u00edfica\u00bb<\/b>polas r\u00faas de Camposancos.<\/p>\n<p style=\"text-align: justify\">A asociaci\u00f3n de empresarios AGUDE, pola s\u00faa parte, xa encheu os escaparates das tendas e as r\u00faas de meigas, que permanecer\u00e1n entre n\u00f3s ata o pr\u00f3ximo 1 de novembro.<\/p>\n<div class=\"wpmf-gallerys\"><div id=\"gallery-2\" data-id=\"gallery-2\" data-gutterwidth=\"5\" \n class=\"gallery flexslider carousel wpmfflexslider gallery-link-file wpmf-has-border-radius-0 wpmf-gutterwidth-5 wpmf-gg-multiple-columns\" data-wpmfcolumns=\"2\" data-auto_animation=\"1\" data-border-width=\"0\" data-shadow=\"0\"><ul class=\"slides wpmf-slides\"><\/ul><\/div><\/div>\n<p style=\"text-align: justify\">Lembrade, ademais, que a <a href=\"https:\/\/www.aguarda.es\/proxecto-tactil-arte-ver-coas-mans-xa-pode-visitarse-no-centro-cultural\/\">exposici\u00f3n\u00a0\u00abProxecto t\u00e1ctil\u00bb<\/a> p\u00f3dese visitar no Centro Cultural ata o pr\u00f3ximo 4 de novembro. A mostra ofrece a posibilidade de achegarse ao arte dun xeito diferente e moi atrativo para o p\u00fablico tanto infantil coma adulto, pois prop\u00f3n facer uso \u00fanicamente do sentido do tacto en detrimento do visual e gozar das texturas e as formas unicamente coas mans.<\/p>\n","protected":false},"excerpt":{"rendered":"<p>A programaci\u00f3n cultural e l\u00fadica de cara \u00e1 fin de semana comeza esta mesma tarde na Casa dos Alonso, onde a\u00a0psic\u00f3loga e traballadora do centro San Xerome Emiliani, Joana L. Pereira, ser\u00e1 a encargada de dar comezo \u00e1 terceira edici\u00f3n &hellip; <\/p>\n","protected":false},"author":2,"featured_media":10830,"comment_status":"open","ping_status":"open","sticky":false,"template":"","format":"standard","meta":[],"categories":[34],"tags":[531,423,476,633,588,634,369,628],"yoast_head":"<!-- This site is optimized with the Yoast SEO plugin v21.1 - https:\/\/yoast.com\/wordpress\/plugins\/seo\/ -->\n<title>Outubro remata na Guarda cunha ampla e variada programaci\u00f3n cultural e l\u00fadica - Concello da Guarda<\/title>\n<meta name=\"robots\" content=\"index, follow, max-snippet:-1, max-image-preview:large, max-video-preview:-1\" \/>\n<link rel=\"canonical\" href=\"https:\/\/www.aguarda.es\/en\/outubro-remata-na-guarda-cunha-ampla-variada-programacion-cultural-ludica\/\" \/>\n<meta property=\"og:locale\" content=\"en_US\" \/>\n<meta property=\"og:type\" content=\"article\" \/>\n<meta property=\"og:title\" content=\"Outubro remata na Guarda cunha ampla e variada programaci\u00f3n cultural e l\u00fadica - Concello da Guarda\" \/>\n<meta property=\"og:description\" content=\"A programaci\u00f3n cultural e l\u00fadica de cara \u00e1 fin de semana comeza esta mesma tarde na Casa dos Alonso, onde a\u00a0psic\u00f3loga e traballadora do centro San Xerome Emiliani, Joana L. Pereira, ser\u00e1 a encargada de dar comezo \u00e1 terceira edici\u00f3n &hellip;\" \/>\n<meta property=\"og:url\" content=\"https:\/\/www.aguarda.es\/en\/outubro-remata-na-guarda-cunha-ampla-variada-programacion-cultural-ludica\/\" \/>\n<meta property=\"og:site_name\" content=\"Concello da Guarda\" \/>\n<meta property=\"article:publisher\" content=\"https:\/\/www.facebook.com\/ConcellodaGuarda\" \/>\n<meta property=\"article:published_time\" content=\"2017-10-27T10:54:02+00:00\" \/>\n<meta property=\"article:modified_time\" content=\"2017-10-27T11:29:36+00:00\" \/>\n<meta property=\"og:image\" content=\"https:\/\/www.aguarda.es\/wp-content\/uploads\/2017\/10\/PORTADA_opt.png\" \/>\n\t<meta property=\"og:image:width\" content=\"600\" \/>\n\t<meta property=\"og:image:height\" content=\"301\" \/>\n\t<meta property=\"og:image:type\" content=\"image\/png\" \/>\n<meta name=\"author\" content=\"prensa\" \/>\n<meta name=\"twitter:card\" content=\"summary_large_image\" \/>\n<meta name=\"twitter:creator\" content=\"@AGuarda_es\" \/>\n<meta name=\"twitter:site\" content=\"@AGuarda_es\" \/>\n<meta name=\"twitter:label1\" content=\"Written by\" \/>\n\t<meta name=\"twitter:data1\" content=\"prensa\" \/>\n\t<meta name=\"twitter:label2\" content=\"Est. reading time\" \/>\n\t<meta name=\"twitter:data2\" content=\"3 minutes\" \/>\n<script type=\"application\/ld+json\" class=\"yoast-schema-graph\">{\"@context\":\"https:\/\/schema.org\",\"@graph\":[{\"@type\":\"WebPage\",\"@id\":\"https:\/\/www.aguarda.es\/en\/outubro-remata-na-guarda-cunha-ampla-variada-programacion-cultural-ludica\/\",\"url\":\"https:\/\/www.aguarda.es\/en\/outubro-remata-na-guarda-cunha-ampla-variada-programacion-cultural-ludica\/\",\"name\":\"Outubro remata na Guarda cunha ampla e variada programaci\u00f3n cultural e l\u00fadica - Concello da Guarda\",\"isPartOf\":{\"@id\":\"https:\/\/www.aguarda.es\/en\/#website\"},\"datePublished\":\"2017-10-27T10:54:02+00:00\",\"dateModified\":\"2017-10-27T11:29:36+00:00\",\"author\":{\"@id\":\"https:\/\/www.aguarda.es\/en\/#\/schema\/person\/c463ca3006858ffb349d11179d044f21\"},\"breadcrumb\":{\"@id\":\"https:\/\/www.aguarda.es\/en\/outubro-remata-na-guarda-cunha-ampla-variada-programacion-cultural-ludica\/#breadcrumb\"},\"inLanguage\":\"en-US\",\"potentialAction\":[{\"@type\":\"ReadAction\",\"target\":[\"https:\/\/www.aguarda.es\/en\/outubro-remata-na-guarda-cunha-ampla-variada-programacion-cultural-ludica\/\"]}]},{\"@type\":\"BreadcrumbList\",\"@id\":\"https:\/\/www.aguarda.es\/en\/outubro-remata-na-guarda-cunha-ampla-variada-programacion-cultural-ludica\/#breadcrumb\",\"itemListElement\":[{\"@type\":\"ListItem\",\"position\":1,\"name\":\"Portada\",\"item\":\"https:\/\/www.aguarda.es\/en\/\"},{\"@type\":\"ListItem\",\"position\":2,\"name\":\"Outubro remata na Guarda cunha ampla e variada programaci\u00f3n cultural e l\u00fadica\"}]},{\"@type\":\"WebSite\",\"@id\":\"https:\/\/www.aguarda.es\/en\/#website\",\"url\":\"https:\/\/www.aguarda.es\/en\/\",\"name\":\"Concello da Guarda\",\"description\":\"P\u00e1xina web do concello da Guarda\",\"potentialAction\":[{\"@type\":\"SearchAction\",\"target\":{\"@type\":\"EntryPoint\",\"urlTemplate\":\"https:\/\/www.aguarda.es\/en\/?s={search_term_string}\"},\"query-input\":\"required name=search_term_string\"}],\"inLanguage\":\"en-US\"},{\"@type\":\"Person\",\"@id\":\"https:\/\/www.aguarda.es\/en\/#\/schema\/person\/c463ca3006858ffb349d11179d044f21\",\"name\":\"prensa\",\"image\":{\"@type\":\"ImageObject\",\"inLanguage\":\"en-US\",\"@id\":\"https:\/\/www.aguarda.es\/en\/#\/schema\/person\/image\/\",\"url\":\"https:\/\/secure.gravatar.com\/avatar\/5f90ef536b0f98306edf5c7a1135ffa1?s=96&d=mm&r=g\",\"contentUrl\":\"https:\/\/secure.gravatar.com\/avatar\/5f90ef536b0f98306edf5c7a1135ffa1?s=96&d=mm&r=g\",\"caption\":\"prensa\"},\"url\":\"https:\/\/www.aguarda.es\/en\/author\/prensa\/\"}]}<\/script>\n<!-- \/ Yoast SEO plugin. -->","yoast_head_json":{"title":"Outubro remata na Guarda cunha ampla e variada programaci\u00f3n cultural e l\u00fadica - Concello da Guarda","robots":{"index":"index","follow":"follow","max-snippet":"max-snippet:-1","max-image-preview":"max-image-preview:large","max-video-preview":"max-video-preview:-1"},"canonical":"https:\/\/www.aguarda.es\/en\/outubro-remata-na-guarda-cunha-ampla-variada-programacion-cultural-ludica\/","og_locale":"en_US","og_type":"article","og_title":"Outubro remata na Guarda cunha ampla e variada programaci\u00f3n cultural e l\u00fadica - Concello da Guarda","og_description":"A programaci\u00f3n cultural e l\u00fadica de cara \u00e1 fin de semana comeza esta mesma tarde na Casa dos Alonso, onde a\u00a0psic\u00f3loga e traballadora do centro San Xerome Emiliani, Joana L. Pereira, ser\u00e1 a encargada de dar comezo \u00e1 terceira edici\u00f3n &hellip;","og_url":"https:\/\/www.aguarda.es\/en\/outubro-remata-na-guarda-cunha-ampla-variada-programacion-cultural-ludica\/","og_site_name":"Concello da Guarda","article_publisher":"https:\/\/www.facebook.com\/ConcellodaGuarda","article_published_time":"2017-10-27T10:54:02+00:00","article_modified_time":"2017-10-27T11:29:36+00:00","og_image":[{"width":600,"height":301,"url":"https:\/\/www.aguarda.es\/wp-content\/uploads\/2017\/10\/PORTADA_opt.png","type":"image\/png"}],"author":"prensa","twitter_card":"summary_large_image","twitter_creator":"@AGuarda_es","twitter_site":"@AGuarda_es","twitter_misc":{"Written by":"prensa","Est. reading time":"3 minutes"},"schema":{"@context":"https:\/\/schema.org","@graph":[{"@type":"WebPage","@id":"https:\/\/www.aguarda.es\/en\/outubro-remata-na-guarda-cunha-ampla-variada-programacion-cultural-ludica\/","url":"https:\/\/www.aguarda.es\/en\/outubro-remata-na-guarda-cunha-ampla-variada-programacion-cultural-ludica\/","name":"Outubro remata na Guarda cunha ampla e variada programaci\u00f3n cultural e l\u00fadica - Concello da Guarda","isPartOf":{"@id":"https:\/\/www.aguarda.es\/en\/#website"},"datePublished":"2017-10-27T10:54:02+00:00","dateModified":"2017-10-27T11:29:36+00:00","author":{"@id":"https:\/\/www.aguarda.es\/en\/#\/schema\/person\/c463ca3006858ffb349d11179d044f21"},"breadcrumb":{"@id":"https:\/\/www.aguarda.es\/en\/outubro-remata-na-guarda-cunha-ampla-variada-programacion-cultural-ludica\/#breadcrumb"},"inLanguage":"en-US","potentialAction":[{"@type":"ReadAction","target":["https:\/\/www.aguarda.es\/en\/outubro-remata-na-guarda-cunha-ampla-variada-programacion-cultural-ludica\/"]}]},{"@type":"BreadcrumbList","@id":"https:\/\/www.aguarda.es\/en\/outubro-remata-na-guarda-cunha-ampla-variada-programacion-cultural-ludica\/#breadcrumb","itemListElement":[{"@type":"ListItem","position":1,"name":"Portada","item":"https:\/\/www.aguarda.es\/en\/"},{"@type":"ListItem","position":2,"name":"Outubro remata na Guarda cunha ampla e variada programaci\u00f3n cultural e l\u00fadica"}]},{"@type":"WebSite","@id":"https:\/\/www.aguarda.es\/en\/#website","url":"https:\/\/www.aguarda.es\/en\/","name":"Concello da Guarda","description":"P\u00e1xina web do concello da Guarda","potentialAction":[{"@type":"SearchAction","target":{"@type":"EntryPoint","urlTemplate":"https:\/\/www.aguarda.es\/en\/?s={search_term_string}"},"query-input":"required name=search_term_string"}],"inLanguage":"en-US"},{"@type":"Person","@id":"https:\/\/www.aguarda.es\/en\/#\/schema\/person\/c463ca3006858ffb349d11179d044f21","name":"prensa","image":{"@type":"ImageObject","inLanguage":"en-US","@id":"https:\/\/www.aguarda.es\/en\/#\/schema\/person\/image\/","url":"https:\/\/secure.gravatar.com\/avatar\/5f90ef536b0f98306edf5c7a1135ffa1?s=96&d=mm&r=g","contentUrl":"https:\/\/secure.gravatar.com\/avatar\/5f90ef536b0f98306edf5c7a1135ffa1?s=96&d=mm&r=g","caption":"prensa"},"url":"https:\/\/www.aguarda.es\/en\/author\/prensa\/"}]}},"_links":{"self":[{"href":"https:\/\/www.aguarda.es\/en\/wp-json\/wp\/v2\/posts\/10819"}],"collection":[{"href":"https:\/\/www.aguarda.es\/en\/wp-json\/wp\/v2\/posts"}],"about":[{"href":"https:\/\/www.aguarda.es\/en\/wp-json\/wp\/v2\/types\/post"}],"author":[{"embeddable":true,"href":"https:\/\/www.aguarda.es\/en\/wp-json\/wp\/v2\/users\/2"}],"replies":[{"embeddable":true,"href":"https:\/\/www.aguarda.es\/en\/wp-json\/wp\/v2\/comments?post=10819"}],"version-history":[{"count":6,"href":"https:\/\/www.aguarda.es\/en\/wp-json\/wp\/v2\/posts\/10819\/revisions"}],"predecessor-version":[{"id":10829,"href":"https:\/\/www.aguarda.es\/en\/wp-json\/wp\/v2\/posts\/10819\/revisions\/10829"}],"wp:featuredmedia":[{"embeddable":true,"href":"https:\/\/www.aguarda.es\/en\/wp-json\/wp\/v2\/media\/10830"}],"wp:attachment":[{"href":"https:\/\/www.aguarda.es\/en\/wp-json\/wp\/v2\/media?parent=10819"}],"wp:term":[{"taxonomy":"category","embeddable":true,"href":"https:\/\/www.aguarda.es\/en\/wp-json\/wp\/v2\/categories?post=10819"},{"taxonomy":"post_tag","embeddable":true,"href":"https:\/\/www.aguarda.es\/en\/wp-json\/wp\/v2\/tags?post=10819"}],"curies":[{"name":"wp","href":"https:\/\/api.w.org\/{rel}","templated":true}]}}