{"id":10864,"date":"2017-10-31T10:04:54","date_gmt":"2017-10-31T10:04:54","guid":{"rendered":"https:\/\/www.aguarda.es\/?p=10864"},"modified":"2017-10-31T10:04:54","modified_gmt":"2017-10-31T10:04:54","slug":"dialogos-educacion-exito-de-asistencia-na-primeira-charla-dedicada-ao-mindfulness","status":"publish","type":"post","link":"https:\/\/www.aguarda.es\/en\/dialogos-educacion-exito-de-asistencia-na-primeira-charla-dedicada-ao-mindfulness\/","title":{"rendered":"\u00abDi\u00e1logos en Educaci\u00f3n\u00bb:  \u00e9xito de asistencia na primeira charla dedicada ao &#8216;mindfulness&#8217;"},"content":{"rendered":"<p style=\"text-align: justify\">A Casa dos Alonso acolleu o pasado venres, 27 de outubro, unha das sesi\u00f3ns con m\u00e1is \u00e9xito participativo do ciclo de charlas \u00abDi\u00e1logos en Educaci\u00f3n\u00bb, que chega este ano a s\u00faa terceira edici\u00f3n.<\/p>\n<p style=\"text-align: justify\">A este primeiro encontro, dedicado \u00e1 \u00abeducaci\u00f3n consciente, baseada en <em>mindfulness<\/em>\u00bb, <strong>acudiron preto de corenta persoas de distintos perf\u00eds<\/strong>, a\u00ednda que unidas por ter inquedanzas no eido educativo e as novas formas de relaci\u00f3n cos cativos, cativas e adolescentes nunha sociedade cambiante.<\/p>\n<p style=\"text-align: justify\">A psic\u00f3loga e traballadora do centro San Xerome Emiliani, Joana L. Pereira, foi a encargada de guiar este primeiro faladoiro, no que os asistentes <strong>acheg\u00e1ronse ao concepto de atenci\u00f3n consciente ou plena, traduci\u00f3n do termo anglosax\u00f3n <em>mindfulness<\/em><\/strong>. Esta \u00e9, segundo expuxo a especialista, unha t\u00e9cnica de meditaci\u00f3n e relaxaci\u00f3n mediante a cal <strong>b\u00fascase \u00abatopar o bot\u00f3n de pausa\u00bb de cada persoa<\/strong>, parando a cascada de pensamentos que se suceden durante o d\u00eda e deixando a un lado os xu\u00edzos de valor para pasar a centrarnos unicamente no que vemos, ulimos ou tocamos.<\/p>\n<div class=\"wpmf-gallerys\"><div id=\"gallery-1\" data-id=\"gallery-1\" data-gutterwidth=\"5\" \n class=\"gallery flexslider carousel wpmfflexslider gallery-link-file wpmf-has-border-radius-0 wpmf-gutterwidth-5 wpmf-gg-multiple-columns\" data-wpmfcolumns=\"3\" data-auto_animation=\"1\" data-border-width=\"0\" data-shadow=\"0\"><ul class=\"slides wpmf-slides\"><\/ul><\/div><\/div>\n<p style=\"text-align: justify\">Alg\u00fans dos exercicios propostos pola psic\u00f3loga para ser aplicados aos pequenos e pequenas pasan, como exemplos, por c<strong>entrarse nun obxecto para deterse a describilo dun xeito obxectivo<\/strong> (sen caer el cualificativos tales como bonito\/feo, que dependen da percepci\u00f3n persoal), escoitar con atenci\u00f3n e definir os sons que decot\u00edo pasan desapercibidos, ou saborear un caramelo de maneira pausada e analizando as texturas.<\/p>\n<p style=\"text-align: justify\">Nas persoas adultas, incidiu Pereira, <strong>\u00ab\u00e9 importante manter unha \u2018mente de principiante\u2019\u00bb<\/strong>, isto \u00e9, \u00abnon deixarse levar polas experiencias pasadas\u00bb para xulgar situaci\u00f3ns semellantes e afrontar cada unha delas como se fose a primeira.<\/p>\n<h5 style=\"text-align: justify\">Pr\u00f3ximos faladoiros<\/h5>\n<p style=\"text-align: justify\">A charla <strong>\u00abO multiculturalismo nas aulas, problema ou oportunidade\u00bb<\/strong> celebrarase o venres 10 de novembro contando coa participaci\u00f3n do profesor da UDC no departamento de Pedagox\u00eda e Did\u00e1cticas, Ju\u00e1n Jos\u00e9 Bueno. Javier F. Rouco, tam\u00e9n profesor da UDC no departamento de Pedagox\u00eda e Did\u00e1cticas, participar\u00e1 no terceiro faladoiro, titulado <strong>\u00abFilosof\u00eda para\/con a infancia\u00bb<\/strong>, namentres a derradeira entrega deste outono ser\u00e1 o 1 de decembro e estar\u00e1 dirixida polo catedr\u00e1tico da UDC, Jurjo Torres. Este versar\u00e1 sobre as <strong>\u00abPol\u00edticas educativas e as influencias neoliberais\u00bb<\/strong> realizando, amais, unha an\u00e1lise sobre o futuro da educaci\u00f3n.<\/p>\n<p style=\"text-align: justify\">Todos os encontros ser\u00e1n na Casa dos Alonso \u00e1s 20:30 horas, sen l\u00edmite de aforo e sen necesidade de inscrici\u00f3n previa.<\/p>\n","protected":false},"excerpt":{"rendered":"<p>A Casa dos Alonso acolleu o pasado venres, 27 de outubro, unha das sesi\u00f3ns con m\u00e1is \u00e9xito participativo do ciclo de charlas \u00abDi\u00e1logos en Educaci\u00f3n\u00bb, que chega este ano a s\u00faa terceira edici\u00f3n. A este primeiro encontro, dedicado \u00e1 \u00abeducaci\u00f3n &hellip; <\/p>\n","protected":false},"author":2,"featured_media":10869,"comment_status":"open","ping_status":"open","sticky":false,"template":"","format":"standard","meta":[],"categories":[34],"tags":[423,588,237,644,645,643],"yoast_head":"<!-- This site is optimized with the Yoast SEO plugin v21.1 - https:\/\/yoast.com\/wordpress\/plugins\/seo\/ -->\n<title>\u00abDi\u00e1logos en Educaci\u00f3n\u00bb: \u00e9xito de asistencia na primeira charla dedicada ao &#039;mindfulness&#039; - Concello da Guarda<\/title>\n<meta name=\"robots\" content=\"index, follow, max-snippet:-1, max-image-preview:large, max-video-preview:-1\" \/>\n<link rel=\"canonical\" href=\"https:\/\/www.aguarda.es\/en\/dialogos-educacion-exito-de-asistencia-na-primeira-charla-dedicada-ao-mindfulness\/\" \/>\n<meta property=\"og:locale\" content=\"en_US\" \/>\n<meta property=\"og:type\" content=\"article\" \/>\n<meta property=\"og:title\" content=\"\u00abDi\u00e1logos en Educaci\u00f3n\u00bb: \u00e9xito de asistencia na primeira charla dedicada ao &#039;mindfulness&#039; - Concello da Guarda\" \/>\n<meta property=\"og:description\" content=\"A Casa dos Alonso acolleu o pasado venres, 27 de outubro, unha das sesi\u00f3ns con m\u00e1is \u00e9xito participativo do ciclo de charlas \u00abDi\u00e1logos en Educaci\u00f3n\u00bb, que chega este ano a s\u00faa terceira edici\u00f3n. A este primeiro encontro, dedicado \u00e1 \u00abeducaci\u00f3n &hellip;\" \/>\n<meta property=\"og:url\" content=\"https:\/\/www.aguarda.es\/en\/dialogos-educacion-exito-de-asistencia-na-primeira-charla-dedicada-ao-mindfulness\/\" \/>\n<meta property=\"og:site_name\" content=\"Concello da Guarda\" \/>\n<meta property=\"article:publisher\" content=\"https:\/\/www.facebook.com\/ConcellodaGuarda\" \/>\n<meta property=\"article:published_time\" content=\"2017-10-31T10:04:54+00:00\" \/>\n<meta property=\"og:image\" content=\"https:\/\/www.aguarda.es\/wp-content\/uploads\/2017\/10\/Di\u00e1logos4.jpg\" \/>\n\t<meta property=\"og:image:width\" content=\"700\" \/>\n\t<meta property=\"og:image:height\" content=\"299\" \/>\n\t<meta property=\"og:image:type\" content=\"image\/jpeg\" \/>\n<meta name=\"author\" content=\"prensa\" \/>\n<meta name=\"twitter:card\" content=\"summary_large_image\" \/>\n<meta name=\"twitter:creator\" content=\"@AGuarda_es\" \/>\n<meta name=\"twitter:site\" content=\"@AGuarda_es\" \/>\n<meta name=\"twitter:label1\" content=\"Written by\" \/>\n\t<meta name=\"twitter:data1\" content=\"prensa\" \/>\n\t<meta name=\"twitter:label2\" content=\"Est. reading time\" \/>\n\t<meta name=\"twitter:data2\" content=\"2 minutes\" \/>\n<script type=\"application\/ld+json\" class=\"yoast-schema-graph\">{\"@context\":\"https:\/\/schema.org\",\"@graph\":[{\"@type\":\"WebPage\",\"@id\":\"https:\/\/www.aguarda.es\/en\/dialogos-educacion-exito-de-asistencia-na-primeira-charla-dedicada-ao-mindfulness\/\",\"url\":\"https:\/\/www.aguarda.es\/en\/dialogos-educacion-exito-de-asistencia-na-primeira-charla-dedicada-ao-mindfulness\/\",\"name\":\"\u00abDi\u00e1logos en Educaci\u00f3n\u00bb: \u00e9xito de asistencia na primeira charla dedicada ao 'mindfulness' - Concello da Guarda\",\"isPartOf\":{\"@id\":\"https:\/\/www.aguarda.es\/en\/#website\"},\"datePublished\":\"2017-10-31T10:04:54+00:00\",\"dateModified\":\"2017-10-31T10:04:54+00:00\",\"author\":{\"@id\":\"https:\/\/www.aguarda.es\/en\/#\/schema\/person\/c463ca3006858ffb349d11179d044f21\"},\"breadcrumb\":{\"@id\":\"https:\/\/www.aguarda.es\/en\/dialogos-educacion-exito-de-asistencia-na-primeira-charla-dedicada-ao-mindfulness\/#breadcrumb\"},\"inLanguage\":\"en-US\",\"potentialAction\":[{\"@type\":\"ReadAction\",\"target\":[\"https:\/\/www.aguarda.es\/en\/dialogos-educacion-exito-de-asistencia-na-primeira-charla-dedicada-ao-mindfulness\/\"]}]},{\"@type\":\"BreadcrumbList\",\"@id\":\"https:\/\/www.aguarda.es\/en\/dialogos-educacion-exito-de-asistencia-na-primeira-charla-dedicada-ao-mindfulness\/#breadcrumb\",\"itemListElement\":[{\"@type\":\"ListItem\",\"position\":1,\"name\":\"Portada\",\"item\":\"https:\/\/www.aguarda.es\/en\/\"},{\"@type\":\"ListItem\",\"position\":2,\"name\":\"\u00abDi\u00e1logos en Educaci\u00f3n\u00bb: \u00e9xito de asistencia na primeira charla dedicada ao &#8216;mindfulness&#8217;\"}]},{\"@type\":\"WebSite\",\"@id\":\"https:\/\/www.aguarda.es\/en\/#website\",\"url\":\"https:\/\/www.aguarda.es\/en\/\",\"name\":\"Concello da Guarda\",\"description\":\"P\u00e1xina web do concello da Guarda\",\"potentialAction\":[{\"@type\":\"SearchAction\",\"target\":{\"@type\":\"EntryPoint\",\"urlTemplate\":\"https:\/\/www.aguarda.es\/en\/?s={search_term_string}\"},\"query-input\":\"required name=search_term_string\"}],\"inLanguage\":\"en-US\"},{\"@type\":\"Person\",\"@id\":\"https:\/\/www.aguarda.es\/en\/#\/schema\/person\/c463ca3006858ffb349d11179d044f21\",\"name\":\"prensa\",\"image\":{\"@type\":\"ImageObject\",\"inLanguage\":\"en-US\",\"@id\":\"https:\/\/www.aguarda.es\/en\/#\/schema\/person\/image\/\",\"url\":\"https:\/\/secure.gravatar.com\/avatar\/5f90ef536b0f98306edf5c7a1135ffa1?s=96&d=mm&r=g\",\"contentUrl\":\"https:\/\/secure.gravatar.com\/avatar\/5f90ef536b0f98306edf5c7a1135ffa1?s=96&d=mm&r=g\",\"caption\":\"prensa\"},\"url\":\"https:\/\/www.aguarda.es\/en\/author\/prensa\/\"}]}<\/script>\n<!-- \/ Yoast SEO plugin. -->","yoast_head_json":{"title":"\u00abDi\u00e1logos en Educaci\u00f3n\u00bb: \u00e9xito de asistencia na primeira charla dedicada ao 'mindfulness' - Concello da Guarda","robots":{"index":"index","follow":"follow","max-snippet":"max-snippet:-1","max-image-preview":"max-image-preview:large","max-video-preview":"max-video-preview:-1"},"canonical":"https:\/\/www.aguarda.es\/en\/dialogos-educacion-exito-de-asistencia-na-primeira-charla-dedicada-ao-mindfulness\/","og_locale":"en_US","og_type":"article","og_title":"\u00abDi\u00e1logos en Educaci\u00f3n\u00bb: \u00e9xito de asistencia na primeira charla dedicada ao 'mindfulness' - Concello da Guarda","og_description":"A Casa dos Alonso acolleu o pasado venres, 27 de outubro, unha das sesi\u00f3ns con m\u00e1is \u00e9xito participativo do ciclo de charlas \u00abDi\u00e1logos en Educaci\u00f3n\u00bb, que chega este ano a s\u00faa terceira edici\u00f3n. A este primeiro encontro, dedicado \u00e1 \u00abeducaci\u00f3n &hellip;","og_url":"https:\/\/www.aguarda.es\/en\/dialogos-educacion-exito-de-asistencia-na-primeira-charla-dedicada-ao-mindfulness\/","og_site_name":"Concello da Guarda","article_publisher":"https:\/\/www.facebook.com\/ConcellodaGuarda","article_published_time":"2017-10-31T10:04:54+00:00","og_image":[{"width":700,"height":299,"url":"https:\/\/www.aguarda.es\/wp-content\/uploads\/2017\/10\/Di\u00e1logos4.jpg","type":"image\/jpeg"}],"author":"prensa","twitter_card":"summary_large_image","twitter_creator":"@AGuarda_es","twitter_site":"@AGuarda_es","twitter_misc":{"Written by":"prensa","Est. reading time":"2 minutes"},"schema":{"@context":"https:\/\/schema.org","@graph":[{"@type":"WebPage","@id":"https:\/\/www.aguarda.es\/en\/dialogos-educacion-exito-de-asistencia-na-primeira-charla-dedicada-ao-mindfulness\/","url":"https:\/\/www.aguarda.es\/en\/dialogos-educacion-exito-de-asistencia-na-primeira-charla-dedicada-ao-mindfulness\/","name":"\u00abDi\u00e1logos en Educaci\u00f3n\u00bb: \u00e9xito de asistencia na primeira charla dedicada ao 'mindfulness' - Concello da Guarda","isPartOf":{"@id":"https:\/\/www.aguarda.es\/en\/#website"},"datePublished":"2017-10-31T10:04:54+00:00","dateModified":"2017-10-31T10:04:54+00:00","author":{"@id":"https:\/\/www.aguarda.es\/en\/#\/schema\/person\/c463ca3006858ffb349d11179d044f21"},"breadcrumb":{"@id":"https:\/\/www.aguarda.es\/en\/dialogos-educacion-exito-de-asistencia-na-primeira-charla-dedicada-ao-mindfulness\/#breadcrumb"},"inLanguage":"en-US","potentialAction":[{"@type":"ReadAction","target":["https:\/\/www.aguarda.es\/en\/dialogos-educacion-exito-de-asistencia-na-primeira-charla-dedicada-ao-mindfulness\/"]}]},{"@type":"BreadcrumbList","@id":"https:\/\/www.aguarda.es\/en\/dialogos-educacion-exito-de-asistencia-na-primeira-charla-dedicada-ao-mindfulness\/#breadcrumb","itemListElement":[{"@type":"ListItem","position":1,"name":"Portada","item":"https:\/\/www.aguarda.es\/en\/"},{"@type":"ListItem","position":2,"name":"\u00abDi\u00e1logos en Educaci\u00f3n\u00bb: \u00e9xito de asistencia na primeira charla dedicada ao &#8216;mindfulness&#8217;"}]},{"@type":"WebSite","@id":"https:\/\/www.aguarda.es\/en\/#website","url":"https:\/\/www.aguarda.es\/en\/","name":"Concello da Guarda","description":"P\u00e1xina web do concello da Guarda","potentialAction":[{"@type":"SearchAction","target":{"@type":"EntryPoint","urlTemplate":"https:\/\/www.aguarda.es\/en\/?s={search_term_string}"},"query-input":"required name=search_term_string"}],"inLanguage":"en-US"},{"@type":"Person","@id":"https:\/\/www.aguarda.es\/en\/#\/schema\/person\/c463ca3006858ffb349d11179d044f21","name":"prensa","image":{"@type":"ImageObject","inLanguage":"en-US","@id":"https:\/\/www.aguarda.es\/en\/#\/schema\/person\/image\/","url":"https:\/\/secure.gravatar.com\/avatar\/5f90ef536b0f98306edf5c7a1135ffa1?s=96&d=mm&r=g","contentUrl":"https:\/\/secure.gravatar.com\/avatar\/5f90ef536b0f98306edf5c7a1135ffa1?s=96&d=mm&r=g","caption":"prensa"},"url":"https:\/\/www.aguarda.es\/en\/author\/prensa\/"}]}},"_links":{"self":[{"href":"https:\/\/www.aguarda.es\/en\/wp-json\/wp\/v2\/posts\/10864"}],"collection":[{"href":"https:\/\/www.aguarda.es\/en\/wp-json\/wp\/v2\/posts"}],"about":[{"href":"https:\/\/www.aguarda.es\/en\/wp-json\/wp\/v2\/types\/post"}],"author":[{"embeddable":true,"href":"https:\/\/www.aguarda.es\/en\/wp-json\/wp\/v2\/users\/2"}],"replies":[{"embeddable":true,"href":"https:\/\/www.aguarda.es\/en\/wp-json\/wp\/v2\/comments?post=10864"}],"version-history":[{"count":3,"href":"https:\/\/www.aguarda.es\/en\/wp-json\/wp\/v2\/posts\/10864\/revisions"}],"predecessor-version":[{"id":10871,"href":"https:\/\/www.aguarda.es\/en\/wp-json\/wp\/v2\/posts\/10864\/revisions\/10871"}],"wp:featuredmedia":[{"embeddable":true,"href":"https:\/\/www.aguarda.es\/en\/wp-json\/wp\/v2\/media\/10869"}],"wp:attachment":[{"href":"https:\/\/www.aguarda.es\/en\/wp-json\/wp\/v2\/media?parent=10864"}],"wp:term":[{"taxonomy":"category","embeddable":true,"href":"https:\/\/www.aguarda.es\/en\/wp-json\/wp\/v2\/categories?post=10864"},{"taxonomy":"post_tag","embeddable":true,"href":"https:\/\/www.aguarda.es\/en\/wp-json\/wp\/v2\/tags?post=10864"}],"curies":[{"name":"wp","href":"https:\/\/api.w.org\/{rel}","templated":true}]}}