{"id":10884,"date":"2017-11-02T14:11:54","date_gmt":"2017-11-02T14:11:54","guid":{"rendered":"https:\/\/www.aguarda.es\/?p=10884"},"modified":"2017-11-02T14:11:54","modified_gmt":"2017-11-02T14:11:54","slug":"concello-da-guarda-organiza-unha-nova-andaina-leiro-pazos-de-arenteiro","status":"publish","type":"post","link":"https:\/\/www.aguarda.es\/en\/concello-da-guarda-organiza-unha-nova-andaina-leiro-pazos-de-arenteiro\/","title":{"rendered":"O Concello da Guarda organiza unha nova andaina entre Leiro e Pazos de Arenteiro"},"content":{"rendered":"<p style=\"text-align: justify\">Dada a boa acollida das \u00faltimas andainas organizadas, a Conceller\u00eda de Deportes do Concello da Guarda decidiu propor a\u00a0<strong>celebraci\u00f3n dunha nova andaina para o pr\u00f3ximo s\u00e1bado 11 de novembro<\/strong>.<\/p>\n<p style=\"text-align: left\">Malia que primeira proposta foi co\u00f1ecer o Monumento Natural Pena Corneira, o percorrido tivo que ser modificado por mor da vaga de lumes do pasado mes de outubro, que afectou notablemente a zona e fai desaconsellable a s\u00faa visita.<\/p>\n<p style=\"text-align: justify\">As\u00ed as cousas,\u00a0<strong>a nova ruta, duns 15 quil\u00f3metros, ser\u00e1 pola zona de Leiro en direcci\u00f3n a Pazos de Arenteiro<\/strong>. O percorrido transcorrer\u00e1 pola provincia de Ourense, comezando na localidade de Leiro e percorrendo a comarca do Ribeiro, unha zona rural con abundante bosque e vilas que se viron afectadas polo despoboamento.<\/p>\n<p style=\"text-align: justify\">En Leiro, partirase baixando ao r\u00edo Avia. Cruzarase por unha vella ponte, atopando as\u00ed unha ponte colgante e o c\u00e1mping, hoxe en d\u00eda pechado, que era lugar tur\u00edstico nos meses de ver\u00e1n.<\/p>\n<p style=\"text-align: justify\">A andaina continuar\u00e1 por vellos cami\u00f1os ata chegar a Pazos de Arenteiro, no municipio de Bobor\u00e1s, lugar que -como o seu nome indica- comprende numerosos pazos e moita historia tras os seus muros. A ruta concluir\u00e1 de novo en Leiro despois de pasar pola aldea abandonada de Vi\u00f1oa.<\/p>\n<p style=\"text-align: justify\">Como remate desta xornada, est\u00e1 prevista\u00a0<strong>unha breve visita \u00e1 vila de Ribadavia<\/strong>, cun percorrido polo seu casco hist\u00f3rico, o barrio xudeu e o castelo, centro da co\u00f1ecida \u201cFesta da Istoria\u201d.<\/p>\n","protected":false},"excerpt":{"rendered":"<p>Dada a boa acollida das \u00faltimas andainas organizadas, a Conceller\u00eda de Deportes do Concello da Guarda decidiu propor a\u00a0celebraci\u00f3n dunha nova andaina para o pr\u00f3ximo s\u00e1bado 11 de novembro. Malia que primeira proposta foi co\u00f1ecer o Monumento Natural Pena Corneira, &hellip; <\/p>\n","protected":false},"author":2,"featured_media":10883,"comment_status":"open","ping_status":"open","sticky":false,"template":"","format":"standard","meta":[],"categories":[35,56],"tags":[531,650,649,652,651],"yoast_head":"<!-- This site is optimized with the Yoast SEO plugin v21.1 - https:\/\/yoast.com\/wordpress\/plugins\/seo\/ -->\n<title>O Concello da Guarda organiza unha nova andaina entre Leiro e Pazos de Arenteiro - Concello da Guarda<\/title>\n<meta name=\"robots\" content=\"index, follow, max-snippet:-1, max-image-preview:large, max-video-preview:-1\" \/>\n<link rel=\"canonical\" href=\"https:\/\/www.aguarda.es\/en\/concello-da-guarda-organiza-unha-nova-andaina-leiro-pazos-de-arenteiro\/\" \/>\n<meta property=\"og:locale\" content=\"en_US\" \/>\n<meta property=\"og:type\" content=\"article\" \/>\n<meta property=\"og:title\" content=\"O Concello da Guarda organiza unha nova andaina entre Leiro e Pazos de Arenteiro - Concello da Guarda\" \/>\n<meta property=\"og:description\" content=\"Dada a boa acollida das \u00faltimas andainas organizadas, a Conceller\u00eda de Deportes do Concello da Guarda decidiu propor a\u00a0celebraci\u00f3n dunha nova andaina para o pr\u00f3ximo s\u00e1bado 11 de novembro. Malia que primeira proposta foi co\u00f1ecer o Monumento Natural Pena Corneira, &hellip;\" \/>\n<meta property=\"og:url\" content=\"https:\/\/www.aguarda.es\/en\/concello-da-guarda-organiza-unha-nova-andaina-leiro-pazos-de-arenteiro\/\" \/>\n<meta property=\"og:site_name\" content=\"Concello da Guarda\" \/>\n<meta property=\"article:publisher\" content=\"https:\/\/www.facebook.com\/ConcellodaGuarda\" \/>\n<meta property=\"article:published_time\" content=\"2017-11-02T14:11:54+00:00\" \/>\n<meta property=\"og:image\" content=\"https:\/\/www.aguarda.es\/wp-content\/uploads\/2017\/11\/Pazos-de-Arenteiro-2.jpg\" \/>\n\t<meta property=\"og:image:width\" content=\"1000\" \/>\n\t<meta property=\"og:image:height\" content=\"750\" \/>\n\t<meta property=\"og:image:type\" content=\"image\/jpeg\" \/>\n<meta name=\"author\" content=\"prensa\" \/>\n<meta name=\"twitter:card\" content=\"summary_large_image\" \/>\n<meta name=\"twitter:creator\" content=\"@AGuarda_es\" \/>\n<meta name=\"twitter:site\" content=\"@AGuarda_es\" \/>\n<meta name=\"twitter:label1\" content=\"Written by\" \/>\n\t<meta name=\"twitter:data1\" content=\"prensa\" \/>\n\t<meta name=\"twitter:label2\" content=\"Est. reading time\" \/>\n\t<meta name=\"twitter:data2\" content=\"1 minute\" \/>\n<script type=\"application\/ld+json\" class=\"yoast-schema-graph\">{\"@context\":\"https:\/\/schema.org\",\"@graph\":[{\"@type\":\"WebPage\",\"@id\":\"https:\/\/www.aguarda.es\/en\/concello-da-guarda-organiza-unha-nova-andaina-leiro-pazos-de-arenteiro\/\",\"url\":\"https:\/\/www.aguarda.es\/en\/concello-da-guarda-organiza-unha-nova-andaina-leiro-pazos-de-arenteiro\/\",\"name\":\"O Concello da Guarda organiza unha nova andaina entre Leiro e Pazos de Arenteiro - Concello da Guarda\",\"isPartOf\":{\"@id\":\"https:\/\/www.aguarda.es\/en\/#website\"},\"datePublished\":\"2017-11-02T14:11:54+00:00\",\"dateModified\":\"2017-11-02T14:11:54+00:00\",\"author\":{\"@id\":\"https:\/\/www.aguarda.es\/en\/#\/schema\/person\/c463ca3006858ffb349d11179d044f21\"},\"breadcrumb\":{\"@id\":\"https:\/\/www.aguarda.es\/en\/concello-da-guarda-organiza-unha-nova-andaina-leiro-pazos-de-arenteiro\/#breadcrumb\"},\"inLanguage\":\"en-US\",\"potentialAction\":[{\"@type\":\"ReadAction\",\"target\":[\"https:\/\/www.aguarda.es\/en\/concello-da-guarda-organiza-unha-nova-andaina-leiro-pazos-de-arenteiro\/\"]}]},{\"@type\":\"BreadcrumbList\",\"@id\":\"https:\/\/www.aguarda.es\/en\/concello-da-guarda-organiza-unha-nova-andaina-leiro-pazos-de-arenteiro\/#breadcrumb\",\"itemListElement\":[{\"@type\":\"ListItem\",\"position\":1,\"name\":\"Portada\",\"item\":\"https:\/\/www.aguarda.es\/en\/\"},{\"@type\":\"ListItem\",\"position\":2,\"name\":\"O Concello da Guarda organiza unha nova andaina entre Leiro e Pazos de Arenteiro\"}]},{\"@type\":\"WebSite\",\"@id\":\"https:\/\/www.aguarda.es\/en\/#website\",\"url\":\"https:\/\/www.aguarda.es\/en\/\",\"name\":\"Concello da Guarda\",\"description\":\"P\u00e1xina web do concello da Guarda\",\"potentialAction\":[{\"@type\":\"SearchAction\",\"target\":{\"@type\":\"EntryPoint\",\"urlTemplate\":\"https:\/\/www.aguarda.es\/en\/?s={search_term_string}\"},\"query-input\":\"required name=search_term_string\"}],\"inLanguage\":\"en-US\"},{\"@type\":\"Person\",\"@id\":\"https:\/\/www.aguarda.es\/en\/#\/schema\/person\/c463ca3006858ffb349d11179d044f21\",\"name\":\"prensa\",\"image\":{\"@type\":\"ImageObject\",\"inLanguage\":\"en-US\",\"@id\":\"https:\/\/www.aguarda.es\/en\/#\/schema\/person\/image\/\",\"url\":\"https:\/\/secure.gravatar.com\/avatar\/5f90ef536b0f98306edf5c7a1135ffa1?s=96&d=mm&r=g\",\"contentUrl\":\"https:\/\/secure.gravatar.com\/avatar\/5f90ef536b0f98306edf5c7a1135ffa1?s=96&d=mm&r=g\",\"caption\":\"prensa\"},\"url\":\"https:\/\/www.aguarda.es\/en\/author\/prensa\/\"}]}<\/script>\n<!-- \/ Yoast SEO plugin. -->","yoast_head_json":{"title":"O Concello da Guarda organiza unha nova andaina entre Leiro e Pazos de Arenteiro - Concello da Guarda","robots":{"index":"index","follow":"follow","max-snippet":"max-snippet:-1","max-image-preview":"max-image-preview:large","max-video-preview":"max-video-preview:-1"},"canonical":"https:\/\/www.aguarda.es\/en\/concello-da-guarda-organiza-unha-nova-andaina-leiro-pazos-de-arenteiro\/","og_locale":"en_US","og_type":"article","og_title":"O Concello da Guarda organiza unha nova andaina entre Leiro e Pazos de Arenteiro - Concello da Guarda","og_description":"Dada a boa acollida das \u00faltimas andainas organizadas, a Conceller\u00eda de Deportes do Concello da Guarda decidiu propor a\u00a0celebraci\u00f3n dunha nova andaina para o pr\u00f3ximo s\u00e1bado 11 de novembro. Malia que primeira proposta foi co\u00f1ecer o Monumento Natural Pena Corneira, &hellip;","og_url":"https:\/\/www.aguarda.es\/en\/concello-da-guarda-organiza-unha-nova-andaina-leiro-pazos-de-arenteiro\/","og_site_name":"Concello da Guarda","article_publisher":"https:\/\/www.facebook.com\/ConcellodaGuarda","article_published_time":"2017-11-02T14:11:54+00:00","og_image":[{"width":1000,"height":750,"url":"https:\/\/www.aguarda.es\/wp-content\/uploads\/2017\/11\/Pazos-de-Arenteiro-2.jpg","type":"image\/jpeg"}],"author":"prensa","twitter_card":"summary_large_image","twitter_creator":"@AGuarda_es","twitter_site":"@AGuarda_es","twitter_misc":{"Written by":"prensa","Est. reading time":"1 minute"},"schema":{"@context":"https:\/\/schema.org","@graph":[{"@type":"WebPage","@id":"https:\/\/www.aguarda.es\/en\/concello-da-guarda-organiza-unha-nova-andaina-leiro-pazos-de-arenteiro\/","url":"https:\/\/www.aguarda.es\/en\/concello-da-guarda-organiza-unha-nova-andaina-leiro-pazos-de-arenteiro\/","name":"O Concello da Guarda organiza unha nova andaina entre Leiro e Pazos de Arenteiro - Concello da Guarda","isPartOf":{"@id":"https:\/\/www.aguarda.es\/en\/#website"},"datePublished":"2017-11-02T14:11:54+00:00","dateModified":"2017-11-02T14:11:54+00:00","author":{"@id":"https:\/\/www.aguarda.es\/en\/#\/schema\/person\/c463ca3006858ffb349d11179d044f21"},"breadcrumb":{"@id":"https:\/\/www.aguarda.es\/en\/concello-da-guarda-organiza-unha-nova-andaina-leiro-pazos-de-arenteiro\/#breadcrumb"},"inLanguage":"en-US","potentialAction":[{"@type":"ReadAction","target":["https:\/\/www.aguarda.es\/en\/concello-da-guarda-organiza-unha-nova-andaina-leiro-pazos-de-arenteiro\/"]}]},{"@type":"BreadcrumbList","@id":"https:\/\/www.aguarda.es\/en\/concello-da-guarda-organiza-unha-nova-andaina-leiro-pazos-de-arenteiro\/#breadcrumb","itemListElement":[{"@type":"ListItem","position":1,"name":"Portada","item":"https:\/\/www.aguarda.es\/en\/"},{"@type":"ListItem","position":2,"name":"O Concello da Guarda organiza unha nova andaina entre Leiro e Pazos de Arenteiro"}]},{"@type":"WebSite","@id":"https:\/\/www.aguarda.es\/en\/#website","url":"https:\/\/www.aguarda.es\/en\/","name":"Concello da Guarda","description":"P\u00e1xina web do concello da Guarda","potentialAction":[{"@type":"SearchAction","target":{"@type":"EntryPoint","urlTemplate":"https:\/\/www.aguarda.es\/en\/?s={search_term_string}"},"query-input":"required name=search_term_string"}],"inLanguage":"en-US"},{"@type":"Person","@id":"https:\/\/www.aguarda.es\/en\/#\/schema\/person\/c463ca3006858ffb349d11179d044f21","name":"prensa","image":{"@type":"ImageObject","inLanguage":"en-US","@id":"https:\/\/www.aguarda.es\/en\/#\/schema\/person\/image\/","url":"https:\/\/secure.gravatar.com\/avatar\/5f90ef536b0f98306edf5c7a1135ffa1?s=96&d=mm&r=g","contentUrl":"https:\/\/secure.gravatar.com\/avatar\/5f90ef536b0f98306edf5c7a1135ffa1?s=96&d=mm&r=g","caption":"prensa"},"url":"https:\/\/www.aguarda.es\/en\/author\/prensa\/"}]}},"_links":{"self":[{"href":"https:\/\/www.aguarda.es\/en\/wp-json\/wp\/v2\/posts\/10884"}],"collection":[{"href":"https:\/\/www.aguarda.es\/en\/wp-json\/wp\/v2\/posts"}],"about":[{"href":"https:\/\/www.aguarda.es\/en\/wp-json\/wp\/v2\/types\/post"}],"author":[{"embeddable":true,"href":"https:\/\/www.aguarda.es\/en\/wp-json\/wp\/v2\/users\/2"}],"replies":[{"embeddable":true,"href":"https:\/\/www.aguarda.es\/en\/wp-json\/wp\/v2\/comments?post=10884"}],"version-history":[{"count":1,"href":"https:\/\/www.aguarda.es\/en\/wp-json\/wp\/v2\/posts\/10884\/revisions"}],"predecessor-version":[{"id":10885,"href":"https:\/\/www.aguarda.es\/en\/wp-json\/wp\/v2\/posts\/10884\/revisions\/10885"}],"wp:featuredmedia":[{"embeddable":true,"href":"https:\/\/www.aguarda.es\/en\/wp-json\/wp\/v2\/media\/10883"}],"wp:attachment":[{"href":"https:\/\/www.aguarda.es\/en\/wp-json\/wp\/v2\/media?parent=10884"}],"wp:term":[{"taxonomy":"category","embeddable":true,"href":"https:\/\/www.aguarda.es\/en\/wp-json\/wp\/v2\/categories?post=10884"},{"taxonomy":"post_tag","embeddable":true,"href":"https:\/\/www.aguarda.es\/en\/wp-json\/wp\/v2\/tags?post=10884"}],"curies":[{"name":"wp","href":"https:\/\/api.w.org\/{rel}","templated":true}]}}