{"id":10893,"date":"2017-11-03T11:21:49","date_gmt":"2017-11-03T11:21:49","guid":{"rendered":"https:\/\/www.aguarda.es\/?p=10893"},"modified":"2017-11-03T11:44:44","modified_gmt":"2017-11-03T11:44:44","slug":"musica-solidariedade-moita-cultura-gozar-da-fin-de-semana-na-guarda","status":"publish","type":"post","link":"https:\/\/www.aguarda.es\/en\/musica-solidariedade-moita-cultura-gozar-da-fin-de-semana-na-guarda\/","title":{"rendered":"M\u00fasica, solidariedade e moita cultura para gozar da fin de semana na Guarda"},"content":{"rendered":"<p style=\"text-align: justify\">Esta tarde comezaremos a dar a benvida \u00e1 fin de semana con m\u00fasica e cultura na Guarda, celebrando o vix\u00e9simo aniversario da creaci\u00f3n da<strong> asociaci\u00f3n Avela\u00ed\u00f1a<\/strong> e o inicio das <a href=\"https:\/\/www.aguarda.es\/as-barferencias-retornan-este-inverno-novos-encontros-nos-bares-cafeterias-da-guarda\/\">\u00abBarferencias de Inverno 2017\/2018\u00bb<\/a>.<\/p>\n<p style=\"text-align: justify\">A asociaci\u00f3n guardesa de axuda a persoas con enfermidades mentais <strong>conmemorar\u00e1 as s\u00faas d\u00faas d\u00e9cadas de vida cunha festa aberta<\/strong> ao p\u00fablico na Alameda, onde actuar\u00e1n os grupos Perseide e \u2018Que Panorama\u2019 de Avela\u00ed\u00f1a, amais do DJ Aser. A festa de aniversario comezar\u00e1 \u00e1s 17:00 horas e agasallar\u00e1 aos asistentes cun chocolate quente de balde.<\/p>\n<p style=\"text-align: justify\">Xa pola noiti\u00f1a, poderemos gozar da nova tempada de faladoiros informais polos bares da nosa vila. <strong>A primeira \u00abbarferencia\u00bb<\/strong> ter\u00e1 lugar no local Arruaz \u00e1s 20:30 horas, <strong>co Pai Baltasar Merino como protagonista<\/strong>. O presidente de OR.PA.GU., Joaqu\u00edn Cadilla, ser\u00e1 o encargado de guiar a charla sobre o bot\u00e1nico e meteor\u00f3logo xesu\u00edta cuxo centenario de pasamento se conmemora este 2017, centr\u00e1ndose no seu libro \u00abEstudio sobre las Borrascas de la Costa Occidental de Galicia (1893)\u00bb.<\/p>\n<p style=\"text-align: justify\">O s\u00e1bado, pola s\u00faa parte, a Comunidade de Montes de Camposancos celebra <strong>unha nova sesi\u00f3n d<\/strong>e <strong>\u00abM\u00fasica e palabras\u00bb na Casa Cultural<\/strong> da parroquia guardesa. Esta \u00e9 unha actividade na que todas aquelas persoas que o desexen poder\u00e1n participar coa lectura dun texto literario -cl\u00e1sico ou propio-, tocando un instrumento ou, simplemente, acudindo como p\u00fablico da xornada cultural.<\/p>\n<p style=\"text-align: justify\">Ma\u00f1\u00e1 ser\u00e1 o <strong>derradeiro d\u00eda para experimentar a mostra \u00abProxecto t\u00e1ctil\u00bb<\/strong> no Centro Cultural. Para percorrer esta exposici\u00f3n conv\u00eddase \u00e1s e aos participantes a facer uso de antefaces para percibir as obras unicamente coas s\u00faas mans. Ao ter que \u2018ver\u2019 as obras sen facer uso do sentido da vista, p\u00f3dese experimentar a forma en que as persoas cegas perciben os obxectos. A exposici\u00f3n permanecer\u00e1 aberta no horario habitual do Centro Cultural, isto \u00e9, de 10 a 13 h e de 17 a 20 h de luns a venres, e os s\u00e1bados en horario de ma\u00f1\u00e1.<\/p>\n<p style=\"text-align: justify\">A fin de semana ter\u00e1 tam\u00e9n un car\u00e1cter solidario na nosa vila coas actividades organizadas pola <strong>asociaci\u00f3n Conrazones<\/strong> de axuda a familias e persoas en situaci\u00f3n de extrema necesidade. Ma\u00f1\u00e1 a partir das 17:00 horas a entidade celebrar\u00e1 unha <strong>xornada de portas abertas e un magosto amenizado polo grupo O Treb\u00f3n dos Xidos<\/strong> na escola de Siete Caminos. O domingo, a Alameda da Guarda acoller\u00e1 un mercado solidario a favor dos usuarios da asociaci\u00f3n a partir das 10:00 horas.<\/p>\n<div class=\"wpmf-gallerys\"><div id=\"gallery-1\" data-id=\"gallery-1\" data-gutterwidth=\"5\" \n class=\"gallery flexslider carousel wpmfflexslider gallery-link-file wpmf-has-border-radius-0 wpmf-gutterwidth-5 wpmf-gg-multiple-columns\" data-wpmfcolumns=\"3\" data-auto_animation=\"1\" data-border-width=\"0\" data-shadow=\"0\"><ul class=\"slides wpmf-slides\"><\/ul><\/div><\/div>\n","protected":false},"excerpt":{"rendered":"<p>Esta tarde comezaremos a dar a benvida \u00e1 fin de semana con m\u00fasica e cultura na Guarda, celebrando o vix\u00e9simo aniversario da creaci\u00f3n da asociaci\u00f3n Avela\u00ed\u00f1a e o inicio das \u00abBarferencias de Inverno 2017\/2018\u00bb. A asociaci\u00f3n guardesa de axuda a &hellip; <\/p>\n","protected":false},"author":2,"featured_media":10892,"comment_status":"open","ping_status":"open","sticky":false,"template":"","format":"standard","meta":[],"categories":[34],"tags":[656,655,642,654,294,558,653,615],"yoast_head":"<!-- This site is optimized with the Yoast SEO plugin v21.1 - https:\/\/yoast.com\/wordpress\/plugins\/seo\/ -->\n<title>M\u00fasica, solidariedade e moita cultura para gozar da fin de semana na Guarda - Concello da Guarda<\/title>\n<meta name=\"robots\" content=\"index, follow, max-snippet:-1, max-image-preview:large, max-video-preview:-1\" \/>\n<link rel=\"canonical\" href=\"https:\/\/www.aguarda.es\/en\/musica-solidariedade-moita-cultura-gozar-da-fin-de-semana-na-guarda\/\" \/>\n<meta property=\"og:locale\" content=\"en_US\" \/>\n<meta property=\"og:type\" content=\"article\" \/>\n<meta property=\"og:title\" content=\"M\u00fasica, solidariedade e moita cultura para gozar da fin de semana na Guarda - Concello da Guarda\" \/>\n<meta property=\"og:description\" content=\"Esta tarde comezaremos a dar a benvida \u00e1 fin de semana con m\u00fasica e cultura na Guarda, celebrando o vix\u00e9simo aniversario da creaci\u00f3n da asociaci\u00f3n Avela\u00ed\u00f1a e o inicio das \u00abBarferencias de Inverno 2017\/2018\u00bb. A asociaci\u00f3n guardesa de axuda a &hellip;\" \/>\n<meta property=\"og:url\" content=\"https:\/\/www.aguarda.es\/en\/musica-solidariedade-moita-cultura-gozar-da-fin-de-semana-na-guarda\/\" \/>\n<meta property=\"og:site_name\" content=\"Concello da Guarda\" \/>\n<meta property=\"article:publisher\" content=\"https:\/\/www.facebook.com\/ConcellodaGuarda\" \/>\n<meta property=\"article:published_time\" content=\"2017-11-03T11:21:49+00:00\" \/>\n<meta property=\"article:modified_time\" content=\"2017-11-03T11:44:44+00:00\" \/>\n<meta property=\"og:image\" content=\"https:\/\/www.aguarda.es\/wp-content\/uploads\/2017\/11\/Barfe1.jpg\" \/>\n\t<meta property=\"og:image:width\" content=\"700\" \/>\n\t<meta property=\"og:image:height\" content=\"430\" \/>\n\t<meta property=\"og:image:type\" content=\"image\/jpeg\" \/>\n<meta name=\"author\" content=\"prensa\" \/>\n<meta name=\"twitter:card\" content=\"summary_large_image\" \/>\n<meta name=\"twitter:creator\" content=\"@AGuarda_es\" \/>\n<meta name=\"twitter:site\" content=\"@AGuarda_es\" \/>\n<meta name=\"twitter:label1\" content=\"Written by\" \/>\n\t<meta name=\"twitter:data1\" content=\"prensa\" \/>\n\t<meta name=\"twitter:label2\" content=\"Est. reading time\" \/>\n\t<meta name=\"twitter:data2\" content=\"2 minutes\" \/>\n<script type=\"application\/ld+json\" class=\"yoast-schema-graph\">{\"@context\":\"https:\/\/schema.org\",\"@graph\":[{\"@type\":\"WebPage\",\"@id\":\"https:\/\/www.aguarda.es\/en\/musica-solidariedade-moita-cultura-gozar-da-fin-de-semana-na-guarda\/\",\"url\":\"https:\/\/www.aguarda.es\/en\/musica-solidariedade-moita-cultura-gozar-da-fin-de-semana-na-guarda\/\",\"name\":\"M\u00fasica, solidariedade e moita cultura para gozar da fin de semana na Guarda - Concello da Guarda\",\"isPartOf\":{\"@id\":\"https:\/\/www.aguarda.es\/en\/#website\"},\"datePublished\":\"2017-11-03T11:21:49+00:00\",\"dateModified\":\"2017-11-03T11:44:44+00:00\",\"author\":{\"@id\":\"https:\/\/www.aguarda.es\/en\/#\/schema\/person\/c463ca3006858ffb349d11179d044f21\"},\"breadcrumb\":{\"@id\":\"https:\/\/www.aguarda.es\/en\/musica-solidariedade-moita-cultura-gozar-da-fin-de-semana-na-guarda\/#breadcrumb\"},\"inLanguage\":\"en-US\",\"potentialAction\":[{\"@type\":\"ReadAction\",\"target\":[\"https:\/\/www.aguarda.es\/en\/musica-solidariedade-moita-cultura-gozar-da-fin-de-semana-na-guarda\/\"]}]},{\"@type\":\"BreadcrumbList\",\"@id\":\"https:\/\/www.aguarda.es\/en\/musica-solidariedade-moita-cultura-gozar-da-fin-de-semana-na-guarda\/#breadcrumb\",\"itemListElement\":[{\"@type\":\"ListItem\",\"position\":1,\"name\":\"Portada\",\"item\":\"https:\/\/www.aguarda.es\/en\/\"},{\"@type\":\"ListItem\",\"position\":2,\"name\":\"M\u00fasica, solidariedade e moita cultura para gozar da fin de semana na Guarda\"}]},{\"@type\":\"WebSite\",\"@id\":\"https:\/\/www.aguarda.es\/en\/#website\",\"url\":\"https:\/\/www.aguarda.es\/en\/\",\"name\":\"Concello da Guarda\",\"description\":\"P\u00e1xina web do concello da Guarda\",\"potentialAction\":[{\"@type\":\"SearchAction\",\"target\":{\"@type\":\"EntryPoint\",\"urlTemplate\":\"https:\/\/www.aguarda.es\/en\/?s={search_term_string}\"},\"query-input\":\"required name=search_term_string\"}],\"inLanguage\":\"en-US\"},{\"@type\":\"Person\",\"@id\":\"https:\/\/www.aguarda.es\/en\/#\/schema\/person\/c463ca3006858ffb349d11179d044f21\",\"name\":\"prensa\",\"image\":{\"@type\":\"ImageObject\",\"inLanguage\":\"en-US\",\"@id\":\"https:\/\/www.aguarda.es\/en\/#\/schema\/person\/image\/\",\"url\":\"https:\/\/secure.gravatar.com\/avatar\/5f90ef536b0f98306edf5c7a1135ffa1?s=96&d=mm&r=g\",\"contentUrl\":\"https:\/\/secure.gravatar.com\/avatar\/5f90ef536b0f98306edf5c7a1135ffa1?s=96&d=mm&r=g\",\"caption\":\"prensa\"},\"url\":\"https:\/\/www.aguarda.es\/en\/author\/prensa\/\"}]}<\/script>\n<!-- \/ Yoast SEO plugin. -->","yoast_head_json":{"title":"M\u00fasica, solidariedade e moita cultura para gozar da fin de semana na Guarda - Concello da Guarda","robots":{"index":"index","follow":"follow","max-snippet":"max-snippet:-1","max-image-preview":"max-image-preview:large","max-video-preview":"max-video-preview:-1"},"canonical":"https:\/\/www.aguarda.es\/en\/musica-solidariedade-moita-cultura-gozar-da-fin-de-semana-na-guarda\/","og_locale":"en_US","og_type":"article","og_title":"M\u00fasica, solidariedade e moita cultura para gozar da fin de semana na Guarda - Concello da Guarda","og_description":"Esta tarde comezaremos a dar a benvida \u00e1 fin de semana con m\u00fasica e cultura na Guarda, celebrando o vix\u00e9simo aniversario da creaci\u00f3n da asociaci\u00f3n Avela\u00ed\u00f1a e o inicio das \u00abBarferencias de Inverno 2017\/2018\u00bb. A asociaci\u00f3n guardesa de axuda a &hellip;","og_url":"https:\/\/www.aguarda.es\/en\/musica-solidariedade-moita-cultura-gozar-da-fin-de-semana-na-guarda\/","og_site_name":"Concello da Guarda","article_publisher":"https:\/\/www.facebook.com\/ConcellodaGuarda","article_published_time":"2017-11-03T11:21:49+00:00","article_modified_time":"2017-11-03T11:44:44+00:00","og_image":[{"width":700,"height":430,"url":"https:\/\/www.aguarda.es\/wp-content\/uploads\/2017\/11\/Barfe1.jpg","type":"image\/jpeg"}],"author":"prensa","twitter_card":"summary_large_image","twitter_creator":"@AGuarda_es","twitter_site":"@AGuarda_es","twitter_misc":{"Written by":"prensa","Est. reading time":"2 minutes"},"schema":{"@context":"https:\/\/schema.org","@graph":[{"@type":"WebPage","@id":"https:\/\/www.aguarda.es\/en\/musica-solidariedade-moita-cultura-gozar-da-fin-de-semana-na-guarda\/","url":"https:\/\/www.aguarda.es\/en\/musica-solidariedade-moita-cultura-gozar-da-fin-de-semana-na-guarda\/","name":"M\u00fasica, solidariedade e moita cultura para gozar da fin de semana na Guarda - Concello da Guarda","isPartOf":{"@id":"https:\/\/www.aguarda.es\/en\/#website"},"datePublished":"2017-11-03T11:21:49+00:00","dateModified":"2017-11-03T11:44:44+00:00","author":{"@id":"https:\/\/www.aguarda.es\/en\/#\/schema\/person\/c463ca3006858ffb349d11179d044f21"},"breadcrumb":{"@id":"https:\/\/www.aguarda.es\/en\/musica-solidariedade-moita-cultura-gozar-da-fin-de-semana-na-guarda\/#breadcrumb"},"inLanguage":"en-US","potentialAction":[{"@type":"ReadAction","target":["https:\/\/www.aguarda.es\/en\/musica-solidariedade-moita-cultura-gozar-da-fin-de-semana-na-guarda\/"]}]},{"@type":"BreadcrumbList","@id":"https:\/\/www.aguarda.es\/en\/musica-solidariedade-moita-cultura-gozar-da-fin-de-semana-na-guarda\/#breadcrumb","itemListElement":[{"@type":"ListItem","position":1,"name":"Portada","item":"https:\/\/www.aguarda.es\/en\/"},{"@type":"ListItem","position":2,"name":"M\u00fasica, solidariedade e moita cultura para gozar da fin de semana na Guarda"}]},{"@type":"WebSite","@id":"https:\/\/www.aguarda.es\/en\/#website","url":"https:\/\/www.aguarda.es\/en\/","name":"Concello da Guarda","description":"P\u00e1xina web do concello da Guarda","potentialAction":[{"@type":"SearchAction","target":{"@type":"EntryPoint","urlTemplate":"https:\/\/www.aguarda.es\/en\/?s={search_term_string}"},"query-input":"required name=search_term_string"}],"inLanguage":"en-US"},{"@type":"Person","@id":"https:\/\/www.aguarda.es\/en\/#\/schema\/person\/c463ca3006858ffb349d11179d044f21","name":"prensa","image":{"@type":"ImageObject","inLanguage":"en-US","@id":"https:\/\/www.aguarda.es\/en\/#\/schema\/person\/image\/","url":"https:\/\/secure.gravatar.com\/avatar\/5f90ef536b0f98306edf5c7a1135ffa1?s=96&d=mm&r=g","contentUrl":"https:\/\/secure.gravatar.com\/avatar\/5f90ef536b0f98306edf5c7a1135ffa1?s=96&d=mm&r=g","caption":"prensa"},"url":"https:\/\/www.aguarda.es\/en\/author\/prensa\/"}]}},"_links":{"self":[{"href":"https:\/\/www.aguarda.es\/en\/wp-json\/wp\/v2\/posts\/10893"}],"collection":[{"href":"https:\/\/www.aguarda.es\/en\/wp-json\/wp\/v2\/posts"}],"about":[{"href":"https:\/\/www.aguarda.es\/en\/wp-json\/wp\/v2\/types\/post"}],"author":[{"embeddable":true,"href":"https:\/\/www.aguarda.es\/en\/wp-json\/wp\/v2\/users\/2"}],"replies":[{"embeddable":true,"href":"https:\/\/www.aguarda.es\/en\/wp-json\/wp\/v2\/comments?post=10893"}],"version-history":[{"count":3,"href":"https:\/\/www.aguarda.es\/en\/wp-json\/wp\/v2\/posts\/10893\/revisions"}],"predecessor-version":[{"id":10897,"href":"https:\/\/www.aguarda.es\/en\/wp-json\/wp\/v2\/posts\/10893\/revisions\/10897"}],"wp:featuredmedia":[{"embeddable":true,"href":"https:\/\/www.aguarda.es\/en\/wp-json\/wp\/v2\/media\/10892"}],"wp:attachment":[{"href":"https:\/\/www.aguarda.es\/en\/wp-json\/wp\/v2\/media?parent=10893"}],"wp:term":[{"taxonomy":"category","embeddable":true,"href":"https:\/\/www.aguarda.es\/en\/wp-json\/wp\/v2\/categories?post=10893"},{"taxonomy":"post_tag","embeddable":true,"href":"https:\/\/www.aguarda.es\/en\/wp-json\/wp\/v2\/tags?post=10893"}],"curies":[{"name":"wp","href":"https:\/\/api.w.org\/{rel}","templated":true}]}}