{"id":10917,"date":"2017-11-09T08:48:50","date_gmt":"2017-11-09T08:48:50","guid":{"rendered":"https:\/\/www.aguarda.es\/?p=10917"},"modified":"2017-11-09T08:48:50","modified_gmt":"2017-11-09T08:48:50","slug":"alumnado-dos-centros-educativos-participa-obradoiros-violencia-de-xenero","status":"publish","type":"post","link":"https:\/\/www.aguarda.es\/en\/alumnado-dos-centros-educativos-participa-obradoiros-violencia-de-xenero\/","title":{"rendered":"O alumnado dos centros educativos participa en obradoiros contra a violencia de x\u00e9nero"},"content":{"rendered":"<p style=\"text-align: justify\">A Conceller\u00eda de Igualdade e o Centro de Informaci\u00f3n \u00e1s Mulleres (CIM) do Concello da Guarda, promoven dende o mes de outubro e ata o pr\u00f3ximo mes de decembro o <strong>\u00abProxecto Empat\u00eda\u00bb, cunha serie de obradoiros destinados ao p\u00fablico infantil e xuvenil dentro da campa\u00f1a do 25 de novembro<\/strong>, D\u00eda Internacional para a Eliminaci\u00f3n da Violencia de X\u00e9nero.<\/p>\n<p style=\"text-align: justify\">A actuaci\u00f3n incl\u00fae obradoiros de habilidades e relaci\u00f3ns sociais destinados \u00e1 aprendizaxe de relaci\u00f3ns respectuosas entre o alumnado. As\u00ed, por exemplo, as cativas e cativos poder\u00e1n aprender a amosar os seus sentimentos, a resolver conflitos de forma pac\u00edfica e a valorar a igualdade entre mulleres e homes como eixo central do desenvolvemento humano.<\/p>\n<p style=\"text-align: justify\">Con esta actuaci\u00f3n, que conta co financiamento da Deputaci\u00f3n de Pontevedra, b\u00fascase informar, sensibilizar e <strong>concienciar sobre a magnitude do problema que sup\u00f3n a violencia de x\u00e9nero, especialmente entre a mocidade<\/strong>, identificando a forma espec\u00edfica que adopta esta violencia nas s\u00faas relaci\u00f3ns interpersoais e promover posturas de rexeitamento e denuncia activa ante ela, incidindo especialmente no uso axeitado que debe facerse das ovas tecnolox\u00edas.<\/p>\n<p style=\"text-align: justify\">O \u00abProxecto Empat\u00eda\u00bb completarase o d\u00eda 20 de novembro cunha nova edici\u00f3n do obradoiro <strong>\u00abViolencia de x\u00e9nero e o novo contexto dixital\u00bb<\/strong>, xa celebrado durante o pasado curso acad\u00e9mico. Nesta ocasi\u00f3n, a participaci\u00f3n no taller ampliarase ao alumnado de 5\u00ba e 6\u00ba de primaria e aos ciclos formativos de Formaci\u00f3n Profesional, xunto co alumnado de educaci\u00f3ns secundario de todos os centros da Guarda.<\/p>\n<p style=\"text-align: justify\">O obradoiro centrarase no co\u00f1ecemento e prevenci\u00f3n das novas formas de violencia que xorden no contexto dixital, tales como a ciberviolencia de x\u00e9nero, o grooming (acoso sexual a menores de idade por parte de adultos na rede) ou o sexting (env\u00edo de contido de car\u00e1cter sexual a trav\u00e9s das novas tecnolox\u00edas).<\/p>\n<p style=\"text-align: justify\">A actividade conta co financiamento da Secretar\u00eda Xeral de Igualdade da Xunta de Galicia e enm\u00e1rcase dentro das actuaci\u00f3n da Rede de Entidades Locais contra a Violencia de X\u00e9nero, cuxo obxectivo principal \u00e9 a busca do rexeitamento social e institucional da lacra que sup\u00f3n a violencia contra as mulleres. Focal\u00edzase na sensibilizaci\u00f3n \u00e1 poboaci\u00f3n m\u00e1is nova e busca a s\u00faa implicaci\u00f3n e compromiso contra ela, fomentando ao tempo modelos alternativos de convivencia baseados no respecto e a igualdade.<\/p>\n<p style=\"text-align: justify\">Nesta li\u00f1a, dende o CIM do Concello da Guarda tense o convencemento de que <strong>a prevenci\u00f3n dende o \u00e1mbito da educaci\u00f3n \u00e9 clave para atallar as violencias machistas<\/strong>, motivo polo que as actividades se dirixen neste senso.<\/p>\n","protected":false},"excerpt":{"rendered":"<p>A Conceller\u00eda de Igualdade e o Centro de Informaci\u00f3n \u00e1s Mulleres (CIM) do Concello da Guarda, promoven dende o mes de outubro e ata o pr\u00f3ximo mes de decembro o \u00abProxecto Empat\u00eda\u00bb, cunha serie de obradoiros destinados ao p\u00fablico infantil &hellip; <\/p>\n","protected":false},"author":2,"featured_media":10953,"comment_status":"open","ping_status":"open","sticky":false,"template":"","format":"standard","meta":[],"categories":[41],"tags":[664,665,666],"yoast_head":"<!-- This site is optimized with the Yoast SEO plugin v21.1 - https:\/\/yoast.com\/wordpress\/plugins\/seo\/ -->\n<title>O alumnado dos centros educativos participa en obradoiros contra a violencia de x\u00e9nero - Concello da Guarda<\/title>\n<meta name=\"robots\" content=\"index, follow, max-snippet:-1, max-image-preview:large, max-video-preview:-1\" \/>\n<link rel=\"canonical\" href=\"https:\/\/www.aguarda.es\/en\/alumnado-dos-centros-educativos-participa-obradoiros-violencia-de-xenero\/\" \/>\n<meta property=\"og:locale\" content=\"en_US\" \/>\n<meta property=\"og:type\" content=\"article\" \/>\n<meta property=\"og:title\" content=\"O alumnado dos centros educativos participa en obradoiros contra a violencia de x\u00e9nero - Concello da Guarda\" \/>\n<meta property=\"og:description\" content=\"A Conceller\u00eda de Igualdade e o Centro de Informaci\u00f3n \u00e1s Mulleres (CIM) do Concello da Guarda, promoven dende o mes de outubro e ata o pr\u00f3ximo mes de decembro o \u00abProxecto Empat\u00eda\u00bb, cunha serie de obradoiros destinados ao p\u00fablico infantil &hellip;\" \/>\n<meta property=\"og:url\" content=\"https:\/\/www.aguarda.es\/en\/alumnado-dos-centros-educativos-participa-obradoiros-violencia-de-xenero\/\" \/>\n<meta property=\"og:site_name\" content=\"Concello da Guarda\" \/>\n<meta property=\"article:publisher\" content=\"https:\/\/www.facebook.com\/ConcellodaGuarda\" \/>\n<meta property=\"article:published_time\" content=\"2017-11-09T08:48:50+00:00\" \/>\n<meta property=\"og:image\" content=\"https:\/\/www.aguarda.es\/wp-content\/uploads\/2017\/11\/Proxecto-Empat\u00eda.jpg\" \/>\n\t<meta property=\"og:image:width\" content=\"701\" \/>\n\t<meta property=\"og:image:height\" content=\"393\" \/>\n\t<meta property=\"og:image:type\" content=\"image\/jpeg\" \/>\n<meta name=\"author\" content=\"prensa\" \/>\n<meta name=\"twitter:card\" content=\"summary_large_image\" \/>\n<meta name=\"twitter:creator\" content=\"@AGuarda_es\" \/>\n<meta name=\"twitter:site\" content=\"@AGuarda_es\" \/>\n<meta name=\"twitter:label1\" content=\"Written by\" \/>\n\t<meta name=\"twitter:data1\" content=\"prensa\" \/>\n\t<meta name=\"twitter:label2\" content=\"Est. reading time\" \/>\n\t<meta name=\"twitter:data2\" content=\"2 minutes\" \/>\n<script type=\"application\/ld+json\" class=\"yoast-schema-graph\">{\"@context\":\"https:\/\/schema.org\",\"@graph\":[{\"@type\":\"WebPage\",\"@id\":\"https:\/\/www.aguarda.es\/en\/alumnado-dos-centros-educativos-participa-obradoiros-violencia-de-xenero\/\",\"url\":\"https:\/\/www.aguarda.es\/en\/alumnado-dos-centros-educativos-participa-obradoiros-violencia-de-xenero\/\",\"name\":\"O alumnado dos centros educativos participa en obradoiros contra a violencia de x\u00e9nero - Concello da Guarda\",\"isPartOf\":{\"@id\":\"https:\/\/www.aguarda.es\/en\/#website\"},\"datePublished\":\"2017-11-09T08:48:50+00:00\",\"dateModified\":\"2017-11-09T08:48:50+00:00\",\"author\":{\"@id\":\"https:\/\/www.aguarda.es\/en\/#\/schema\/person\/c463ca3006858ffb349d11179d044f21\"},\"breadcrumb\":{\"@id\":\"https:\/\/www.aguarda.es\/en\/alumnado-dos-centros-educativos-participa-obradoiros-violencia-de-xenero\/#breadcrumb\"},\"inLanguage\":\"en-US\",\"potentialAction\":[{\"@type\":\"ReadAction\",\"target\":[\"https:\/\/www.aguarda.es\/en\/alumnado-dos-centros-educativos-participa-obradoiros-violencia-de-xenero\/\"]}]},{\"@type\":\"BreadcrumbList\",\"@id\":\"https:\/\/www.aguarda.es\/en\/alumnado-dos-centros-educativos-participa-obradoiros-violencia-de-xenero\/#breadcrumb\",\"itemListElement\":[{\"@type\":\"ListItem\",\"position\":1,\"name\":\"Portada\",\"item\":\"https:\/\/www.aguarda.es\/en\/\"},{\"@type\":\"ListItem\",\"position\":2,\"name\":\"O alumnado dos centros educativos participa en obradoiros contra a violencia de x\u00e9nero\"}]},{\"@type\":\"WebSite\",\"@id\":\"https:\/\/www.aguarda.es\/en\/#website\",\"url\":\"https:\/\/www.aguarda.es\/en\/\",\"name\":\"Concello da Guarda\",\"description\":\"P\u00e1xina web do concello da Guarda\",\"potentialAction\":[{\"@type\":\"SearchAction\",\"target\":{\"@type\":\"EntryPoint\",\"urlTemplate\":\"https:\/\/www.aguarda.es\/en\/?s={search_term_string}\"},\"query-input\":\"required name=search_term_string\"}],\"inLanguage\":\"en-US\"},{\"@type\":\"Person\",\"@id\":\"https:\/\/www.aguarda.es\/en\/#\/schema\/person\/c463ca3006858ffb349d11179d044f21\",\"name\":\"prensa\",\"image\":{\"@type\":\"ImageObject\",\"inLanguage\":\"en-US\",\"@id\":\"https:\/\/www.aguarda.es\/en\/#\/schema\/person\/image\/\",\"url\":\"https:\/\/secure.gravatar.com\/avatar\/5f90ef536b0f98306edf5c7a1135ffa1?s=96&d=mm&r=g\",\"contentUrl\":\"https:\/\/secure.gravatar.com\/avatar\/5f90ef536b0f98306edf5c7a1135ffa1?s=96&d=mm&r=g\",\"caption\":\"prensa\"},\"url\":\"https:\/\/www.aguarda.es\/en\/author\/prensa\/\"}]}<\/script>\n<!-- \/ Yoast SEO plugin. -->","yoast_head_json":{"title":"O alumnado dos centros educativos participa en obradoiros contra a violencia de x\u00e9nero - Concello da Guarda","robots":{"index":"index","follow":"follow","max-snippet":"max-snippet:-1","max-image-preview":"max-image-preview:large","max-video-preview":"max-video-preview:-1"},"canonical":"https:\/\/www.aguarda.es\/en\/alumnado-dos-centros-educativos-participa-obradoiros-violencia-de-xenero\/","og_locale":"en_US","og_type":"article","og_title":"O alumnado dos centros educativos participa en obradoiros contra a violencia de x\u00e9nero - Concello da Guarda","og_description":"A Conceller\u00eda de Igualdade e o Centro de Informaci\u00f3n \u00e1s Mulleres (CIM) do Concello da Guarda, promoven dende o mes de outubro e ata o pr\u00f3ximo mes de decembro o \u00abProxecto Empat\u00eda\u00bb, cunha serie de obradoiros destinados ao p\u00fablico infantil &hellip;","og_url":"https:\/\/www.aguarda.es\/en\/alumnado-dos-centros-educativos-participa-obradoiros-violencia-de-xenero\/","og_site_name":"Concello da Guarda","article_publisher":"https:\/\/www.facebook.com\/ConcellodaGuarda","article_published_time":"2017-11-09T08:48:50+00:00","og_image":[{"width":701,"height":393,"url":"https:\/\/www.aguarda.es\/wp-content\/uploads\/2017\/11\/Proxecto-Empat\u00eda.jpg","type":"image\/jpeg"}],"author":"prensa","twitter_card":"summary_large_image","twitter_creator":"@AGuarda_es","twitter_site":"@AGuarda_es","twitter_misc":{"Written by":"prensa","Est. reading time":"2 minutes"},"schema":{"@context":"https:\/\/schema.org","@graph":[{"@type":"WebPage","@id":"https:\/\/www.aguarda.es\/en\/alumnado-dos-centros-educativos-participa-obradoiros-violencia-de-xenero\/","url":"https:\/\/www.aguarda.es\/en\/alumnado-dos-centros-educativos-participa-obradoiros-violencia-de-xenero\/","name":"O alumnado dos centros educativos participa en obradoiros contra a violencia de x\u00e9nero - Concello da Guarda","isPartOf":{"@id":"https:\/\/www.aguarda.es\/en\/#website"},"datePublished":"2017-11-09T08:48:50+00:00","dateModified":"2017-11-09T08:48:50+00:00","author":{"@id":"https:\/\/www.aguarda.es\/en\/#\/schema\/person\/c463ca3006858ffb349d11179d044f21"},"breadcrumb":{"@id":"https:\/\/www.aguarda.es\/en\/alumnado-dos-centros-educativos-participa-obradoiros-violencia-de-xenero\/#breadcrumb"},"inLanguage":"en-US","potentialAction":[{"@type":"ReadAction","target":["https:\/\/www.aguarda.es\/en\/alumnado-dos-centros-educativos-participa-obradoiros-violencia-de-xenero\/"]}]},{"@type":"BreadcrumbList","@id":"https:\/\/www.aguarda.es\/en\/alumnado-dos-centros-educativos-participa-obradoiros-violencia-de-xenero\/#breadcrumb","itemListElement":[{"@type":"ListItem","position":1,"name":"Portada","item":"https:\/\/www.aguarda.es\/en\/"},{"@type":"ListItem","position":2,"name":"O alumnado dos centros educativos participa en obradoiros contra a violencia de x\u00e9nero"}]},{"@type":"WebSite","@id":"https:\/\/www.aguarda.es\/en\/#website","url":"https:\/\/www.aguarda.es\/en\/","name":"Concello da Guarda","description":"P\u00e1xina web do concello da Guarda","potentialAction":[{"@type":"SearchAction","target":{"@type":"EntryPoint","urlTemplate":"https:\/\/www.aguarda.es\/en\/?s={search_term_string}"},"query-input":"required name=search_term_string"}],"inLanguage":"en-US"},{"@type":"Person","@id":"https:\/\/www.aguarda.es\/en\/#\/schema\/person\/c463ca3006858ffb349d11179d044f21","name":"prensa","image":{"@type":"ImageObject","inLanguage":"en-US","@id":"https:\/\/www.aguarda.es\/en\/#\/schema\/person\/image\/","url":"https:\/\/secure.gravatar.com\/avatar\/5f90ef536b0f98306edf5c7a1135ffa1?s=96&d=mm&r=g","contentUrl":"https:\/\/secure.gravatar.com\/avatar\/5f90ef536b0f98306edf5c7a1135ffa1?s=96&d=mm&r=g","caption":"prensa"},"url":"https:\/\/www.aguarda.es\/en\/author\/prensa\/"}]}},"_links":{"self":[{"href":"https:\/\/www.aguarda.es\/en\/wp-json\/wp\/v2\/posts\/10917"}],"collection":[{"href":"https:\/\/www.aguarda.es\/en\/wp-json\/wp\/v2\/posts"}],"about":[{"href":"https:\/\/www.aguarda.es\/en\/wp-json\/wp\/v2\/types\/post"}],"author":[{"embeddable":true,"href":"https:\/\/www.aguarda.es\/en\/wp-json\/wp\/v2\/users\/2"}],"replies":[{"embeddable":true,"href":"https:\/\/www.aguarda.es\/en\/wp-json\/wp\/v2\/comments?post=10917"}],"version-history":[{"count":1,"href":"https:\/\/www.aguarda.es\/en\/wp-json\/wp\/v2\/posts\/10917\/revisions"}],"predecessor-version":[{"id":10918,"href":"https:\/\/www.aguarda.es\/en\/wp-json\/wp\/v2\/posts\/10917\/revisions\/10918"}],"wp:featuredmedia":[{"embeddable":true,"href":"https:\/\/www.aguarda.es\/en\/wp-json\/wp\/v2\/media\/10953"}],"wp:attachment":[{"href":"https:\/\/www.aguarda.es\/en\/wp-json\/wp\/v2\/media?parent=10917"}],"wp:term":[{"taxonomy":"category","embeddable":true,"href":"https:\/\/www.aguarda.es\/en\/wp-json\/wp\/v2\/categories?post=10917"},{"taxonomy":"post_tag","embeddable":true,"href":"https:\/\/www.aguarda.es\/en\/wp-json\/wp\/v2\/tags?post=10917"}],"curies":[{"name":"wp","href":"https:\/\/api.w.org\/{rel}","templated":true}]}}