{"id":10987,"date":"2017-11-10T08:04:58","date_gmt":"2017-11-10T08:04:58","guid":{"rendered":"https:\/\/www.aguarda.es\/?p=10987"},"modified":"2017-11-10T08:04:58","modified_gmt":"2017-11-10T08:04:58","slug":"representantes-municipais-celebran-vixesimo-aniversario-fondo-galego-de-cooperacion","status":"publish","type":"post","link":"https:\/\/www.aguarda.es\/en\/representantes-municipais-celebran-vixesimo-aniversario-fondo-galego-de-cooperacion\/","title":{"rendered":"Representantes municipais celebran o vix\u00e9simo aniversario do Fondo Galego de Cooperaci\u00f3n"},"content":{"rendered":"<p style=\"text-align: justify\"><em>Discursos e actuaci\u00f3ns combin\u00e1ronse nun gran acto polos 20 anos da entidade, que desde o m\u00e9rcores ocupa a Presidencia da Confederaci\u00f3n de Fondos a nivel estatal.<\/em><\/p>\n<p style=\"text-align: justify\"><strong>Preto dun cento de representantes de concellos galegos<\/strong>, da Xunta e de fondos de cooperaci\u00f3n doutras comunidades aut\u00f3nomas, entre outros, <strong>celebraron onte o vix\u00e9simo aniversario do Fondo Galego de Cooperaci\u00f3n e Solidariedade cun gran acto<\/strong> en Santiago de Compostela. Baixo o ep\u00edgrafe \u201c20 anos a Fondo coa Solidariedade\u201d, a Cidade da Cultura acolleu un concorrido evento l\u00fadico e reivindicativo, dinamizado pola compa\u00f1\u00eda de <em>clown<\/em> Pallasos en Rebeld\u00eda.<\/p>\n<p style=\"text-align: justify\">A concelleira de Pol\u00edticas Sociais da capital galega, Concha Fern\u00e1ndez, foi a encargada de dar a benvida ao acto, no que defendeu \u201co papel dos concellos en materia de cooperaci\u00f3n\u201d. Tomoulle o relevo o presidente do Fondo Galego, Juan Gonz\u00e1lez, que ademais resultou elixido esta mesma semana como presidente da Confederaci\u00f3n de Fondos a nivel estatal. O tam\u00e9n alcalde de Nigr\u00e1n destacou no seu discurso que \u201c<strong>desde 1997 se te\u00f1en apoiado m\u00e1is de 150 proxectos de cooperaci\u00f3n<\/strong> en preto de trinta pa\u00edses, entre os que destacan Cabo Verde, Nicaragua, Cuba, Per\u00fa e, na actualidade, Mozambique\u201d.<\/p>\n<p style=\"text-align: justify\">Pola s\u00faa banda, o presidente de honra do Instituto Galego de An\u00e1lise e Documentaci\u00f3n Internacional, Xulio R\u00edos, lembrou os comezos do Fondo Galego de Cooperaci\u00f3n, impulsado polo propio IGADI, ao tempo que reivindicou a autonom\u00eda local. Na conmemoraci\u00f3n destas d\u00faas d\u00e9cadas de andaina subiu asemade ao estrado a vicepresidenta da Confederaci\u00f3n de Fondos e presidenta do Fons Valenci\u00e0, Xelo Angulo, quen apuntou que a Confederaci\u00f3n representa a <strong>m\u00e1is de 1.000 entidades locais \u201cque impulsan pol\u00edticas p\u00fablicas con incidencia na cultura de paz,<\/strong> na consecuci\u00f3n dos dereitos humanos e a prol dunha nova orde mundial\u201d.<\/p>\n<p style=\"text-align: justify\">Por outra parte, o secretario xeral da Federaci\u00f3n Galega de Municipios e Provincias (Fegamp), Eduardo Ramonde, transmitiu a \u201cemoci\u00f3n\u201d e o \u201corgullo\u201d do municipalismo ante o labor do Fondo Galego e subli\u00f1ou que \u201ctemos que estar m\u00e1is unidos ca nunca para que a axuda de uns a outros chegue\u201d. O peche das intervenci\u00f3ns institucionais correspondeulle \u00e1 directora xeral da Administraci\u00f3n Local, Marta Fern\u00e1ndez-Tapias, quen incidiu no \u201cencomiable obxectivo\u201d do Fondo Galego: \u201cunir forzas no eido local para apoiar a persoas que o necesitan a nivel global\u201d.<\/p>\n<p style=\"text-align: justify\">Os discursos institucionais mestur\u00e1ronse con actuaci\u00f3ns culturais que serviron como mostra das actividades de sensibilizaci\u00f3n fronte as desigualdades que est\u00e1n a percorrer as deputaci\u00f3ns e concellos socios do Fondo Galego de Cooperaci\u00f3n e Solidariedade. A Tropa de Trapo trasladou aos presentes ata Nicaragua a trav\u00e9s dun dos seus contos, mentres que a escritora Marilar Aleixandre leu o poema que escribira para o libro \u2018Palabras con Fondo\u2019 e mais un relato de Carlos Casares inclu\u00eddo no mesmo volume. O broche de ouro p\u00faxoo Batuko Tabanka, grupo de mulleres de orixe caboverdiana afincadas na Mari\u00f1a lucense, que difunde a m\u00fasica tradicional do arquip\u00e9lago africano ao tempo que promove a interculturalidade. Ademais, proxect\u00e1ronse varios v\u00eddeos sobre o Fondo Galego e nos soportais da Biblioteca instalouse a exposici\u00f3n \u201820 anos a Fondo coa solidariedade\u2019.<\/p>\n<h5 style=\"text-align: justify\">O Fondo Galego de Cooperaci\u00f3n<\/h5>\n<p style=\"text-align: justify\">O Fondo Galego de Cooperaci\u00f3n e Solidariedade est\u00e1 integrado por 91 concellos e as Deputaci\u00f3ns de Pontevedra, A Coru\u00f1a e Lugo, que concentran a trav\u00e9s desta rede os seus esforzos no eido da cooperaci\u00f3n ao desenvolvemento. Gar\u00e1ntese deste xeito unha xesti\u00f3n profesional e transparente, as\u00ed como a realizaci\u00f3n de proxectos con impacto nos pa\u00edses do Sur e a sensibilizaci\u00f3n da sociedade galega a prol da solidariedade internacional. Desde a s\u00faa fundaci\u00f3n en 1997, o Fondo Galego ten desenvolvido m\u00e1is de 150 proxectos en preto de 30 pa\u00edses e promove numerosas actividades e materiais en relaci\u00f3n aos desequilibrios Norte-Sur. Reco\u00f1ecido como axencia municipal da cooperaci\u00f3n galega, o Fondo Galego de Cooperaci\u00f3n e Solidariedade chega en 2017 ao seu vix\u00e9simo aniversario.<\/p>\n","protected":false},"excerpt":{"rendered":"<p>Discursos e actuaci\u00f3ns combin\u00e1ronse nun gran acto polos 20 anos da entidade, que desde o m\u00e9rcores ocupa a Presidencia da Confederaci\u00f3n de Fondos a nivel estatal. Preto dun cento de representantes de concellos galegos, da Xunta e de fondos de &hellip; <\/p>\n","protected":false},"author":2,"featured_media":10986,"comment_status":"open","ping_status":"open","sticky":false,"template":"","format":"standard","meta":[],"categories":[36,33],"tags":[674,600],"yoast_head":"<!-- This site is optimized with the Yoast SEO plugin v21.1 - https:\/\/yoast.com\/wordpress\/plugins\/seo\/ -->\n<title>Representantes municipais celebran o vix\u00e9simo aniversario do Fondo Galego de Cooperaci\u00f3n - Concello da Guarda<\/title>\n<meta name=\"robots\" content=\"index, follow, max-snippet:-1, max-image-preview:large, max-video-preview:-1\" \/>\n<link rel=\"canonical\" href=\"https:\/\/www.aguarda.es\/en\/representantes-municipais-celebran-vixesimo-aniversario-fondo-galego-de-cooperacion\/\" \/>\n<meta property=\"og:locale\" content=\"en_US\" \/>\n<meta property=\"og:type\" content=\"article\" \/>\n<meta property=\"og:title\" content=\"Representantes municipais celebran o vix\u00e9simo aniversario do Fondo Galego de Cooperaci\u00f3n - Concello da Guarda\" \/>\n<meta property=\"og:description\" content=\"Discursos e actuaci\u00f3ns combin\u00e1ronse nun gran acto polos 20 anos da entidade, que desde o m\u00e9rcores ocupa a Presidencia da Confederaci\u00f3n de Fondos a nivel estatal. Preto dun cento de representantes de concellos galegos, da Xunta e de fondos de &hellip;\" \/>\n<meta property=\"og:url\" content=\"https:\/\/www.aguarda.es\/en\/representantes-municipais-celebran-vixesimo-aniversario-fondo-galego-de-cooperacion\/\" \/>\n<meta property=\"og:site_name\" content=\"Concello da Guarda\" \/>\n<meta property=\"article:publisher\" content=\"https:\/\/www.facebook.com\/ConcellodaGuarda\" \/>\n<meta property=\"article:published_time\" content=\"2017-11-10T08:04:58+00:00\" \/>\n<meta property=\"og:image\" content=\"https:\/\/www.aguarda.es\/wp-content\/uploads\/2017\/11\/FGCS1.jpg\" \/>\n\t<meta property=\"og:image:width\" content=\"700\" \/>\n\t<meta property=\"og:image:height\" content=\"467\" \/>\n\t<meta property=\"og:image:type\" content=\"image\/jpeg\" \/>\n<meta name=\"author\" content=\"prensa\" \/>\n<meta name=\"twitter:card\" content=\"summary_large_image\" \/>\n<meta name=\"twitter:creator\" content=\"@AGuarda_es\" \/>\n<meta name=\"twitter:site\" content=\"@AGuarda_es\" \/>\n<meta name=\"twitter:label1\" content=\"Written by\" \/>\n\t<meta name=\"twitter:data1\" content=\"prensa\" \/>\n\t<meta name=\"twitter:label2\" content=\"Est. reading time\" \/>\n\t<meta name=\"twitter:data2\" content=\"3 minutes\" \/>\n<script type=\"application\/ld+json\" class=\"yoast-schema-graph\">{\"@context\":\"https:\/\/schema.org\",\"@graph\":[{\"@type\":\"WebPage\",\"@id\":\"https:\/\/www.aguarda.es\/en\/representantes-municipais-celebran-vixesimo-aniversario-fondo-galego-de-cooperacion\/\",\"url\":\"https:\/\/www.aguarda.es\/en\/representantes-municipais-celebran-vixesimo-aniversario-fondo-galego-de-cooperacion\/\",\"name\":\"Representantes municipais celebran o vix\u00e9simo aniversario do Fondo Galego de Cooperaci\u00f3n - Concello da Guarda\",\"isPartOf\":{\"@id\":\"https:\/\/www.aguarda.es\/en\/#website\"},\"datePublished\":\"2017-11-10T08:04:58+00:00\",\"dateModified\":\"2017-11-10T08:04:58+00:00\",\"author\":{\"@id\":\"https:\/\/www.aguarda.es\/en\/#\/schema\/person\/c463ca3006858ffb349d11179d044f21\"},\"breadcrumb\":{\"@id\":\"https:\/\/www.aguarda.es\/en\/representantes-municipais-celebran-vixesimo-aniversario-fondo-galego-de-cooperacion\/#breadcrumb\"},\"inLanguage\":\"en-US\",\"potentialAction\":[{\"@type\":\"ReadAction\",\"target\":[\"https:\/\/www.aguarda.es\/en\/representantes-municipais-celebran-vixesimo-aniversario-fondo-galego-de-cooperacion\/\"]}]},{\"@type\":\"BreadcrumbList\",\"@id\":\"https:\/\/www.aguarda.es\/en\/representantes-municipais-celebran-vixesimo-aniversario-fondo-galego-de-cooperacion\/#breadcrumb\",\"itemListElement\":[{\"@type\":\"ListItem\",\"position\":1,\"name\":\"Portada\",\"item\":\"https:\/\/www.aguarda.es\/en\/\"},{\"@type\":\"ListItem\",\"position\":2,\"name\":\"Representantes municipais celebran o vix\u00e9simo aniversario do Fondo Galego de Cooperaci\u00f3n\"}]},{\"@type\":\"WebSite\",\"@id\":\"https:\/\/www.aguarda.es\/en\/#website\",\"url\":\"https:\/\/www.aguarda.es\/en\/\",\"name\":\"Concello da Guarda\",\"description\":\"P\u00e1xina web do concello da Guarda\",\"potentialAction\":[{\"@type\":\"SearchAction\",\"target\":{\"@type\":\"EntryPoint\",\"urlTemplate\":\"https:\/\/www.aguarda.es\/en\/?s={search_term_string}\"},\"query-input\":\"required name=search_term_string\"}],\"inLanguage\":\"en-US\"},{\"@type\":\"Person\",\"@id\":\"https:\/\/www.aguarda.es\/en\/#\/schema\/person\/c463ca3006858ffb349d11179d044f21\",\"name\":\"prensa\",\"image\":{\"@type\":\"ImageObject\",\"inLanguage\":\"en-US\",\"@id\":\"https:\/\/www.aguarda.es\/en\/#\/schema\/person\/image\/\",\"url\":\"https:\/\/secure.gravatar.com\/avatar\/5f90ef536b0f98306edf5c7a1135ffa1?s=96&d=mm&r=g\",\"contentUrl\":\"https:\/\/secure.gravatar.com\/avatar\/5f90ef536b0f98306edf5c7a1135ffa1?s=96&d=mm&r=g\",\"caption\":\"prensa\"},\"url\":\"https:\/\/www.aguarda.es\/en\/author\/prensa\/\"}]}<\/script>\n<!-- \/ Yoast SEO plugin. -->","yoast_head_json":{"title":"Representantes municipais celebran o vix\u00e9simo aniversario do Fondo Galego de Cooperaci\u00f3n - Concello da Guarda","robots":{"index":"index","follow":"follow","max-snippet":"max-snippet:-1","max-image-preview":"max-image-preview:large","max-video-preview":"max-video-preview:-1"},"canonical":"https:\/\/www.aguarda.es\/en\/representantes-municipais-celebran-vixesimo-aniversario-fondo-galego-de-cooperacion\/","og_locale":"en_US","og_type":"article","og_title":"Representantes municipais celebran o vix\u00e9simo aniversario do Fondo Galego de Cooperaci\u00f3n - Concello da Guarda","og_description":"Discursos e actuaci\u00f3ns combin\u00e1ronse nun gran acto polos 20 anos da entidade, que desde o m\u00e9rcores ocupa a Presidencia da Confederaci\u00f3n de Fondos a nivel estatal. Preto dun cento de representantes de concellos galegos, da Xunta e de fondos de &hellip;","og_url":"https:\/\/www.aguarda.es\/en\/representantes-municipais-celebran-vixesimo-aniversario-fondo-galego-de-cooperacion\/","og_site_name":"Concello da Guarda","article_publisher":"https:\/\/www.facebook.com\/ConcellodaGuarda","article_published_time":"2017-11-10T08:04:58+00:00","og_image":[{"width":700,"height":467,"url":"https:\/\/www.aguarda.es\/wp-content\/uploads\/2017\/11\/FGCS1.jpg","type":"image\/jpeg"}],"author":"prensa","twitter_card":"summary_large_image","twitter_creator":"@AGuarda_es","twitter_site":"@AGuarda_es","twitter_misc":{"Written by":"prensa","Est. reading time":"3 minutes"},"schema":{"@context":"https:\/\/schema.org","@graph":[{"@type":"WebPage","@id":"https:\/\/www.aguarda.es\/en\/representantes-municipais-celebran-vixesimo-aniversario-fondo-galego-de-cooperacion\/","url":"https:\/\/www.aguarda.es\/en\/representantes-municipais-celebran-vixesimo-aniversario-fondo-galego-de-cooperacion\/","name":"Representantes municipais celebran o vix\u00e9simo aniversario do Fondo Galego de Cooperaci\u00f3n - Concello da Guarda","isPartOf":{"@id":"https:\/\/www.aguarda.es\/en\/#website"},"datePublished":"2017-11-10T08:04:58+00:00","dateModified":"2017-11-10T08:04:58+00:00","author":{"@id":"https:\/\/www.aguarda.es\/en\/#\/schema\/person\/c463ca3006858ffb349d11179d044f21"},"breadcrumb":{"@id":"https:\/\/www.aguarda.es\/en\/representantes-municipais-celebran-vixesimo-aniversario-fondo-galego-de-cooperacion\/#breadcrumb"},"inLanguage":"en-US","potentialAction":[{"@type":"ReadAction","target":["https:\/\/www.aguarda.es\/en\/representantes-municipais-celebran-vixesimo-aniversario-fondo-galego-de-cooperacion\/"]}]},{"@type":"BreadcrumbList","@id":"https:\/\/www.aguarda.es\/en\/representantes-municipais-celebran-vixesimo-aniversario-fondo-galego-de-cooperacion\/#breadcrumb","itemListElement":[{"@type":"ListItem","position":1,"name":"Portada","item":"https:\/\/www.aguarda.es\/en\/"},{"@type":"ListItem","position":2,"name":"Representantes municipais celebran o vix\u00e9simo aniversario do Fondo Galego de Cooperaci\u00f3n"}]},{"@type":"WebSite","@id":"https:\/\/www.aguarda.es\/en\/#website","url":"https:\/\/www.aguarda.es\/en\/","name":"Concello da Guarda","description":"P\u00e1xina web do concello da Guarda","potentialAction":[{"@type":"SearchAction","target":{"@type":"EntryPoint","urlTemplate":"https:\/\/www.aguarda.es\/en\/?s={search_term_string}"},"query-input":"required name=search_term_string"}],"inLanguage":"en-US"},{"@type":"Person","@id":"https:\/\/www.aguarda.es\/en\/#\/schema\/person\/c463ca3006858ffb349d11179d044f21","name":"prensa","image":{"@type":"ImageObject","inLanguage":"en-US","@id":"https:\/\/www.aguarda.es\/en\/#\/schema\/person\/image\/","url":"https:\/\/secure.gravatar.com\/avatar\/5f90ef536b0f98306edf5c7a1135ffa1?s=96&d=mm&r=g","contentUrl":"https:\/\/secure.gravatar.com\/avatar\/5f90ef536b0f98306edf5c7a1135ffa1?s=96&d=mm&r=g","caption":"prensa"},"url":"https:\/\/www.aguarda.es\/en\/author\/prensa\/"}]}},"_links":{"self":[{"href":"https:\/\/www.aguarda.es\/en\/wp-json\/wp\/v2\/posts\/10987"}],"collection":[{"href":"https:\/\/www.aguarda.es\/en\/wp-json\/wp\/v2\/posts"}],"about":[{"href":"https:\/\/www.aguarda.es\/en\/wp-json\/wp\/v2\/types\/post"}],"author":[{"embeddable":true,"href":"https:\/\/www.aguarda.es\/en\/wp-json\/wp\/v2\/users\/2"}],"replies":[{"embeddable":true,"href":"https:\/\/www.aguarda.es\/en\/wp-json\/wp\/v2\/comments?post=10987"}],"version-history":[{"count":1,"href":"https:\/\/www.aguarda.es\/en\/wp-json\/wp\/v2\/posts\/10987\/revisions"}],"predecessor-version":[{"id":10988,"href":"https:\/\/www.aguarda.es\/en\/wp-json\/wp\/v2\/posts\/10987\/revisions\/10988"}],"wp:featuredmedia":[{"embeddable":true,"href":"https:\/\/www.aguarda.es\/en\/wp-json\/wp\/v2\/media\/10986"}],"wp:attachment":[{"href":"https:\/\/www.aguarda.es\/en\/wp-json\/wp\/v2\/media?parent=10987"}],"wp:term":[{"taxonomy":"category","embeddable":true,"href":"https:\/\/www.aguarda.es\/en\/wp-json\/wp\/v2\/categories?post=10987"},{"taxonomy":"post_tag","embeddable":true,"href":"https:\/\/www.aguarda.es\/en\/wp-json\/wp\/v2\/tags?post=10987"}],"curies":[{"name":"wp","href":"https:\/\/api.w.org\/{rel}","templated":true}]}}