{"id":1107,"date":"2015-08-07T06:07:41","date_gmt":"2015-08-07T06:07:41","guid":{"rendered":"https:\/\/www.aguarda.es\/?p=1107"},"modified":"2015-08-07T06:07:41","modified_gmt":"2015-08-07T06:07:41","slug":"traballos-para-a-recuperacion-do-pratrimonio-inmaterial-no-monte-santa-trega","status":"publish","type":"post","link":"https:\/\/www.aguarda.es\/en\/traballos-para-a-recuperacion-do-pratrimonio-inmaterial-no-monte-santa-trega\/","title":{"rendered":"TRABALLOS PARA A RECUPERACI\u00d3N DO PRATRIMONIO MATERIAL NO MONTE SANTA TREGA"},"content":{"rendered":"<p>Un equipo de arque\u00f3logos, restauradores e auxiliares de escavaci\u00f3n comezaron os traballos de intervenci\u00f3n arqueol\u00f3xica para a recuperaci\u00f3n do castro de Santa Trega, no Concello da Guarda.<\/p>\n<p>  <!--more-->  <\/p>\n<p>Este ambicioso proxecto engl\u00f3base no marco do protocolo asinado entre a Deputaci\u00f3n de Pontevedra e o Ministerio de Fomento, e c\u00e9ntrase na recuperaci\u00f3n do barrio Megelina, zona que ocupa unha superficie aproximada de 2500 metros cadrados. Neste espazo, persoal do Padroado Municipal xa actuou recentemente para mantela libre de vexetaci\u00f3n polo que na actualidade \u00e9 perfectamente observable. <\/p>\n<p>Sen embargo o tempo transcorrido desde as \u00faltimas intervenci\u00f3ns arqueol\u00f3xicas (1928-33) e a acci\u00f3n da vexetaci\u00f3n deterioraron considerablemente as 45 estruturas existentes, polo que decidiron actuar de novo.<\/p>\n<p>Os traballos previstos nesta campa\u00f1a que acaba de iniciarse ter\u00e1n unha duraci\u00f3n aproximada de dez meses e consistir\u00e1n na reescavaci\u00f3n, restauraci\u00f3n e musealizaci\u00f3n, as\u00ed como na realizaci\u00f3n de actividades de promoci\u00f3n e divulgaci\u00f3n do xacemento.<\/p>\n<p><img decoding=\"async\" loading=\"lazy\" class=\" size-full wp-image-1106\" src=\"https:\/\/www.aguarda.es\/wp-content\/uploads\/2015\/08\/2015_margelina.jpg\" alt=\"\" width=\"600\" height=\"450\" srcset=\"https:\/\/www.aguarda.es\/wp-content\/uploads\/2015\/08\/2015_margelina.jpg 600w, https:\/\/www.aguarda.es\/wp-content\/uploads\/2015\/08\/2015_margelina-570x428.jpg 570w, https:\/\/www.aguarda.es\/wp-content\/uploads\/2015\/08\/2015_margelina-300x225.jpg 300w\" sizes=\"(max-width: 600px) 100vw, 600px\" \/><\/p>\n","protected":false},"excerpt":{"rendered":"<p>Un equipo de arque\u00f3logos, restauradores e auxiliares de escavaci\u00f3n comezaron os traballos de intervenci\u00f3n arqueol\u00f3xica para a recuperaci\u00f3n do castro de Santa Trega, no Concello da Guarda.<\/p>\n","protected":false},"author":1,"featured_media":1106,"comment_status":"open","ping_status":"open","sticky":false,"template":"","format":"standard","meta":[],"categories":[43],"tags":[],"yoast_head":"<!-- This site is optimized with the Yoast SEO plugin v21.1 - https:\/\/yoast.com\/wordpress\/plugins\/seo\/ -->\n<title>TRABALLOS PARA A RECUPERACI\u00d3N DO PRATRIMONIO MATERIAL NO MONTE SANTA TREGA - Concello da Guarda<\/title>\n<meta name=\"robots\" content=\"index, follow, max-snippet:-1, max-image-preview:large, max-video-preview:-1\" \/>\n<link rel=\"canonical\" href=\"https:\/\/www.aguarda.es\/en\/traballos-para-a-recuperacion-do-pratrimonio-inmaterial-no-monte-santa-trega\/\" \/>\n<meta property=\"og:locale\" content=\"en_US\" \/>\n<meta property=\"og:type\" content=\"article\" \/>\n<meta property=\"og:title\" content=\"TRABALLOS PARA A RECUPERACI\u00d3N DO PRATRIMONIO MATERIAL NO MONTE SANTA TREGA - Concello da Guarda\" \/>\n<meta property=\"og:description\" content=\"Un equipo de arque\u00f3logos, restauradores e auxiliares de escavaci\u00f3n comezaron os traballos de intervenci\u00f3n arqueol\u00f3xica para a recuperaci\u00f3n do castro de Santa Trega, no Concello da Guarda.\" \/>\n<meta property=\"og:url\" content=\"https:\/\/www.aguarda.es\/en\/traballos-para-a-recuperacion-do-pratrimonio-inmaterial-no-monte-santa-trega\/\" \/>\n<meta property=\"og:site_name\" content=\"Concello da Guarda\" \/>\n<meta property=\"article:publisher\" content=\"https:\/\/www.facebook.com\/ConcellodaGuarda\" \/>\n<meta property=\"article:published_time\" content=\"2015-08-07T06:07:41+00:00\" \/>\n<meta property=\"og:image\" content=\"https:\/\/www.aguarda.es\/wp-content\/uploads\/2015\/08\/2015_margelina.jpg\" \/>\n\t<meta property=\"og:image:width\" content=\"600\" \/>\n\t<meta property=\"og:image:height\" content=\"450\" \/>\n\t<meta property=\"og:image:type\" content=\"image\/jpeg\" \/>\n<meta name=\"author\" content=\"Concello\" \/>\n<meta name=\"twitter:card\" content=\"summary_large_image\" \/>\n<meta name=\"twitter:creator\" content=\"@AGuarda_es\" \/>\n<meta name=\"twitter:site\" content=\"@AGuarda_es\" \/>\n<meta name=\"twitter:label1\" content=\"Written by\" \/>\n\t<meta name=\"twitter:data1\" content=\"Concello\" \/>\n\t<meta name=\"twitter:label2\" content=\"Est. reading time\" \/>\n\t<meta name=\"twitter:data2\" content=\"1 minute\" \/>\n<script type=\"application\/ld+json\" class=\"yoast-schema-graph\">{\"@context\":\"https:\/\/schema.org\",\"@graph\":[{\"@type\":\"WebPage\",\"@id\":\"https:\/\/www.aguarda.es\/en\/traballos-para-a-recuperacion-do-pratrimonio-inmaterial-no-monte-santa-trega\/\",\"url\":\"https:\/\/www.aguarda.es\/en\/traballos-para-a-recuperacion-do-pratrimonio-inmaterial-no-monte-santa-trega\/\",\"name\":\"TRABALLOS PARA A RECUPERACI\u00d3N DO PRATRIMONIO MATERIAL NO MONTE SANTA TREGA - Concello da Guarda\",\"isPartOf\":{\"@id\":\"https:\/\/www.aguarda.es\/en\/#website\"},\"datePublished\":\"2015-08-07T06:07:41+00:00\",\"dateModified\":\"2015-08-07T06:07:41+00:00\",\"author\":{\"@id\":\"https:\/\/www.aguarda.es\/en\/#\/schema\/person\/ac30f4d74843174f0af56c730f74dd57\"},\"breadcrumb\":{\"@id\":\"https:\/\/www.aguarda.es\/en\/traballos-para-a-recuperacion-do-pratrimonio-inmaterial-no-monte-santa-trega\/#breadcrumb\"},\"inLanguage\":\"en-US\",\"potentialAction\":[{\"@type\":\"ReadAction\",\"target\":[\"https:\/\/www.aguarda.es\/en\/traballos-para-a-recuperacion-do-pratrimonio-inmaterial-no-monte-santa-trega\/\"]}]},{\"@type\":\"BreadcrumbList\",\"@id\":\"https:\/\/www.aguarda.es\/en\/traballos-para-a-recuperacion-do-pratrimonio-inmaterial-no-monte-santa-trega\/#breadcrumb\",\"itemListElement\":[{\"@type\":\"ListItem\",\"position\":1,\"name\":\"Portada\",\"item\":\"https:\/\/www.aguarda.es\/en\/\"},{\"@type\":\"ListItem\",\"position\":2,\"name\":\"TRABALLOS PARA A RECUPERACI\u00d3N DO PRATRIMONIO MATERIAL NO MONTE SANTA TREGA\"}]},{\"@type\":\"WebSite\",\"@id\":\"https:\/\/www.aguarda.es\/en\/#website\",\"url\":\"https:\/\/www.aguarda.es\/en\/\",\"name\":\"Concello da Guarda\",\"description\":\"P\u00e1xina web do concello da Guarda\",\"potentialAction\":[{\"@type\":\"SearchAction\",\"target\":{\"@type\":\"EntryPoint\",\"urlTemplate\":\"https:\/\/www.aguarda.es\/en\/?s={search_term_string}\"},\"query-input\":\"required name=search_term_string\"}],\"inLanguage\":\"en-US\"},{\"@type\":\"Person\",\"@id\":\"https:\/\/www.aguarda.es\/en\/#\/schema\/person\/ac30f4d74843174f0af56c730f74dd57\",\"name\":\"Concello\",\"image\":{\"@type\":\"ImageObject\",\"inLanguage\":\"en-US\",\"@id\":\"https:\/\/www.aguarda.es\/en\/#\/schema\/person\/image\/\",\"url\":\"https:\/\/secure.gravatar.com\/avatar\/7eda12a04da40b2ef77eb62e68f07027?s=96&d=mm&r=g\",\"contentUrl\":\"https:\/\/secure.gravatar.com\/avatar\/7eda12a04da40b2ef77eb62e68f07027?s=96&d=mm&r=g\",\"caption\":\"Concello\"},\"url\":\"https:\/\/www.aguarda.es\/en\/author\/admin\/\"}]}<\/script>\n<!-- \/ Yoast SEO plugin. -->","yoast_head_json":{"title":"TRABALLOS PARA A RECUPERACI\u00d3N DO PRATRIMONIO MATERIAL NO MONTE SANTA TREGA - Concello da Guarda","robots":{"index":"index","follow":"follow","max-snippet":"max-snippet:-1","max-image-preview":"max-image-preview:large","max-video-preview":"max-video-preview:-1"},"canonical":"https:\/\/www.aguarda.es\/en\/traballos-para-a-recuperacion-do-pratrimonio-inmaterial-no-monte-santa-trega\/","og_locale":"en_US","og_type":"article","og_title":"TRABALLOS PARA A RECUPERACI\u00d3N DO PRATRIMONIO MATERIAL NO MONTE SANTA TREGA - Concello da Guarda","og_description":"Un equipo de arque\u00f3logos, restauradores e auxiliares de escavaci\u00f3n comezaron os traballos de intervenci\u00f3n arqueol\u00f3xica para a recuperaci\u00f3n do castro de Santa Trega, no Concello da Guarda.","og_url":"https:\/\/www.aguarda.es\/en\/traballos-para-a-recuperacion-do-pratrimonio-inmaterial-no-monte-santa-trega\/","og_site_name":"Concello da Guarda","article_publisher":"https:\/\/www.facebook.com\/ConcellodaGuarda","article_published_time":"2015-08-07T06:07:41+00:00","og_image":[{"width":600,"height":450,"url":"https:\/\/www.aguarda.es\/wp-content\/uploads\/2015\/08\/2015_margelina.jpg","type":"image\/jpeg"}],"author":"Concello","twitter_card":"summary_large_image","twitter_creator":"@AGuarda_es","twitter_site":"@AGuarda_es","twitter_misc":{"Written by":"Concello","Est. reading time":"1 minute"},"schema":{"@context":"https:\/\/schema.org","@graph":[{"@type":"WebPage","@id":"https:\/\/www.aguarda.es\/en\/traballos-para-a-recuperacion-do-pratrimonio-inmaterial-no-monte-santa-trega\/","url":"https:\/\/www.aguarda.es\/en\/traballos-para-a-recuperacion-do-pratrimonio-inmaterial-no-monte-santa-trega\/","name":"TRABALLOS PARA A RECUPERACI\u00d3N DO PRATRIMONIO MATERIAL NO MONTE SANTA TREGA - Concello da Guarda","isPartOf":{"@id":"https:\/\/www.aguarda.es\/en\/#website"},"datePublished":"2015-08-07T06:07:41+00:00","dateModified":"2015-08-07T06:07:41+00:00","author":{"@id":"https:\/\/www.aguarda.es\/en\/#\/schema\/person\/ac30f4d74843174f0af56c730f74dd57"},"breadcrumb":{"@id":"https:\/\/www.aguarda.es\/en\/traballos-para-a-recuperacion-do-pratrimonio-inmaterial-no-monte-santa-trega\/#breadcrumb"},"inLanguage":"en-US","potentialAction":[{"@type":"ReadAction","target":["https:\/\/www.aguarda.es\/en\/traballos-para-a-recuperacion-do-pratrimonio-inmaterial-no-monte-santa-trega\/"]}]},{"@type":"BreadcrumbList","@id":"https:\/\/www.aguarda.es\/en\/traballos-para-a-recuperacion-do-pratrimonio-inmaterial-no-monte-santa-trega\/#breadcrumb","itemListElement":[{"@type":"ListItem","position":1,"name":"Portada","item":"https:\/\/www.aguarda.es\/en\/"},{"@type":"ListItem","position":2,"name":"TRABALLOS PARA A RECUPERACI\u00d3N DO PRATRIMONIO MATERIAL NO MONTE SANTA TREGA"}]},{"@type":"WebSite","@id":"https:\/\/www.aguarda.es\/en\/#website","url":"https:\/\/www.aguarda.es\/en\/","name":"Concello da Guarda","description":"P\u00e1xina web do concello da Guarda","potentialAction":[{"@type":"SearchAction","target":{"@type":"EntryPoint","urlTemplate":"https:\/\/www.aguarda.es\/en\/?s={search_term_string}"},"query-input":"required name=search_term_string"}],"inLanguage":"en-US"},{"@type":"Person","@id":"https:\/\/www.aguarda.es\/en\/#\/schema\/person\/ac30f4d74843174f0af56c730f74dd57","name":"Concello","image":{"@type":"ImageObject","inLanguage":"en-US","@id":"https:\/\/www.aguarda.es\/en\/#\/schema\/person\/image\/","url":"https:\/\/secure.gravatar.com\/avatar\/7eda12a04da40b2ef77eb62e68f07027?s=96&d=mm&r=g","contentUrl":"https:\/\/secure.gravatar.com\/avatar\/7eda12a04da40b2ef77eb62e68f07027?s=96&d=mm&r=g","caption":"Concello"},"url":"https:\/\/www.aguarda.es\/en\/author\/admin\/"}]}},"_links":{"self":[{"href":"https:\/\/www.aguarda.es\/en\/wp-json\/wp\/v2\/posts\/1107"}],"collection":[{"href":"https:\/\/www.aguarda.es\/en\/wp-json\/wp\/v2\/posts"}],"about":[{"href":"https:\/\/www.aguarda.es\/en\/wp-json\/wp\/v2\/types\/post"}],"author":[{"embeddable":true,"href":"https:\/\/www.aguarda.es\/en\/wp-json\/wp\/v2\/users\/1"}],"replies":[{"embeddable":true,"href":"https:\/\/www.aguarda.es\/en\/wp-json\/wp\/v2\/comments?post=1107"}],"version-history":[{"count":0,"href":"https:\/\/www.aguarda.es\/en\/wp-json\/wp\/v2\/posts\/1107\/revisions"}],"wp:featuredmedia":[{"embeddable":true,"href":"https:\/\/www.aguarda.es\/en\/wp-json\/wp\/v2\/media\/1106"}],"wp:attachment":[{"href":"https:\/\/www.aguarda.es\/en\/wp-json\/wp\/v2\/media?parent=1107"}],"wp:term":[{"taxonomy":"category","embeddable":true,"href":"https:\/\/www.aguarda.es\/en\/wp-json\/wp\/v2\/categories?post=1107"},{"taxonomy":"post_tag","embeddable":true,"href":"https:\/\/www.aguarda.es\/en\/wp-json\/wp\/v2\/tags?post=1107"}],"curies":[{"name":"wp","href":"https:\/\/api.w.org\/{rel}","templated":true}]}}