{"id":11108,"date":"2017-11-17T19:46:09","date_gmt":"2017-11-17T19:46:09","guid":{"rendered":"https:\/\/www.aguarda.es\/?p=11108"},"modified":"2017-11-17T20:15:09","modified_gmt":"2017-11-17T20:15:09","slug":"gastronomia-cultura-homenaxe-marea-branca-protagonistas-da-fin-de-semana-na-guard","status":"publish","type":"post","link":"https:\/\/www.aguarda.es\/en\/gastronomia-cultura-homenaxe-marea-branca-protagonistas-da-fin-de-semana-na-guard\/","title":{"rendered":"Gastronom\u00eda, cultura e homenaxe \u00e1 \u00abMarea Branca\u00bb: protagonistas da fin de semana na Guarda"},"content":{"rendered":"<p style=\"text-align: justify\">O Concello da Guarda ofrece esta fin de semana bo n\u00famero de actividades para gozar do tempo de lecer na nosa vila. As\u00ed, hoxe comeza a ruta \u00abPetiscos con Arte\u00bb e \u00e1 noiti\u00f1a poderemos desfrutar do mellor cine\u00a0 dram\u00e1tico coa proxecci\u00f3n de \u00abSully\u00bb. O s\u00e1bado ter\u00e1 lugar unha charla sobre alimentaci\u00f3n saudable para mulleres e, o domingo, organ\u00edzase unha sentida homenaxe \u00e1 \u00abMarea Branca\u00bb, coincidindo co d\u00e9cimo quinto aniversario do afundimento do <i>Prestige<\/i>.<\/p>\n<h5 style=\"text-align: left\"><b>Gastronom\u00eda, arte e cultura<\/b><\/h5>\n<p style=\"text-align: justify\">Este mediod\u00eda <a href=\"https:\/\/www.aguarda.es\/artistas-establecementos-amosan-as-suas-creacions-na-presentacion-da-ruta-petiscos-arte\/\"><strong>comezou a nova ruta gastron\u00f3mica \u00abPetiscos con arte\u00bb<\/strong><\/a>, na que participan os seguintes establecementos hostaleiros: Cafeter\u00eda Alameda, Cafeter\u00eda Art Caf\u00e9, Tasca As Pozas, Xamoner\u00eda Avenida, Bocater\u00eda Br\u00e9tema, Bar Cramoeiro, Cafeter\u00eda Kanellas, Taper\u00eda La Casilla, Restaurante La Pizzicata, Bocater\u00eda Marbella, Cafeter\u00eda Novo Bar, Restaurante O Cangrexal, Vinoteca Terra Verde, Restaurante Xantar e Restaurante Xeito. En todos eles poderemos probar <strong>pequenas degustaci\u00f3ns da nosa gastronom\u00eda a un custe \u00fanico de 1,50 \u20ac<\/strong> (bebida non inclu\u00edda), mentres contemplamos as exposici\u00f3ns de obras pict\u00f3ricas, escult\u00f3ricas e fotogr\u00e1ficas de diversos artistas locais e da contorna.<\/p>\n<p style=\"text-align: justify\">A ruta poder\u00e1 completarse nestas d\u00faas \u00faltimas fins de semana de novembro, de venres a domingo, e en horario de 12 a 14 h e de 18 a 21 h. Entre todos os participantes sortearanse 5 lotes de albari\u00f1o Gran Nov\u00e1s, adega colaboradora na Festa da Langosta e da Coci\u00f1a Mari\u00f1eira.<\/p>\n<p style=\"text-align: justify\">Esta noiti\u00f1a, ademais, poderemos gozar dunha <a href=\"https:\/\/www.aguarda.es\/ciclo-cinema-de-outono-comeza-este-venres-coa-proxeccion-filme-la-chica-danesa\/\"><strong>nova entrega do\u00a0 ciclo\u00a0 \u201cCinema de outono\u201d coa proxecci\u00f3n da pel\u00edcula \u00ab<i>Sully<\/i>\u00bb<\/strong><\/a> no Centro Cultural. Tr\u00e1tase dun drama baseado na historia real do piloto a\u00e9reo Chesley \u00ab<i>Sully<\/i>\u00bb, convertido en heroe no ano 2009 tras lograr unha aterraxe de emerxencia sobre o r\u00edo Hudson. A cita ser\u00e1 \u00e1s 21 h.<\/p>\n<p class=\"wc-responsive-video wc-rv-id-https-www-youtube-com-watchvw9bso1hpq7w wc-rv-post-11108 wc-rv-ratio-16-9\"><iframe loading=\"lazy\" width=\"640\" height=\"360\" src=\"https:\/\/www.youtube.com\/embed\/w9bSO1hPq7w?feature=oembed\" frameborder=\"0\" gesture=\"media\" allowfullscreen><\/iframe><\/p>\n<p style=\"text-align: justify\">Ma\u00f1\u00e1 s\u00e1bado temos unha <strong>nova charla dentro do ciclo \u00abC\u00f3idate<i>, <\/i>muller<i>!<\/i>\u00bb,<\/strong>\u00a0organizado pola Asociaci\u00f3n de Mulleres Progresistas da Guarda. Nesta ocasi\u00f3n, contaremos coa intervenci\u00f3n da T\u00e9cnica Superior en Diet\u00e9tica, Conchi Adrover Pacheco, que falar\u00e1 sobre\u00a0<strong>\u00abAlimentaci\u00f3n saudable para mulleres\u00bb<\/strong>, a partir das 20 h no Centro Cultural.<\/p>\n<h5 style=\"text-align: left\"><b>Homenaxe \u00e1 Marea Branca<\/b><\/h5>\n<p style=\"text-align: justify\">Como remate \u00e1s actividades programadas durante a fin de semana, este domingo celebrarase unha <a href=\"https:\/\/www.aguarda.es\/guarda-conmemora-decimo-quinto-aniversario-prestige-cunha-homenaxe-marea-branca\/\"><strong>homenaxe aos voluntarios e voluntarias da \u00abMarea Branca\u00bb<\/strong><\/a>, que fai agora quince anos <strong>axudaron a limpar as nosas costas tralo afundimento do petroleiro <i>Prestige<\/i><\/strong>. \u00c1s 12:30 h, no Mirador de Fonte Quente, encontrar\u00e9monos co alcalde do Concello da Guarda, Antonio Lomba; o membro de Greenpeace e voluntario, Alejandro Vilela; e o autor do monumento e impulsor da iniciativa, Xabier Garrido.<\/p>\n<p style=\"text-align: justify\">Por motivos de sa\u00fade, a intervenci\u00f3n do ex-patr\u00f3n maior da Confrar\u00eda de Baiona (Suso L\u00f3pez) anunciado inicialmente, ser\u00e1 substitu\u00eddo polo presidente da asociaci\u00f3n medioambiental ANABAM, Agust\u00edn Ferreira.<\/p>\n<p style=\"text-align: justify\">O acto acompa\u00f1arase coa interpretaci\u00f3n de varias pezas a cargo dos grupos O Treb\u00f3n dos Xidos e A Boalleira, e coa <strong>exposici\u00f3n dunha pancarta elaborada polos alumnos de terceiro curso de primaria do CEIP As Solanas<\/strong>, baixo a coordinaci\u00f3n da mestra Olga Rodr\u00edguez Vicente.<\/p>\n<div class=\"wpmf-gallerys\"><div id=\"gallery-1\" data-id=\"gallery-1\" data-gutterwidth=\"5\" \n class=\"gallery flexslider carousel wpmfflexslider gallery-link-file wpmf-has-border-radius-0 wpmf-gutterwidth-5 wpmf-gg-multiple-columns\" data-wpmfcolumns=\"3\" data-auto_animation=\"1\" data-border-width=\"0\" data-shadow=\"0\"><ul class=\"slides wpmf-slides\"><\/ul><\/div><\/div>\n<p>&nbsp;<\/p>\n","protected":false},"excerpt":{"rendered":"<p>O Concello da Guarda ofrece esta fin de semana bo n\u00famero de actividades para gozar do tempo de lecer na nosa vila. As\u00ed, hoxe comeza a ruta \u00abPetiscos con Arte\u00bb e \u00e1 noiti\u00f1a poderemos desfrutar do mellor cine\u00a0 dram\u00e1tico coa &hellip; <\/p>\n","protected":false},"author":2,"featured_media":11105,"comment_status":"open","ping_status":"open","sticky":false,"template":"","format":"standard","meta":[],"categories":[34,56],"tags":[612,243,233,658,693,609,613],"yoast_head":"<!-- This site is optimized with the Yoast SEO plugin v21.1 - https:\/\/yoast.com\/wordpress\/plugins\/seo\/ -->\n<title>Gastronom\u00eda, cultura e homenaxe \u00e1 \u00abMarea Branca\u00bb: protagonistas da fin de semana na Guarda - Concello da Guarda<\/title>\n<meta name=\"robots\" content=\"index, follow, max-snippet:-1, max-image-preview:large, max-video-preview:-1\" \/>\n<link rel=\"canonical\" href=\"https:\/\/www.aguarda.es\/en\/gastronomia-cultura-homenaxe-marea-branca-protagonistas-da-fin-de-semana-na-guard\/\" \/>\n<meta property=\"og:locale\" content=\"en_US\" \/>\n<meta property=\"og:type\" content=\"article\" \/>\n<meta property=\"og:title\" content=\"Gastronom\u00eda, cultura e homenaxe \u00e1 \u00abMarea Branca\u00bb: protagonistas da fin de semana na Guarda - Concello da Guarda\" \/>\n<meta property=\"og:description\" content=\"O Concello da Guarda ofrece esta fin de semana bo n\u00famero de actividades para gozar do tempo de lecer na nosa vila. As\u00ed, hoxe comeza a ruta \u00abPetiscos con Arte\u00bb e \u00e1 noiti\u00f1a poderemos desfrutar do mellor cine\u00a0 dram\u00e1tico coa &hellip;\" \/>\n<meta property=\"og:url\" content=\"https:\/\/www.aguarda.es\/en\/gastronomia-cultura-homenaxe-marea-branca-protagonistas-da-fin-de-semana-na-guard\/\" \/>\n<meta property=\"og:site_name\" content=\"Concello da Guarda\" \/>\n<meta property=\"article:publisher\" content=\"https:\/\/www.facebook.com\/ConcellodaGuarda\" \/>\n<meta property=\"article:published_time\" content=\"2017-11-17T19:46:09+00:00\" \/>\n<meta property=\"article:modified_time\" content=\"2017-11-17T20:15:09+00:00\" \/>\n<meta property=\"og:image\" content=\"https:\/\/www.aguarda.es\/wp-content\/uploads\/2017\/11\/Portada-eventos-finde-REDUCIDO.jpg\" \/>\n\t<meta property=\"og:image:width\" content=\"700\" \/>\n\t<meta property=\"og:image:height\" content=\"316\" \/>\n\t<meta property=\"og:image:type\" content=\"image\/jpeg\" \/>\n<meta name=\"author\" content=\"prensa\" \/>\n<meta name=\"twitter:card\" content=\"summary_large_image\" \/>\n<meta name=\"twitter:creator\" content=\"@AGuarda_es\" \/>\n<meta name=\"twitter:site\" content=\"@AGuarda_es\" \/>\n<meta name=\"twitter:label1\" content=\"Written by\" \/>\n\t<meta name=\"twitter:data1\" content=\"prensa\" \/>\n\t<meta name=\"twitter:label2\" content=\"Est. reading time\" \/>\n\t<meta name=\"twitter:data2\" content=\"3 minutes\" \/>\n<script type=\"application\/ld+json\" class=\"yoast-schema-graph\">{\"@context\":\"https:\/\/schema.org\",\"@graph\":[{\"@type\":\"WebPage\",\"@id\":\"https:\/\/www.aguarda.es\/en\/gastronomia-cultura-homenaxe-marea-branca-protagonistas-da-fin-de-semana-na-guard\/\",\"url\":\"https:\/\/www.aguarda.es\/en\/gastronomia-cultura-homenaxe-marea-branca-protagonistas-da-fin-de-semana-na-guard\/\",\"name\":\"Gastronom\u00eda, cultura e homenaxe \u00e1 \u00abMarea Branca\u00bb: protagonistas da fin de semana na Guarda - Concello da Guarda\",\"isPartOf\":{\"@id\":\"https:\/\/www.aguarda.es\/en\/#website\"},\"datePublished\":\"2017-11-17T19:46:09+00:00\",\"dateModified\":\"2017-11-17T20:15:09+00:00\",\"author\":{\"@id\":\"https:\/\/www.aguarda.es\/en\/#\/schema\/person\/c463ca3006858ffb349d11179d044f21\"},\"breadcrumb\":{\"@id\":\"https:\/\/www.aguarda.es\/en\/gastronomia-cultura-homenaxe-marea-branca-protagonistas-da-fin-de-semana-na-guard\/#breadcrumb\"},\"inLanguage\":\"en-US\",\"potentialAction\":[{\"@type\":\"ReadAction\",\"target\":[\"https:\/\/www.aguarda.es\/en\/gastronomia-cultura-homenaxe-marea-branca-protagonistas-da-fin-de-semana-na-guard\/\"]}]},{\"@type\":\"BreadcrumbList\",\"@id\":\"https:\/\/www.aguarda.es\/en\/gastronomia-cultura-homenaxe-marea-branca-protagonistas-da-fin-de-semana-na-guard\/#breadcrumb\",\"itemListElement\":[{\"@type\":\"ListItem\",\"position\":1,\"name\":\"Portada\",\"item\":\"https:\/\/www.aguarda.es\/en\/\"},{\"@type\":\"ListItem\",\"position\":2,\"name\":\"Gastronom\u00eda, cultura e homenaxe \u00e1 \u00abMarea Branca\u00bb: protagonistas da fin de semana na Guarda\"}]},{\"@type\":\"WebSite\",\"@id\":\"https:\/\/www.aguarda.es\/en\/#website\",\"url\":\"https:\/\/www.aguarda.es\/en\/\",\"name\":\"Concello da Guarda\",\"description\":\"P\u00e1xina web do concello da Guarda\",\"potentialAction\":[{\"@type\":\"SearchAction\",\"target\":{\"@type\":\"EntryPoint\",\"urlTemplate\":\"https:\/\/www.aguarda.es\/en\/?s={search_term_string}\"},\"query-input\":\"required name=search_term_string\"}],\"inLanguage\":\"en-US\"},{\"@type\":\"Person\",\"@id\":\"https:\/\/www.aguarda.es\/en\/#\/schema\/person\/c463ca3006858ffb349d11179d044f21\",\"name\":\"prensa\",\"image\":{\"@type\":\"ImageObject\",\"inLanguage\":\"en-US\",\"@id\":\"https:\/\/www.aguarda.es\/en\/#\/schema\/person\/image\/\",\"url\":\"https:\/\/secure.gravatar.com\/avatar\/5f90ef536b0f98306edf5c7a1135ffa1?s=96&d=mm&r=g\",\"contentUrl\":\"https:\/\/secure.gravatar.com\/avatar\/5f90ef536b0f98306edf5c7a1135ffa1?s=96&d=mm&r=g\",\"caption\":\"prensa\"},\"url\":\"https:\/\/www.aguarda.es\/en\/author\/prensa\/\"}]}<\/script>\n<!-- \/ Yoast SEO plugin. -->","yoast_head_json":{"title":"Gastronom\u00eda, cultura e homenaxe \u00e1 \u00abMarea Branca\u00bb: protagonistas da fin de semana na Guarda - Concello da Guarda","robots":{"index":"index","follow":"follow","max-snippet":"max-snippet:-1","max-image-preview":"max-image-preview:large","max-video-preview":"max-video-preview:-1"},"canonical":"https:\/\/www.aguarda.es\/en\/gastronomia-cultura-homenaxe-marea-branca-protagonistas-da-fin-de-semana-na-guard\/","og_locale":"en_US","og_type":"article","og_title":"Gastronom\u00eda, cultura e homenaxe \u00e1 \u00abMarea Branca\u00bb: protagonistas da fin de semana na Guarda - Concello da Guarda","og_description":"O Concello da Guarda ofrece esta fin de semana bo n\u00famero de actividades para gozar do tempo de lecer na nosa vila. As\u00ed, hoxe comeza a ruta \u00abPetiscos con Arte\u00bb e \u00e1 noiti\u00f1a poderemos desfrutar do mellor cine\u00a0 dram\u00e1tico coa &hellip;","og_url":"https:\/\/www.aguarda.es\/en\/gastronomia-cultura-homenaxe-marea-branca-protagonistas-da-fin-de-semana-na-guard\/","og_site_name":"Concello da Guarda","article_publisher":"https:\/\/www.facebook.com\/ConcellodaGuarda","article_published_time":"2017-11-17T19:46:09+00:00","article_modified_time":"2017-11-17T20:15:09+00:00","og_image":[{"width":700,"height":316,"url":"https:\/\/www.aguarda.es\/wp-content\/uploads\/2017\/11\/Portada-eventos-finde-REDUCIDO.jpg","type":"image\/jpeg"}],"author":"prensa","twitter_card":"summary_large_image","twitter_creator":"@AGuarda_es","twitter_site":"@AGuarda_es","twitter_misc":{"Written by":"prensa","Est. reading time":"3 minutes"},"schema":{"@context":"https:\/\/schema.org","@graph":[{"@type":"WebPage","@id":"https:\/\/www.aguarda.es\/en\/gastronomia-cultura-homenaxe-marea-branca-protagonistas-da-fin-de-semana-na-guard\/","url":"https:\/\/www.aguarda.es\/en\/gastronomia-cultura-homenaxe-marea-branca-protagonistas-da-fin-de-semana-na-guard\/","name":"Gastronom\u00eda, cultura e homenaxe \u00e1 \u00abMarea Branca\u00bb: protagonistas da fin de semana na Guarda - Concello da Guarda","isPartOf":{"@id":"https:\/\/www.aguarda.es\/en\/#website"},"datePublished":"2017-11-17T19:46:09+00:00","dateModified":"2017-11-17T20:15:09+00:00","author":{"@id":"https:\/\/www.aguarda.es\/en\/#\/schema\/person\/c463ca3006858ffb349d11179d044f21"},"breadcrumb":{"@id":"https:\/\/www.aguarda.es\/en\/gastronomia-cultura-homenaxe-marea-branca-protagonistas-da-fin-de-semana-na-guard\/#breadcrumb"},"inLanguage":"en-US","potentialAction":[{"@type":"ReadAction","target":["https:\/\/www.aguarda.es\/en\/gastronomia-cultura-homenaxe-marea-branca-protagonistas-da-fin-de-semana-na-guard\/"]}]},{"@type":"BreadcrumbList","@id":"https:\/\/www.aguarda.es\/en\/gastronomia-cultura-homenaxe-marea-branca-protagonistas-da-fin-de-semana-na-guard\/#breadcrumb","itemListElement":[{"@type":"ListItem","position":1,"name":"Portada","item":"https:\/\/www.aguarda.es\/en\/"},{"@type":"ListItem","position":2,"name":"Gastronom\u00eda, cultura e homenaxe \u00e1 \u00abMarea Branca\u00bb: protagonistas da fin de semana na Guarda"}]},{"@type":"WebSite","@id":"https:\/\/www.aguarda.es\/en\/#website","url":"https:\/\/www.aguarda.es\/en\/","name":"Concello da Guarda","description":"P\u00e1xina web do concello da Guarda","potentialAction":[{"@type":"SearchAction","target":{"@type":"EntryPoint","urlTemplate":"https:\/\/www.aguarda.es\/en\/?s={search_term_string}"},"query-input":"required name=search_term_string"}],"inLanguage":"en-US"},{"@type":"Person","@id":"https:\/\/www.aguarda.es\/en\/#\/schema\/person\/c463ca3006858ffb349d11179d044f21","name":"prensa","image":{"@type":"ImageObject","inLanguage":"en-US","@id":"https:\/\/www.aguarda.es\/en\/#\/schema\/person\/image\/","url":"https:\/\/secure.gravatar.com\/avatar\/5f90ef536b0f98306edf5c7a1135ffa1?s=96&d=mm&r=g","contentUrl":"https:\/\/secure.gravatar.com\/avatar\/5f90ef536b0f98306edf5c7a1135ffa1?s=96&d=mm&r=g","caption":"prensa"},"url":"https:\/\/www.aguarda.es\/en\/author\/prensa\/"}]}},"_links":{"self":[{"href":"https:\/\/www.aguarda.es\/en\/wp-json\/wp\/v2\/posts\/11108"}],"collection":[{"href":"https:\/\/www.aguarda.es\/en\/wp-json\/wp\/v2\/posts"}],"about":[{"href":"https:\/\/www.aguarda.es\/en\/wp-json\/wp\/v2\/types\/post"}],"author":[{"embeddable":true,"href":"https:\/\/www.aguarda.es\/en\/wp-json\/wp\/v2\/users\/2"}],"replies":[{"embeddable":true,"href":"https:\/\/www.aguarda.es\/en\/wp-json\/wp\/v2\/comments?post=11108"}],"version-history":[{"count":6,"href":"https:\/\/www.aguarda.es\/en\/wp-json\/wp\/v2\/posts\/11108\/revisions"}],"predecessor-version":[{"id":11114,"href":"https:\/\/www.aguarda.es\/en\/wp-json\/wp\/v2\/posts\/11108\/revisions\/11114"}],"wp:featuredmedia":[{"embeddable":true,"href":"https:\/\/www.aguarda.es\/en\/wp-json\/wp\/v2\/media\/11105"}],"wp:attachment":[{"href":"https:\/\/www.aguarda.es\/en\/wp-json\/wp\/v2\/media?parent=11108"}],"wp:term":[{"taxonomy":"category","embeddable":true,"href":"https:\/\/www.aguarda.es\/en\/wp-json\/wp\/v2\/categories?post=11108"},{"taxonomy":"post_tag","embeddable":true,"href":"https:\/\/www.aguarda.es\/en\/wp-json\/wp\/v2\/tags?post=11108"}],"curies":[{"name":"wp","href":"https:\/\/api.w.org\/{rel}","templated":true}]}}