{"id":1128,"date":"2015-08-20T13:01:21","date_gmt":"2015-08-20T13:01:21","guid":{"rendered":"https:\/\/www.aguarda.es\/?p=1128"},"modified":"2015-08-20T13:01:21","modified_gmt":"2015-08-20T13:01:21","slug":"xestion-da-escola-infantil-municipal-do-concello-da-guarda","status":"publish","type":"post","link":"https:\/\/www.aguarda.es\/en\/xestion-da-escola-infantil-municipal-do-concello-da-guarda\/","title":{"rendered":"Xesti\u00f3n da escola infantil municipal do Concello da Guarda"},"content":{"rendered":"<div>\n<p><strong>DATA DE FORMALIZACI\u00d3N: 20\/08\/2015<\/strong><\/p>\n<p>DECRETO\u00a0 0592\/2015<\/p>\n<p>Resoluci\u00f3n da Alcald\u00eda de\u00a0 5 DE AGOSTO DE 2015<\/p>\n<\/p><\/div>\n<p>\u00a0<\/p>\n<p><strong>CONSIDERANDO<\/strong> que mediante Decreto 289\/2015, de 6 de maio, aprobouse a apertura do procedemento de adxudicaci\u00f3n do servizo <strong>\u201cXESTI\u00d3N DA ESCOLA INFANTIL MUNICIPAL DO CONCELLO DA GUARDA\u201d <\/strong>e\u00a0 que se procedeu polo \u00f3rgano de contrataci\u00f3n \u00e1 apertura das seguintes ofertas presentadas:<\/p>\n<p>\u00a0<\/p>\n<p>1.- ANA NAYA GARC\u00cdA, S.L. comprom\u00e9tese a executa-lo servizo de acordo coa seguinte oferta:<\/p>\n<ul>\n<li>PREZO: 154.000 EUROS<\/li>\n<li>MELLORAS: 4.000 EUROS EN MATERIAL E EQUIPO DID\u00c1CTICO \/ 23 HORAS SEMANAIS DE SERVIZOS A MAIORES.<\/li>\n<li>TEN CERTIFICADO DE CALIDADE SEGUNDO A NORMA UNE-EN-ISO 9001:2008<\/li>\n<\/ul>\n<p><strong>\u00a0<\/strong><\/p>\n<p>2.- AURORA, PILAR Y ANA, S.L. comprom\u00e9tese a executa-lo servizo de acordo coa seguinte oferta:<\/p>\n<ul>\n<li>PREZO: 155.000 EUROS<\/li>\n<li>MELLORAS: 1.200 EUROS EN MATERIAL E EQUIPO DID\u00c1CTICO \/ 11 HORAS SEMANAIS DE SERVIZOS A MAIORES.<\/li>\n<li>NON TEN CERTIFICADO DE CALIDADE SEGUNDO A NORMA UNE-EN-ISO 9001:2008<\/li>\n<\/ul>\n<p>\u00a0<\/p>\n<p><strong>CONSIDERANDO<\/strong> que a mellor oferta das presentadas \u00e9 a de ANA NAYA GARC\u00cdA, S.L.<\/p>\n<p>\u00a0<\/p>\n<p>Resultando que unha vez requerida a licitadora, presenta os certificados esixidos, o xustificante do pago dos anuncios por importe de 532,80 euros e garant\u00eda definitiva por importe de 7.700,00 euros.<\/p>\n<p>\u00a0<\/p>\n<p>En virtude das facultades que me confire o ordenamento xur\u00eddico vixente, e de acordo co disposto nos pregos que rexeron a presente contrataci\u00f3n<\/p>\n<p><strong>RESOLVO:<\/strong><\/p>\n<p><strong>\u00a0<\/strong><\/p>\n<p>1.- Adxudicar o\u00a0 contrato \u00a0para levar a cabo o servizo de <strong>\u201cXESTI\u00d3N DA ESCOLA INFANTIL MUNICIPAL DO CONCELLO DA GUARDA\u201d <\/strong>a <strong>ANA NAYA GARC\u00cdA, S.L. <\/strong>nos seguintes termos:<\/p>\n<p>\u00a0<\/p>\n<ul>\n<li>PREZO: 154.000 EUROS\/ANUAIS<\/li>\n<li>MELLORAS: 4.000 EUROS EN MATERIAL E EQUIPO DID\u00c1CTICO \/ 23 HORAS SEMANAIS DE SERVIZOS A MAIORES.<\/li>\n<\/ul>\n<p>\u00a0<\/p>\n<p>2.- Requerir \u00e1 adxudicataria, ANA NAYA GARC\u00cdA, S.L. para que proceda a formalizaci\u00f3n do contrato no prazo non superior a quince d\u00edas h\u00e1biles a contar dende o seguinte \u00f3 da recepci\u00f3n do presente requerimento.<\/p>\n<p>\u00a0<\/p>\n<p>\u00a03. -Notificar a presente resoluci\u00f3n \u00f3s interesados, \u00f3 departamento de Intervenci\u00f3n, e proceder a s\u00faa publicaci\u00f3n as\u00ed como a da formalizaci\u00f3n no perfil do contratante municipal.<\/p>\n<p>\u00a0<\/p>\n<p>A Guarda, 5 de agosto de 2015\u00a0\u00a0\u00a0\u00a0 \u00a0\u00a0\u00a0\u00a0\u00a0\u00a0\u00a0\u00a0\u00a0\u00a0\u00a0\u00a0\u00a0\u00a0\u00a0\u00a0\u00a0\u00a0\u00a0\u00a0\u00a0\u00a0\u00a0\u00a0\u00a0\u00a0\u00a0\u00a0\u00a0\u00a0\u00a0\u00a0\u00a0\u00a0\u00a0\u00a0\u00a0\u00a0\u00a0\u00a0\u00a0\u00a0\u00a0\u00a0\u00a0\u00a0\u00a0\u00a0\u00a0\u00a0\u00a0\u00a0\u00a0\u00a0\u00a0\u00a0\u00a0\u00a0\u00a0\u00a0\u00a0\u00a0\u00a0\u00a0\u00a0\u00a0\u00a0\u00a0\u00a0\u00a0\u00a0\u00a0\u00a0\u00a0\u00a0\u00a0\u00a0\u00a0\u00a0\u00a0\u00a0\u00a0\u00a0<\/p>\n<p>O Alcalde en funci\u00f3ns<\/p>\n<p>Miguel A. Espa\u00f1ol Otero<\/p>\n","protected":false},"excerpt":{"rendered":"<p>DATA DE FORMALIZACI\u00d3N: 20\/08\/2015 DECRETO\u00a0 0592\/2015 Resoluci\u00f3n da Alcald\u00eda de\u00a0 5 DE AGOSTO DE 2015 \u00a0 CONSIDERANDO que mediante Decreto 289\/2015, de 6 de maio, aprobouse a apertura do procedemento de adxudicaci\u00f3n do servizo \u201cXESTI\u00d3N DA ESCOLA INFANTIL MUNICIPAL DO &hellip; <\/p>\n","protected":false},"author":1,"featured_media":0,"comment_status":"open","ping_status":"open","sticky":false,"template":"","format":"standard","meta":[],"categories":[27],"tags":[],"yoast_head":"<!-- This site is optimized with the Yoast SEO plugin v21.1 - https:\/\/yoast.com\/wordpress\/plugins\/seo\/ -->\n<title>Xesti\u00f3n da escola infantil municipal do Concello da Guarda - Concello da Guarda<\/title>\n<meta name=\"robots\" content=\"index, follow, max-snippet:-1, max-image-preview:large, max-video-preview:-1\" \/>\n<link rel=\"canonical\" href=\"https:\/\/www.aguarda.es\/en\/xestion-da-escola-infantil-municipal-do-concello-da-guarda\/\" \/>\n<meta property=\"og:locale\" content=\"en_US\" \/>\n<meta property=\"og:type\" content=\"article\" \/>\n<meta property=\"og:title\" content=\"Xesti\u00f3n da escola infantil municipal do Concello da Guarda - Concello da Guarda\" \/>\n<meta property=\"og:description\" content=\"DATA DE FORMALIZACI\u00d3N: 20\/08\/2015 DECRETO\u00a0 0592\/2015 Resoluci\u00f3n da Alcald\u00eda de\u00a0 5 DE AGOSTO DE 2015 \u00a0 CONSIDERANDO que mediante Decreto 289\/2015, de 6 de maio, aprobouse a apertura do procedemento de adxudicaci\u00f3n do servizo \u201cXESTI\u00d3N DA ESCOLA INFANTIL MUNICIPAL DO &hellip;\" \/>\n<meta property=\"og:url\" content=\"https:\/\/www.aguarda.es\/en\/xestion-da-escola-infantil-municipal-do-concello-da-guarda\/\" \/>\n<meta property=\"og:site_name\" content=\"Concello da Guarda\" \/>\n<meta property=\"article:publisher\" content=\"https:\/\/www.facebook.com\/ConcellodaGuarda\" \/>\n<meta property=\"article:published_time\" content=\"2015-08-20T13:01:21+00:00\" \/>\n<meta property=\"og:image\" content=\"https:\/\/www.aguarda.es\/wp-content\/uploads\/2017\/06\/escudo-full-2.jpg\" \/>\n\t<meta property=\"og:image:width\" content=\"1135\" \/>\n\t<meta property=\"og:image:height\" content=\"712\" \/>\n\t<meta property=\"og:image:type\" content=\"image\/jpeg\" \/>\n<meta name=\"author\" content=\"Concello\" \/>\n<meta name=\"twitter:card\" content=\"summary_large_image\" \/>\n<meta name=\"twitter:creator\" content=\"@AGuarda_es\" \/>\n<meta name=\"twitter:site\" content=\"@AGuarda_es\" \/>\n<meta name=\"twitter:label1\" content=\"Written by\" \/>\n\t<meta name=\"twitter:data1\" content=\"Concello\" \/>\n\t<meta name=\"twitter:label2\" content=\"Est. reading time\" \/>\n\t<meta name=\"twitter:data2\" content=\"2 minutes\" \/>\n<script type=\"application\/ld+json\" class=\"yoast-schema-graph\">{\"@context\":\"https:\/\/schema.org\",\"@graph\":[{\"@type\":\"WebPage\",\"@id\":\"https:\/\/www.aguarda.es\/en\/xestion-da-escola-infantil-municipal-do-concello-da-guarda\/\",\"url\":\"https:\/\/www.aguarda.es\/en\/xestion-da-escola-infantil-municipal-do-concello-da-guarda\/\",\"name\":\"Xesti\u00f3n da escola infantil municipal do Concello da Guarda - Concello da Guarda\",\"isPartOf\":{\"@id\":\"https:\/\/www.aguarda.es\/en\/#website\"},\"datePublished\":\"2015-08-20T13:01:21+00:00\",\"dateModified\":\"2015-08-20T13:01:21+00:00\",\"author\":{\"@id\":\"https:\/\/www.aguarda.es\/en\/#\/schema\/person\/ac30f4d74843174f0af56c730f74dd57\"},\"breadcrumb\":{\"@id\":\"https:\/\/www.aguarda.es\/en\/xestion-da-escola-infantil-municipal-do-concello-da-guarda\/#breadcrumb\"},\"inLanguage\":\"en-US\",\"potentialAction\":[{\"@type\":\"ReadAction\",\"target\":[\"https:\/\/www.aguarda.es\/en\/xestion-da-escola-infantil-municipal-do-concello-da-guarda\/\"]}]},{\"@type\":\"BreadcrumbList\",\"@id\":\"https:\/\/www.aguarda.es\/en\/xestion-da-escola-infantil-municipal-do-concello-da-guarda\/#breadcrumb\",\"itemListElement\":[{\"@type\":\"ListItem\",\"position\":1,\"name\":\"Portada\",\"item\":\"https:\/\/www.aguarda.es\/en\/\"},{\"@type\":\"ListItem\",\"position\":2,\"name\":\"Xesti\u00f3n da escola infantil municipal do Concello da Guarda\"}]},{\"@type\":\"WebSite\",\"@id\":\"https:\/\/www.aguarda.es\/en\/#website\",\"url\":\"https:\/\/www.aguarda.es\/en\/\",\"name\":\"Concello da Guarda\",\"description\":\"P\u00e1xina web do concello da Guarda\",\"potentialAction\":[{\"@type\":\"SearchAction\",\"target\":{\"@type\":\"EntryPoint\",\"urlTemplate\":\"https:\/\/www.aguarda.es\/en\/?s={search_term_string}\"},\"query-input\":\"required name=search_term_string\"}],\"inLanguage\":\"en-US\"},{\"@type\":\"Person\",\"@id\":\"https:\/\/www.aguarda.es\/en\/#\/schema\/person\/ac30f4d74843174f0af56c730f74dd57\",\"name\":\"Concello\",\"image\":{\"@type\":\"ImageObject\",\"inLanguage\":\"en-US\",\"@id\":\"https:\/\/www.aguarda.es\/en\/#\/schema\/person\/image\/\",\"url\":\"https:\/\/secure.gravatar.com\/avatar\/7eda12a04da40b2ef77eb62e68f07027?s=96&d=mm&r=g\",\"contentUrl\":\"https:\/\/secure.gravatar.com\/avatar\/7eda12a04da40b2ef77eb62e68f07027?s=96&d=mm&r=g\",\"caption\":\"Concello\"},\"url\":\"https:\/\/www.aguarda.es\/en\/author\/admin\/\"}]}<\/script>\n<!-- \/ Yoast SEO plugin. -->","yoast_head_json":{"title":"Xesti\u00f3n da escola infantil municipal do Concello da Guarda - Concello da Guarda","robots":{"index":"index","follow":"follow","max-snippet":"max-snippet:-1","max-image-preview":"max-image-preview:large","max-video-preview":"max-video-preview:-1"},"canonical":"https:\/\/www.aguarda.es\/en\/xestion-da-escola-infantil-municipal-do-concello-da-guarda\/","og_locale":"en_US","og_type":"article","og_title":"Xesti\u00f3n da escola infantil municipal do Concello da Guarda - Concello da Guarda","og_description":"DATA DE FORMALIZACI\u00d3N: 20\/08\/2015 DECRETO\u00a0 0592\/2015 Resoluci\u00f3n da Alcald\u00eda de\u00a0 5 DE AGOSTO DE 2015 \u00a0 CONSIDERANDO que mediante Decreto 289\/2015, de 6 de maio, aprobouse a apertura do procedemento de adxudicaci\u00f3n do servizo \u201cXESTI\u00d3N DA ESCOLA INFANTIL MUNICIPAL DO &hellip;","og_url":"https:\/\/www.aguarda.es\/en\/xestion-da-escola-infantil-municipal-do-concello-da-guarda\/","og_site_name":"Concello da Guarda","article_publisher":"https:\/\/www.facebook.com\/ConcellodaGuarda","article_published_time":"2015-08-20T13:01:21+00:00","og_image":[{"width":1135,"height":712,"url":"https:\/\/www.aguarda.es\/wp-content\/uploads\/2017\/06\/escudo-full-2.jpg","type":"image\/jpeg"}],"author":"Concello","twitter_card":"summary_large_image","twitter_creator":"@AGuarda_es","twitter_site":"@AGuarda_es","twitter_misc":{"Written by":"Concello","Est. reading time":"2 minutes"},"schema":{"@context":"https:\/\/schema.org","@graph":[{"@type":"WebPage","@id":"https:\/\/www.aguarda.es\/en\/xestion-da-escola-infantil-municipal-do-concello-da-guarda\/","url":"https:\/\/www.aguarda.es\/en\/xestion-da-escola-infantil-municipal-do-concello-da-guarda\/","name":"Xesti\u00f3n da escola infantil municipal do Concello da Guarda - Concello da Guarda","isPartOf":{"@id":"https:\/\/www.aguarda.es\/en\/#website"},"datePublished":"2015-08-20T13:01:21+00:00","dateModified":"2015-08-20T13:01:21+00:00","author":{"@id":"https:\/\/www.aguarda.es\/en\/#\/schema\/person\/ac30f4d74843174f0af56c730f74dd57"},"breadcrumb":{"@id":"https:\/\/www.aguarda.es\/en\/xestion-da-escola-infantil-municipal-do-concello-da-guarda\/#breadcrumb"},"inLanguage":"en-US","potentialAction":[{"@type":"ReadAction","target":["https:\/\/www.aguarda.es\/en\/xestion-da-escola-infantil-municipal-do-concello-da-guarda\/"]}]},{"@type":"BreadcrumbList","@id":"https:\/\/www.aguarda.es\/en\/xestion-da-escola-infantil-municipal-do-concello-da-guarda\/#breadcrumb","itemListElement":[{"@type":"ListItem","position":1,"name":"Portada","item":"https:\/\/www.aguarda.es\/en\/"},{"@type":"ListItem","position":2,"name":"Xesti\u00f3n da escola infantil municipal do Concello da Guarda"}]},{"@type":"WebSite","@id":"https:\/\/www.aguarda.es\/en\/#website","url":"https:\/\/www.aguarda.es\/en\/","name":"Concello da Guarda","description":"P\u00e1xina web do concello da Guarda","potentialAction":[{"@type":"SearchAction","target":{"@type":"EntryPoint","urlTemplate":"https:\/\/www.aguarda.es\/en\/?s={search_term_string}"},"query-input":"required name=search_term_string"}],"inLanguage":"en-US"},{"@type":"Person","@id":"https:\/\/www.aguarda.es\/en\/#\/schema\/person\/ac30f4d74843174f0af56c730f74dd57","name":"Concello","image":{"@type":"ImageObject","inLanguage":"en-US","@id":"https:\/\/www.aguarda.es\/en\/#\/schema\/person\/image\/","url":"https:\/\/secure.gravatar.com\/avatar\/7eda12a04da40b2ef77eb62e68f07027?s=96&d=mm&r=g","contentUrl":"https:\/\/secure.gravatar.com\/avatar\/7eda12a04da40b2ef77eb62e68f07027?s=96&d=mm&r=g","caption":"Concello"},"url":"https:\/\/www.aguarda.es\/en\/author\/admin\/"}]}},"_links":{"self":[{"href":"https:\/\/www.aguarda.es\/en\/wp-json\/wp\/v2\/posts\/1128"}],"collection":[{"href":"https:\/\/www.aguarda.es\/en\/wp-json\/wp\/v2\/posts"}],"about":[{"href":"https:\/\/www.aguarda.es\/en\/wp-json\/wp\/v2\/types\/post"}],"author":[{"embeddable":true,"href":"https:\/\/www.aguarda.es\/en\/wp-json\/wp\/v2\/users\/1"}],"replies":[{"embeddable":true,"href":"https:\/\/www.aguarda.es\/en\/wp-json\/wp\/v2\/comments?post=1128"}],"version-history":[{"count":0,"href":"https:\/\/www.aguarda.es\/en\/wp-json\/wp\/v2\/posts\/1128\/revisions"}],"wp:attachment":[{"href":"https:\/\/www.aguarda.es\/en\/wp-json\/wp\/v2\/media?parent=1128"}],"wp:term":[{"taxonomy":"category","embeddable":true,"href":"https:\/\/www.aguarda.es\/en\/wp-json\/wp\/v2\/categories?post=1128"},{"taxonomy":"post_tag","embeddable":true,"href":"https:\/\/www.aguarda.es\/en\/wp-json\/wp\/v2\/tags?post=1128"}],"curies":[{"name":"wp","href":"https:\/\/api.w.org\/{rel}","templated":true}]}}