{"id":1129,"date":"2015-08-20T13:04:33","date_gmt":"2015-08-20T13:04:33","guid":{"rendered":"https:\/\/www.aguarda.es\/?p=1129"},"modified":"2015-08-20T13:04:33","modified_gmt":"2015-08-20T13:04:33","slug":"mesa-de-contratacion-no-procedemento-aberto-para-contratacion-do-servizo-de-mantemento-de-xardins-e-zonas-verdes-do-concello-da-guarda","status":"publish","type":"post","link":"https:\/\/www.aguarda.es\/en\/mesa-de-contratacion-no-procedemento-aberto-para-contratacion-do-servizo-de-mantemento-de-xardins-e-zonas-verdes-do-concello-da-guarda\/","title":{"rendered":"MESA DE CONTRATACI\u00d3N NO PROCEDEMENTO ABERTO PARA CONTRATACI\u00d3N DO SERVIZO DE \u201cMANTEMENTO DE XARD\u00cdNS E ZONAS VERDES DO CONCELLO DA GUARDA"},"content":{"rendered":"<p>A mesa de contrataci\u00f3n estar\u00e1 integrada do xeito seguinte:<\/p>\n<p>Presidente: Alcalde presidente do Concello ou Concelleiro en quen delegue.<\/p>\n<p>Vocais:<\/p>\n<ul>\n<li>D. Paulino Rodr\u00edguez Gonz\u00e1lez, Concelleiro responsable do Servizo.<\/li>\n<li>Dna. Montserrat Magallanes \u00c1lvarez, Concelleira do Grupo Municipal Socialista.<\/li>\n<li>Dna. Concepci\u00f3n Ortega Martinez, Concelleira do Grupo Municipal do PP (titular).<\/li>\n<li>D. Xan Lois Lomba Alonso, Concelleiro do Grupo Municipal do BNG (titular)<\/li>\n<li>D. Jos\u00e9 Luis Gil Vicente, Oficial do Departamento de Servizos do Concello da Guarda.<\/li>\n<li>Dna. Ana Llorca Maneiro, Interventora do Concello da Guarda, ou funcionario que legalmente a sustitua.<\/li>\n<li>D. Jos\u00e9 Carlos Martinez Crespo, Secretario Acctal. do Concello da Guarda, ou funcionario que legalmente o substitua.<\/li>\n<\/ul>\n<p>\u00a0<\/p>\n<p>Secretario da Mesa: D. Jos\u00e9 Maria Alvarez Alvarez (titular), ou funcionario que legalemente a substitua.<\/p>\n<p> A Mesa de contrataci\u00f3n proceder\u00e1, en sesi\u00f3n privada, a dar conta do informe da Xunta Consultiva de Contrataci\u00f3n Administrativa \u00e1s dez horas do 27 de agosto de 2015, no Sal\u00f3n de Plenos do Concello da Guarda.\u00a0 Seguidamente, en sesi\u00f3n xa p\u00fablica procederase \u00e1 apertura das ofertas presentadas polos licitadores.<br \/> Caber\u00e1 solicitar pola mesa de contrataci\u00f3n, cantos informes t\u00e9cnicos se consideren precisos e se relacionen co obxecto de contrato.<\/p>\n","protected":false},"excerpt":{"rendered":"<p>A mesa de contrataci\u00f3n estar\u00e1 integrada do xeito seguinte: Presidente: Alcalde presidente do Concello ou Concelleiro en quen delegue. Vocais: D. Paulino Rodr\u00edguez Gonz\u00e1lez, Concelleiro responsable do Servizo. Dna. Montserrat Magallanes \u00c1lvarez, Concelleira do Grupo Municipal Socialista. Dna. Concepci\u00f3n Ortega &hellip; <\/p>\n","protected":false},"author":1,"featured_media":0,"comment_status":"open","ping_status":"open","sticky":false,"template":"","format":"standard","meta":[],"categories":[31],"tags":[],"yoast_head":"<!-- This site is optimized with the Yoast SEO plugin v21.1 - https:\/\/yoast.com\/wordpress\/plugins\/seo\/ -->\n<title>MESA DE CONTRATACI\u00d3N NO PROCEDEMENTO ABERTO PARA CONTRATACI\u00d3N DO SERVIZO DE \u201cMANTEMENTO DE XARD\u00cdNS E ZONAS VERDES DO CONCELLO DA GUARDA - Concello da Guarda<\/title>\n<meta name=\"robots\" content=\"index, follow, max-snippet:-1, max-image-preview:large, max-video-preview:-1\" \/>\n<link rel=\"canonical\" href=\"https:\/\/www.aguarda.es\/en\/mesa-de-contratacion-no-procedemento-aberto-para-contratacion-do-servizo-de-mantemento-de-xardins-e-zonas-verdes-do-concello-da-guarda\/\" \/>\n<meta property=\"og:locale\" content=\"en_US\" \/>\n<meta property=\"og:type\" content=\"article\" \/>\n<meta property=\"og:title\" content=\"MESA DE CONTRATACI\u00d3N NO PROCEDEMENTO ABERTO PARA CONTRATACI\u00d3N DO SERVIZO DE \u201cMANTEMENTO DE XARD\u00cdNS E ZONAS VERDES DO CONCELLO DA GUARDA - Concello da Guarda\" \/>\n<meta property=\"og:description\" content=\"A mesa de contrataci\u00f3n estar\u00e1 integrada do xeito seguinte: Presidente: Alcalde presidente do Concello ou Concelleiro en quen delegue. Vocais: D. Paulino Rodr\u00edguez Gonz\u00e1lez, Concelleiro responsable do Servizo. Dna. Montserrat Magallanes \u00c1lvarez, Concelleira do Grupo Municipal Socialista. Dna. Concepci\u00f3n Ortega &hellip;\" \/>\n<meta property=\"og:url\" content=\"https:\/\/www.aguarda.es\/en\/mesa-de-contratacion-no-procedemento-aberto-para-contratacion-do-servizo-de-mantemento-de-xardins-e-zonas-verdes-do-concello-da-guarda\/\" \/>\n<meta property=\"og:site_name\" content=\"Concello da Guarda\" \/>\n<meta property=\"article:publisher\" content=\"https:\/\/www.facebook.com\/ConcellodaGuarda\" \/>\n<meta property=\"article:published_time\" content=\"2015-08-20T13:04:33+00:00\" \/>\n<meta property=\"og:image\" content=\"https:\/\/www.aguarda.es\/wp-content\/uploads\/2017\/06\/escudo-full-2.jpg\" \/>\n\t<meta property=\"og:image:width\" content=\"1135\" \/>\n\t<meta property=\"og:image:height\" content=\"712\" \/>\n\t<meta property=\"og:image:type\" content=\"image\/jpeg\" \/>\n<meta name=\"author\" content=\"Concello\" \/>\n<meta name=\"twitter:card\" content=\"summary_large_image\" \/>\n<meta name=\"twitter:creator\" content=\"@AGuarda_es\" \/>\n<meta name=\"twitter:site\" content=\"@AGuarda_es\" \/>\n<meta name=\"twitter:label1\" content=\"Written by\" \/>\n\t<meta name=\"twitter:data1\" content=\"Concello\" \/>\n\t<meta name=\"twitter:label2\" content=\"Est. reading time\" \/>\n\t<meta name=\"twitter:data2\" content=\"1 minute\" \/>\n<script type=\"application\/ld+json\" class=\"yoast-schema-graph\">{\"@context\":\"https:\/\/schema.org\",\"@graph\":[{\"@type\":\"WebPage\",\"@id\":\"https:\/\/www.aguarda.es\/en\/mesa-de-contratacion-no-procedemento-aberto-para-contratacion-do-servizo-de-mantemento-de-xardins-e-zonas-verdes-do-concello-da-guarda\/\",\"url\":\"https:\/\/www.aguarda.es\/en\/mesa-de-contratacion-no-procedemento-aberto-para-contratacion-do-servizo-de-mantemento-de-xardins-e-zonas-verdes-do-concello-da-guarda\/\",\"name\":\"MESA DE CONTRATACI\u00d3N NO PROCEDEMENTO ABERTO PARA CONTRATACI\u00d3N DO SERVIZO DE \u201cMANTEMENTO DE XARD\u00cdNS E ZONAS VERDES DO CONCELLO DA GUARDA - Concello da Guarda\",\"isPartOf\":{\"@id\":\"https:\/\/www.aguarda.es\/en\/#website\"},\"datePublished\":\"2015-08-20T13:04:33+00:00\",\"dateModified\":\"2015-08-20T13:04:33+00:00\",\"author\":{\"@id\":\"https:\/\/www.aguarda.es\/en\/#\/schema\/person\/ac30f4d74843174f0af56c730f74dd57\"},\"breadcrumb\":{\"@id\":\"https:\/\/www.aguarda.es\/en\/mesa-de-contratacion-no-procedemento-aberto-para-contratacion-do-servizo-de-mantemento-de-xardins-e-zonas-verdes-do-concello-da-guarda\/#breadcrumb\"},\"inLanguage\":\"en-US\",\"potentialAction\":[{\"@type\":\"ReadAction\",\"target\":[\"https:\/\/www.aguarda.es\/en\/mesa-de-contratacion-no-procedemento-aberto-para-contratacion-do-servizo-de-mantemento-de-xardins-e-zonas-verdes-do-concello-da-guarda\/\"]}]},{\"@type\":\"BreadcrumbList\",\"@id\":\"https:\/\/www.aguarda.es\/en\/mesa-de-contratacion-no-procedemento-aberto-para-contratacion-do-servizo-de-mantemento-de-xardins-e-zonas-verdes-do-concello-da-guarda\/#breadcrumb\",\"itemListElement\":[{\"@type\":\"ListItem\",\"position\":1,\"name\":\"Portada\",\"item\":\"https:\/\/www.aguarda.es\/en\/\"},{\"@type\":\"ListItem\",\"position\":2,\"name\":\"MESA DE CONTRATACI\u00d3N NO PROCEDEMENTO ABERTO PARA CONTRATACI\u00d3N DO SERVIZO DE \u201cMANTEMENTO DE XARD\u00cdNS E ZONAS VERDES DO CONCELLO DA GUARDA\"}]},{\"@type\":\"WebSite\",\"@id\":\"https:\/\/www.aguarda.es\/en\/#website\",\"url\":\"https:\/\/www.aguarda.es\/en\/\",\"name\":\"Concello da Guarda\",\"description\":\"P\u00e1xina web do concello da Guarda\",\"potentialAction\":[{\"@type\":\"SearchAction\",\"target\":{\"@type\":\"EntryPoint\",\"urlTemplate\":\"https:\/\/www.aguarda.es\/en\/?s={search_term_string}\"},\"query-input\":\"required name=search_term_string\"}],\"inLanguage\":\"en-US\"},{\"@type\":\"Person\",\"@id\":\"https:\/\/www.aguarda.es\/en\/#\/schema\/person\/ac30f4d74843174f0af56c730f74dd57\",\"name\":\"Concello\",\"image\":{\"@type\":\"ImageObject\",\"inLanguage\":\"en-US\",\"@id\":\"https:\/\/www.aguarda.es\/en\/#\/schema\/person\/image\/\",\"url\":\"https:\/\/secure.gravatar.com\/avatar\/7eda12a04da40b2ef77eb62e68f07027?s=96&d=mm&r=g\",\"contentUrl\":\"https:\/\/secure.gravatar.com\/avatar\/7eda12a04da40b2ef77eb62e68f07027?s=96&d=mm&r=g\",\"caption\":\"Concello\"},\"url\":\"https:\/\/www.aguarda.es\/en\/author\/admin\/\"}]}<\/script>\n<!-- \/ Yoast SEO plugin. -->","yoast_head_json":{"title":"MESA DE CONTRATACI\u00d3N NO PROCEDEMENTO ABERTO PARA CONTRATACI\u00d3N DO SERVIZO DE \u201cMANTEMENTO DE XARD\u00cdNS E ZONAS VERDES DO CONCELLO DA GUARDA - Concello da Guarda","robots":{"index":"index","follow":"follow","max-snippet":"max-snippet:-1","max-image-preview":"max-image-preview:large","max-video-preview":"max-video-preview:-1"},"canonical":"https:\/\/www.aguarda.es\/en\/mesa-de-contratacion-no-procedemento-aberto-para-contratacion-do-servizo-de-mantemento-de-xardins-e-zonas-verdes-do-concello-da-guarda\/","og_locale":"en_US","og_type":"article","og_title":"MESA DE CONTRATACI\u00d3N NO PROCEDEMENTO ABERTO PARA CONTRATACI\u00d3N DO SERVIZO DE \u201cMANTEMENTO DE XARD\u00cdNS E ZONAS VERDES DO CONCELLO DA GUARDA - Concello da Guarda","og_description":"A mesa de contrataci\u00f3n estar\u00e1 integrada do xeito seguinte: Presidente: Alcalde presidente do Concello ou Concelleiro en quen delegue. Vocais: D. Paulino Rodr\u00edguez Gonz\u00e1lez, Concelleiro responsable do Servizo. Dna. Montserrat Magallanes \u00c1lvarez, Concelleira do Grupo Municipal Socialista. Dna. Concepci\u00f3n Ortega &hellip;","og_url":"https:\/\/www.aguarda.es\/en\/mesa-de-contratacion-no-procedemento-aberto-para-contratacion-do-servizo-de-mantemento-de-xardins-e-zonas-verdes-do-concello-da-guarda\/","og_site_name":"Concello da Guarda","article_publisher":"https:\/\/www.facebook.com\/ConcellodaGuarda","article_published_time":"2015-08-20T13:04:33+00:00","og_image":[{"width":1135,"height":712,"url":"https:\/\/www.aguarda.es\/wp-content\/uploads\/2017\/06\/escudo-full-2.jpg","type":"image\/jpeg"}],"author":"Concello","twitter_card":"summary_large_image","twitter_creator":"@AGuarda_es","twitter_site":"@AGuarda_es","twitter_misc":{"Written by":"Concello","Est. reading time":"1 minute"},"schema":{"@context":"https:\/\/schema.org","@graph":[{"@type":"WebPage","@id":"https:\/\/www.aguarda.es\/en\/mesa-de-contratacion-no-procedemento-aberto-para-contratacion-do-servizo-de-mantemento-de-xardins-e-zonas-verdes-do-concello-da-guarda\/","url":"https:\/\/www.aguarda.es\/en\/mesa-de-contratacion-no-procedemento-aberto-para-contratacion-do-servizo-de-mantemento-de-xardins-e-zonas-verdes-do-concello-da-guarda\/","name":"MESA DE CONTRATACI\u00d3N NO PROCEDEMENTO ABERTO PARA CONTRATACI\u00d3N DO SERVIZO DE \u201cMANTEMENTO DE XARD\u00cdNS E ZONAS VERDES DO CONCELLO DA GUARDA - Concello da Guarda","isPartOf":{"@id":"https:\/\/www.aguarda.es\/en\/#website"},"datePublished":"2015-08-20T13:04:33+00:00","dateModified":"2015-08-20T13:04:33+00:00","author":{"@id":"https:\/\/www.aguarda.es\/en\/#\/schema\/person\/ac30f4d74843174f0af56c730f74dd57"},"breadcrumb":{"@id":"https:\/\/www.aguarda.es\/en\/mesa-de-contratacion-no-procedemento-aberto-para-contratacion-do-servizo-de-mantemento-de-xardins-e-zonas-verdes-do-concello-da-guarda\/#breadcrumb"},"inLanguage":"en-US","potentialAction":[{"@type":"ReadAction","target":["https:\/\/www.aguarda.es\/en\/mesa-de-contratacion-no-procedemento-aberto-para-contratacion-do-servizo-de-mantemento-de-xardins-e-zonas-verdes-do-concello-da-guarda\/"]}]},{"@type":"BreadcrumbList","@id":"https:\/\/www.aguarda.es\/en\/mesa-de-contratacion-no-procedemento-aberto-para-contratacion-do-servizo-de-mantemento-de-xardins-e-zonas-verdes-do-concello-da-guarda\/#breadcrumb","itemListElement":[{"@type":"ListItem","position":1,"name":"Portada","item":"https:\/\/www.aguarda.es\/en\/"},{"@type":"ListItem","position":2,"name":"MESA DE CONTRATACI\u00d3N NO PROCEDEMENTO ABERTO PARA CONTRATACI\u00d3N DO SERVIZO DE \u201cMANTEMENTO DE XARD\u00cdNS E ZONAS VERDES DO CONCELLO DA GUARDA"}]},{"@type":"WebSite","@id":"https:\/\/www.aguarda.es\/en\/#website","url":"https:\/\/www.aguarda.es\/en\/","name":"Concello da Guarda","description":"P\u00e1xina web do concello da Guarda","potentialAction":[{"@type":"SearchAction","target":{"@type":"EntryPoint","urlTemplate":"https:\/\/www.aguarda.es\/en\/?s={search_term_string}"},"query-input":"required name=search_term_string"}],"inLanguage":"en-US"},{"@type":"Person","@id":"https:\/\/www.aguarda.es\/en\/#\/schema\/person\/ac30f4d74843174f0af56c730f74dd57","name":"Concello","image":{"@type":"ImageObject","inLanguage":"en-US","@id":"https:\/\/www.aguarda.es\/en\/#\/schema\/person\/image\/","url":"https:\/\/secure.gravatar.com\/avatar\/7eda12a04da40b2ef77eb62e68f07027?s=96&d=mm&r=g","contentUrl":"https:\/\/secure.gravatar.com\/avatar\/7eda12a04da40b2ef77eb62e68f07027?s=96&d=mm&r=g","caption":"Concello"},"url":"https:\/\/www.aguarda.es\/en\/author\/admin\/"}]}},"_links":{"self":[{"href":"https:\/\/www.aguarda.es\/en\/wp-json\/wp\/v2\/posts\/1129"}],"collection":[{"href":"https:\/\/www.aguarda.es\/en\/wp-json\/wp\/v2\/posts"}],"about":[{"href":"https:\/\/www.aguarda.es\/en\/wp-json\/wp\/v2\/types\/post"}],"author":[{"embeddable":true,"href":"https:\/\/www.aguarda.es\/en\/wp-json\/wp\/v2\/users\/1"}],"replies":[{"embeddable":true,"href":"https:\/\/www.aguarda.es\/en\/wp-json\/wp\/v2\/comments?post=1129"}],"version-history":[{"count":0,"href":"https:\/\/www.aguarda.es\/en\/wp-json\/wp\/v2\/posts\/1129\/revisions"}],"wp:attachment":[{"href":"https:\/\/www.aguarda.es\/en\/wp-json\/wp\/v2\/media?parent=1129"}],"wp:term":[{"taxonomy":"category","embeddable":true,"href":"https:\/\/www.aguarda.es\/en\/wp-json\/wp\/v2\/categories?post=1129"},{"taxonomy":"post_tag","embeddable":true,"href":"https:\/\/www.aguarda.es\/en\/wp-json\/wp\/v2\/tags?post=1129"}],"curies":[{"name":"wp","href":"https:\/\/api.w.org\/{rel}","templated":true}]}}