{"id":11329,"date":"2017-11-30T11:00:10","date_gmt":"2017-11-30T11:00:10","guid":{"rendered":"https:\/\/www.aguarda.es\/?p=11329"},"modified":"2017-11-30T11:00:52","modified_gmt":"2017-11-30T11:00:52","slug":"lista-definitiva-de-admitidos-no-proceso-da-lista-de-reserva-de-auxiliares-administrativos","status":"publish","type":"post","link":"https:\/\/www.aguarda.es\/en\/lista-definitiva-de-admitidos-no-proceso-da-lista-de-reserva-de-auxiliares-administrativos\/","title":{"rendered":"Lista definitiva de admitidos no proceso para a lista de reserva de auxiliares administrativos"},"content":{"rendered":"<p style=\"text-align: justify\"><strong><a href=\"https:\/\/www.aguarda.es\/wp-content\/uploads\/2017\/11\/DECRETO-2017-1015-DECRETO-COA-LISTA-DE-ADMITIDOS-PARA-O-PROCESO-SELECTIVO-DUNHA-LISTA-DE-RESERVA-DE-AUXILIARES-ADMINISTRATIVOS.-DATA-E-LUGAR-DA-PROBA.-CONFIGURACI%C3%93N-DO-TRIBUNAL.pdf\">RESOLUCI\u00d3N DA ALCALD\u00cdA<\/a> POLA QUE SE APROBA A LISTA DEFINITIVA DE ADMITIDOS NO PROCESO SELECTIVO PARA A FORMACI\u00d3N DUNHA LISTA DE RESERVA PARA A PROVISI\u00d3N INTERINA DE PRAZAS DE AUXILIAR ADMINISTRATIVO DE ADMINISTRACI\u00d3N XERAL, DETERMINACI\u00d3N DO LUGAR, DATA E HORA DA PRIMEIRA PROBA. COMPOSICI\u00d3N DO TRIBUNAL CUALIFICADOR.<\/strong><\/p>\n<p style=\"text-align: justify\">Aprobadas mediante Decreto 701\/2017, de 18 de setembro, as bases reguladoras do proceso selectivo para a formaci\u00f3n dunha lista de reserva para a provisi\u00f3n interina de prazas de auxiliar administrativo de Administraci\u00f3n Xeral, encadradas no grupo C, subgrupo C-2 , e rematado o prazo para a presentaci\u00f3n de solicitudes polos interesados, e de conformidade coas bases da convocatoria e co artigo 21.1.g) da Lei 7\/1985, de 2 de abril, de Bases do R\u00e9xime Local, RESOLVO:<\/p>\n<p style=\"text-align: justify\">1.- Aprobar a seguinte lista provisional de admitidos, que \u00f3 non haber excluidos \u00e9 definitiva:<\/p>\n<p style=\"text-align: justify\"><strong>ADMITIDOS (por orde de entrada no rexistro)<\/strong><br \/>\n1. PINTOS COMESA\u00d1A JAVIER<br \/>\n2. L\u00d3PEZ TEIJEIRO, ZITA<br \/>\n3. ORD\u00d3\u00d1EZ DEL PAZO, TATIANA<br \/>\n4. SILVA FERN\u00c1NDEZ, ALEJANDRA<br \/>\n5. CAMPOS LAGES, FLAVIA<br \/>\n6. CAMPOS RIVAS, LAURA<br \/>\n7. RODR\u00cdGUEZ VILLANUEVA, PATRICIA<br \/>\n8. MOURI\u00d1O TABOADA, ANTONIO<br \/>\n9. GONZ\u00c1LEZ PACHECO, SARA<br \/>\n10. PEREIRA SABARIZ, RUB\u00c9N<br \/>\n11. RODR\u00cdGUEZ CRUZ, KARIMA<br \/>\n12. GONZ\u00c1LEZ-ALMUI\u00d1A LESTA, CRISTINA<br \/>\n13. BECEIRO RIVAS, DAVID<br \/>\n14. DACOSTA ARGIBAY, MAR\u00cdA JOS\u00c9<br \/>\n15. GONZ\u00c1LEZ RODR\u00cdGUEZ, SARA<br \/>\n16. FEIJOO FARI\u00d1A, SEGUNDO<br \/>\n17. MUNAIZ ALONSO, MERCEDES<br \/>\n18. VICENTE BOUZ\u00d3N, JORGE<br \/>\n19. RODAL BARREIRO, DIEGO<br \/>\n20. CURROS GONTAD, BEATRIZ<br \/>\n21. CAMPO CABALLERO, CRISTINA<br \/>\n22. T\u00c1BOAS V\u00c1ZQUEZ, ESTER<br \/>\n23. CASTRO NIETO, GEMMA<br \/>\n24. D\u00cdAZ M\u00c9NDEZ, DIEGO LUIS<br \/>\n25. FERN\u00c1NDEZ CORREA, LAURA<br \/>\n26. P\u00c9REZ P\u00c9REZ, M.\u00aa LUISA<br \/>\n27. SOBRINO ALONSO, M.\u00aa CONCEPCI\u00d3N<br \/>\n28. NOGALES MORAIS, ALBERTO<br \/>\n29. VICENTE DORNA, JUAN JOS\u00c9<br \/>\n30. SOBRINO GON\u00c7ALVES, ISABEL<br \/>\n31. GONZ\u00c1LEZ SOBRINO, JOS\u00c9 ALBERTO<br \/>\n32. TOB\u00cdO RODR\u00cdGUEZ, LARA<br \/>\n33. N\u00da\u00d1EZ PEDROSA, M.\u00aa DEL MAR<br \/>\n34. \u00c1LVAREZ ALONSO, JOS\u00c9<br \/>\n35. PACHECO ALONSO, INDALECIO<br \/>\n36. PI\u00d1EIRO V\u00c1ZQUEZ, MARIO<br \/>\n37. PAD\u00cdN TORRES, JOS\u00c9<br \/>\n38. G\u00d3MEZ OTERO, NURIA<br \/>\n39. RODR\u00cdGUEZ COLLAZO, ROSA<br \/>\n40. CU\u00d1A \u00c1LVAREZ, ANDR\u00c9S<br \/>\n41. CORBAL CASTRO, M.\u00aa DEL CARMEN<br \/>\n42. MONTOTO VARELA, ANA MAR\u00cdA<br \/>\n43. \u00c1LVAREZ RODR\u00cdGUEZ, RUTH<br \/>\n44. P\u00c9REZ GONZ\u00c1LEZ, ROBERTO<br \/>\n45. CABALEIRO MARI\u00d1O, DIEGO<br \/>\n46. FIGUEIRO ALFONSO, ALBERTO<br \/>\n47. \u00c1LVAREZ MART\u00cdNEZ, EVA<br \/>\n48. RODR\u00cdGUEZ GONZ\u00c1LEZ, NOELIA<br \/>\n49. OLALLA P\u00c9REZ, \u00c1NGELES<br \/>\n50. RODR\u00cdGUEZ IGLESIAS, PAULA<br \/>\n51. P\u00c9REZ FERN\u00c1NDEZ, AZAHARA<br \/>\n52. MART\u00cdNEZ BARBOSA, DIEGO<br \/>\n53. G\u00d3MEZ GARC\u00cdA, SALVADOR<br \/>\n54. MELO RIAL, J\u00c9SSICA<br \/>\n55. S\u00c1NCHEZ GONZ\u00c1LEZ, ANA MAR\u00cdA<br \/>\n56. MART\u00cdNEZ MARI\u00d1O, GABRIEL<br \/>\n57. FERN\u00c1NDEZ VILA, IRIA<br \/>\n58. GARC\u00cdA V\u00c1ZQUEZ, ELENA MARIEL<br \/>\n59. GONZ\u00c1LEZ CARREIRA, XAVIER<br \/>\n60. PORTAS MART\u00cdNEZ, MANUEL<br \/>\n61. FIGUEIRA LOSADA, COLUMBA<br \/>\n62. PINAL MOREIRA, ELVIRA<br \/>\n63. M\u00c9NDEZ VILLAR, M.\u00aa MERCEDES<br \/>\n64. RODR\u00cdGUEZ MART\u00cdNEZ, GUADALUPE<br \/>\n65. ABELLEIRA LENCE, SUSANA M.\u00aa<br \/>\n66. GREGORIO TABOADA, PABLO<br \/>\n67. VILAS PI\u00d1EIRO, M.\u00aa NIEVES<br \/>\n68. GIL BARBOSA, RAQUEL<br \/>\n69. MART\u00cdNEZ DA COSTA, VANESA<br \/>\n70. GONZ\u00c1LEZ SOLLEIRO, EDUARDO<br \/>\n71. ADROVER BAZ, ANA<br \/>\n72. VICENTE RODR\u00cdGUEZ, LORENA<br \/>\n73. TRABAZO GONZ\u00c1LEZ, SERGIO<br \/>\n74. GARRIDO FERN\u00c1NDEZ, ALBERTO<br \/>\n75. FERN\u00c1NDEZ RODR\u00cdGUEZ, JORGE<br \/>\n76. DOM\u00cdNGUEZ DA SILVA, ROSARIO<br \/>\n77. RODR\u00cdGUEZ SILVA, BEATRIZ<br \/>\n78. GUISANTES OTERO, PATRICIA<br \/>\n79. BAZ PACHECO, JOSEFINA<br \/>\n80. \u00c1LVAREZ CARRERA, SANDRA<br \/>\n81. IGLESIAS ENR\u00cdQUEZ, JOS\u00c9 LUIS<br \/>\n82. DOM\u00cdNGUEZ OTERO, MONTSERRAT<br \/>\n83. CORES HERMIDA, M.\u00aa AURORA<br \/>\n84. VEGA GARC\u00cdA, CATALINA<br \/>\n85. SU\u00c1REZ REFOYO, JOS\u00c9 VICENTE<br \/>\n86. PEREIRA EIR\u00cdN, GENARO<br \/>\n87. P\u00c9REZ RODR\u00cdGUEZ, VANESA<br \/>\n88. CID RODR\u00cdGUEZ, MELETINA<br \/>\n89. V\u00c1ZQUEZ SANCHEZ, SANDRA<br \/>\n90. \u00c1LVAREZ ESPA\u00d1OL, M.\u00aa JES\u00daS<br \/>\n91. FERN\u00c1NDEZ CASTRO, ALEJANDRO<br \/>\n92. MARI\u00d1O CASTRO, JOSE MANUEL<br \/>\n93. CARBALLO TRONCOSO, ALMUDENA<br \/>\n94. CARBALLO TRONCOSO, ROSARIO<br \/>\n95. GONZ\u00c1LEZ OTERO, MARGARET<br \/>\n96. GONZ\u00c1LEZ G\u00d3MEZ, REYES<br \/>\n97. ORTIZ CIDRE, ANDREA<br \/>\n98. GUERRA TEIGA, ROSA M.\u00aa<br \/>\n99. NOGUEIRA GARC\u00cdA, PATRICIA<br \/>\n100. BARROS LOIS, BEGO\u00d1A<br \/>\n101. PEREIRA MART\u00cdNEZ, MARTA<br \/>\n102. RODR\u00cdGUEZ PEREIRA, \u00c1NGELA<br \/>\n103. FERN\u00c1NDEZ RODR\u00cdGUEZ, RAQUEL<br \/>\n104. NIETO RODR\u00cdGUEZ, MARIOLA<br \/>\n105. GUIJARRO CASTELLANO, SILVIA<br \/>\n106. V\u00c1ZQUEZ LORENZO, CARMEN<br \/>\n107. REGADES RIVERA, ANA ISABEL<br \/>\n108. OTERO DEL R\u00cdO, ANA BEL\u00c9N<br \/>\n109. RIVERO MALVIDO, M.\u00aa DEL CARMEN<br \/>\n110. MART\u00cdNEZ \u00c1LVAREZ, SABINA<br \/>\n111. DOM\u00cdNGUEZ GON\u00c7ALVES, ANA LUZ<br \/>\n112. GONZ\u00c1LEZ PI\u00d1EDO, DANIEL<br \/>\n113. PI\u00d1EDO ANDR\u00c9S, M.\u00aa DEL ROSARIO<br \/>\n114. DOM\u00cdNGUEZ MART\u00cdNEZ, LUISA<br \/>\n115. GONZ\u00c1LEZ LOMBA, EVA MAR\u00cdA<br \/>\n116. BUJ\u00c1N GARC\u00cdA, NOELIA MAR\u00cdA<br \/>\n117. EST\u00c9VEZ NORES, ADA MAR\u00cdA<br \/>\n118. CHOUZA MARI\u00d1O, DOLORES DEL CARMEN<br \/>\n119. S\u00c1NCHEZ GONZ\u00c1LEZ, BEATRIZ<br \/>\n120. GALLEGO GONZ\u00c1LEZ, YANINA<br \/>\n121. LAMELA CONDE, OLGA<br \/>\n122. PRIETO FLORINES, ROSA ANA<br \/>\n123. GARC\u00cdA PEREIRA, NOELIA<br \/>\n124. BERMEJO D\u00cdAZ, ANA JOSEFINA<br \/>\n125. MISA RODR\u00cdGUEZ, PATRICIA<br \/>\n126. MART\u00cdNEZ P\u00c9REZ, M.\u00aa DEL CARMEN<br \/>\n127. GRAD\u00cdN FERN\u00c1NDEZ, PATRICIA<br \/>\n128. BELOSO CHAVES, AIRA<br \/>\n129. GUTI\u00c9RREZ VELO, ARTURO<br \/>\n130. LORENZO V\u00c1ZQUEZ, DIANA<br \/>\n131. \u00c1LVAREZ NI\u00d3N, IRIA<br \/>\n132. DA SILVA ESPA\u00d1OL, M.\u00aa PILAR<br \/>\n133. ALLEGUE TOSCANO, GONZALO<br \/>\n134. PEQUE\u00d1O RIOB\u00d3, ANA MAR\u00cdA<br \/>\n135. GONZ\u00c1LEZ L\u00d3PEZ, XOAN CARLOS<br \/>\n136. EST\u00c9VEZ GO\u00d1I, ASIER<br \/>\n137. CORTIZO CONDE, FRANCISCO<br \/>\n138. DOM\u00cdNGUEZ CID, MAR\u00cdA<br \/>\n139. BLANCO ABOLLO, PABLO<br \/>\n140. IGLESIAS BREA, CRISTINA<br \/>\n141. VIQUEIRA GARC\u00cdA, MARCOS<br \/>\n142. CORES ARAGUNDE, CECILIA<br \/>\n143. LORENZO RAM\u00cdREZ, M.\u00aa AR\u00c1NZAZU<br \/>\n144. PROL DORADO, ILIANA<br \/>\n145. FERN\u00c1NDEZ CONSTENLA, LUCIA<br \/>\n146. P\u00c9REZ FRAGA, SILVIA<br \/>\n147. IGLESIAS COSTA, SILVIA LORENA<br \/>\n148. ALONSO BARCIA, MARCOS<br \/>\n149. GONZ\u00c1LEZ DOM\u00cdNGUEZ, INMACULADA<br \/>\n150. RODR\u00cdGUEZ GONZ\u00c1LEZ, M\u00d3NICA<br \/>\n151. GONZ\u00c1LEZ GONZ\u00c1LEZ, SAMUEL<br \/>\n152. ARAUJO RODR\u00cdGUEZ,A DRI\u00c1N<br \/>\n153. DE MIRANDA VIGO, VIRGINIA<br \/>\n154. MART\u00cdNEZ MART\u00cdNEZ, MIGUEL<br \/>\n155. LORENZO PRADO, M.\u00aa DEL CARMEN<br \/>\n156. \u00c1LVAREZ PORTELA, PAULA<br \/>\n157. MAGARI\u00d1OS GONZ\u00c1LEZ, DIEGO<br \/>\n158. CARRERA RODR\u00cdGUEZ, IN\u00c9S<br \/>\n159. VARELA CARBALLUDE, EULALIA<br \/>\n160. V\u00c1ZQUEZ ARAUJO, M.\u00aa DOLORES<br \/>\n161. DORADO FIDALGO, PAULA<br \/>\n162. ALONSO FERN\u00c1NDEZ, YASMINA<\/p>\n<p style=\"text-align: justify\">2.- Convocar, mediante a publicaci\u00f3n desta resoluci\u00f3n no taboleiro de anuncios da sede electr\u00f3nica do Concello de A Guarda (aguarda.sedelectronica.gal) e na p\u00e1xina Web do Concello de A Guarda (www.aguarda.es), \u00f3s aspirantes admitidos \u00e1 realizaci\u00f3n da primeira proba do proceso selectivo, que ter\u00e1 lugar \u00e1s 17:00 horas do d\u00eda 13 de decembro de 2017 no IES A SANGRI\u00d1A (Paseo de Portugal).<\/p>\n<p style=\"text-align: justify\">3.- Designar o seguinte tribunal cualificador para este proceso selectivo:<br \/>\nPRESIDENTE: David Aragunde Arppe \u2013 Interventor do Concello da Guarda (titular); Juan Jos\u00e9 Parada Fern\u00e1ndez \u2013 Axente da Polic\u00eda Local do Concello da Guarda (suplente)<\/p>\n<p style=\"text-align: justify\">SECRETARIO: Jos\u00e9 M.\u00aa \u00c1lvarez \u00c1lvarez \u2013 Funcionario Admninistrativo do Departamento de Urbanismo do Concello da Guarda (titular); Manuel Angel Gonz\u00e1lez Mart\u00ednez \u2013 Axente da Polic\u00eda Local de A Guarda (suplente)<br \/>\nVOGAIS:<\/p>\n<p style=\"text-align: justify\">M.\u00aa Montserrat Mari\u00f1o \u00c1lvarez \u2013 Funcionaria Auxiliar Administrativa do Departamento de Secretar\u00eda do Concello da Guarda (titular); Jos\u00e9 Manuel D\u00edaz Cobal \u2013 Axente da Polic\u00eda Local de A Guarda (suplente)<\/p>\n<p style=\"text-align: justify\">Marcos Arean Gonz\u00e1lez \u2013 T\u00e9cnico de Xesti\u00f3n de Administraci\u00f3n Xeral de Deputaci\u00f3n Provincial de Pontevedra (titular); Juan Antonio Taboada Veiga \u2013 Oficial Xefe da Polic\u00eda Local de A Guarda<\/p>\n<p style=\"text-align: justify\">Ana M.\u00aa Gonz\u00e1lez Vuelta \u2013 Profesora do IES A Sangri\u00f1a (titular); Rafael Alonso Vicente \u2013 Axente da Polic\u00eda Local de A Guarda (suplente).<\/p>\n<p style=\"text-align: justify\">Os interesados poder\u00e1n recusar aos membros do Tribunal cualificador, no prazo de tres d\u00edas h\u00e1biles dende a publicaci\u00f3n da s\u00faa composici\u00f3n, cando, ao seu xu\u00edzo, concorra neles algunha das circunstancias previstas no artigo 23 Lei 40\/2015, de 1 de outubro, de R\u00e9xime Xur\u00eddico do Sector P\u00fablico.<\/p>\n<p>&nbsp;<\/p>\n","protected":false},"excerpt":{"rendered":"<p>RESOLUCI\u00d3N DA ALCALD\u00cdA POLA QUE SE APROBA A LISTA DEFINITIVA DE ADMITIDOS NO PROCESO SELECTIVO PARA A FORMACI\u00d3N DUNHA LISTA DE RESERVA PARA A PROVISI\u00d3N INTERINA DE PRAZAS DE AUXILIAR ADMINISTRATIVO DE ADMINISTRACI\u00d3N XERAL, DETERMINACI\u00d3N DO LUGAR, DATA E HORA &hellip; <\/p>\n","protected":false},"author":2,"featured_media":8850,"comment_status":"open","ping_status":"open","sticky":false,"template":"","format":"standard","meta":[],"categories":[33],"tags":[590,591,737,298],"yoast_head":"<!-- This site is optimized with the Yoast SEO plugin v21.1 - https:\/\/yoast.com\/wordpress\/plugins\/seo\/ -->\n<title>Lista definitiva de admitidos no proceso para a lista de reserva de auxiliares administrativos - Concello da Guarda<\/title>\n<meta name=\"robots\" content=\"index, follow, max-snippet:-1, max-image-preview:large, max-video-preview:-1\" \/>\n<link rel=\"canonical\" href=\"https:\/\/www.aguarda.es\/en\/lista-definitiva-de-admitidos-no-proceso-da-lista-de-reserva-de-auxiliares-administrativos\/\" \/>\n<meta property=\"og:locale\" content=\"en_US\" \/>\n<meta property=\"og:type\" content=\"article\" \/>\n<meta property=\"og:title\" content=\"Lista definitiva de admitidos no proceso para a lista de reserva de auxiliares administrativos - Concello da Guarda\" \/>\n<meta property=\"og:description\" content=\"RESOLUCI\u00d3N DA ALCALD\u00cdA POLA QUE SE APROBA A LISTA DEFINITIVA DE ADMITIDOS NO PROCESO SELECTIVO PARA A FORMACI\u00d3N DUNHA LISTA DE RESERVA PARA A PROVISI\u00d3N INTERINA DE PRAZAS DE AUXILIAR ADMINISTRATIVO DE ADMINISTRACI\u00d3N XERAL, DETERMINACI\u00d3N DO LUGAR, DATA E HORA &hellip;\" \/>\n<meta property=\"og:url\" content=\"https:\/\/www.aguarda.es\/en\/lista-definitiva-de-admitidos-no-proceso-da-lista-de-reserva-de-auxiliares-administrativos\/\" \/>\n<meta property=\"og:site_name\" content=\"Concello da Guarda\" \/>\n<meta property=\"article:publisher\" content=\"https:\/\/www.facebook.com\/ConcellodaGuarda\" \/>\n<meta property=\"article:published_time\" content=\"2017-11-30T11:00:10+00:00\" \/>\n<meta property=\"article:modified_time\" content=\"2017-11-30T11:00:52+00:00\" \/>\n<meta property=\"og:image\" content=\"https:\/\/www.aguarda.es\/wp-content\/uploads\/2017\/06\/escudo-full-2.jpg\" \/>\n\t<meta property=\"og:image:width\" content=\"1135\" \/>\n\t<meta property=\"og:image:height\" content=\"712\" \/>\n\t<meta property=\"og:image:type\" content=\"image\/jpeg\" \/>\n<meta name=\"author\" content=\"prensa\" \/>\n<meta name=\"twitter:card\" content=\"summary_large_image\" \/>\n<meta name=\"twitter:creator\" content=\"@AGuarda_es\" \/>\n<meta name=\"twitter:site\" content=\"@AGuarda_es\" \/>\n<meta name=\"twitter:label1\" content=\"Written by\" \/>\n\t<meta name=\"twitter:data1\" content=\"prensa\" \/>\n\t<meta name=\"twitter:label2\" content=\"Est. reading time\" \/>\n\t<meta name=\"twitter:data2\" content=\"6 minutes\" \/>\n<script type=\"application\/ld+json\" class=\"yoast-schema-graph\">{\"@context\":\"https:\/\/schema.org\",\"@graph\":[{\"@type\":\"WebPage\",\"@id\":\"https:\/\/www.aguarda.es\/en\/lista-definitiva-de-admitidos-no-proceso-da-lista-de-reserva-de-auxiliares-administrativos\/\",\"url\":\"https:\/\/www.aguarda.es\/en\/lista-definitiva-de-admitidos-no-proceso-da-lista-de-reserva-de-auxiliares-administrativos\/\",\"name\":\"Lista definitiva de admitidos no proceso para a lista de reserva de auxiliares administrativos - Concello da Guarda\",\"isPartOf\":{\"@id\":\"https:\/\/www.aguarda.es\/en\/#website\"},\"datePublished\":\"2017-11-30T11:00:10+00:00\",\"dateModified\":\"2017-11-30T11:00:52+00:00\",\"author\":{\"@id\":\"https:\/\/www.aguarda.es\/en\/#\/schema\/person\/c463ca3006858ffb349d11179d044f21\"},\"breadcrumb\":{\"@id\":\"https:\/\/www.aguarda.es\/en\/lista-definitiva-de-admitidos-no-proceso-da-lista-de-reserva-de-auxiliares-administrativos\/#breadcrumb\"},\"inLanguage\":\"en-US\",\"potentialAction\":[{\"@type\":\"ReadAction\",\"target\":[\"https:\/\/www.aguarda.es\/en\/lista-definitiva-de-admitidos-no-proceso-da-lista-de-reserva-de-auxiliares-administrativos\/\"]}]},{\"@type\":\"BreadcrumbList\",\"@id\":\"https:\/\/www.aguarda.es\/en\/lista-definitiva-de-admitidos-no-proceso-da-lista-de-reserva-de-auxiliares-administrativos\/#breadcrumb\",\"itemListElement\":[{\"@type\":\"ListItem\",\"position\":1,\"name\":\"Portada\",\"item\":\"https:\/\/www.aguarda.es\/en\/\"},{\"@type\":\"ListItem\",\"position\":2,\"name\":\"Lista definitiva de admitidos no proceso para a lista de reserva de auxiliares administrativos\"}]},{\"@type\":\"WebSite\",\"@id\":\"https:\/\/www.aguarda.es\/en\/#website\",\"url\":\"https:\/\/www.aguarda.es\/en\/\",\"name\":\"Concello da Guarda\",\"description\":\"P\u00e1xina web do concello da Guarda\",\"potentialAction\":[{\"@type\":\"SearchAction\",\"target\":{\"@type\":\"EntryPoint\",\"urlTemplate\":\"https:\/\/www.aguarda.es\/en\/?s={search_term_string}\"},\"query-input\":\"required name=search_term_string\"}],\"inLanguage\":\"en-US\"},{\"@type\":\"Person\",\"@id\":\"https:\/\/www.aguarda.es\/en\/#\/schema\/person\/c463ca3006858ffb349d11179d044f21\",\"name\":\"prensa\",\"image\":{\"@type\":\"ImageObject\",\"inLanguage\":\"en-US\",\"@id\":\"https:\/\/www.aguarda.es\/en\/#\/schema\/person\/image\/\",\"url\":\"https:\/\/secure.gravatar.com\/avatar\/5f90ef536b0f98306edf5c7a1135ffa1?s=96&d=mm&r=g\",\"contentUrl\":\"https:\/\/secure.gravatar.com\/avatar\/5f90ef536b0f98306edf5c7a1135ffa1?s=96&d=mm&r=g\",\"caption\":\"prensa\"},\"url\":\"https:\/\/www.aguarda.es\/en\/author\/prensa\/\"}]}<\/script>\n<!-- \/ Yoast SEO plugin. -->","yoast_head_json":{"title":"Lista definitiva de admitidos no proceso para a lista de reserva de auxiliares administrativos - Concello da Guarda","robots":{"index":"index","follow":"follow","max-snippet":"max-snippet:-1","max-image-preview":"max-image-preview:large","max-video-preview":"max-video-preview:-1"},"canonical":"https:\/\/www.aguarda.es\/en\/lista-definitiva-de-admitidos-no-proceso-da-lista-de-reserva-de-auxiliares-administrativos\/","og_locale":"en_US","og_type":"article","og_title":"Lista definitiva de admitidos no proceso para a lista de reserva de auxiliares administrativos - Concello da Guarda","og_description":"RESOLUCI\u00d3N DA ALCALD\u00cdA POLA QUE SE APROBA A LISTA DEFINITIVA DE ADMITIDOS NO PROCESO SELECTIVO PARA A FORMACI\u00d3N DUNHA LISTA DE RESERVA PARA A PROVISI\u00d3N INTERINA DE PRAZAS DE AUXILIAR ADMINISTRATIVO DE ADMINISTRACI\u00d3N XERAL, DETERMINACI\u00d3N DO LUGAR, DATA E HORA &hellip;","og_url":"https:\/\/www.aguarda.es\/en\/lista-definitiva-de-admitidos-no-proceso-da-lista-de-reserva-de-auxiliares-administrativos\/","og_site_name":"Concello da Guarda","article_publisher":"https:\/\/www.facebook.com\/ConcellodaGuarda","article_published_time":"2017-11-30T11:00:10+00:00","article_modified_time":"2017-11-30T11:00:52+00:00","og_image":[{"width":1135,"height":712,"url":"https:\/\/www.aguarda.es\/wp-content\/uploads\/2017\/06\/escudo-full-2.jpg","type":"image\/jpeg"}],"author":"prensa","twitter_card":"summary_large_image","twitter_creator":"@AGuarda_es","twitter_site":"@AGuarda_es","twitter_misc":{"Written by":"prensa","Est. reading time":"6 minutes"},"schema":{"@context":"https:\/\/schema.org","@graph":[{"@type":"WebPage","@id":"https:\/\/www.aguarda.es\/en\/lista-definitiva-de-admitidos-no-proceso-da-lista-de-reserva-de-auxiliares-administrativos\/","url":"https:\/\/www.aguarda.es\/en\/lista-definitiva-de-admitidos-no-proceso-da-lista-de-reserva-de-auxiliares-administrativos\/","name":"Lista definitiva de admitidos no proceso para a lista de reserva de auxiliares administrativos - Concello da Guarda","isPartOf":{"@id":"https:\/\/www.aguarda.es\/en\/#website"},"datePublished":"2017-11-30T11:00:10+00:00","dateModified":"2017-11-30T11:00:52+00:00","author":{"@id":"https:\/\/www.aguarda.es\/en\/#\/schema\/person\/c463ca3006858ffb349d11179d044f21"},"breadcrumb":{"@id":"https:\/\/www.aguarda.es\/en\/lista-definitiva-de-admitidos-no-proceso-da-lista-de-reserva-de-auxiliares-administrativos\/#breadcrumb"},"inLanguage":"en-US","potentialAction":[{"@type":"ReadAction","target":["https:\/\/www.aguarda.es\/en\/lista-definitiva-de-admitidos-no-proceso-da-lista-de-reserva-de-auxiliares-administrativos\/"]}]},{"@type":"BreadcrumbList","@id":"https:\/\/www.aguarda.es\/en\/lista-definitiva-de-admitidos-no-proceso-da-lista-de-reserva-de-auxiliares-administrativos\/#breadcrumb","itemListElement":[{"@type":"ListItem","position":1,"name":"Portada","item":"https:\/\/www.aguarda.es\/en\/"},{"@type":"ListItem","position":2,"name":"Lista definitiva de admitidos no proceso para a lista de reserva de auxiliares administrativos"}]},{"@type":"WebSite","@id":"https:\/\/www.aguarda.es\/en\/#website","url":"https:\/\/www.aguarda.es\/en\/","name":"Concello da Guarda","description":"P\u00e1xina web do concello da Guarda","potentialAction":[{"@type":"SearchAction","target":{"@type":"EntryPoint","urlTemplate":"https:\/\/www.aguarda.es\/en\/?s={search_term_string}"},"query-input":"required name=search_term_string"}],"inLanguage":"en-US"},{"@type":"Person","@id":"https:\/\/www.aguarda.es\/en\/#\/schema\/person\/c463ca3006858ffb349d11179d044f21","name":"prensa","image":{"@type":"ImageObject","inLanguage":"en-US","@id":"https:\/\/www.aguarda.es\/en\/#\/schema\/person\/image\/","url":"https:\/\/secure.gravatar.com\/avatar\/5f90ef536b0f98306edf5c7a1135ffa1?s=96&d=mm&r=g","contentUrl":"https:\/\/secure.gravatar.com\/avatar\/5f90ef536b0f98306edf5c7a1135ffa1?s=96&d=mm&r=g","caption":"prensa"},"url":"https:\/\/www.aguarda.es\/en\/author\/prensa\/"}]}},"_links":{"self":[{"href":"https:\/\/www.aguarda.es\/en\/wp-json\/wp\/v2\/posts\/11329"}],"collection":[{"href":"https:\/\/www.aguarda.es\/en\/wp-json\/wp\/v2\/posts"}],"about":[{"href":"https:\/\/www.aguarda.es\/en\/wp-json\/wp\/v2\/types\/post"}],"author":[{"embeddable":true,"href":"https:\/\/www.aguarda.es\/en\/wp-json\/wp\/v2\/users\/2"}],"replies":[{"embeddable":true,"href":"https:\/\/www.aguarda.es\/en\/wp-json\/wp\/v2\/comments?post=11329"}],"version-history":[{"count":5,"href":"https:\/\/www.aguarda.es\/en\/wp-json\/wp\/v2\/posts\/11329\/revisions"}],"predecessor-version":[{"id":11335,"href":"https:\/\/www.aguarda.es\/en\/wp-json\/wp\/v2\/posts\/11329\/revisions\/11335"}],"wp:featuredmedia":[{"embeddable":true,"href":"https:\/\/www.aguarda.es\/en\/wp-json\/wp\/v2\/media\/8850"}],"wp:attachment":[{"href":"https:\/\/www.aguarda.es\/en\/wp-json\/wp\/v2\/media?parent=11329"}],"wp:term":[{"taxonomy":"category","embeddable":true,"href":"https:\/\/www.aguarda.es\/en\/wp-json\/wp\/v2\/categories?post=11329"},{"taxonomy":"post_tag","embeddable":true,"href":"https:\/\/www.aguarda.es\/en\/wp-json\/wp\/v2\/tags?post=11329"}],"curies":[{"name":"wp","href":"https:\/\/api.w.org\/{rel}","templated":true}]}}