{"id":1136,"date":"2015-08-21T08:11:27","date_gmt":"2015-08-21T08:11:27","guid":{"rendered":"https:\/\/www.aguarda.es\/?p=1136"},"modified":"2015-08-21T08:11:27","modified_gmt":"2015-08-21T08:11:27","slug":"o-alcalde-visita-a-excavacion-arqueloxica-no-seixal","status":"publish","type":"post","link":"https:\/\/www.aguarda.es\/en\/o-alcalde-visita-a-excavacion-arqueloxica-no-seixal\/","title":{"rendered":"O ALCALDE VISITA A EXCAVACI\u00d3N ARQUEL\u00d3XICA NO SEIXAL"},"content":{"rendered":"<p>Un equipo de arque\u00f3logos traballan dende o pasado martes na zona co\u00f1ecida coma O Seixal co prop\u00f3sito de esclarecer a existencia dunha posible salina na zona.<\/p>\n<p>  <!--more-->  <\/p>\n<p><em>Un equipo de arque\u00f3logos traballan dende o pasado martes na zona co\u00f1ecida coma O Seixal co prop\u00f3sito de esclarecer a existencia dunha posible salina na zona.<\/em><strong><em> <br \/><\/em><\/strong><\/p>\n<p>A zona do Seixal, na franxa litoral atl\u00e1ntica, \u00e9 unha zona con abundancia de cantos rodados que est\u00e1n a desprazarse continuamente por mor do vento e o mar. A forte erosi\u00f3n que se est\u00e1 a rexistrar nesta zona levou \u00e1 Direcci\u00f3n Xeral de Patrimonio a promover unha intervenci\u00f3n arqueol\u00f3xica que determinara se realmente hab\u00eda bens arqueol\u00f3xicos que protexer. Previamente \u00e1 intervenci\u00f3n t\u00ed\u00f1anse noticias dunha posible salina \u00f3 apreciarse na contorna algunha estructura superficial entre os seixos, pero era necesaria unha intervenci\u00f3n que con metodolox\u00eda arqueol\u00f3xica e o confirmara.<\/p>\n<p>Os traballos, dirixidos pola arque\u00f3loga Mar Cortegoso, abriron un pequeno sector nunha zona moi pr\u00f3xima \u00f3 mar e confirmaron a existencia dunha estructura que coincide tipol\u00f3xicamente coas salinas romanas, mais os arque\u00f3logos seguen traballando para intentar identificar restos materiais, como alg\u00fan resto cer\u00e1mico, que permitira datar con certeza o xacemento. Traballan tam\u00e9n en novos sectores coa intenci\u00f3n de identificar a magnitude e dimensi\u00f3n do xacemento.<\/p>\n<p><em>O Concello est\u00e1 colaborando neste traballos aportando a maquinaria necesaria que permita abrir estas novas zonas de traballo.<br \/><\/em><\/p>\n<p><em><img decoding=\"async\" loading=\"lazy\" class=\" size-full wp-image-1134\" src=\"https:\/\/www.aguarda.es\/wp-content\/uploads\/2015\/08\/2015_SEIXAL_2.JPG\" alt=\"\" width=\"750\" height=\"562\" srcset=\"https:\/\/www.aguarda.es\/wp-content\/uploads\/2015\/08\/2015_SEIXAL_2.JPG 750w, https:\/\/www.aguarda.es\/wp-content\/uploads\/2015\/08\/2015_SEIXAL_2-570x427.jpg 570w, https:\/\/www.aguarda.es\/wp-content\/uploads\/2015\/08\/2015_SEIXAL_2-300x225.jpg 300w\" sizes=\"(max-width: 750px) 100vw, 750px\" \/><\/em><\/p>\n<p><img decoding=\"async\" loading=\"lazy\" class=\" size-full wp-image-1135\" src=\"https:\/\/www.aguarda.es\/wp-content\/uploads\/2015\/08\/2015_SEIXAL_SALINA.JPG\" alt=\"\" width=\"562\" height=\"750\" srcset=\"https:\/\/www.aguarda.es\/wp-content\/uploads\/2015\/08\/2015_SEIXAL_SALINA.JPG 562w, https:\/\/www.aguarda.es\/wp-content\/uploads\/2015\/08\/2015_SEIXAL_SALINA-225x300.jpg 225w\" sizes=\"(max-width: 562px) 100vw, 562px\" \/><\/p>\n","protected":false},"excerpt":{"rendered":"<p>Un equipo de arque\u00f3logos traballan dende o pasado martes na zona co\u00f1ecida coma O Seixal co prop\u00f3sito de esclarecer a existencia dunha posible salina na zona.<\/p>\n","protected":false},"author":1,"featured_media":1135,"comment_status":"open","ping_status":"open","sticky":false,"template":"","format":"standard","meta":[],"categories":[43],"tags":[],"yoast_head":"<!-- This site is optimized with the Yoast SEO plugin v21.1 - https:\/\/yoast.com\/wordpress\/plugins\/seo\/ -->\n<title>O ALCALDE VISITA A EXCAVACI\u00d3N ARQUEL\u00d3XICA NO SEIXAL - Concello da Guarda<\/title>\n<meta name=\"robots\" content=\"index, follow, max-snippet:-1, max-image-preview:large, max-video-preview:-1\" \/>\n<link rel=\"canonical\" href=\"https:\/\/www.aguarda.es\/en\/o-alcalde-visita-a-excavacion-arqueloxica-no-seixal\/\" \/>\n<meta property=\"og:locale\" content=\"en_US\" \/>\n<meta property=\"og:type\" content=\"article\" \/>\n<meta property=\"og:title\" content=\"O ALCALDE VISITA A EXCAVACI\u00d3N ARQUEL\u00d3XICA NO SEIXAL - Concello da Guarda\" \/>\n<meta property=\"og:description\" content=\"Un equipo de arque\u00f3logos traballan dende o pasado martes na zona co\u00f1ecida coma O Seixal co prop\u00f3sito de esclarecer a existencia dunha posible salina na zona.\" \/>\n<meta property=\"og:url\" content=\"https:\/\/www.aguarda.es\/en\/o-alcalde-visita-a-excavacion-arqueloxica-no-seixal\/\" \/>\n<meta property=\"og:site_name\" content=\"Concello da Guarda\" \/>\n<meta property=\"article:publisher\" content=\"https:\/\/www.facebook.com\/ConcellodaGuarda\" \/>\n<meta property=\"article:published_time\" content=\"2015-08-21T08:11:27+00:00\" \/>\n<meta property=\"og:image\" content=\"https:\/\/www.aguarda.es\/wp-content\/uploads\/2015\/08\/2015_SEIXAL_SALINA.JPG\" \/>\n\t<meta property=\"og:image:width\" content=\"562\" \/>\n\t<meta property=\"og:image:height\" content=\"750\" \/>\n\t<meta property=\"og:image:type\" content=\"image\/jpeg\" \/>\n<meta name=\"author\" content=\"Concello\" \/>\n<meta name=\"twitter:card\" content=\"summary_large_image\" \/>\n<meta name=\"twitter:creator\" content=\"@AGuarda_es\" \/>\n<meta name=\"twitter:site\" content=\"@AGuarda_es\" \/>\n<meta name=\"twitter:label1\" content=\"Written by\" \/>\n\t<meta name=\"twitter:data1\" content=\"Concello\" \/>\n\t<meta name=\"twitter:label2\" content=\"Est. reading time\" \/>\n\t<meta name=\"twitter:data2\" content=\"1 minute\" \/>\n<script type=\"application\/ld+json\" class=\"yoast-schema-graph\">{\"@context\":\"https:\/\/schema.org\",\"@graph\":[{\"@type\":\"WebPage\",\"@id\":\"https:\/\/www.aguarda.es\/en\/o-alcalde-visita-a-excavacion-arqueloxica-no-seixal\/\",\"url\":\"https:\/\/www.aguarda.es\/en\/o-alcalde-visita-a-excavacion-arqueloxica-no-seixal\/\",\"name\":\"O ALCALDE VISITA A EXCAVACI\u00d3N ARQUEL\u00d3XICA NO SEIXAL - Concello da Guarda\",\"isPartOf\":{\"@id\":\"https:\/\/www.aguarda.es\/en\/#website\"},\"datePublished\":\"2015-08-21T08:11:27+00:00\",\"dateModified\":\"2015-08-21T08:11:27+00:00\",\"author\":{\"@id\":\"https:\/\/www.aguarda.es\/en\/#\/schema\/person\/ac30f4d74843174f0af56c730f74dd57\"},\"breadcrumb\":{\"@id\":\"https:\/\/www.aguarda.es\/en\/o-alcalde-visita-a-excavacion-arqueloxica-no-seixal\/#breadcrumb\"},\"inLanguage\":\"en-US\",\"potentialAction\":[{\"@type\":\"ReadAction\",\"target\":[\"https:\/\/www.aguarda.es\/en\/o-alcalde-visita-a-excavacion-arqueloxica-no-seixal\/\"]}]},{\"@type\":\"BreadcrumbList\",\"@id\":\"https:\/\/www.aguarda.es\/en\/o-alcalde-visita-a-excavacion-arqueloxica-no-seixal\/#breadcrumb\",\"itemListElement\":[{\"@type\":\"ListItem\",\"position\":1,\"name\":\"Portada\",\"item\":\"https:\/\/www.aguarda.es\/en\/\"},{\"@type\":\"ListItem\",\"position\":2,\"name\":\"O ALCALDE VISITA A EXCAVACI\u00d3N ARQUEL\u00d3XICA NO SEIXAL\"}]},{\"@type\":\"WebSite\",\"@id\":\"https:\/\/www.aguarda.es\/en\/#website\",\"url\":\"https:\/\/www.aguarda.es\/en\/\",\"name\":\"Concello da Guarda\",\"description\":\"P\u00e1xina web do concello da Guarda\",\"potentialAction\":[{\"@type\":\"SearchAction\",\"target\":{\"@type\":\"EntryPoint\",\"urlTemplate\":\"https:\/\/www.aguarda.es\/en\/?s={search_term_string}\"},\"query-input\":\"required name=search_term_string\"}],\"inLanguage\":\"en-US\"},{\"@type\":\"Person\",\"@id\":\"https:\/\/www.aguarda.es\/en\/#\/schema\/person\/ac30f4d74843174f0af56c730f74dd57\",\"name\":\"Concello\",\"image\":{\"@type\":\"ImageObject\",\"inLanguage\":\"en-US\",\"@id\":\"https:\/\/www.aguarda.es\/en\/#\/schema\/person\/image\/\",\"url\":\"https:\/\/secure.gravatar.com\/avatar\/7eda12a04da40b2ef77eb62e68f07027?s=96&d=mm&r=g\",\"contentUrl\":\"https:\/\/secure.gravatar.com\/avatar\/7eda12a04da40b2ef77eb62e68f07027?s=96&d=mm&r=g\",\"caption\":\"Concello\"},\"url\":\"https:\/\/www.aguarda.es\/en\/author\/admin\/\"}]}<\/script>\n<!-- \/ Yoast SEO plugin. -->","yoast_head_json":{"title":"O ALCALDE VISITA A EXCAVACI\u00d3N ARQUEL\u00d3XICA NO SEIXAL - Concello da Guarda","robots":{"index":"index","follow":"follow","max-snippet":"max-snippet:-1","max-image-preview":"max-image-preview:large","max-video-preview":"max-video-preview:-1"},"canonical":"https:\/\/www.aguarda.es\/en\/o-alcalde-visita-a-excavacion-arqueloxica-no-seixal\/","og_locale":"en_US","og_type":"article","og_title":"O ALCALDE VISITA A EXCAVACI\u00d3N ARQUEL\u00d3XICA NO SEIXAL - Concello da Guarda","og_description":"Un equipo de arque\u00f3logos traballan dende o pasado martes na zona co\u00f1ecida coma O Seixal co prop\u00f3sito de esclarecer a existencia dunha posible salina na zona.","og_url":"https:\/\/www.aguarda.es\/en\/o-alcalde-visita-a-excavacion-arqueloxica-no-seixal\/","og_site_name":"Concello da Guarda","article_publisher":"https:\/\/www.facebook.com\/ConcellodaGuarda","article_published_time":"2015-08-21T08:11:27+00:00","og_image":[{"width":562,"height":750,"url":"https:\/\/www.aguarda.es\/wp-content\/uploads\/2015\/08\/2015_SEIXAL_SALINA.JPG","type":"image\/jpeg"}],"author":"Concello","twitter_card":"summary_large_image","twitter_creator":"@AGuarda_es","twitter_site":"@AGuarda_es","twitter_misc":{"Written by":"Concello","Est. reading time":"1 minute"},"schema":{"@context":"https:\/\/schema.org","@graph":[{"@type":"WebPage","@id":"https:\/\/www.aguarda.es\/en\/o-alcalde-visita-a-excavacion-arqueloxica-no-seixal\/","url":"https:\/\/www.aguarda.es\/en\/o-alcalde-visita-a-excavacion-arqueloxica-no-seixal\/","name":"O ALCALDE VISITA A EXCAVACI\u00d3N ARQUEL\u00d3XICA NO SEIXAL - Concello da Guarda","isPartOf":{"@id":"https:\/\/www.aguarda.es\/en\/#website"},"datePublished":"2015-08-21T08:11:27+00:00","dateModified":"2015-08-21T08:11:27+00:00","author":{"@id":"https:\/\/www.aguarda.es\/en\/#\/schema\/person\/ac30f4d74843174f0af56c730f74dd57"},"breadcrumb":{"@id":"https:\/\/www.aguarda.es\/en\/o-alcalde-visita-a-excavacion-arqueloxica-no-seixal\/#breadcrumb"},"inLanguage":"en-US","potentialAction":[{"@type":"ReadAction","target":["https:\/\/www.aguarda.es\/en\/o-alcalde-visita-a-excavacion-arqueloxica-no-seixal\/"]}]},{"@type":"BreadcrumbList","@id":"https:\/\/www.aguarda.es\/en\/o-alcalde-visita-a-excavacion-arqueloxica-no-seixal\/#breadcrumb","itemListElement":[{"@type":"ListItem","position":1,"name":"Portada","item":"https:\/\/www.aguarda.es\/en\/"},{"@type":"ListItem","position":2,"name":"O ALCALDE VISITA A EXCAVACI\u00d3N ARQUEL\u00d3XICA NO SEIXAL"}]},{"@type":"WebSite","@id":"https:\/\/www.aguarda.es\/en\/#website","url":"https:\/\/www.aguarda.es\/en\/","name":"Concello da Guarda","description":"P\u00e1xina web do concello da Guarda","potentialAction":[{"@type":"SearchAction","target":{"@type":"EntryPoint","urlTemplate":"https:\/\/www.aguarda.es\/en\/?s={search_term_string}"},"query-input":"required name=search_term_string"}],"inLanguage":"en-US"},{"@type":"Person","@id":"https:\/\/www.aguarda.es\/en\/#\/schema\/person\/ac30f4d74843174f0af56c730f74dd57","name":"Concello","image":{"@type":"ImageObject","inLanguage":"en-US","@id":"https:\/\/www.aguarda.es\/en\/#\/schema\/person\/image\/","url":"https:\/\/secure.gravatar.com\/avatar\/7eda12a04da40b2ef77eb62e68f07027?s=96&d=mm&r=g","contentUrl":"https:\/\/secure.gravatar.com\/avatar\/7eda12a04da40b2ef77eb62e68f07027?s=96&d=mm&r=g","caption":"Concello"},"url":"https:\/\/www.aguarda.es\/en\/author\/admin\/"}]}},"_links":{"self":[{"href":"https:\/\/www.aguarda.es\/en\/wp-json\/wp\/v2\/posts\/1136"}],"collection":[{"href":"https:\/\/www.aguarda.es\/en\/wp-json\/wp\/v2\/posts"}],"about":[{"href":"https:\/\/www.aguarda.es\/en\/wp-json\/wp\/v2\/types\/post"}],"author":[{"embeddable":true,"href":"https:\/\/www.aguarda.es\/en\/wp-json\/wp\/v2\/users\/1"}],"replies":[{"embeddable":true,"href":"https:\/\/www.aguarda.es\/en\/wp-json\/wp\/v2\/comments?post=1136"}],"version-history":[{"count":0,"href":"https:\/\/www.aguarda.es\/en\/wp-json\/wp\/v2\/posts\/1136\/revisions"}],"wp:featuredmedia":[{"embeddable":true,"href":"https:\/\/www.aguarda.es\/en\/wp-json\/wp\/v2\/media\/1135"}],"wp:attachment":[{"href":"https:\/\/www.aguarda.es\/en\/wp-json\/wp\/v2\/media?parent=1136"}],"wp:term":[{"taxonomy":"category","embeddable":true,"href":"https:\/\/www.aguarda.es\/en\/wp-json\/wp\/v2\/categories?post=1136"},{"taxonomy":"post_tag","embeddable":true,"href":"https:\/\/www.aguarda.es\/en\/wp-json\/wp\/v2\/tags?post=1136"}],"curies":[{"name":"wp","href":"https:\/\/api.w.org\/{rel}","templated":true}]}}