{"id":11457,"date":"2017-12-13T10:34:22","date_gmt":"2017-12-13T10:34:22","guid":{"rendered":"https:\/\/www.aguarda.es\/?p=11457"},"modified":"2017-12-13T18:30:01","modified_gmt":"2017-12-13T18:30:01","slug":"as-asociacions-participan-na-campana-decora-teu-nadal-embelecendo-guarda","status":"publish","type":"post","link":"https:\/\/www.aguarda.es\/en\/as-asociacions-participan-na-campana-decora-teu-nadal-embelecendo-guarda\/","title":{"rendered":"As asociaci\u00f3ns participan na campa\u00f1a \u00abDecora o teu Nadal\u00bb embelecendo A Guarda"},"content":{"rendered":"<p style=\"text-align: justify;\"><em>Un total de 12 asociaci\u00f3ns participaron este ano na campa\u00f1a \u00abDecora o teu Nadal\u00bb, situando as s\u00faas montaxes navide\u00f1as en diferentes prazas e puntos da Vila.<\/em><\/p>\n<p style=\"text-align: justify;\">A campa\u00f1a \u00abDecora o teu Nadal\u00bb, impulsada polo Concello da Guarda, contou coa colaboraci\u00f3n de ata doce asociaci\u00f3ns, case o dobre das participantes o pasado ano, para embelecer a vila nestas datas. Cada unha delas ocupou unha praza ou lugar representativos da vila para colocar as s\u00faas orixinais montaxes de Nadal, feitas na s\u00faa meirande parte con materiais de refugallo.<\/p>\n<p style=\"text-align: justify;\">A concelleira de Cultura, Elena Baz, quixo visitar na ma\u00f1\u00e1 do pasado martes, 12 de decembro, todos os recunchos ocupados coas decoraci\u00f3ns que elaboraron as diferentes asociaci\u00f3ns.<\/p>\n<p style=\"text-align: justify;\">O orixinal escenario que se pode contemplar na entrada principal do Centro de Sa\u00fade \u00e9 obra da asociaci\u00f3n de nova creaci\u00f3n <strong>Rock&#8217;n&#8217;rolla<\/strong>, namentres a <strong>Asociaci\u00f3n de\u00a0Mulleres Progresistas<\/strong> decorou unha das \u00e1rbores e a balaustrada da entrada do Centro Cultural, con motivos moi propios do Nadal.<\/p>\n<p style=\"text-align: justify;\">O<strong> Sporting Guard\u00e9s<\/strong> achegou o deporte \u00e1 Alameda da Guarda, coas cores propias do seu club e a decoraci\u00f3n das \u00e1rbores. <strong>San Xerome<\/strong>, pola s\u00faa parte,\u00a0 volveu engalanar a \u00e1rbore da co\u00f1ecida como \u201cAlamedi\u00f1a\u201d, utilizando rodas de bicicleta pintadas de diferentes cores.<\/p>\n<p style=\"text-align: justify;\">A <strong>Cruz Vermella<\/strong> tam\u00e9n colaborou coa decoraci\u00f3n dunha das praci\u00f1as da contorna da Igrexa, a base de palets de madeira, e a\u00a0\u00a0<strong>Sociedade Atl\u00e9tica do Trega<\/strong> optou tam\u00e9n polo uso da madeira como base da s\u00faa obra, as\u00ed como de neum\u00e1ticos reutilizados como boneco de neve.<\/p>\n<p style=\"text-align: justify;\">A <strong>Agrupaci\u00f3n Cultural Guardesa<\/strong> embeleceu o Sinde Vello coas s\u00faas redes e motivos musicais \u00e1 par que mari\u00f1eiros. Por outra parte, este ano contamos coa colaboraci\u00f3n por vez primeira da <strong>Uni\u00f3n Deportiva A Gu\u00eda Guardesa<\/strong>, que se encargou da decoraci\u00f3n da Praza da Gu\u00eda, namentres <strong>Vento Mareiro<\/strong> volveu adornar a Praza do Rel\u00f3, cunha estructura de madeira que semella unha \u00e1rbore de Nadal e un enorme anxo que descansa nunha esquina da praza.<\/p>\n<p style=\"text-align: justify;\">Outra asociaci\u00f3n que repite situaci\u00f3n \u00e9 <strong>Avela\u00ed\u00f1a<\/strong>. A Praza do Coruto quedou engalanada cunha enorme torta, rodeada de estrelas de t\u00f3dalas cores e, por \u00faltimo, a <strong>Xamaraina<\/strong> encomend\u00f3uselle a Praza de Salcidos, a cal decoraron con diferentes motivos de Nadal (bast\u00f3ns t\u00edpicos destas datas, Pap\u00e1 Noel ou agasallos).<\/p>\n<div class=\"wpmf-gallerys\"><div id=\"gallery-1\" data-id=\"gallery-1\" data-gutterwidth=\"5\" \n class=\"gallery flexslider carousel wpmfflexslider gallery-link-file wpmf-has-border-radius-0 wpmf-gutterwidth-5 wpmf-gg-multiple-columns\" data-wpmfcolumns=\"3\" data-auto_animation=\"1\" data-border-width=\"0\" data-shadow=\"0\"><ul class=\"slides wpmf-slides\"><\/ul><\/div><\/div>\n<p style=\"text-align: justify;\">O Concello da Guarda anima a t\u00f3dolos veci\u00f1os e veci\u00f1as a gozar destas decoraci\u00f3ns con responsabilidade e agradece a implicaci\u00f3n das asociaci\u00f3ns nesta campa\u00f1a de Nadal, que est\u00e1 sendo todo un \u00e9xito de participaci\u00f3n.<\/p>\n","protected":false},"excerpt":{"rendered":"<p>Un total de 12 asociaci\u00f3ns participaron este ano na campa\u00f1a \u00abDecora o teu Nadal\u00bb, situando as s\u00faas montaxes navide\u00f1as en diferentes prazas e puntos da Vila. A campa\u00f1a \u00abDecora o teu Nadal\u00bb, impulsada polo Concello da Guarda, contou coa colaboraci\u00f3n &hellip; <\/p>\n","protected":false},"author":7,"featured_media":11476,"comment_status":"open","ping_status":"open","sticky":false,"template":"","format":"standard","meta":[],"categories":[34],"tags":[564,647,683,694],"yoast_head":"<!-- This site is optimized with the Yoast SEO plugin v21.1 - https:\/\/yoast.com\/wordpress\/plugins\/seo\/ -->\n<title>As asociaci\u00f3ns participan na campa\u00f1a \u00abDecora o teu Nadal\u00bb embelecendo A Guarda - Concello da Guarda<\/title>\n<meta name=\"robots\" content=\"index, follow, max-snippet:-1, max-image-preview:large, max-video-preview:-1\" \/>\n<link rel=\"canonical\" href=\"https:\/\/www.aguarda.es\/en\/as-asociacions-participan-na-campana-decora-teu-nadal-embelecendo-guarda\/\" \/>\n<meta property=\"og:locale\" content=\"en_US\" \/>\n<meta property=\"og:type\" content=\"article\" \/>\n<meta property=\"og:title\" content=\"As asociaci\u00f3ns participan na campa\u00f1a \u00abDecora o teu Nadal\u00bb embelecendo A Guarda - Concello da Guarda\" \/>\n<meta property=\"og:description\" content=\"Un total de 12 asociaci\u00f3ns participaron este ano na campa\u00f1a \u00abDecora o teu Nadal\u00bb, situando as s\u00faas montaxes navide\u00f1as en diferentes prazas e puntos da Vila. A campa\u00f1a \u00abDecora o teu Nadal\u00bb, impulsada polo Concello da Guarda, contou coa colaboraci\u00f3n &hellip;\" \/>\n<meta property=\"og:url\" content=\"https:\/\/www.aguarda.es\/en\/as-asociacions-participan-na-campana-decora-teu-nadal-embelecendo-guarda\/\" \/>\n<meta property=\"og:site_name\" content=\"Concello da Guarda\" \/>\n<meta property=\"article:publisher\" content=\"https:\/\/www.facebook.com\/ConcellodaGuarda\" \/>\n<meta property=\"article:published_time\" content=\"2017-12-13T10:34:22+00:00\" \/>\n<meta property=\"article:modified_time\" content=\"2017-12-13T18:30:01+00:00\" \/>\n<meta property=\"og:image\" content=\"https:\/\/www.aguarda.es\/wp-content\/uploads\/2017\/12\/Decora-o-teu-Nadal2.jpg\" \/>\n\t<meta property=\"og:image:width\" content=\"700\" \/>\n\t<meta property=\"og:image:height\" content=\"483\" \/>\n\t<meta property=\"og:image:type\" content=\"image\/jpeg\" \/>\n<meta name=\"author\" content=\"Cultura A Guarda\" \/>\n<meta name=\"twitter:card\" content=\"summary_large_image\" \/>\n<meta name=\"twitter:creator\" content=\"@AGuarda_es\" \/>\n<meta name=\"twitter:site\" content=\"@AGuarda_es\" \/>\n<meta name=\"twitter:label1\" content=\"Written by\" \/>\n\t<meta name=\"twitter:data1\" content=\"Cultura A Guarda\" \/>\n\t<meta name=\"twitter:label2\" content=\"Est. reading time\" \/>\n\t<meta name=\"twitter:data2\" content=\"2 minutes\" \/>\n<script type=\"application\/ld+json\" class=\"yoast-schema-graph\">{\"@context\":\"https:\/\/schema.org\",\"@graph\":[{\"@type\":\"WebPage\",\"@id\":\"https:\/\/www.aguarda.es\/en\/as-asociacions-participan-na-campana-decora-teu-nadal-embelecendo-guarda\/\",\"url\":\"https:\/\/www.aguarda.es\/en\/as-asociacions-participan-na-campana-decora-teu-nadal-embelecendo-guarda\/\",\"name\":\"As asociaci\u00f3ns participan na campa\u00f1a \u00abDecora o teu Nadal\u00bb embelecendo A Guarda - Concello da Guarda\",\"isPartOf\":{\"@id\":\"https:\/\/www.aguarda.es\/en\/#website\"},\"datePublished\":\"2017-12-13T10:34:22+00:00\",\"dateModified\":\"2017-12-13T18:30:01+00:00\",\"author\":{\"@id\":\"https:\/\/www.aguarda.es\/en\/#\/schema\/person\/6ca603c6e74b3571a9b9ad94da117402\"},\"breadcrumb\":{\"@id\":\"https:\/\/www.aguarda.es\/en\/as-asociacions-participan-na-campana-decora-teu-nadal-embelecendo-guarda\/#breadcrumb\"},\"inLanguage\":\"en-US\",\"potentialAction\":[{\"@type\":\"ReadAction\",\"target\":[\"https:\/\/www.aguarda.es\/en\/as-asociacions-participan-na-campana-decora-teu-nadal-embelecendo-guarda\/\"]}]},{\"@type\":\"BreadcrumbList\",\"@id\":\"https:\/\/www.aguarda.es\/en\/as-asociacions-participan-na-campana-decora-teu-nadal-embelecendo-guarda\/#breadcrumb\",\"itemListElement\":[{\"@type\":\"ListItem\",\"position\":1,\"name\":\"Portada\",\"item\":\"https:\/\/www.aguarda.es\/en\/\"},{\"@type\":\"ListItem\",\"position\":2,\"name\":\"As asociaci\u00f3ns participan na campa\u00f1a \u00abDecora o teu Nadal\u00bb embelecendo A Guarda\"}]},{\"@type\":\"WebSite\",\"@id\":\"https:\/\/www.aguarda.es\/en\/#website\",\"url\":\"https:\/\/www.aguarda.es\/en\/\",\"name\":\"Concello da Guarda\",\"description\":\"P\u00e1xina web do concello da Guarda\",\"potentialAction\":[{\"@type\":\"SearchAction\",\"target\":{\"@type\":\"EntryPoint\",\"urlTemplate\":\"https:\/\/www.aguarda.es\/en\/?s={search_term_string}\"},\"query-input\":\"required name=search_term_string\"}],\"inLanguage\":\"en-US\"},{\"@type\":\"Person\",\"@id\":\"https:\/\/www.aguarda.es\/en\/#\/schema\/person\/6ca603c6e74b3571a9b9ad94da117402\",\"name\":\"Cultura A Guarda\",\"image\":{\"@type\":\"ImageObject\",\"inLanguage\":\"en-US\",\"@id\":\"https:\/\/www.aguarda.es\/en\/#\/schema\/person\/image\/\",\"url\":\"https:\/\/secure.gravatar.com\/avatar\/bf02938ce661e33e9fa343dda69f1c9d?s=96&d=mm&r=g\",\"contentUrl\":\"https:\/\/secure.gravatar.com\/avatar\/bf02938ce661e33e9fa343dda69f1c9d?s=96&d=mm&r=g\",\"caption\":\"Cultura A Guarda\"},\"url\":\"https:\/\/www.aguarda.es\/en\/author\/cultura\/\"}]}<\/script>\n<!-- \/ Yoast SEO plugin. -->","yoast_head_json":{"title":"As asociaci\u00f3ns participan na campa\u00f1a \u00abDecora o teu Nadal\u00bb embelecendo A Guarda - Concello da Guarda","robots":{"index":"index","follow":"follow","max-snippet":"max-snippet:-1","max-image-preview":"max-image-preview:large","max-video-preview":"max-video-preview:-1"},"canonical":"https:\/\/www.aguarda.es\/en\/as-asociacions-participan-na-campana-decora-teu-nadal-embelecendo-guarda\/","og_locale":"en_US","og_type":"article","og_title":"As asociaci\u00f3ns participan na campa\u00f1a \u00abDecora o teu Nadal\u00bb embelecendo A Guarda - Concello da Guarda","og_description":"Un total de 12 asociaci\u00f3ns participaron este ano na campa\u00f1a \u00abDecora o teu Nadal\u00bb, situando as s\u00faas montaxes navide\u00f1as en diferentes prazas e puntos da Vila. A campa\u00f1a \u00abDecora o teu Nadal\u00bb, impulsada polo Concello da Guarda, contou coa colaboraci\u00f3n &hellip;","og_url":"https:\/\/www.aguarda.es\/en\/as-asociacions-participan-na-campana-decora-teu-nadal-embelecendo-guarda\/","og_site_name":"Concello da Guarda","article_publisher":"https:\/\/www.facebook.com\/ConcellodaGuarda","article_published_time":"2017-12-13T10:34:22+00:00","article_modified_time":"2017-12-13T18:30:01+00:00","og_image":[{"width":700,"height":483,"url":"https:\/\/www.aguarda.es\/wp-content\/uploads\/2017\/12\/Decora-o-teu-Nadal2.jpg","type":"image\/jpeg"}],"author":"Cultura A Guarda","twitter_card":"summary_large_image","twitter_creator":"@AGuarda_es","twitter_site":"@AGuarda_es","twitter_misc":{"Written by":"Cultura A Guarda","Est. reading time":"2 minutes"},"schema":{"@context":"https:\/\/schema.org","@graph":[{"@type":"WebPage","@id":"https:\/\/www.aguarda.es\/en\/as-asociacions-participan-na-campana-decora-teu-nadal-embelecendo-guarda\/","url":"https:\/\/www.aguarda.es\/en\/as-asociacions-participan-na-campana-decora-teu-nadal-embelecendo-guarda\/","name":"As asociaci\u00f3ns participan na campa\u00f1a \u00abDecora o teu Nadal\u00bb embelecendo A Guarda - Concello da Guarda","isPartOf":{"@id":"https:\/\/www.aguarda.es\/en\/#website"},"datePublished":"2017-12-13T10:34:22+00:00","dateModified":"2017-12-13T18:30:01+00:00","author":{"@id":"https:\/\/www.aguarda.es\/en\/#\/schema\/person\/6ca603c6e74b3571a9b9ad94da117402"},"breadcrumb":{"@id":"https:\/\/www.aguarda.es\/en\/as-asociacions-participan-na-campana-decora-teu-nadal-embelecendo-guarda\/#breadcrumb"},"inLanguage":"en-US","potentialAction":[{"@type":"ReadAction","target":["https:\/\/www.aguarda.es\/en\/as-asociacions-participan-na-campana-decora-teu-nadal-embelecendo-guarda\/"]}]},{"@type":"BreadcrumbList","@id":"https:\/\/www.aguarda.es\/en\/as-asociacions-participan-na-campana-decora-teu-nadal-embelecendo-guarda\/#breadcrumb","itemListElement":[{"@type":"ListItem","position":1,"name":"Portada","item":"https:\/\/www.aguarda.es\/en\/"},{"@type":"ListItem","position":2,"name":"As asociaci\u00f3ns participan na campa\u00f1a \u00abDecora o teu Nadal\u00bb embelecendo A Guarda"}]},{"@type":"WebSite","@id":"https:\/\/www.aguarda.es\/en\/#website","url":"https:\/\/www.aguarda.es\/en\/","name":"Concello da Guarda","description":"P\u00e1xina web do concello da Guarda","potentialAction":[{"@type":"SearchAction","target":{"@type":"EntryPoint","urlTemplate":"https:\/\/www.aguarda.es\/en\/?s={search_term_string}"},"query-input":"required name=search_term_string"}],"inLanguage":"en-US"},{"@type":"Person","@id":"https:\/\/www.aguarda.es\/en\/#\/schema\/person\/6ca603c6e74b3571a9b9ad94da117402","name":"Cultura A Guarda","image":{"@type":"ImageObject","inLanguage":"en-US","@id":"https:\/\/www.aguarda.es\/en\/#\/schema\/person\/image\/","url":"https:\/\/secure.gravatar.com\/avatar\/bf02938ce661e33e9fa343dda69f1c9d?s=96&d=mm&r=g","contentUrl":"https:\/\/secure.gravatar.com\/avatar\/bf02938ce661e33e9fa343dda69f1c9d?s=96&d=mm&r=g","caption":"Cultura A Guarda"},"url":"https:\/\/www.aguarda.es\/en\/author\/cultura\/"}]}},"_links":{"self":[{"href":"https:\/\/www.aguarda.es\/en\/wp-json\/wp\/v2\/posts\/11457"}],"collection":[{"href":"https:\/\/www.aguarda.es\/en\/wp-json\/wp\/v2\/posts"}],"about":[{"href":"https:\/\/www.aguarda.es\/en\/wp-json\/wp\/v2\/types\/post"}],"author":[{"embeddable":true,"href":"https:\/\/www.aguarda.es\/en\/wp-json\/wp\/v2\/users\/7"}],"replies":[{"embeddable":true,"href":"https:\/\/www.aguarda.es\/en\/wp-json\/wp\/v2\/comments?post=11457"}],"version-history":[{"count":7,"href":"https:\/\/www.aguarda.es\/en\/wp-json\/wp\/v2\/posts\/11457\/revisions"}],"predecessor-version":[{"id":11489,"href":"https:\/\/www.aguarda.es\/en\/wp-json\/wp\/v2\/posts\/11457\/revisions\/11489"}],"wp:featuredmedia":[{"embeddable":true,"href":"https:\/\/www.aguarda.es\/en\/wp-json\/wp\/v2\/media\/11476"}],"wp:attachment":[{"href":"https:\/\/www.aguarda.es\/en\/wp-json\/wp\/v2\/media?parent=11457"}],"wp:term":[{"taxonomy":"category","embeddable":true,"href":"https:\/\/www.aguarda.es\/en\/wp-json\/wp\/v2\/categories?post=11457"},{"taxonomy":"post_tag","embeddable":true,"href":"https:\/\/www.aguarda.es\/en\/wp-json\/wp\/v2\/tags?post=11457"}],"curies":[{"name":"wp","href":"https:\/\/api.w.org\/{rel}","templated":true}]}}