{"id":11485,"date":"2017-12-13T12:51:58","date_gmt":"2017-12-13T12:51:58","guid":{"rendered":"https:\/\/www.aguarda.es\/?p=11485"},"modified":"2017-12-14T09:29:42","modified_gmt":"2017-12-14T09:29:42","slug":"as-barferencias-continuan-este-venres-cunha-charla-as-mamoas-galicia","status":"publish","type":"post","link":"https:\/\/www.aguarda.es\/en\/as-barferencias-continuan-este-venres-cunha-charla-as-mamoas-galicia\/","title":{"rendered":"As \u00abBarferencias\u00bb contin\u00faan este venres cunha charla sobre as m\u00e1moas en Galicia"},"content":{"rendered":"<p style=\"text-align: justify\">Este venres celebrarase a segunda das charlas do ciclo de \u00abBarferencias\u00bb, a cargo do Dr. Miguel Carrero Pazos, co t\u00edtulo \u00abContribuci\u00f3ns dos modelos inform\u00e1ticos para a an\u00e1lise espacial do Megalitismo galego\u00bb.<\/p>\n<p style=\"text-align: justify\">O faladoiro, que <strong>ter\u00e1 lugar no pub-cafetar\u00eda Viceversa \u00e1s 20:30 h<\/strong>, comezar\u00e1 cunha introduci\u00f3n ao per\u00edodo Neol\u00edtico, <strong>tratando o fen\u00f3meno tumular como tema principal<\/strong>; isto \u00e9, a construci\u00f3n das m\u00e1moas no segundo per\u00edodo da Idade de Pedra.<\/p>\n<p style=\"text-align: justify\">O encontro continuar\u00e1 analizando as distintas etapas cronol\u00f3xicas que permiten identificar os<strong> tipos de monumentos constru\u00eddos e a s\u00faa evoluci\u00f3n ao longo do tempo<\/strong>, as\u00ed como unha reconstruci\u00f3n das t\u00e9cnicas empregadas polos moradores para a construci\u00f3n dos meg\u00e1litos.<\/p>\n<p style=\"text-align: justify\">Tras esta primeira parte, que permitir\u00e1 aos asistentes achegarse ao fen\u00f3meno, analizarase a s\u00faa distribuci\u00f3n en Galicia a trav\u00e9s do corpus de datos do que disp\u00f3n o grupo de estudo ao que pertence o relator e que, na actualidade, \u00e9 o m\u00e1is completo do Megalitismo galego.<\/p>\n<p style=\"text-align: justify\">O corpus, creado ao longo de anos de traballo, conta actualmente coa axuda da tecnolox\u00eda denominada LiDAR, un novo m\u00e9todo de prospecci\u00f3n sobre cuxa aplicaci\u00f3n falar\u00e1 o Dr. Carrero. A charla finalizar\u00e1 cunha referencia a unha serie de estudos cos que <strong>poder\u00e1n achegarse ao uso das tecnolox\u00edas espaciais aplicadas \u00e1 arqueolox\u00eda<\/strong>.<\/p>\n<p style=\"text-align: justify\">As \u00abBarferencias\u00bb continuar\u00e1n os pr\u00f3ximos d\u00edas 12 de xaneiro, 2 de febreiro e 2 de marzo de 2018, con tem\u00e1ticas referentes \u00e1 represi\u00f3n franquista, a rasa costeira e a lamprea.<\/p>\n<p><img decoding=\"async\" loading=\"lazy\" class=\"aligncenter wp-image-11484 size-full\" src=\"https:\/\/www.aguarda.es\/wp-content\/uploads\/2017\/12\/Barferencias1.jpg?_t=1513169478\" alt=\"\" width=\"495\" height=\"700\" srcset=\"https:\/\/www.aguarda.es\/wp-content\/uploads\/2017\/12\/Barferencias1.jpg 495w, https:\/\/www.aguarda.es\/wp-content\/uploads\/2017\/12\/Barferencias1-212x300.jpg 212w\" sizes=\"(max-width: 495px) 100vw, 495px\" \/><\/p>\n","protected":false},"excerpt":{"rendered":"<p>Este venres celebrarase a segunda das charlas do ciclo de \u00abBarferencias\u00bb, a cargo do Dr. Miguel Carrero Pazos, co t\u00edtulo \u00abContribuci\u00f3ns dos modelos inform\u00e1ticos para a an\u00e1lise espacial do Megalitismo galego\u00bb. O faladoiro, que ter\u00e1 lugar no pub-cafetar\u00eda Viceversa \u00e1s &hellip; <\/p>\n","protected":false},"author":2,"featured_media":11490,"comment_status":"open","ping_status":"open","sticky":false,"template":"","format":"standard","meta":[],"categories":[34],"tags":[642,756,752,755,753,754],"yoast_head":"<!-- This site is optimized with the Yoast SEO plugin v21.1 - https:\/\/yoast.com\/wordpress\/plugins\/seo\/ -->\n<title>As \u00abBarferencias\u00bb contin\u00faan este venres cunha charla sobre as m\u00e1moas en Galicia - Concello da Guarda<\/title>\n<meta name=\"robots\" content=\"index, follow, max-snippet:-1, max-image-preview:large, max-video-preview:-1\" \/>\n<link rel=\"canonical\" href=\"https:\/\/www.aguarda.es\/en\/as-barferencias-continuan-este-venres-cunha-charla-as-mamoas-galicia\/\" \/>\n<meta property=\"og:locale\" content=\"en_US\" \/>\n<meta property=\"og:type\" content=\"article\" \/>\n<meta property=\"og:title\" content=\"As \u00abBarferencias\u00bb contin\u00faan este venres cunha charla sobre as m\u00e1moas en Galicia - Concello da Guarda\" \/>\n<meta property=\"og:description\" content=\"Este venres celebrarase a segunda das charlas do ciclo de \u00abBarferencias\u00bb, a cargo do Dr. Miguel Carrero Pazos, co t\u00edtulo \u00abContribuci\u00f3ns dos modelos inform\u00e1ticos para a an\u00e1lise espacial do Megalitismo galego\u00bb. O faladoiro, que ter\u00e1 lugar no pub-cafetar\u00eda Viceversa \u00e1s &hellip;\" \/>\n<meta property=\"og:url\" content=\"https:\/\/www.aguarda.es\/en\/as-barferencias-continuan-este-venres-cunha-charla-as-mamoas-galicia\/\" \/>\n<meta property=\"og:site_name\" content=\"Concello da Guarda\" \/>\n<meta property=\"article:publisher\" content=\"https:\/\/www.facebook.com\/ConcellodaGuarda\" \/>\n<meta property=\"article:published_time\" content=\"2017-12-13T12:51:58+00:00\" \/>\n<meta property=\"article:modified_time\" content=\"2017-12-14T09:29:42+00:00\" \/>\n<meta property=\"og:image\" content=\"https:\/\/www.aguarda.es\/wp-content\/uploads\/2017\/12\/RVA_Barferencia_Miguel_Carrero.jpg\" \/>\n\t<meta property=\"og:image:width\" content=\"1174\" \/>\n\t<meta property=\"og:image:height\" content=\"554\" \/>\n\t<meta property=\"og:image:type\" content=\"image\/jpeg\" \/>\n<meta name=\"author\" content=\"prensa\" \/>\n<meta name=\"twitter:card\" content=\"summary_large_image\" \/>\n<meta name=\"twitter:creator\" content=\"@AGuarda_es\" \/>\n<meta name=\"twitter:site\" content=\"@AGuarda_es\" \/>\n<meta name=\"twitter:label1\" content=\"Written by\" \/>\n\t<meta name=\"twitter:data1\" content=\"prensa\" \/>\n\t<meta name=\"twitter:label2\" content=\"Est. reading time\" \/>\n\t<meta name=\"twitter:data2\" content=\"1 minute\" \/>\n<script type=\"application\/ld+json\" class=\"yoast-schema-graph\">{\"@context\":\"https:\/\/schema.org\",\"@graph\":[{\"@type\":\"WebPage\",\"@id\":\"https:\/\/www.aguarda.es\/en\/as-barferencias-continuan-este-venres-cunha-charla-as-mamoas-galicia\/\",\"url\":\"https:\/\/www.aguarda.es\/en\/as-barferencias-continuan-este-venres-cunha-charla-as-mamoas-galicia\/\",\"name\":\"As \u00abBarferencias\u00bb contin\u00faan este venres cunha charla sobre as m\u00e1moas en Galicia - Concello da Guarda\",\"isPartOf\":{\"@id\":\"https:\/\/www.aguarda.es\/en\/#website\"},\"datePublished\":\"2017-12-13T12:51:58+00:00\",\"dateModified\":\"2017-12-14T09:29:42+00:00\",\"author\":{\"@id\":\"https:\/\/www.aguarda.es\/en\/#\/schema\/person\/c463ca3006858ffb349d11179d044f21\"},\"breadcrumb\":{\"@id\":\"https:\/\/www.aguarda.es\/en\/as-barferencias-continuan-este-venres-cunha-charla-as-mamoas-galicia\/#breadcrumb\"},\"inLanguage\":\"en-US\",\"potentialAction\":[{\"@type\":\"ReadAction\",\"target\":[\"https:\/\/www.aguarda.es\/en\/as-barferencias-continuan-este-venres-cunha-charla-as-mamoas-galicia\/\"]}]},{\"@type\":\"BreadcrumbList\",\"@id\":\"https:\/\/www.aguarda.es\/en\/as-barferencias-continuan-este-venres-cunha-charla-as-mamoas-galicia\/#breadcrumb\",\"itemListElement\":[{\"@type\":\"ListItem\",\"position\":1,\"name\":\"Portada\",\"item\":\"https:\/\/www.aguarda.es\/en\/\"},{\"@type\":\"ListItem\",\"position\":2,\"name\":\"As \u00abBarferencias\u00bb contin\u00faan este venres cunha charla sobre as m\u00e1moas en Galicia\"}]},{\"@type\":\"WebSite\",\"@id\":\"https:\/\/www.aguarda.es\/en\/#website\",\"url\":\"https:\/\/www.aguarda.es\/en\/\",\"name\":\"Concello da Guarda\",\"description\":\"P\u00e1xina web do concello da Guarda\",\"potentialAction\":[{\"@type\":\"SearchAction\",\"target\":{\"@type\":\"EntryPoint\",\"urlTemplate\":\"https:\/\/www.aguarda.es\/en\/?s={search_term_string}\"},\"query-input\":\"required name=search_term_string\"}],\"inLanguage\":\"en-US\"},{\"@type\":\"Person\",\"@id\":\"https:\/\/www.aguarda.es\/en\/#\/schema\/person\/c463ca3006858ffb349d11179d044f21\",\"name\":\"prensa\",\"image\":{\"@type\":\"ImageObject\",\"inLanguage\":\"en-US\",\"@id\":\"https:\/\/www.aguarda.es\/en\/#\/schema\/person\/image\/\",\"url\":\"https:\/\/secure.gravatar.com\/avatar\/5f90ef536b0f98306edf5c7a1135ffa1?s=96&d=mm&r=g\",\"contentUrl\":\"https:\/\/secure.gravatar.com\/avatar\/5f90ef536b0f98306edf5c7a1135ffa1?s=96&d=mm&r=g\",\"caption\":\"prensa\"},\"url\":\"https:\/\/www.aguarda.es\/en\/author\/prensa\/\"}]}<\/script>\n<!-- \/ Yoast SEO plugin. -->","yoast_head_json":{"title":"As \u00abBarferencias\u00bb contin\u00faan este venres cunha charla sobre as m\u00e1moas en Galicia - Concello da Guarda","robots":{"index":"index","follow":"follow","max-snippet":"max-snippet:-1","max-image-preview":"max-image-preview:large","max-video-preview":"max-video-preview:-1"},"canonical":"https:\/\/www.aguarda.es\/en\/as-barferencias-continuan-este-venres-cunha-charla-as-mamoas-galicia\/","og_locale":"en_US","og_type":"article","og_title":"As \u00abBarferencias\u00bb contin\u00faan este venres cunha charla sobre as m\u00e1moas en Galicia - Concello da Guarda","og_description":"Este venres celebrarase a segunda das charlas do ciclo de \u00abBarferencias\u00bb, a cargo do Dr. Miguel Carrero Pazos, co t\u00edtulo \u00abContribuci\u00f3ns dos modelos inform\u00e1ticos para a an\u00e1lise espacial do Megalitismo galego\u00bb. O faladoiro, que ter\u00e1 lugar no pub-cafetar\u00eda Viceversa \u00e1s &hellip;","og_url":"https:\/\/www.aguarda.es\/en\/as-barferencias-continuan-este-venres-cunha-charla-as-mamoas-galicia\/","og_site_name":"Concello da Guarda","article_publisher":"https:\/\/www.facebook.com\/ConcellodaGuarda","article_published_time":"2017-12-13T12:51:58+00:00","article_modified_time":"2017-12-14T09:29:42+00:00","og_image":[{"width":1174,"height":554,"url":"https:\/\/www.aguarda.es\/wp-content\/uploads\/2017\/12\/RVA_Barferencia_Miguel_Carrero.jpg","type":"image\/jpeg"}],"author":"prensa","twitter_card":"summary_large_image","twitter_creator":"@AGuarda_es","twitter_site":"@AGuarda_es","twitter_misc":{"Written by":"prensa","Est. reading time":"1 minute"},"schema":{"@context":"https:\/\/schema.org","@graph":[{"@type":"WebPage","@id":"https:\/\/www.aguarda.es\/en\/as-barferencias-continuan-este-venres-cunha-charla-as-mamoas-galicia\/","url":"https:\/\/www.aguarda.es\/en\/as-barferencias-continuan-este-venres-cunha-charla-as-mamoas-galicia\/","name":"As \u00abBarferencias\u00bb contin\u00faan este venres cunha charla sobre as m\u00e1moas en Galicia - Concello da Guarda","isPartOf":{"@id":"https:\/\/www.aguarda.es\/en\/#website"},"datePublished":"2017-12-13T12:51:58+00:00","dateModified":"2017-12-14T09:29:42+00:00","author":{"@id":"https:\/\/www.aguarda.es\/en\/#\/schema\/person\/c463ca3006858ffb349d11179d044f21"},"breadcrumb":{"@id":"https:\/\/www.aguarda.es\/en\/as-barferencias-continuan-este-venres-cunha-charla-as-mamoas-galicia\/#breadcrumb"},"inLanguage":"en-US","potentialAction":[{"@type":"ReadAction","target":["https:\/\/www.aguarda.es\/en\/as-barferencias-continuan-este-venres-cunha-charla-as-mamoas-galicia\/"]}]},{"@type":"BreadcrumbList","@id":"https:\/\/www.aguarda.es\/en\/as-barferencias-continuan-este-venres-cunha-charla-as-mamoas-galicia\/#breadcrumb","itemListElement":[{"@type":"ListItem","position":1,"name":"Portada","item":"https:\/\/www.aguarda.es\/en\/"},{"@type":"ListItem","position":2,"name":"As \u00abBarferencias\u00bb contin\u00faan este venres cunha charla sobre as m\u00e1moas en Galicia"}]},{"@type":"WebSite","@id":"https:\/\/www.aguarda.es\/en\/#website","url":"https:\/\/www.aguarda.es\/en\/","name":"Concello da Guarda","description":"P\u00e1xina web do concello da Guarda","potentialAction":[{"@type":"SearchAction","target":{"@type":"EntryPoint","urlTemplate":"https:\/\/www.aguarda.es\/en\/?s={search_term_string}"},"query-input":"required name=search_term_string"}],"inLanguage":"en-US"},{"@type":"Person","@id":"https:\/\/www.aguarda.es\/en\/#\/schema\/person\/c463ca3006858ffb349d11179d044f21","name":"prensa","image":{"@type":"ImageObject","inLanguage":"en-US","@id":"https:\/\/www.aguarda.es\/en\/#\/schema\/person\/image\/","url":"https:\/\/secure.gravatar.com\/avatar\/5f90ef536b0f98306edf5c7a1135ffa1?s=96&d=mm&r=g","contentUrl":"https:\/\/secure.gravatar.com\/avatar\/5f90ef536b0f98306edf5c7a1135ffa1?s=96&d=mm&r=g","caption":"prensa"},"url":"https:\/\/www.aguarda.es\/en\/author\/prensa\/"}]}},"_links":{"self":[{"href":"https:\/\/www.aguarda.es\/en\/wp-json\/wp\/v2\/posts\/11485"}],"collection":[{"href":"https:\/\/www.aguarda.es\/en\/wp-json\/wp\/v2\/posts"}],"about":[{"href":"https:\/\/www.aguarda.es\/en\/wp-json\/wp\/v2\/types\/post"}],"author":[{"embeddable":true,"href":"https:\/\/www.aguarda.es\/en\/wp-json\/wp\/v2\/users\/2"}],"replies":[{"embeddable":true,"href":"https:\/\/www.aguarda.es\/en\/wp-json\/wp\/v2\/comments?post=11485"}],"version-history":[{"count":1,"href":"https:\/\/www.aguarda.es\/en\/wp-json\/wp\/v2\/posts\/11485\/revisions"}],"predecessor-version":[{"id":11486,"href":"https:\/\/www.aguarda.es\/en\/wp-json\/wp\/v2\/posts\/11485\/revisions\/11486"}],"wp:featuredmedia":[{"embeddable":true,"href":"https:\/\/www.aguarda.es\/en\/wp-json\/wp\/v2\/media\/11490"}],"wp:attachment":[{"href":"https:\/\/www.aguarda.es\/en\/wp-json\/wp\/v2\/media?parent=11485"}],"wp:term":[{"taxonomy":"category","embeddable":true,"href":"https:\/\/www.aguarda.es\/en\/wp-json\/wp\/v2\/categories?post=11485"},{"taxonomy":"post_tag","embeddable":true,"href":"https:\/\/www.aguarda.es\/en\/wp-json\/wp\/v2\/tags?post=11485"}],"curies":[{"name":"wp","href":"https:\/\/api.w.org\/{rel}","templated":true}]}}