{"id":11516,"date":"2017-12-15T12:51:00","date_gmt":"2017-12-15T12:51:00","guid":{"rendered":"https:\/\/www.aguarda.es\/?p=11516"},"modified":"2017-12-15T12:51:00","modified_gmt":"2017-12-15T12:51:00","slug":"navegaguarda-apagada-novo-aviso-motivos-temporal","status":"publish","type":"post","link":"https:\/\/www.aguarda.es\/en\/navegaguarda-apagada-novo-aviso-motivos-temporal\/","title":{"rendered":"Navegaguarda apagada ata novo aviso por motivos do temporal"},"content":{"rendered":"<p><img decoding=\"async\" loading=\"lazy\" class=\"size-medium wp-image-8844 aligncenter\" src=\"https:\/\/www.aguarda.es\/wp-content\/uploads\/2017\/06\/escudo-full-300x188.jpg\" alt=\"\" width=\"300\" height=\"188\" srcset=\"https:\/\/www.aguarda.es\/wp-content\/uploads\/2017\/06\/escudo-full-300x188.jpg 300w, https:\/\/www.aguarda.es\/wp-content\/uploads\/2017\/06\/escudo-full-570x358.jpg 570w, https:\/\/www.aguarda.es\/wp-content\/uploads\/2017\/06\/escudo-full-768x482.jpg 768w, https:\/\/www.aguarda.es\/wp-content\/uploads\/2017\/06\/escudo-full-1024x642.jpg 1024w, https:\/\/www.aguarda.es\/wp-content\/uploads\/2017\/06\/escudo-full.jpg 1135w\" sizes=\"(max-width: 300px) 100vw, 300px\" \/><\/p>\n<p>Debido os \u00faltimos temporais, a rede Navegaguarda veuse vista comprometida. Nestes momentos est\u00e1 desactivada ata novo aviso.<\/p>\n<p>Sent\u00edmolo polas molestias.<\/p>\n","protected":false},"excerpt":{"rendered":"<p>Debido os \u00faltimos temporais, a rede Navegaguarda veuse vista comprometida. Nestes momentos est\u00e1 desactivada ata novo aviso. Sent\u00edmolo polas molestias.<\/p>\n","protected":false},"author":5,"featured_media":0,"comment_status":"open","ping_status":"open","sticky":false,"template":"","format":"standard","meta":[],"categories":[42],"tags":[],"yoast_head":"<!-- This site is optimized with the Yoast SEO plugin v21.1 - https:\/\/yoast.com\/wordpress\/plugins\/seo\/ -->\n<title>Navegaguarda apagada ata novo aviso por motivos do temporal - Concello da Guarda<\/title>\n<meta name=\"robots\" content=\"index, follow, max-snippet:-1, max-image-preview:large, max-video-preview:-1\" \/>\n<link rel=\"canonical\" href=\"https:\/\/www.aguarda.es\/en\/navegaguarda-apagada-novo-aviso-motivos-temporal\/\" \/>\n<meta property=\"og:locale\" content=\"en_US\" \/>\n<meta property=\"og:type\" content=\"article\" \/>\n<meta property=\"og:title\" content=\"Navegaguarda apagada ata novo aviso por motivos do temporal - Concello da Guarda\" \/>\n<meta property=\"og:description\" content=\"Debido os \u00faltimos temporais, a rede Navegaguarda veuse vista comprometida. Nestes momentos est\u00e1 desactivada ata novo aviso. Sent\u00edmolo polas molestias.\" \/>\n<meta property=\"og:url\" content=\"https:\/\/www.aguarda.es\/en\/navegaguarda-apagada-novo-aviso-motivos-temporal\/\" \/>\n<meta property=\"og:site_name\" content=\"Concello da Guarda\" \/>\n<meta property=\"article:publisher\" content=\"https:\/\/www.facebook.com\/ConcellodaGuarda\" \/>\n<meta property=\"article:published_time\" content=\"2017-12-15T12:51:00+00:00\" \/>\n<meta property=\"og:image\" content=\"https:\/\/www.aguarda.es\/wp-content\/uploads\/2017\/06\/escudo-full-300x188.jpg\" \/>\n<meta name=\"author\" content=\"Inform\u00e1tica A Guarda\" \/>\n<meta name=\"twitter:card\" content=\"summary_large_image\" \/>\n<meta name=\"twitter:creator\" content=\"@AGuarda_es\" \/>\n<meta name=\"twitter:site\" content=\"@AGuarda_es\" \/>\n<meta name=\"twitter:label1\" content=\"Written by\" \/>\n\t<meta name=\"twitter:data1\" content=\"Inform\u00e1tica A Guarda\" \/>\n<script type=\"application\/ld+json\" class=\"yoast-schema-graph\">{\"@context\":\"https:\/\/schema.org\",\"@graph\":[{\"@type\":\"WebPage\",\"@id\":\"https:\/\/www.aguarda.es\/en\/navegaguarda-apagada-novo-aviso-motivos-temporal\/\",\"url\":\"https:\/\/www.aguarda.es\/en\/navegaguarda-apagada-novo-aviso-motivos-temporal\/\",\"name\":\"Navegaguarda apagada ata novo aviso por motivos do temporal - Concello da Guarda\",\"isPartOf\":{\"@id\":\"https:\/\/www.aguarda.es\/en\/#website\"},\"datePublished\":\"2017-12-15T12:51:00+00:00\",\"dateModified\":\"2017-12-15T12:51:00+00:00\",\"author\":{\"@id\":\"https:\/\/www.aguarda.es\/en\/#\/schema\/person\/fc0127f6134b3aa4416af28d63444227\"},\"breadcrumb\":{\"@id\":\"https:\/\/www.aguarda.es\/en\/navegaguarda-apagada-novo-aviso-motivos-temporal\/#breadcrumb\"},\"inLanguage\":\"en-US\",\"potentialAction\":[{\"@type\":\"ReadAction\",\"target\":[\"https:\/\/www.aguarda.es\/en\/navegaguarda-apagada-novo-aviso-motivos-temporal\/\"]}]},{\"@type\":\"BreadcrumbList\",\"@id\":\"https:\/\/www.aguarda.es\/en\/navegaguarda-apagada-novo-aviso-motivos-temporal\/#breadcrumb\",\"itemListElement\":[{\"@type\":\"ListItem\",\"position\":1,\"name\":\"Portada\",\"item\":\"https:\/\/www.aguarda.es\/en\/\"},{\"@type\":\"ListItem\",\"position\":2,\"name\":\"Navegaguarda apagada ata novo aviso por motivos do temporal\"}]},{\"@type\":\"WebSite\",\"@id\":\"https:\/\/www.aguarda.es\/en\/#website\",\"url\":\"https:\/\/www.aguarda.es\/en\/\",\"name\":\"Concello da Guarda\",\"description\":\"P\u00e1xina web do concello da Guarda\",\"potentialAction\":[{\"@type\":\"SearchAction\",\"target\":{\"@type\":\"EntryPoint\",\"urlTemplate\":\"https:\/\/www.aguarda.es\/en\/?s={search_term_string}\"},\"query-input\":\"required name=search_term_string\"}],\"inLanguage\":\"en-US\"},{\"@type\":\"Person\",\"@id\":\"https:\/\/www.aguarda.es\/en\/#\/schema\/person\/fc0127f6134b3aa4416af28d63444227\",\"name\":\"Inform\u00e1tica A Guarda\",\"image\":{\"@type\":\"ImageObject\",\"inLanguage\":\"en-US\",\"@id\":\"https:\/\/www.aguarda.es\/en\/#\/schema\/person\/image\/\",\"url\":\"https:\/\/secure.gravatar.com\/avatar\/d0af8912f3592737532834a5f391f084?s=96&d=mm&r=g\",\"contentUrl\":\"https:\/\/secure.gravatar.com\/avatar\/d0af8912f3592737532834a5f391f084?s=96&d=mm&r=g\",\"caption\":\"Inform\u00e1tica A Guarda\"},\"url\":\"https:\/\/www.aguarda.es\/en\/author\/informatica\/\"}]}<\/script>\n<!-- \/ Yoast SEO plugin. -->","yoast_head_json":{"title":"Navegaguarda apagada ata novo aviso por motivos do temporal - Concello da Guarda","robots":{"index":"index","follow":"follow","max-snippet":"max-snippet:-1","max-image-preview":"max-image-preview:large","max-video-preview":"max-video-preview:-1"},"canonical":"https:\/\/www.aguarda.es\/en\/navegaguarda-apagada-novo-aviso-motivos-temporal\/","og_locale":"en_US","og_type":"article","og_title":"Navegaguarda apagada ata novo aviso por motivos do temporal - Concello da Guarda","og_description":"Debido os \u00faltimos temporais, a rede Navegaguarda veuse vista comprometida. Nestes momentos est\u00e1 desactivada ata novo aviso. Sent\u00edmolo polas molestias.","og_url":"https:\/\/www.aguarda.es\/en\/navegaguarda-apagada-novo-aviso-motivos-temporal\/","og_site_name":"Concello da Guarda","article_publisher":"https:\/\/www.facebook.com\/ConcellodaGuarda","article_published_time":"2017-12-15T12:51:00+00:00","og_image":[{"url":"https:\/\/www.aguarda.es\/wp-content\/uploads\/2017\/06\/escudo-full-300x188.jpg"}],"author":"Inform\u00e1tica A Guarda","twitter_card":"summary_large_image","twitter_creator":"@AGuarda_es","twitter_site":"@AGuarda_es","twitter_misc":{"Written by":"Inform\u00e1tica A Guarda"},"schema":{"@context":"https:\/\/schema.org","@graph":[{"@type":"WebPage","@id":"https:\/\/www.aguarda.es\/en\/navegaguarda-apagada-novo-aviso-motivos-temporal\/","url":"https:\/\/www.aguarda.es\/en\/navegaguarda-apagada-novo-aviso-motivos-temporal\/","name":"Navegaguarda apagada ata novo aviso por motivos do temporal - Concello da Guarda","isPartOf":{"@id":"https:\/\/www.aguarda.es\/en\/#website"},"datePublished":"2017-12-15T12:51:00+00:00","dateModified":"2017-12-15T12:51:00+00:00","author":{"@id":"https:\/\/www.aguarda.es\/en\/#\/schema\/person\/fc0127f6134b3aa4416af28d63444227"},"breadcrumb":{"@id":"https:\/\/www.aguarda.es\/en\/navegaguarda-apagada-novo-aviso-motivos-temporal\/#breadcrumb"},"inLanguage":"en-US","potentialAction":[{"@type":"ReadAction","target":["https:\/\/www.aguarda.es\/en\/navegaguarda-apagada-novo-aviso-motivos-temporal\/"]}]},{"@type":"BreadcrumbList","@id":"https:\/\/www.aguarda.es\/en\/navegaguarda-apagada-novo-aviso-motivos-temporal\/#breadcrumb","itemListElement":[{"@type":"ListItem","position":1,"name":"Portada","item":"https:\/\/www.aguarda.es\/en\/"},{"@type":"ListItem","position":2,"name":"Navegaguarda apagada ata novo aviso por motivos do temporal"}]},{"@type":"WebSite","@id":"https:\/\/www.aguarda.es\/en\/#website","url":"https:\/\/www.aguarda.es\/en\/","name":"Concello da Guarda","description":"P\u00e1xina web do concello da Guarda","potentialAction":[{"@type":"SearchAction","target":{"@type":"EntryPoint","urlTemplate":"https:\/\/www.aguarda.es\/en\/?s={search_term_string}"},"query-input":"required name=search_term_string"}],"inLanguage":"en-US"},{"@type":"Person","@id":"https:\/\/www.aguarda.es\/en\/#\/schema\/person\/fc0127f6134b3aa4416af28d63444227","name":"Inform\u00e1tica A Guarda","image":{"@type":"ImageObject","inLanguage":"en-US","@id":"https:\/\/www.aguarda.es\/en\/#\/schema\/person\/image\/","url":"https:\/\/secure.gravatar.com\/avatar\/d0af8912f3592737532834a5f391f084?s=96&d=mm&r=g","contentUrl":"https:\/\/secure.gravatar.com\/avatar\/d0af8912f3592737532834a5f391f084?s=96&d=mm&r=g","caption":"Inform\u00e1tica A Guarda"},"url":"https:\/\/www.aguarda.es\/en\/author\/informatica\/"}]}},"_links":{"self":[{"href":"https:\/\/www.aguarda.es\/en\/wp-json\/wp\/v2\/posts\/11516"}],"collection":[{"href":"https:\/\/www.aguarda.es\/en\/wp-json\/wp\/v2\/posts"}],"about":[{"href":"https:\/\/www.aguarda.es\/en\/wp-json\/wp\/v2\/types\/post"}],"author":[{"embeddable":true,"href":"https:\/\/www.aguarda.es\/en\/wp-json\/wp\/v2\/users\/5"}],"replies":[{"embeddable":true,"href":"https:\/\/www.aguarda.es\/en\/wp-json\/wp\/v2\/comments?post=11516"}],"version-history":[{"count":1,"href":"https:\/\/www.aguarda.es\/en\/wp-json\/wp\/v2\/posts\/11516\/revisions"}],"predecessor-version":[{"id":11517,"href":"https:\/\/www.aguarda.es\/en\/wp-json\/wp\/v2\/posts\/11516\/revisions\/11517"}],"wp:attachment":[{"href":"https:\/\/www.aguarda.es\/en\/wp-json\/wp\/v2\/media?parent=11516"}],"wp:term":[{"taxonomy":"category","embeddable":true,"href":"https:\/\/www.aguarda.es\/en\/wp-json\/wp\/v2\/categories?post=11516"},{"taxonomy":"post_tag","embeddable":true,"href":"https:\/\/www.aguarda.es\/en\/wp-json\/wp\/v2\/tags?post=11516"}],"curies":[{"name":"wp","href":"https:\/\/api.w.org\/{rel}","templated":true}]}}