{"id":11587,"date":"2017-12-20T11:10:21","date_gmt":"2017-12-20T11:10:21","guid":{"rendered":"https:\/\/www.aguarda.es\/?p=11587"},"modified":"2017-12-20T11:11:23","modified_gmt":"2017-12-20T11:11:23","slug":"iniciativa-biblioteca-solidaria-recadou-preto-de-50-kg-de-alimentos","status":"publish","type":"post","link":"https:\/\/www.aguarda.es\/en\/iniciativa-biblioteca-solidaria-recadou-preto-de-50-kg-de-alimentos\/","title":{"rendered":"A iniciativa \u00abBiblioteca Solidaria\u00bb recadou preto de 50 kg de alimentos"},"content":{"rendered":"<p style=\"text-align: justify\">A Biblioteca P\u00fablica Municipal da Guarda logrou recadar preto de 50 kg de alimentos na iniciativa \u00abBiblioteca Solidaria\u00bb, <strong>grazas \u00e1 participaci\u00f3n do medio centenar de persoas que se achegou ao espazo de ocio e lectura<\/strong> para escoller un libro descatalogado a cambio de aportar unha unidade de alimentos non perecedoiros.<\/p>\n<p style=\"text-align: justify\">A concelleira de Cultura, Elena Baz, acudiu onte \u00e1 Biblioteca para facer <strong>entrega das doaz\u00f3ns \u00e1s asociaci\u00f3ns San Vicente de Pa\u00fal e Conrazones<\/strong>. Lentellas, garavanzos, pasta, arroz e fari\u00f1a, ademais de conservas variadas, xud\u00edas, aceite e doces de Nadal, foron os alimentos recadados na iniciativa solidaria, co obxectivo de que estes se dirixan <strong>\u00e1s familias que m\u00e1is o precisen da Guarda e a s\u00faa contorna<\/strong>.<\/p>\n<p style=\"text-align: justify\">A campa\u00f1a, que se levou a cabo co gallo do D\u00eda da Biblioteca, celebrouse entre o 24 de outubro e o 18 de decembro, co obxectivo de <strong>fomentar a lectura e a solidariedade<\/strong> cos sectores m\u00e1is desfavorecidos da sociedade.<\/p>\n","protected":false},"excerpt":{"rendered":"<p>A Biblioteca P\u00fablica Municipal da Guarda logrou recadar preto de 50 kg de alimentos na iniciativa \u00abBiblioteca Solidaria\u00bb, grazas \u00e1 participaci\u00f3n do medio centenar de persoas que se achegou ao espazo de ocio e lectura para escoller un libro descatalogado &hellip; <\/p>\n","protected":false},"author":2,"featured_media":11586,"comment_status":"open","ping_status":"open","sticky":false,"template":"","format":"standard","meta":[],"categories":[34],"tags":[787,242,673,708,630],"yoast_head":"<!-- This site is optimized with the Yoast SEO plugin v21.1 - https:\/\/yoast.com\/wordpress\/plugins\/seo\/ -->\n<title>A iniciativa \u00abBiblioteca Solidaria\u00bb recadou preto de 50 kg de alimentos - Concello da Guarda<\/title>\n<meta name=\"robots\" content=\"index, follow, max-snippet:-1, max-image-preview:large, max-video-preview:-1\" \/>\n<link rel=\"canonical\" href=\"https:\/\/www.aguarda.es\/en\/iniciativa-biblioteca-solidaria-recadou-preto-de-50-kg-de-alimentos\/\" \/>\n<meta property=\"og:locale\" content=\"en_US\" \/>\n<meta property=\"og:type\" content=\"article\" \/>\n<meta property=\"og:title\" content=\"A iniciativa \u00abBiblioteca Solidaria\u00bb recadou preto de 50 kg de alimentos - Concello da Guarda\" \/>\n<meta property=\"og:description\" content=\"A Biblioteca P\u00fablica Municipal da Guarda logrou recadar preto de 50 kg de alimentos na iniciativa \u00abBiblioteca Solidaria\u00bb, grazas \u00e1 participaci\u00f3n do medio centenar de persoas que se achegou ao espazo de ocio e lectura para escoller un libro descatalogado &hellip;\" \/>\n<meta property=\"og:url\" content=\"https:\/\/www.aguarda.es\/en\/iniciativa-biblioteca-solidaria-recadou-preto-de-50-kg-de-alimentos\/\" \/>\n<meta property=\"og:site_name\" content=\"Concello da Guarda\" \/>\n<meta property=\"article:publisher\" content=\"https:\/\/www.facebook.com\/ConcellodaGuarda\" \/>\n<meta property=\"article:published_time\" content=\"2017-12-20T11:10:21+00:00\" \/>\n<meta property=\"article:modified_time\" content=\"2017-12-20T11:11:23+00:00\" \/>\n<meta property=\"og:image\" content=\"https:\/\/www.aguarda.es\/wp-content\/uploads\/2017\/12\/Barferencias1-3.jpg\" \/>\n\t<meta property=\"og:image:width\" content=\"800\" \/>\n\t<meta property=\"og:image:height\" content=\"600\" \/>\n\t<meta property=\"og:image:type\" content=\"image\/jpeg\" \/>\n<meta name=\"author\" content=\"prensa\" \/>\n<meta name=\"twitter:card\" content=\"summary_large_image\" \/>\n<meta name=\"twitter:creator\" content=\"@AGuarda_es\" \/>\n<meta name=\"twitter:site\" content=\"@AGuarda_es\" \/>\n<meta name=\"twitter:label1\" content=\"Written by\" \/>\n\t<meta name=\"twitter:data1\" content=\"prensa\" \/>\n\t<meta name=\"twitter:label2\" content=\"Est. reading time\" \/>\n\t<meta name=\"twitter:data2\" content=\"1 minute\" \/>\n<script type=\"application\/ld+json\" class=\"yoast-schema-graph\">{\"@context\":\"https:\/\/schema.org\",\"@graph\":[{\"@type\":\"WebPage\",\"@id\":\"https:\/\/www.aguarda.es\/en\/iniciativa-biblioteca-solidaria-recadou-preto-de-50-kg-de-alimentos\/\",\"url\":\"https:\/\/www.aguarda.es\/en\/iniciativa-biblioteca-solidaria-recadou-preto-de-50-kg-de-alimentos\/\",\"name\":\"A iniciativa \u00abBiblioteca Solidaria\u00bb recadou preto de 50 kg de alimentos - Concello da Guarda\",\"isPartOf\":{\"@id\":\"https:\/\/www.aguarda.es\/en\/#website\"},\"datePublished\":\"2017-12-20T11:10:21+00:00\",\"dateModified\":\"2017-12-20T11:11:23+00:00\",\"author\":{\"@id\":\"https:\/\/www.aguarda.es\/en\/#\/schema\/person\/c463ca3006858ffb349d11179d044f21\"},\"breadcrumb\":{\"@id\":\"https:\/\/www.aguarda.es\/en\/iniciativa-biblioteca-solidaria-recadou-preto-de-50-kg-de-alimentos\/#breadcrumb\"},\"inLanguage\":\"en-US\",\"potentialAction\":[{\"@type\":\"ReadAction\",\"target\":[\"https:\/\/www.aguarda.es\/en\/iniciativa-biblioteca-solidaria-recadou-preto-de-50-kg-de-alimentos\/\"]}]},{\"@type\":\"BreadcrumbList\",\"@id\":\"https:\/\/www.aguarda.es\/en\/iniciativa-biblioteca-solidaria-recadou-preto-de-50-kg-de-alimentos\/#breadcrumb\",\"itemListElement\":[{\"@type\":\"ListItem\",\"position\":1,\"name\":\"Portada\",\"item\":\"https:\/\/www.aguarda.es\/en\/\"},{\"@type\":\"ListItem\",\"position\":2,\"name\":\"A iniciativa \u00abBiblioteca Solidaria\u00bb recadou preto de 50 kg de alimentos\"}]},{\"@type\":\"WebSite\",\"@id\":\"https:\/\/www.aguarda.es\/en\/#website\",\"url\":\"https:\/\/www.aguarda.es\/en\/\",\"name\":\"Concello da Guarda\",\"description\":\"P\u00e1xina web do concello da Guarda\",\"potentialAction\":[{\"@type\":\"SearchAction\",\"target\":{\"@type\":\"EntryPoint\",\"urlTemplate\":\"https:\/\/www.aguarda.es\/en\/?s={search_term_string}\"},\"query-input\":\"required name=search_term_string\"}],\"inLanguage\":\"en-US\"},{\"@type\":\"Person\",\"@id\":\"https:\/\/www.aguarda.es\/en\/#\/schema\/person\/c463ca3006858ffb349d11179d044f21\",\"name\":\"prensa\",\"image\":{\"@type\":\"ImageObject\",\"inLanguage\":\"en-US\",\"@id\":\"https:\/\/www.aguarda.es\/en\/#\/schema\/person\/image\/\",\"url\":\"https:\/\/secure.gravatar.com\/avatar\/5f90ef536b0f98306edf5c7a1135ffa1?s=96&d=mm&r=g\",\"contentUrl\":\"https:\/\/secure.gravatar.com\/avatar\/5f90ef536b0f98306edf5c7a1135ffa1?s=96&d=mm&r=g\",\"caption\":\"prensa\"},\"url\":\"https:\/\/www.aguarda.es\/en\/author\/prensa\/\"}]}<\/script>\n<!-- \/ Yoast SEO plugin. -->","yoast_head_json":{"title":"A iniciativa \u00abBiblioteca Solidaria\u00bb recadou preto de 50 kg de alimentos - Concello da Guarda","robots":{"index":"index","follow":"follow","max-snippet":"max-snippet:-1","max-image-preview":"max-image-preview:large","max-video-preview":"max-video-preview:-1"},"canonical":"https:\/\/www.aguarda.es\/en\/iniciativa-biblioteca-solidaria-recadou-preto-de-50-kg-de-alimentos\/","og_locale":"en_US","og_type":"article","og_title":"A iniciativa \u00abBiblioteca Solidaria\u00bb recadou preto de 50 kg de alimentos - Concello da Guarda","og_description":"A Biblioteca P\u00fablica Municipal da Guarda logrou recadar preto de 50 kg de alimentos na iniciativa \u00abBiblioteca Solidaria\u00bb, grazas \u00e1 participaci\u00f3n do medio centenar de persoas que se achegou ao espazo de ocio e lectura para escoller un libro descatalogado &hellip;","og_url":"https:\/\/www.aguarda.es\/en\/iniciativa-biblioteca-solidaria-recadou-preto-de-50-kg-de-alimentos\/","og_site_name":"Concello da Guarda","article_publisher":"https:\/\/www.facebook.com\/ConcellodaGuarda","article_published_time":"2017-12-20T11:10:21+00:00","article_modified_time":"2017-12-20T11:11:23+00:00","og_image":[{"width":800,"height":600,"url":"https:\/\/www.aguarda.es\/wp-content\/uploads\/2017\/12\/Barferencias1-3.jpg","type":"image\/jpeg"}],"author":"prensa","twitter_card":"summary_large_image","twitter_creator":"@AGuarda_es","twitter_site":"@AGuarda_es","twitter_misc":{"Written by":"prensa","Est. reading time":"1 minute"},"schema":{"@context":"https:\/\/schema.org","@graph":[{"@type":"WebPage","@id":"https:\/\/www.aguarda.es\/en\/iniciativa-biblioteca-solidaria-recadou-preto-de-50-kg-de-alimentos\/","url":"https:\/\/www.aguarda.es\/en\/iniciativa-biblioteca-solidaria-recadou-preto-de-50-kg-de-alimentos\/","name":"A iniciativa \u00abBiblioteca Solidaria\u00bb recadou preto de 50 kg de alimentos - Concello da Guarda","isPartOf":{"@id":"https:\/\/www.aguarda.es\/en\/#website"},"datePublished":"2017-12-20T11:10:21+00:00","dateModified":"2017-12-20T11:11:23+00:00","author":{"@id":"https:\/\/www.aguarda.es\/en\/#\/schema\/person\/c463ca3006858ffb349d11179d044f21"},"breadcrumb":{"@id":"https:\/\/www.aguarda.es\/en\/iniciativa-biblioteca-solidaria-recadou-preto-de-50-kg-de-alimentos\/#breadcrumb"},"inLanguage":"en-US","potentialAction":[{"@type":"ReadAction","target":["https:\/\/www.aguarda.es\/en\/iniciativa-biblioteca-solidaria-recadou-preto-de-50-kg-de-alimentos\/"]}]},{"@type":"BreadcrumbList","@id":"https:\/\/www.aguarda.es\/en\/iniciativa-biblioteca-solidaria-recadou-preto-de-50-kg-de-alimentos\/#breadcrumb","itemListElement":[{"@type":"ListItem","position":1,"name":"Portada","item":"https:\/\/www.aguarda.es\/en\/"},{"@type":"ListItem","position":2,"name":"A iniciativa \u00abBiblioteca Solidaria\u00bb recadou preto de 50 kg de alimentos"}]},{"@type":"WebSite","@id":"https:\/\/www.aguarda.es\/en\/#website","url":"https:\/\/www.aguarda.es\/en\/","name":"Concello da Guarda","description":"P\u00e1xina web do concello da Guarda","potentialAction":[{"@type":"SearchAction","target":{"@type":"EntryPoint","urlTemplate":"https:\/\/www.aguarda.es\/en\/?s={search_term_string}"},"query-input":"required name=search_term_string"}],"inLanguage":"en-US"},{"@type":"Person","@id":"https:\/\/www.aguarda.es\/en\/#\/schema\/person\/c463ca3006858ffb349d11179d044f21","name":"prensa","image":{"@type":"ImageObject","inLanguage":"en-US","@id":"https:\/\/www.aguarda.es\/en\/#\/schema\/person\/image\/","url":"https:\/\/secure.gravatar.com\/avatar\/5f90ef536b0f98306edf5c7a1135ffa1?s=96&d=mm&r=g","contentUrl":"https:\/\/secure.gravatar.com\/avatar\/5f90ef536b0f98306edf5c7a1135ffa1?s=96&d=mm&r=g","caption":"prensa"},"url":"https:\/\/www.aguarda.es\/en\/author\/prensa\/"}]}},"_links":{"self":[{"href":"https:\/\/www.aguarda.es\/en\/wp-json\/wp\/v2\/posts\/11587"}],"collection":[{"href":"https:\/\/www.aguarda.es\/en\/wp-json\/wp\/v2\/posts"}],"about":[{"href":"https:\/\/www.aguarda.es\/en\/wp-json\/wp\/v2\/types\/post"}],"author":[{"embeddable":true,"href":"https:\/\/www.aguarda.es\/en\/wp-json\/wp\/v2\/users\/2"}],"replies":[{"embeddable":true,"href":"https:\/\/www.aguarda.es\/en\/wp-json\/wp\/v2\/comments?post=11587"}],"version-history":[{"count":2,"href":"https:\/\/www.aguarda.es\/en\/wp-json\/wp\/v2\/posts\/11587\/revisions"}],"predecessor-version":[{"id":11589,"href":"https:\/\/www.aguarda.es\/en\/wp-json\/wp\/v2\/posts\/11587\/revisions\/11589"}],"wp:featuredmedia":[{"embeddable":true,"href":"https:\/\/www.aguarda.es\/en\/wp-json\/wp\/v2\/media\/11586"}],"wp:attachment":[{"href":"https:\/\/www.aguarda.es\/en\/wp-json\/wp\/v2\/media?parent=11587"}],"wp:term":[{"taxonomy":"category","embeddable":true,"href":"https:\/\/www.aguarda.es\/en\/wp-json\/wp\/v2\/categories?post=11587"},{"taxonomy":"post_tag","embeddable":true,"href":"https:\/\/www.aguarda.es\/en\/wp-json\/wp\/v2\/tags?post=11587"}],"curies":[{"name":"wp","href":"https:\/\/api.w.org\/{rel}","templated":true}]}}