{"id":1166,"date":"2015-09-01T10:25:18","date_gmt":"2015-09-01T10:25:18","guid":{"rendered":"https:\/\/www.aguarda.es\/?p=1166"},"modified":"2015-09-01T10:25:18","modified_gmt":"2015-09-01T10:25:18","slug":"os-participantes-no-viii-torneo-de-volei-praia-da-guarda-donan-35-quilogramos-de-comida-o-banco-de-alimentos","status":"publish","type":"post","link":"https:\/\/www.aguarda.es\/en\/os-participantes-no-viii-torneo-de-volei-praia-da-guarda-donan-35-quilogramos-de-comida-o-banco-de-alimentos\/","title":{"rendered":"OS PARTICIPANTES NO VIII TORNEO DE VOLEI PRAIA DA GUARDA DOAN 35 QUILOGRAMOS DE COMIDA \u00d3 BANCO DE ALIMENTOS"},"content":{"rendered":"<p>O campionato xogouse esta fin de semana na praia da Lami\u00f1a.<\/p>\n<p>  <!--more-->  <\/p>\n<p>\u00a0<\/p>\n<p>Esta fin de semana celebrouse na praia da Lami\u00f1a\u00a0 da Guarda \u00f3 VIII Torneo de Volei Praia, organizado polo Concello da localidade.<\/p>\n<p>A inscrici\u00f3n para este campionato, no que participaron dezaseis parellas, foi gratu\u00edta, pero a organizaci\u00f3n invitaba a doar alg\u00fan paquete de comida \u00f3 Banco de Alimentos municipal. En total recoll\u00e9ronse 35 quilogramos de comida entre as que se distingu\u00eda, por exemplo, paquetes de arroz ou pasta, galletas, botes de cacao, latas de conservas ou botellas de aceite.<\/p>\n<p>Todos estes paquetes xa se encontran no Banco de Alimentos e dende a Conceller\u00eda de Servizos Sociais, da que est\u00e1 \u00f3 fronte a concelleira M\u00aa Teresa Vicente Baz, comezar\u00e1n co seu reparto entre as familias que m\u00e1is o precisan.<\/p>\n<p><em><strong>\u00c9xito do Torneo<\/strong><\/em><\/p>\n<p>As dezaseis parellas participantes no VIII Torneo de Volei Praia organizado polo Concello da Guarda mostr\u00e1ronse moi satisfeitas polo resultado.<\/p>\n<p>Finalmente, resultaron ga\u00f1adores deste campionato a parella formada por Lexo e Gabri e subcampi\u00f3ns Koke e Diego. De terceiros quedaron Pi\u00f1o e Rafa, e cuartos Yago e V\u00edctor.<\/p>\n<p><img decoding=\"async\" loading=\"lazy\" class=\" size-full wp-image-1164\" src=\"https:\/\/www.aguarda.es\/wp-content\/uploads\/2015\/09\/2015_volei.jpg\" alt=\"\" width=\"600\" height=\"450\" srcset=\"https:\/\/www.aguarda.es\/wp-content\/uploads\/2015\/09\/2015_volei.jpg 600w, https:\/\/www.aguarda.es\/wp-content\/uploads\/2015\/09\/2015_volei-570x428.jpg 570w, https:\/\/www.aguarda.es\/wp-content\/uploads\/2015\/09\/2015_volei-300x225.jpg 300w\" sizes=\"(max-width: 600px) 100vw, 600px\" \/><\/p>\n<p><img decoding=\"async\" loading=\"lazy\" class=\" size-full wp-image-1165\" src=\"https:\/\/www.aguarda.es\/wp-content\/uploads\/2015\/09\/2015_volei1.jpg\" alt=\"\" width=\"600\" height=\"450\" srcset=\"https:\/\/www.aguarda.es\/wp-content\/uploads\/2015\/09\/2015_volei1.jpg 600w, https:\/\/www.aguarda.es\/wp-content\/uploads\/2015\/09\/2015_volei1-570x428.jpg 570w, https:\/\/www.aguarda.es\/wp-content\/uploads\/2015\/09\/2015_volei1-300x225.jpg 300w\" sizes=\"(max-width: 600px) 100vw, 600px\" \/><\/p>\n","protected":false},"excerpt":{"rendered":"<p>O campionato xogouse esta fin de semana na praia da Lami\u00f1a.<\/p>\n","protected":false},"author":1,"featured_media":1165,"comment_status":"open","ping_status":"open","sticky":false,"template":"","format":"standard","meta":[],"categories":[45],"tags":[],"yoast_head":"<!-- This site is optimized with the Yoast SEO plugin v21.1 - https:\/\/yoast.com\/wordpress\/plugins\/seo\/ -->\n<title>OS PARTICIPANTES NO VIII TORNEO DE VOLEI PRAIA DA GUARDA DOAN 35 QUILOGRAMOS DE COMIDA \u00d3 BANCO DE ALIMENTOS - Concello da Guarda<\/title>\n<meta name=\"robots\" content=\"index, follow, max-snippet:-1, max-image-preview:large, max-video-preview:-1\" \/>\n<link rel=\"canonical\" href=\"https:\/\/www.aguarda.es\/en\/os-participantes-no-viii-torneo-de-volei-praia-da-guarda-donan-35-quilogramos-de-comida-o-banco-de-alimentos\/\" \/>\n<meta property=\"og:locale\" content=\"en_US\" \/>\n<meta property=\"og:type\" content=\"article\" \/>\n<meta property=\"og:title\" content=\"OS PARTICIPANTES NO VIII TORNEO DE VOLEI PRAIA DA GUARDA DOAN 35 QUILOGRAMOS DE COMIDA \u00d3 BANCO DE ALIMENTOS - Concello da Guarda\" \/>\n<meta property=\"og:description\" content=\"O campionato xogouse esta fin de semana na praia da Lami\u00f1a.\" \/>\n<meta property=\"og:url\" content=\"https:\/\/www.aguarda.es\/en\/os-participantes-no-viii-torneo-de-volei-praia-da-guarda-donan-35-quilogramos-de-comida-o-banco-de-alimentos\/\" \/>\n<meta property=\"og:site_name\" content=\"Concello da Guarda\" \/>\n<meta property=\"article:publisher\" content=\"https:\/\/www.facebook.com\/ConcellodaGuarda\" \/>\n<meta property=\"article:published_time\" content=\"2015-09-01T10:25:18+00:00\" \/>\n<meta property=\"og:image\" content=\"https:\/\/www.aguarda.es\/wp-content\/uploads\/2015\/09\/2015_volei1.jpg\" \/>\n\t<meta property=\"og:image:width\" content=\"600\" \/>\n\t<meta property=\"og:image:height\" content=\"450\" \/>\n\t<meta property=\"og:image:type\" content=\"image\/jpeg\" \/>\n<meta name=\"author\" content=\"Concello\" \/>\n<meta name=\"twitter:card\" content=\"summary_large_image\" \/>\n<meta name=\"twitter:creator\" content=\"@AGuarda_es\" \/>\n<meta name=\"twitter:site\" content=\"@AGuarda_es\" \/>\n<meta name=\"twitter:label1\" content=\"Written by\" \/>\n\t<meta name=\"twitter:data1\" content=\"Concello\" \/>\n\t<meta name=\"twitter:label2\" content=\"Est. reading time\" \/>\n\t<meta name=\"twitter:data2\" content=\"1 minute\" \/>\n<script type=\"application\/ld+json\" class=\"yoast-schema-graph\">{\"@context\":\"https:\/\/schema.org\",\"@graph\":[{\"@type\":\"WebPage\",\"@id\":\"https:\/\/www.aguarda.es\/en\/os-participantes-no-viii-torneo-de-volei-praia-da-guarda-donan-35-quilogramos-de-comida-o-banco-de-alimentos\/\",\"url\":\"https:\/\/www.aguarda.es\/en\/os-participantes-no-viii-torneo-de-volei-praia-da-guarda-donan-35-quilogramos-de-comida-o-banco-de-alimentos\/\",\"name\":\"OS PARTICIPANTES NO VIII TORNEO DE VOLEI PRAIA DA GUARDA DOAN 35 QUILOGRAMOS DE COMIDA \u00d3 BANCO DE ALIMENTOS - Concello da Guarda\",\"isPartOf\":{\"@id\":\"https:\/\/www.aguarda.es\/en\/#website\"},\"datePublished\":\"2015-09-01T10:25:18+00:00\",\"dateModified\":\"2015-09-01T10:25:18+00:00\",\"author\":{\"@id\":\"https:\/\/www.aguarda.es\/en\/#\/schema\/person\/ac30f4d74843174f0af56c730f74dd57\"},\"breadcrumb\":{\"@id\":\"https:\/\/www.aguarda.es\/en\/os-participantes-no-viii-torneo-de-volei-praia-da-guarda-donan-35-quilogramos-de-comida-o-banco-de-alimentos\/#breadcrumb\"},\"inLanguage\":\"en-US\",\"potentialAction\":[{\"@type\":\"ReadAction\",\"target\":[\"https:\/\/www.aguarda.es\/en\/os-participantes-no-viii-torneo-de-volei-praia-da-guarda-donan-35-quilogramos-de-comida-o-banco-de-alimentos\/\"]}]},{\"@type\":\"BreadcrumbList\",\"@id\":\"https:\/\/www.aguarda.es\/en\/os-participantes-no-viii-torneo-de-volei-praia-da-guarda-donan-35-quilogramos-de-comida-o-banco-de-alimentos\/#breadcrumb\",\"itemListElement\":[{\"@type\":\"ListItem\",\"position\":1,\"name\":\"Portada\",\"item\":\"https:\/\/www.aguarda.es\/en\/\"},{\"@type\":\"ListItem\",\"position\":2,\"name\":\"OS PARTICIPANTES NO VIII TORNEO DE VOLEI PRAIA DA GUARDA DOAN 35 QUILOGRAMOS DE COMIDA \u00d3 BANCO DE ALIMENTOS\"}]},{\"@type\":\"WebSite\",\"@id\":\"https:\/\/www.aguarda.es\/en\/#website\",\"url\":\"https:\/\/www.aguarda.es\/en\/\",\"name\":\"Concello da Guarda\",\"description\":\"P\u00e1xina web do concello da Guarda\",\"potentialAction\":[{\"@type\":\"SearchAction\",\"target\":{\"@type\":\"EntryPoint\",\"urlTemplate\":\"https:\/\/www.aguarda.es\/en\/?s={search_term_string}\"},\"query-input\":\"required name=search_term_string\"}],\"inLanguage\":\"en-US\"},{\"@type\":\"Person\",\"@id\":\"https:\/\/www.aguarda.es\/en\/#\/schema\/person\/ac30f4d74843174f0af56c730f74dd57\",\"name\":\"Concello\",\"image\":{\"@type\":\"ImageObject\",\"inLanguage\":\"en-US\",\"@id\":\"https:\/\/www.aguarda.es\/en\/#\/schema\/person\/image\/\",\"url\":\"https:\/\/secure.gravatar.com\/avatar\/7eda12a04da40b2ef77eb62e68f07027?s=96&d=mm&r=g\",\"contentUrl\":\"https:\/\/secure.gravatar.com\/avatar\/7eda12a04da40b2ef77eb62e68f07027?s=96&d=mm&r=g\",\"caption\":\"Concello\"},\"url\":\"https:\/\/www.aguarda.es\/en\/author\/admin\/\"}]}<\/script>\n<!-- \/ Yoast SEO plugin. -->","yoast_head_json":{"title":"OS PARTICIPANTES NO VIII TORNEO DE VOLEI PRAIA DA GUARDA DOAN 35 QUILOGRAMOS DE COMIDA \u00d3 BANCO DE ALIMENTOS - Concello da Guarda","robots":{"index":"index","follow":"follow","max-snippet":"max-snippet:-1","max-image-preview":"max-image-preview:large","max-video-preview":"max-video-preview:-1"},"canonical":"https:\/\/www.aguarda.es\/en\/os-participantes-no-viii-torneo-de-volei-praia-da-guarda-donan-35-quilogramos-de-comida-o-banco-de-alimentos\/","og_locale":"en_US","og_type":"article","og_title":"OS PARTICIPANTES NO VIII TORNEO DE VOLEI PRAIA DA GUARDA DOAN 35 QUILOGRAMOS DE COMIDA \u00d3 BANCO DE ALIMENTOS - Concello da Guarda","og_description":"O campionato xogouse esta fin de semana na praia da Lami\u00f1a.","og_url":"https:\/\/www.aguarda.es\/en\/os-participantes-no-viii-torneo-de-volei-praia-da-guarda-donan-35-quilogramos-de-comida-o-banco-de-alimentos\/","og_site_name":"Concello da Guarda","article_publisher":"https:\/\/www.facebook.com\/ConcellodaGuarda","article_published_time":"2015-09-01T10:25:18+00:00","og_image":[{"width":600,"height":450,"url":"https:\/\/www.aguarda.es\/wp-content\/uploads\/2015\/09\/2015_volei1.jpg","type":"image\/jpeg"}],"author":"Concello","twitter_card":"summary_large_image","twitter_creator":"@AGuarda_es","twitter_site":"@AGuarda_es","twitter_misc":{"Written by":"Concello","Est. reading time":"1 minute"},"schema":{"@context":"https:\/\/schema.org","@graph":[{"@type":"WebPage","@id":"https:\/\/www.aguarda.es\/en\/os-participantes-no-viii-torneo-de-volei-praia-da-guarda-donan-35-quilogramos-de-comida-o-banco-de-alimentos\/","url":"https:\/\/www.aguarda.es\/en\/os-participantes-no-viii-torneo-de-volei-praia-da-guarda-donan-35-quilogramos-de-comida-o-banco-de-alimentos\/","name":"OS PARTICIPANTES NO VIII TORNEO DE VOLEI PRAIA DA GUARDA DOAN 35 QUILOGRAMOS DE COMIDA \u00d3 BANCO DE ALIMENTOS - Concello da Guarda","isPartOf":{"@id":"https:\/\/www.aguarda.es\/en\/#website"},"datePublished":"2015-09-01T10:25:18+00:00","dateModified":"2015-09-01T10:25:18+00:00","author":{"@id":"https:\/\/www.aguarda.es\/en\/#\/schema\/person\/ac30f4d74843174f0af56c730f74dd57"},"breadcrumb":{"@id":"https:\/\/www.aguarda.es\/en\/os-participantes-no-viii-torneo-de-volei-praia-da-guarda-donan-35-quilogramos-de-comida-o-banco-de-alimentos\/#breadcrumb"},"inLanguage":"en-US","potentialAction":[{"@type":"ReadAction","target":["https:\/\/www.aguarda.es\/en\/os-participantes-no-viii-torneo-de-volei-praia-da-guarda-donan-35-quilogramos-de-comida-o-banco-de-alimentos\/"]}]},{"@type":"BreadcrumbList","@id":"https:\/\/www.aguarda.es\/en\/os-participantes-no-viii-torneo-de-volei-praia-da-guarda-donan-35-quilogramos-de-comida-o-banco-de-alimentos\/#breadcrumb","itemListElement":[{"@type":"ListItem","position":1,"name":"Portada","item":"https:\/\/www.aguarda.es\/en\/"},{"@type":"ListItem","position":2,"name":"OS PARTICIPANTES NO VIII TORNEO DE VOLEI PRAIA DA GUARDA DOAN 35 QUILOGRAMOS DE COMIDA \u00d3 BANCO DE ALIMENTOS"}]},{"@type":"WebSite","@id":"https:\/\/www.aguarda.es\/en\/#website","url":"https:\/\/www.aguarda.es\/en\/","name":"Concello da Guarda","description":"P\u00e1xina web do concello da Guarda","potentialAction":[{"@type":"SearchAction","target":{"@type":"EntryPoint","urlTemplate":"https:\/\/www.aguarda.es\/en\/?s={search_term_string}"},"query-input":"required name=search_term_string"}],"inLanguage":"en-US"},{"@type":"Person","@id":"https:\/\/www.aguarda.es\/en\/#\/schema\/person\/ac30f4d74843174f0af56c730f74dd57","name":"Concello","image":{"@type":"ImageObject","inLanguage":"en-US","@id":"https:\/\/www.aguarda.es\/en\/#\/schema\/person\/image\/","url":"https:\/\/secure.gravatar.com\/avatar\/7eda12a04da40b2ef77eb62e68f07027?s=96&d=mm&r=g","contentUrl":"https:\/\/secure.gravatar.com\/avatar\/7eda12a04da40b2ef77eb62e68f07027?s=96&d=mm&r=g","caption":"Concello"},"url":"https:\/\/www.aguarda.es\/en\/author\/admin\/"}]}},"_links":{"self":[{"href":"https:\/\/www.aguarda.es\/en\/wp-json\/wp\/v2\/posts\/1166"}],"collection":[{"href":"https:\/\/www.aguarda.es\/en\/wp-json\/wp\/v2\/posts"}],"about":[{"href":"https:\/\/www.aguarda.es\/en\/wp-json\/wp\/v2\/types\/post"}],"author":[{"embeddable":true,"href":"https:\/\/www.aguarda.es\/en\/wp-json\/wp\/v2\/users\/1"}],"replies":[{"embeddable":true,"href":"https:\/\/www.aguarda.es\/en\/wp-json\/wp\/v2\/comments?post=1166"}],"version-history":[{"count":0,"href":"https:\/\/www.aguarda.es\/en\/wp-json\/wp\/v2\/posts\/1166\/revisions"}],"wp:featuredmedia":[{"embeddable":true,"href":"https:\/\/www.aguarda.es\/en\/wp-json\/wp\/v2\/media\/1165"}],"wp:attachment":[{"href":"https:\/\/www.aguarda.es\/en\/wp-json\/wp\/v2\/media?parent=1166"}],"wp:term":[{"taxonomy":"category","embeddable":true,"href":"https:\/\/www.aguarda.es\/en\/wp-json\/wp\/v2\/categories?post=1166"},{"taxonomy":"post_tag","embeddable":true,"href":"https:\/\/www.aguarda.es\/en\/wp-json\/wp\/v2\/tags?post=1166"}],"curies":[{"name":"wp","href":"https:\/\/api.w.org\/{rel}","templated":true}]}}