{"id":11791,"date":"2018-01-16T14:10:52","date_gmt":"2018-01-16T14:10:52","guid":{"rendered":"https:\/\/www.aguarda.es\/?p=11791"},"modified":"2018-01-16T14:10:52","modified_gmt":"2018-01-16T14:10:52","slug":"resolucion-de-reclamacions-bolsa-auxiliar-administrativo-data-da-proxima-proba","status":"publish","type":"post","link":"https:\/\/www.aguarda.es\/en\/resolucion-de-reclamacions-bolsa-auxiliar-administrativo-data-da-proxima-proba\/","title":{"rendered":"Resoluci\u00f3n de reclamaci\u00f3ns Bolsa auxiliar administrativo e data da pr\u00f3xima proba"},"content":{"rendered":"<p><strong><u>PROCESO SELECTIVO PARA A FORMACI\u00d3N DUNHA LISTA DE RESERVA PARA A PROVISI\u00d3N INTERINA DE PRAZAS DE AUXILIAR ADMINISTRATIVO DE ADMINISTRACI\u00d3N XERAL<\/u><\/strong><\/p>\n<p>&nbsp;<\/p>\n<p>&nbsp;<\/p>\n<p>Celebrada sesi\u00f3n o d\u00eda 16 de xaneiro de 2018 do Tribunal para o proceso selectivo arriba sinalada, procedeuse \u00e1 \u00e1 resoluci\u00f3n das alegaci\u00f3ns presentadas no Rexistro Xeral sobre as preguntas do primeiro exercicio.<\/p>\n<p>&nbsp;<\/p>\n<p>As alegaci\u00f3n presentadas foron as seguintes:<\/p>\n<p>&nbsp;<\/p>\n<p><strong>RE-1297,\u00a0 RC-5828,<\/strong> <strong>RC-5827 e RC-5863,<\/strong> sobre a pregunta n\u00famero 5 e a <strong>RC-5867 <\/strong>sobre a pregunta n\u00famero 5 e n\u00famero 14.<\/p>\n<p>&nbsp;<\/p>\n<p>Vistas as alegaci\u00f3ns presentadas, o tribunal cualificador acorda por unanimidade:<\/p>\n<p>&nbsp;<\/p>\n<p><strong>&#8211; Respecto da pregunta n\u00famero 5.<\/strong><\/p>\n<p>&nbsp;<\/p>\n<p>De conformidade co previsto no art. 47 L39\/2015, a pregunta est\u00e1 incorrectamente redactada, xa que cont\u00e9n d\u00faas respostas incorrectas (apartados a) e d), polo que a pregunta debe ser anulada.<\/p>\n<p>&nbsp;<\/p>\n<p>Desestimamos a pretensi\u00f3n de considerar correcta a resposta d) tal e como se solicita nunha alegaci\u00f3n, xa que a regulaci\u00f3n da nulidade de pleno dereito est\u00e1 suxeita a reserva de Lei.<\/p>\n<p>&nbsp;<\/p>\n<p><strong>&#8211; Respecto da pregunta n\u00famero 14.<\/strong><\/p>\n<p>&nbsp;<\/p>\n<p>As competencias propias dos Concellos se establecen no artigo 25 LBRL, pero efectivamente non no seu apartado 1\u00ba, sen\u00f3n no 2\u00ba. Inda que non ofrece d\u00fabida que a resposta mais correcta e a a), posto que \u00e9 o \u00fanico dos artigos enunciados relacionados con esa materia, tam\u00e9n \u00e9 certo que \u00e9 incorrecta, polo que debe ser anulada, admitindo parcialmente a alegaci\u00f3n sobre esta pregunta. En canto a dar por correcta a resposta d), non se pode dar, xa que actualmente non existe o artigo 28 LBRL por ter sido derogado pola Lei 27\/2013, e durante a s\u00faa vixencia tampouco recoll\u00eda competencias propias.<\/p>\n<p>&nbsp;<\/p>\n<p>Ac\u00f3rdase polo tanto a anulaci\u00f3n das preguntas 5 e 14 e a s\u00faa substituci\u00f3n polas preguntas de reserva R41 e R42.<\/p>\n<p>&nbsp;<\/p>\n<p>Da nova correcci\u00f3n obt\u00e9\u00f1ense os seguintes resultados:<\/p>\n<p>&nbsp;<\/p>\n<table>\n<tbody>\n<tr>\n<td width=\"94\"><strong>DNI<\/strong><\/td>\n<td width=\"129\"><strong>Nome<\/strong><\/td>\n<td width=\"140\"><strong>Apelido 1<\/strong><\/td>\n<td width=\"125\"><strong>Apelido 2<\/strong><\/td>\n<td width=\"76\"><strong>NOTA<\/strong><\/td>\n<\/tr>\n<tr>\n<td width=\"94\">53172859X<\/td>\n<td width=\"129\">GONZALO<\/td>\n<td width=\"140\">ALLEGUE<\/td>\n<td width=\"125\">TOSCANO<\/td>\n<td width=\"76\">NON APTO\/A<\/td>\n<\/tr>\n<tr>\n<td width=\"94\">76895519X<\/td>\n<td width=\"129\">JOSE<\/td>\n<td width=\"140\">ALONSO<\/td>\n<td width=\"125\">ALVAREZ<\/td>\n<td width=\"76\">NON APTO\/A<\/td>\n<\/tr>\n<tr>\n<td width=\"94\">35568975G<\/td>\n<td width=\"129\">MARCOS<\/td>\n<td width=\"140\">ALONSO<\/td>\n<td width=\"125\">BARCIA<\/td>\n<td width=\"76\">6,67<\/td>\n<\/tr>\n<tr>\n<td width=\"94\">76901036F<\/td>\n<td width=\"129\">SANDRA<\/td>\n<td width=\"140\">ALVAREZ<\/td>\n<td width=\"125\">CARRERA<\/td>\n<td width=\"76\">NON APTO\/A<\/td>\n<\/tr>\n<tr>\n<td width=\"94\">36072619V<\/td>\n<td width=\"129\">MAR\u00cdA JES\u00daS<\/td>\n<td width=\"140\">ALVAREZ<\/td>\n<td width=\"125\">ESPA\u00d1OL<\/td>\n<td width=\"76\">6,58<\/td>\n<\/tr>\n<tr>\n<td width=\"94\">36149451Y<\/td>\n<td width=\"129\">IRIA<\/td>\n<td width=\"140\">ALVAREZ<\/td>\n<td width=\"125\">NION<\/td>\n<td width=\"76\">6,83<\/td>\n<\/tr>\n<tr>\n<td width=\"94\">36106019K<\/td>\n<td width=\"129\">RUTH<\/td>\n<td width=\"140\">ALVAREZ<\/td>\n<td width=\"125\">RODRIGUEZ<\/td>\n<td width=\"76\">NON APTO\/A<\/td>\n<\/tr>\n<tr>\n<td width=\"94\">44083312V<\/td>\n<td width=\"129\">BEGO\u00d1A<\/td>\n<td width=\"140\">BARROS<\/td>\n<td width=\"125\">LOIS<\/td>\n<td width=\"76\">NON APTO\/A<\/td>\n<\/tr>\n<tr>\n<td width=\"94\">76827206F<\/td>\n<td width=\"129\">AIRA<\/td>\n<td width=\"140\">BELOSO<\/td>\n<td width=\"125\">CHAVES<\/td>\n<td width=\"76\">NON APTO\/A<\/td>\n<\/tr>\n<tr>\n<td width=\"94\">36049431J<\/td>\n<td width=\"129\">ANA JOSEFINA<\/td>\n<td width=\"140\">BERMEJO<\/td>\n<td width=\"125\">DIAZ<\/td>\n<td width=\"76\">NON APTO\/A<\/td>\n<\/tr>\n<tr>\n<td width=\"94\">44849940D<\/td>\n<td width=\"129\">PABLO<\/td>\n<td width=\"140\">BLANCO<\/td>\n<td width=\"125\">ABOLLO<\/td>\n<td width=\"76\">NON APTO\/A<\/td>\n<\/tr>\n<tr>\n<td width=\"94\">44083687R<\/td>\n<td width=\"129\">FLAVIA<\/td>\n<td width=\"140\">CAMPOS<\/td>\n<td width=\"125\">LAGES<\/td>\n<td width=\"76\">5,42<\/td>\n<\/tr>\n<tr>\n<td width=\"94\">76996573W<\/td>\n<td width=\"129\">LAURA<\/td>\n<td width=\"140\">CAMPOS<\/td>\n<td width=\"125\">RIVAS<\/td>\n<td width=\"76\">7,58<\/td>\n<\/tr>\n<tr>\n<td width=\"94\">35557886R<\/td>\n<td width=\"129\">IN\u00c9S<\/td>\n<td width=\"140\">CARRERA<\/td>\n<td width=\"125\">RODRIGUEZ<\/td>\n<td width=\"76\">NON APTO\/A<\/td>\n<\/tr>\n<tr>\n<td width=\"94\">34945793F<\/td>\n<td width=\"129\">MELETINA<\/td>\n<td width=\"140\">CID<\/td>\n<td width=\"125\">RODRIGUEZ<\/td>\n<td width=\"76\">NON APTO\/A<\/td>\n<\/tr>\n<tr>\n<td width=\"94\">77416104J<\/td>\n<td width=\"129\">MAR\u00cdA DEL CARMEN<\/td>\n<td width=\"140\">CORBAL<\/td>\n<td width=\"125\">CASTRO<\/td>\n<td width=\"76\">6,50<\/td>\n<\/tr>\n<tr>\n<td width=\"94\">44081357V<\/td>\n<td width=\"129\">FRANCISCO<\/td>\n<td width=\"140\">CORTIZO<\/td>\n<td width=\"125\">CONDE<\/td>\n<td width=\"76\">NON APTO\/A<\/td>\n<\/tr>\n<tr>\n<td width=\"94\">36158039S<\/td>\n<td width=\"129\">MAR\u00cdA JOS\u00c9<\/td>\n<td width=\"140\">DACOSTA<\/td>\n<td width=\"125\">ARGIBAY<\/td>\n<td width=\"76\">NON APTO\/A<\/td>\n<\/tr>\n<tr>\n<td width=\"94\">36142708W<\/td>\n<td width=\"129\">VIRGINIA<\/td>\n<td width=\"140\">DE MIRANDA<\/td>\n<td width=\"125\">VIGO<\/td>\n<td width=\"76\">NON APTO\/A<\/td>\n<\/tr>\n<tr>\n<td width=\"94\">39461833C<\/td>\n<td width=\"129\">MAR\u00cdA<\/td>\n<td width=\"140\">DOMINGUEZ<\/td>\n<td width=\"125\">CID<\/td>\n<td width=\"76\">NON APTO\/A<\/td>\n<\/tr>\n<tr>\n<td width=\"94\">36055205Z<\/td>\n<td width=\"129\">MAR\u00cdA DEL ROSARIO<\/td>\n<td width=\"140\">DOMINGUEZ<\/td>\n<td width=\"125\">DA SILVA<\/td>\n<td width=\"76\">6,33<\/td>\n<\/tr>\n<tr>\n<td width=\"94\">44143661Z<\/td>\n<td width=\"129\">ASIER<\/td>\n<td width=\"140\">ESTEVEZ<\/td>\n<td width=\"125\">GO\u00d1I<\/td>\n<td width=\"76\">NON APTO\/A<\/td>\n<\/tr>\n<tr>\n<td width=\"94\">77410338C<\/td>\n<td width=\"129\">ALEJANDRO<\/td>\n<td width=\"140\">FERNANDEZ<\/td>\n<td width=\"125\">CASTRO<\/td>\n<td width=\"76\">5,75<\/td>\n<\/tr>\n<tr>\n<td width=\"94\">44081475C<\/td>\n<td width=\"129\">LUCIA<\/td>\n<td width=\"140\">FERNANDEZ<\/td>\n<td width=\"125\">CONSTENLA<\/td>\n<td width=\"76\">NON APTO\/A<\/td>\n<\/tr>\n<tr>\n<td width=\"94\">36151133D<\/td>\n<td width=\"129\">JORGE<\/td>\n<td width=\"140\">FERNANDEZ<\/td>\n<td width=\"125\">RODRIGUEZ<\/td>\n<td width=\"76\">5,50<\/td>\n<\/tr>\n<tr>\n<td width=\"94\">35456502R<\/td>\n<td width=\"129\">ALBERTO<\/td>\n<td width=\"140\">FIGUEIRO<\/td>\n<td width=\"125\">ALFONSO<\/td>\n<td width=\"76\">NON APTO\/A<\/td>\n<\/tr>\n<tr>\n<td width=\"94\">53176737R<\/td>\n<td width=\"129\">NOELIA<\/td>\n<td width=\"140\">GARCIA<\/td>\n<td width=\"125\">PEREIRA<\/td>\n<td width=\"76\">NON APTO\/A<\/td>\n<\/tr>\n<tr>\n<td width=\"94\">44839220F<\/td>\n<td width=\"129\">ELENA MARIEL<\/td>\n<td width=\"140\">GARCIA<\/td>\n<td width=\"125\">VAZQUEZ<\/td>\n<td width=\"76\">6,00<\/td>\n<\/tr>\n<tr>\n<td width=\"94\">44874928L<\/td>\n<td width=\"129\">SALVADOR<\/td>\n<td width=\"140\">GOMEZ<\/td>\n<td width=\"125\">GARCIA<\/td>\n<td width=\"76\">6,00<\/td>\n<\/tr>\n<tr>\n<td width=\"94\">36117258J<\/td>\n<td width=\"129\">XAVIER<\/td>\n<td width=\"140\">GONZALEZ<\/td>\n<td width=\"125\">CARREIRA<\/td>\n<td width=\"76\">5,67<\/td>\n<\/tr>\n<tr>\n<td width=\"94\">35572784H<\/td>\n<td width=\"129\">MARIA INMACULADA<\/td>\n<td width=\"140\">GONZALEZ<\/td>\n<td width=\"125\">DOMINGUEZ<\/td>\n<td width=\"76\">6,33<\/td>\n<\/tr>\n<tr>\n<td width=\"94\">76709262F<\/td>\n<td width=\"129\">REYES<\/td>\n<td width=\"140\">GONZALEZ<\/td>\n<td width=\"125\">GOMEZ<\/td>\n<td width=\"76\">5,92<\/td>\n<\/tr>\n<tr>\n<td width=\"94\">15492853F<\/td>\n<td width=\"129\">EVA MAR\u00cdA<\/td>\n<td width=\"140\">GONZALEZ<\/td>\n<td width=\"125\">LOMBA<\/td>\n<td width=\"76\">NON APTO\/A<\/td>\n<\/tr>\n<tr>\n<td width=\"94\">36153316F<\/td>\n<td width=\"129\">XO\u00c1N CARLOS<\/td>\n<td width=\"140\">GONZALEZ<\/td>\n<td width=\"125\">LOPEZ<\/td>\n<td width=\"76\">NON APTO\/A<\/td>\n<\/tr>\n<tr>\n<td width=\"94\">35572960X<\/td>\n<td width=\"129\">MARGARET<\/td>\n<td width=\"140\">GONZALEZ<\/td>\n<td width=\"125\">OTERO<\/td>\n<td width=\"76\">NON APTO\/A<\/td>\n<\/tr>\n<tr>\n<td width=\"94\">35574290Y<\/td>\n<td width=\"129\">EDUARDO<\/td>\n<td width=\"140\">GONZALEZ<\/td>\n<td width=\"125\">SOLLEIRO<\/td>\n<td width=\"76\">5,17<\/td>\n<\/tr>\n<tr>\n<td width=\"94\">77011553D<\/td>\n<td width=\"129\">CRISTINA<\/td>\n<td width=\"140\">GONZALEZ-ALMUI\u00d1A<\/td>\n<td width=\"125\">LESTA<\/td>\n<td width=\"76\">6,58<\/td>\n<\/tr>\n<tr>\n<td width=\"94\">77006577R<\/td>\n<td width=\"129\">PATRICIA<\/td>\n<td width=\"140\">GRADIN<\/td>\n<td width=\"125\">FERNANDEZ<\/td>\n<td width=\"76\">NON APTO\/A<\/td>\n<\/tr>\n<tr>\n<td width=\"94\">36142599P<\/td>\n<td width=\"129\">PABLO<\/td>\n<td width=\"140\">GREGORIO<\/td>\n<td width=\"125\">TABOADA<\/td>\n<td width=\"76\">7,17<\/td>\n<\/tr>\n<tr>\n<td width=\"94\">36172332W<\/td>\n<td width=\"129\">CRISTINA<\/td>\n<td width=\"140\">IGLESIAS<\/td>\n<td width=\"125\">BREA<\/td>\n<td width=\"76\">NON APTO\/A<\/td>\n<\/tr>\n<tr>\n<td width=\"94\">35573085C<\/td>\n<td width=\"129\">JOS\u00c9 LUIS<\/td>\n<td width=\"140\">IGLESIAS<\/td>\n<td width=\"125\">ENRIQUEZ<\/td>\n<td width=\"76\">NON APTO\/A<\/td>\n<\/tr>\n<tr>\n<td width=\"94\">36111950H<\/td>\n<td width=\"129\">OLGA<\/td>\n<td width=\"140\">LAMELA<\/td>\n<td width=\"125\">CONDE<\/td>\n<td width=\"76\">NON APTO\/A<\/td>\n<\/tr>\n<tr>\n<td width=\"94\">34882001V<\/td>\n<td width=\"129\">ZITA<\/td>\n<td width=\"140\">LOPEZ<\/td>\n<td width=\"125\">TEIJEIRO<\/td>\n<td width=\"76\">5,08<\/td>\n<\/tr>\n<tr>\n<td width=\"94\">76907664B<\/td>\n<td width=\"129\">MARIA DEL CARMEN<\/td>\n<td width=\"140\">LORENZO<\/td>\n<td width=\"125\">PRADO<\/td>\n<td width=\"76\">5,33<\/td>\n<\/tr>\n<tr>\n<td width=\"94\">36095838Y<\/td>\n<td width=\"129\">JOS\u00c9 MANUEL<\/td>\n<td width=\"140\">MARI\u00d1O<\/td>\n<td width=\"125\">CASTRO<\/td>\n<td width=\"76\">NON APTO\/A<\/td>\n<\/tr>\n<tr>\n<td width=\"94\">35567574Y<\/td>\n<td width=\"129\">SABINA<\/td>\n<td width=\"140\">MARTINEZ<\/td>\n<td width=\"125\">ALVAREZ<\/td>\n<td width=\"76\">5,50<\/td>\n<\/tr>\n<tr>\n<td width=\"94\">76906733T<\/td>\n<td width=\"129\">DIEGO<\/td>\n<td width=\"140\">MARTINEZ<\/td>\n<td width=\"125\">BARBOSA<\/td>\n<td width=\"76\">NON APTO\/A<\/td>\n<\/tr>\n<tr>\n<td width=\"94\">76900378Q<\/td>\n<td width=\"129\">VANESA<\/td>\n<td width=\"140\">MARTINEZ<\/td>\n<td width=\"125\">DA COSTA<\/td>\n<td width=\"76\">NON APTO\/A<\/td>\n<\/tr>\n<tr>\n<td width=\"94\">35567789Z<\/td>\n<td width=\"129\">MIGUEL<\/td>\n<td width=\"140\">MARTINEZ<\/td>\n<td width=\"125\">MARTINEZ<\/td>\n<td width=\"76\">NON APTO\/A<\/td>\n<\/tr>\n<tr>\n<td width=\"94\">52480577M<\/td>\n<td width=\"129\">ANTONIO<\/td>\n<td width=\"140\">MOURI\u00d1O<\/td>\n<td width=\"125\">TABOADA<\/td>\n<td width=\"76\">NON APTO\/A<\/td>\n<\/tr>\n<tr>\n<td width=\"94\">15491761L<\/td>\n<td width=\"129\">ALBERTO<\/td>\n<td width=\"140\">NOGALES<\/td>\n<td width=\"125\">MORAIS<\/td>\n<td width=\"76\">NON APTO\/A<\/td>\n<\/tr>\n<tr>\n<td width=\"94\">35575308N<\/td>\n<td width=\"129\">\u00c1NGELES<\/td>\n<td width=\"140\">OLALLA<\/td>\n<td width=\"125\">PEREZ<\/td>\n<td width=\"76\">5,75<\/td>\n<\/tr>\n<tr>\n<td width=\"94\">35305454V<\/td>\n<td width=\"129\">JOSE<\/td>\n<td width=\"140\">PADIN<\/td>\n<td width=\"125\">TORRES<\/td>\n<td width=\"76\">7,50<\/td>\n<\/tr>\n<tr>\n<td width=\"94\">36095704X<\/td>\n<td width=\"129\">GENARO<\/td>\n<td width=\"140\">PEREIRA<\/td>\n<td width=\"125\">EIRIN<\/td>\n<td width=\"76\">NON APTO\/A<\/td>\n<\/tr>\n<tr>\n<td width=\"94\">76725054K<\/td>\n<td width=\"129\">MAR\u00cdA LUISA<\/td>\n<td width=\"140\">PEREZ<\/td>\n<td width=\"125\">PEREZ<\/td>\n<td width=\"76\">NON APTO\/A<\/td>\n<\/tr>\n<tr>\n<td width=\"94\">35572492W<\/td>\n<td width=\"129\">VANESA<\/td>\n<td width=\"140\">PEREZ<\/td>\n<td width=\"125\">RODRIGUEZ<\/td>\n<td width=\"76\">NON APTO\/A<\/td>\n<\/tr>\n<tr>\n<td width=\"94\">09305900P<\/td>\n<td width=\"129\">MAR\u00cdA ROSARIO<\/td>\n<td width=\"140\">PI\u00d1EDO<\/td>\n<td width=\"125\">ANDRES<\/td>\n<td width=\"76\">NON APTO\/A<\/td>\n<\/tr>\n<tr>\n<td width=\"94\">76933466F<\/td>\n<td width=\"129\">MARIO<\/td>\n<td width=\"140\">PI\u00d1EIRO<\/td>\n<td width=\"125\">VAZQUEZ<\/td>\n<td width=\"76\">NON APTO\/A<\/td>\n<\/tr>\n<tr>\n<td width=\"94\">76930441H<\/td>\n<td width=\"129\">MANUEL<\/td>\n<td width=\"140\">PORTAS<\/td>\n<td width=\"125\">MARTINEZ<\/td>\n<td width=\"76\">NON APTO\/A<\/td>\n<\/tr>\n<tr>\n<td width=\"94\">36150815J<\/td>\n<td width=\"129\">ROSA-ANA<\/td>\n<td width=\"140\">PRIETO<\/td>\n<td width=\"125\">FLORINES<\/td>\n<td width=\"76\">NON APTO\/A<\/td>\n<\/tr>\n<tr>\n<td width=\"94\">76905526N<\/td>\n<td width=\"129\">ILIANA<\/td>\n<td width=\"140\">PROL<\/td>\n<td width=\"125\">DORADO<\/td>\n<td width=\"76\">NON APTO\/A<\/td>\n<\/tr>\n<tr>\n<td width=\"94\">78736360T<\/td>\n<td width=\"129\">DIEGO<\/td>\n<td width=\"140\">RODAL<\/td>\n<td width=\"125\">BARREIRO<\/td>\n<td width=\"76\">6,50<\/td>\n<\/tr>\n<tr>\n<td width=\"94\">78733546S<\/td>\n<td width=\"129\">ROSA<\/td>\n<td width=\"140\">RODRIGUEZ<\/td>\n<td width=\"125\">COLLAZO<\/td>\n<td width=\"76\">NON APTO\/A<\/td>\n<\/tr>\n<tr>\n<td width=\"94\">77003089D<\/td>\n<td width=\"129\">KARIMA<\/td>\n<td width=\"140\">RODRIGUEZ<\/td>\n<td width=\"125\">CRUZ<\/td>\n<td width=\"76\">7,00<\/td>\n<\/tr>\n<tr>\n<td width=\"94\">44075171H<\/td>\n<td width=\"129\">MONICA<\/td>\n<td width=\"140\">RODRIGUEZ<\/td>\n<td width=\"125\">GONZALEZ<\/td>\n<td width=\"76\">NON APTO\/A<\/td>\n<\/tr>\n<tr>\n<td width=\"94\">76901037P<\/td>\n<td width=\"129\">NOELIA<\/td>\n<td width=\"140\">RODRIGUEZ<\/td>\n<td width=\"125\">GONZALEZ<\/td>\n<td width=\"76\">NON APTO\/A<\/td>\n<\/tr>\n<tr>\n<td width=\"94\">36154208W<\/td>\n<td width=\"129\">PAULA<\/td>\n<td width=\"140\">RODRIGUEZ<\/td>\n<td width=\"125\">IGLESIAS<\/td>\n<td width=\"76\">5,92<\/td>\n<\/tr>\n<tr>\n<td width=\"94\">36152343T<\/td>\n<td width=\"129\">GUADALUPE<\/td>\n<td width=\"140\">RODRIGUEZ<\/td>\n<td width=\"125\">MARTINEZ<\/td>\n<td width=\"76\">7,25<\/td>\n<\/tr>\n<tr>\n<td width=\"94\">36129823C<\/td>\n<td width=\"129\">\u00c1NGELA<\/td>\n<td width=\"140\">RODRIGUEZ<\/td>\n<td width=\"125\">PEREIRA<\/td>\n<td width=\"76\">6,83<\/td>\n<\/tr>\n<tr>\n<td width=\"94\">44468404C<\/td>\n<td width=\"129\">PATRICIA<\/td>\n<td width=\"140\">RODRIGUEZ<\/td>\n<td width=\"125\">VILLANUEVA<\/td>\n<td width=\"76\">NON APTO\/A<\/td>\n<\/tr>\n<tr>\n<td width=\"94\">76899245X<\/td>\n<td width=\"129\">MAR\u00cdA CONCEPCI\u00d3N<\/td>\n<td width=\"140\">SOBRINO<\/td>\n<td width=\"125\">ALONSO<\/td>\n<td width=\"76\">NON APTO\/A<\/td>\n<\/tr>\n<tr>\n<td width=\"94\">36088865W<\/td>\n<td width=\"129\">ESTER<\/td>\n<td width=\"140\">TABOAS<\/td>\n<td width=\"125\">VAZQUEZ<\/td>\n<td width=\"76\">6,42<\/td>\n<\/tr>\n<tr>\n<td width=\"94\">44484621E<\/td>\n<td width=\"129\">SANDRA<\/td>\n<td width=\"140\">VAZQUEZ<\/td>\n<td width=\"125\">SANCHEZ<\/td>\n<td width=\"76\">NON APTO\/A<\/td>\n<\/tr>\n<tr>\n<td width=\"94\">35560348W<\/td>\n<td width=\"129\">JORGE<\/td>\n<td width=\"140\">VICENTE<\/td>\n<td width=\"125\">BOUZON<\/td>\n<td width=\"76\">NON APTO\/A<\/td>\n<\/tr>\n<tr>\n<td width=\"94\">76908359Q<\/td>\n<td width=\"129\">LORENA<\/td>\n<td width=\"140\">VICENTE<\/td>\n<td width=\"125\">RODRIGUEZ<\/td>\n<td width=\"76\">NON APTO\/A<\/td>\n<\/tr>\n<\/tbody>\n<\/table>\n<p>&nbsp;<\/p>\n<p>Os aspirantes te\u00f1en un prazo de TRES (3) d\u00edas h\u00e1biles, a contar dende o seguinte ao da publicaci\u00f3n deste anuncio para formular alegaci\u00f3ns ou reclamaci\u00f3ns, exclusivamente respecto daquelas cuesti\u00f3ns que non fora posible ter alegado durante o prazo previamente ofrecido, \u00e9 dicir, ata o d\u00eda 19 de xaneiro de 2018 inclusive.<\/p>\n<p>&nbsp;<\/p>\n<p>A data realizaci\u00f3n do segundo exercicio ser\u00e1 o d\u00eda 25 de xaneiro de 2018, \u00e1s 17:00 horas, no I.E.S. A Sangri\u00f1a (Paseo de Portugal 21). Os aspirantes deber\u00e1n vir provisto de bol\u00edgrafo e poden traer calculadora, por si fose necesaria.<\/p>\n<p>&nbsp;<\/p>\n<p>A Guarda, 16 de xaneiro de 2018<\/p>\n","protected":false},"excerpt":{"rendered":"<p>PROCESO SELECTIVO PARA A FORMACI\u00d3N DUNHA LISTA DE RESERVA PARA A PROVISI\u00d3N INTERINA DE PRAZAS DE AUXILIAR ADMINISTRATIVO DE ADMINISTRACI\u00d3N XERAL &nbsp; &nbsp; Celebrada sesi\u00f3n o d\u00eda 16 de xaneiro de 2018 do Tribunal para o proceso selectivo arriba sinalada, &hellip; <\/p>\n","protected":false},"author":5,"featured_media":8844,"comment_status":"open","ping_status":"open","sticky":false,"template":"","format":"standard","meta":[],"categories":[36],"tags":[],"yoast_head":"<!-- This site is optimized with the Yoast SEO plugin v21.1 - https:\/\/yoast.com\/wordpress\/plugins\/seo\/ -->\n<title>Resoluci\u00f3n de reclamaci\u00f3ns Bolsa auxiliar administrativo e data da pr\u00f3xima proba - Concello da Guarda<\/title>\n<meta name=\"robots\" content=\"index, follow, max-snippet:-1, max-image-preview:large, max-video-preview:-1\" \/>\n<link rel=\"canonical\" href=\"https:\/\/www.aguarda.es\/en\/resolucion-de-reclamacions-bolsa-auxiliar-administrativo-data-da-proxima-proba\/\" \/>\n<meta property=\"og:locale\" content=\"en_US\" \/>\n<meta property=\"og:type\" content=\"article\" \/>\n<meta property=\"og:title\" content=\"Resoluci\u00f3n de reclamaci\u00f3ns Bolsa auxiliar administrativo e data da pr\u00f3xima proba - Concello da Guarda\" \/>\n<meta property=\"og:description\" content=\"PROCESO SELECTIVO PARA A FORMACI\u00d3N DUNHA LISTA DE RESERVA PARA A PROVISI\u00d3N INTERINA DE PRAZAS DE AUXILIAR ADMINISTRATIVO DE ADMINISTRACI\u00d3N XERAL &nbsp; &nbsp; Celebrada sesi\u00f3n o d\u00eda 16 de xaneiro de 2018 do Tribunal para o proceso selectivo arriba sinalada, &hellip;\" \/>\n<meta property=\"og:url\" content=\"https:\/\/www.aguarda.es\/en\/resolucion-de-reclamacions-bolsa-auxiliar-administrativo-data-da-proxima-proba\/\" \/>\n<meta property=\"og:site_name\" content=\"Concello da Guarda\" \/>\n<meta property=\"article:publisher\" content=\"https:\/\/www.facebook.com\/ConcellodaGuarda\" \/>\n<meta property=\"article:published_time\" content=\"2018-01-16T14:10:52+00:00\" \/>\n<meta property=\"og:image\" content=\"https:\/\/www.aguarda.es\/wp-content\/uploads\/2017\/06\/escudo-full.jpg\" \/>\n\t<meta property=\"og:image:width\" content=\"1135\" \/>\n\t<meta property=\"og:image:height\" content=\"712\" \/>\n\t<meta property=\"og:image:type\" content=\"image\/jpeg\" \/>\n<meta name=\"author\" content=\"Inform\u00e1tica A Guarda\" \/>\n<meta name=\"twitter:card\" content=\"summary_large_image\" \/>\n<meta name=\"twitter:creator\" content=\"@AGuarda_es\" \/>\n<meta name=\"twitter:site\" content=\"@AGuarda_es\" \/>\n<meta name=\"twitter:label1\" content=\"Written by\" \/>\n\t<meta name=\"twitter:data1\" content=\"Inform\u00e1tica A Guarda\" \/>\n\t<meta name=\"twitter:label2\" content=\"Est. reading time\" \/>\n\t<meta name=\"twitter:data2\" content=\"5 minutes\" \/>\n<script type=\"application\/ld+json\" class=\"yoast-schema-graph\">{\"@context\":\"https:\/\/schema.org\",\"@graph\":[{\"@type\":\"WebPage\",\"@id\":\"https:\/\/www.aguarda.es\/en\/resolucion-de-reclamacions-bolsa-auxiliar-administrativo-data-da-proxima-proba\/\",\"url\":\"https:\/\/www.aguarda.es\/en\/resolucion-de-reclamacions-bolsa-auxiliar-administrativo-data-da-proxima-proba\/\",\"name\":\"Resoluci\u00f3n de reclamaci\u00f3ns Bolsa auxiliar administrativo e data da pr\u00f3xima proba - Concello da Guarda\",\"isPartOf\":{\"@id\":\"https:\/\/www.aguarda.es\/en\/#website\"},\"datePublished\":\"2018-01-16T14:10:52+00:00\",\"dateModified\":\"2018-01-16T14:10:52+00:00\",\"author\":{\"@id\":\"https:\/\/www.aguarda.es\/en\/#\/schema\/person\/fc0127f6134b3aa4416af28d63444227\"},\"breadcrumb\":{\"@id\":\"https:\/\/www.aguarda.es\/en\/resolucion-de-reclamacions-bolsa-auxiliar-administrativo-data-da-proxima-proba\/#breadcrumb\"},\"inLanguage\":\"en-US\",\"potentialAction\":[{\"@type\":\"ReadAction\",\"target\":[\"https:\/\/www.aguarda.es\/en\/resolucion-de-reclamacions-bolsa-auxiliar-administrativo-data-da-proxima-proba\/\"]}]},{\"@type\":\"BreadcrumbList\",\"@id\":\"https:\/\/www.aguarda.es\/en\/resolucion-de-reclamacions-bolsa-auxiliar-administrativo-data-da-proxima-proba\/#breadcrumb\",\"itemListElement\":[{\"@type\":\"ListItem\",\"position\":1,\"name\":\"Portada\",\"item\":\"https:\/\/www.aguarda.es\/en\/\"},{\"@type\":\"ListItem\",\"position\":2,\"name\":\"Resoluci\u00f3n de reclamaci\u00f3ns Bolsa auxiliar administrativo e data da pr\u00f3xima proba\"}]},{\"@type\":\"WebSite\",\"@id\":\"https:\/\/www.aguarda.es\/en\/#website\",\"url\":\"https:\/\/www.aguarda.es\/en\/\",\"name\":\"Concello da Guarda\",\"description\":\"P\u00e1xina web do concello da Guarda\",\"potentialAction\":[{\"@type\":\"SearchAction\",\"target\":{\"@type\":\"EntryPoint\",\"urlTemplate\":\"https:\/\/www.aguarda.es\/en\/?s={search_term_string}\"},\"query-input\":\"required name=search_term_string\"}],\"inLanguage\":\"en-US\"},{\"@type\":\"Person\",\"@id\":\"https:\/\/www.aguarda.es\/en\/#\/schema\/person\/fc0127f6134b3aa4416af28d63444227\",\"name\":\"Inform\u00e1tica A Guarda\",\"image\":{\"@type\":\"ImageObject\",\"inLanguage\":\"en-US\",\"@id\":\"https:\/\/www.aguarda.es\/en\/#\/schema\/person\/image\/\",\"url\":\"https:\/\/secure.gravatar.com\/avatar\/d0af8912f3592737532834a5f391f084?s=96&d=mm&r=g\",\"contentUrl\":\"https:\/\/secure.gravatar.com\/avatar\/d0af8912f3592737532834a5f391f084?s=96&d=mm&r=g\",\"caption\":\"Inform\u00e1tica A Guarda\"},\"url\":\"https:\/\/www.aguarda.es\/en\/author\/informatica\/\"}]}<\/script>\n<!-- \/ Yoast SEO plugin. -->","yoast_head_json":{"title":"Resoluci\u00f3n de reclamaci\u00f3ns Bolsa auxiliar administrativo e data da pr\u00f3xima proba - Concello da Guarda","robots":{"index":"index","follow":"follow","max-snippet":"max-snippet:-1","max-image-preview":"max-image-preview:large","max-video-preview":"max-video-preview:-1"},"canonical":"https:\/\/www.aguarda.es\/en\/resolucion-de-reclamacions-bolsa-auxiliar-administrativo-data-da-proxima-proba\/","og_locale":"en_US","og_type":"article","og_title":"Resoluci\u00f3n de reclamaci\u00f3ns Bolsa auxiliar administrativo e data da pr\u00f3xima proba - Concello da Guarda","og_description":"PROCESO SELECTIVO PARA A FORMACI\u00d3N DUNHA LISTA DE RESERVA PARA A PROVISI\u00d3N INTERINA DE PRAZAS DE AUXILIAR ADMINISTRATIVO DE ADMINISTRACI\u00d3N XERAL &nbsp; &nbsp; Celebrada sesi\u00f3n o d\u00eda 16 de xaneiro de 2018 do Tribunal para o proceso selectivo arriba sinalada, &hellip;","og_url":"https:\/\/www.aguarda.es\/en\/resolucion-de-reclamacions-bolsa-auxiliar-administrativo-data-da-proxima-proba\/","og_site_name":"Concello da Guarda","article_publisher":"https:\/\/www.facebook.com\/ConcellodaGuarda","article_published_time":"2018-01-16T14:10:52+00:00","og_image":[{"width":1135,"height":712,"url":"https:\/\/www.aguarda.es\/wp-content\/uploads\/2017\/06\/escudo-full.jpg","type":"image\/jpeg"}],"author":"Inform\u00e1tica A Guarda","twitter_card":"summary_large_image","twitter_creator":"@AGuarda_es","twitter_site":"@AGuarda_es","twitter_misc":{"Written by":"Inform\u00e1tica A Guarda","Est. reading time":"5 minutes"},"schema":{"@context":"https:\/\/schema.org","@graph":[{"@type":"WebPage","@id":"https:\/\/www.aguarda.es\/en\/resolucion-de-reclamacions-bolsa-auxiliar-administrativo-data-da-proxima-proba\/","url":"https:\/\/www.aguarda.es\/en\/resolucion-de-reclamacions-bolsa-auxiliar-administrativo-data-da-proxima-proba\/","name":"Resoluci\u00f3n de reclamaci\u00f3ns Bolsa auxiliar administrativo e data da pr\u00f3xima proba - Concello da Guarda","isPartOf":{"@id":"https:\/\/www.aguarda.es\/en\/#website"},"datePublished":"2018-01-16T14:10:52+00:00","dateModified":"2018-01-16T14:10:52+00:00","author":{"@id":"https:\/\/www.aguarda.es\/en\/#\/schema\/person\/fc0127f6134b3aa4416af28d63444227"},"breadcrumb":{"@id":"https:\/\/www.aguarda.es\/en\/resolucion-de-reclamacions-bolsa-auxiliar-administrativo-data-da-proxima-proba\/#breadcrumb"},"inLanguage":"en-US","potentialAction":[{"@type":"ReadAction","target":["https:\/\/www.aguarda.es\/en\/resolucion-de-reclamacions-bolsa-auxiliar-administrativo-data-da-proxima-proba\/"]}]},{"@type":"BreadcrumbList","@id":"https:\/\/www.aguarda.es\/en\/resolucion-de-reclamacions-bolsa-auxiliar-administrativo-data-da-proxima-proba\/#breadcrumb","itemListElement":[{"@type":"ListItem","position":1,"name":"Portada","item":"https:\/\/www.aguarda.es\/en\/"},{"@type":"ListItem","position":2,"name":"Resoluci\u00f3n de reclamaci\u00f3ns Bolsa auxiliar administrativo e data da pr\u00f3xima proba"}]},{"@type":"WebSite","@id":"https:\/\/www.aguarda.es\/en\/#website","url":"https:\/\/www.aguarda.es\/en\/","name":"Concello da Guarda","description":"P\u00e1xina web do concello da Guarda","potentialAction":[{"@type":"SearchAction","target":{"@type":"EntryPoint","urlTemplate":"https:\/\/www.aguarda.es\/en\/?s={search_term_string}"},"query-input":"required name=search_term_string"}],"inLanguage":"en-US"},{"@type":"Person","@id":"https:\/\/www.aguarda.es\/en\/#\/schema\/person\/fc0127f6134b3aa4416af28d63444227","name":"Inform\u00e1tica A Guarda","image":{"@type":"ImageObject","inLanguage":"en-US","@id":"https:\/\/www.aguarda.es\/en\/#\/schema\/person\/image\/","url":"https:\/\/secure.gravatar.com\/avatar\/d0af8912f3592737532834a5f391f084?s=96&d=mm&r=g","contentUrl":"https:\/\/secure.gravatar.com\/avatar\/d0af8912f3592737532834a5f391f084?s=96&d=mm&r=g","caption":"Inform\u00e1tica A Guarda"},"url":"https:\/\/www.aguarda.es\/en\/author\/informatica\/"}]}},"_links":{"self":[{"href":"https:\/\/www.aguarda.es\/en\/wp-json\/wp\/v2\/posts\/11791"}],"collection":[{"href":"https:\/\/www.aguarda.es\/en\/wp-json\/wp\/v2\/posts"}],"about":[{"href":"https:\/\/www.aguarda.es\/en\/wp-json\/wp\/v2\/types\/post"}],"author":[{"embeddable":true,"href":"https:\/\/www.aguarda.es\/en\/wp-json\/wp\/v2\/users\/5"}],"replies":[{"embeddable":true,"href":"https:\/\/www.aguarda.es\/en\/wp-json\/wp\/v2\/comments?post=11791"}],"version-history":[{"count":1,"href":"https:\/\/www.aguarda.es\/en\/wp-json\/wp\/v2\/posts\/11791\/revisions"}],"predecessor-version":[{"id":11792,"href":"https:\/\/www.aguarda.es\/en\/wp-json\/wp\/v2\/posts\/11791\/revisions\/11792"}],"wp:featuredmedia":[{"embeddable":true,"href":"https:\/\/www.aguarda.es\/en\/wp-json\/wp\/v2\/media\/8844"}],"wp:attachment":[{"href":"https:\/\/www.aguarda.es\/en\/wp-json\/wp\/v2\/media?parent=11791"}],"wp:term":[{"taxonomy":"category","embeddable":true,"href":"https:\/\/www.aguarda.es\/en\/wp-json\/wp\/v2\/categories?post=11791"},{"taxonomy":"post_tag","embeddable":true,"href":"https:\/\/www.aguarda.es\/en\/wp-json\/wp\/v2\/tags?post=11791"}],"curies":[{"name":"wp","href":"https:\/\/api.w.org\/{rel}","templated":true}]}}