{"id":11793,"date":"2018-01-17T09:22:57","date_gmt":"2018-01-17T09:22:57","guid":{"rendered":"https:\/\/www.aguarda.es\/?p=11793"},"modified":"2018-01-17T09:22:57","modified_gmt":"2018-01-17T09:22:57","slug":"guarda-esta-presente-na-38a-edicion-da-feira-internacional-de-turismo-fitur","status":"publish","type":"post","link":"https:\/\/www.aguarda.es\/en\/guarda-esta-presente-na-38a-edicion-da-feira-internacional-de-turismo-fitur\/","title":{"rendered":"A Guarda est\u00e1 presente na 38\u00aa edici\u00f3n da Feira Internacional de Turismo (FITUR)"},"content":{"rendered":"<p style=\"text-align: justify\">O Concello da Guarda estar\u00e1 presente, un ano m\u00e1is, na Feira Internacional de Turismo de Madrid (FITUR) que este ano celebra a s\u00faa trix\u00e9simo oitava edici\u00f3n entre os d\u00edas 17 e 21 de xaneiro.<\/p>\n<p style=\"text-align: justify\">A Guarda <b>promocionarase no expositor de Turismo de Galicia<\/b> e, ma\u00f1\u00e1 xoves \u00e1s 12.00 h, estar\u00e1 presente no acto organizado pola Deputaci\u00f3n de Pontevedra no que se promocionar\u00e1 o Destino R\u00edas baixas no Ano Europeo do Patrimonio Cultural.<\/p>\n<p style=\"text-align: justify\">Durante estas xornadas, a delegaci\u00f3n da Guarda -formada polo alcalde, Antonio Lomba, a concelleira de Turismo, Montserrat Magallanes, e o concelleiro de Patrimonio, Javier Crespo- manter\u00e1 diversas reuni\u00f3ns con maioristas e asociaci\u00f3ns de Turismo, co obxectivo de potenciar a promoci\u00f3n da vila guardesa como destino tur\u00edstico.<\/p>\n<p style=\"text-align: justify\">Dentro da programaci\u00f3n de actividades e encontros da representaci\u00f3n guardesa nesta nova edici\u00f3n de FITUR, destaca tam\u00e9n a <strong>participaci\u00f3n no acto de entrega do Premio dos Destinos EDEN<\/strong> (<em>European Destinations of Excellence<\/em>) 2017, que ter\u00e1 lugar no expositor de Turespa\u00f1a. Tras o acto, a t\u00e9cnica de Turismo do Concello da Guarda, Rosal\u00eda Verde, asistir\u00e1 \u00e1 reuni\u00f3n t\u00e9cnica dos Destinos EDEN que anualmente se celebra coincidindo coa celebraci\u00f3n da feira.<\/p>\n<p class=\"wc-responsive-video wc-rv-id-https-www-youtube-com-watchvntodwxfxwu4 wc-rv-post-11793 wc-rv-ratio-16-9\"><iframe loading=\"lazy\" width=\"640\" height=\"360\" src=\"https:\/\/www.youtube.com\/embed\/NtodwxFxwu4?feature=oembed\" frameborder=\"0\" allow=\"autoplay; encrypted-media\" allowfullscreen><\/iframe><\/p>\n","protected":false},"excerpt":{"rendered":"<p>O Concello da Guarda estar\u00e1 presente, un ano m\u00e1is, na Feira Internacional de Turismo de Madrid (FITUR) que este ano celebra a s\u00faa trix\u00e9simo oitava edici\u00f3n entre os d\u00edas 17 e 21 de xaneiro. A Guarda promocionarase no expositor de &hellip; <\/p>\n","protected":false},"author":2,"featured_media":11797,"comment_status":"open","ping_status":"open","sticky":false,"template":"","format":"standard","meta":[],"categories":[56],"tags":[274,827,825,824,826,823,686],"yoast_head":"<!-- This site is optimized with the Yoast SEO plugin v21.1 - https:\/\/yoast.com\/wordpress\/plugins\/seo\/ -->\n<title>A Guarda est\u00e1 presente na 38\u00aa edici\u00f3n da Feira Internacional de Turismo (FITUR) - Concello da Guarda<\/title>\n<meta name=\"robots\" content=\"index, follow, max-snippet:-1, max-image-preview:large, max-video-preview:-1\" \/>\n<link rel=\"canonical\" href=\"https:\/\/www.aguarda.es\/en\/guarda-esta-presente-na-38a-edicion-da-feira-internacional-de-turismo-fitur\/\" \/>\n<meta property=\"og:locale\" content=\"en_US\" \/>\n<meta property=\"og:type\" content=\"article\" \/>\n<meta property=\"og:title\" content=\"A Guarda est\u00e1 presente na 38\u00aa edici\u00f3n da Feira Internacional de Turismo (FITUR) - Concello da Guarda\" \/>\n<meta property=\"og:description\" content=\"O Concello da Guarda estar\u00e1 presente, un ano m\u00e1is, na Feira Internacional de Turismo de Madrid (FITUR) que este ano celebra a s\u00faa trix\u00e9simo oitava edici\u00f3n entre os d\u00edas 17 e 21 de xaneiro. A Guarda promocionarase no expositor de &hellip;\" \/>\n<meta property=\"og:url\" content=\"https:\/\/www.aguarda.es\/en\/guarda-esta-presente-na-38a-edicion-da-feira-internacional-de-turismo-fitur\/\" \/>\n<meta property=\"og:site_name\" content=\"Concello da Guarda\" \/>\n<meta property=\"article:publisher\" content=\"https:\/\/www.facebook.com\/ConcellodaGuarda\" \/>\n<meta property=\"article:published_time\" content=\"2018-01-17T09:22:57+00:00\" \/>\n<meta property=\"og:image\" content=\"https:\/\/www.aguarda.es\/wp-content\/uploads\/2018\/01\/FITUR-2017.jpg\" \/>\n\t<meta property=\"og:image:width\" content=\"1140\" \/>\n\t<meta property=\"og:image:height\" content=\"530\" \/>\n\t<meta property=\"og:image:type\" content=\"image\/jpeg\" \/>\n<meta name=\"author\" content=\"prensa\" \/>\n<meta name=\"twitter:card\" content=\"summary_large_image\" \/>\n<meta name=\"twitter:creator\" content=\"@AGuarda_es\" \/>\n<meta name=\"twitter:site\" content=\"@AGuarda_es\" \/>\n<meta name=\"twitter:label1\" content=\"Written by\" \/>\n\t<meta name=\"twitter:data1\" content=\"prensa\" \/>\n\t<meta name=\"twitter:label2\" content=\"Est. reading time\" \/>\n\t<meta name=\"twitter:data2\" content=\"1 minute\" \/>\n<script type=\"application\/ld+json\" class=\"yoast-schema-graph\">{\"@context\":\"https:\/\/schema.org\",\"@graph\":[{\"@type\":\"WebPage\",\"@id\":\"https:\/\/www.aguarda.es\/en\/guarda-esta-presente-na-38a-edicion-da-feira-internacional-de-turismo-fitur\/\",\"url\":\"https:\/\/www.aguarda.es\/en\/guarda-esta-presente-na-38a-edicion-da-feira-internacional-de-turismo-fitur\/\",\"name\":\"A Guarda est\u00e1 presente na 38\u00aa edici\u00f3n da Feira Internacional de Turismo (FITUR) - Concello da Guarda\",\"isPartOf\":{\"@id\":\"https:\/\/www.aguarda.es\/en\/#website\"},\"datePublished\":\"2018-01-17T09:22:57+00:00\",\"dateModified\":\"2018-01-17T09:22:57+00:00\",\"author\":{\"@id\":\"https:\/\/www.aguarda.es\/en\/#\/schema\/person\/c463ca3006858ffb349d11179d044f21\"},\"breadcrumb\":{\"@id\":\"https:\/\/www.aguarda.es\/en\/guarda-esta-presente-na-38a-edicion-da-feira-internacional-de-turismo-fitur\/#breadcrumb\"},\"inLanguage\":\"en-US\",\"potentialAction\":[{\"@type\":\"ReadAction\",\"target\":[\"https:\/\/www.aguarda.es\/en\/guarda-esta-presente-na-38a-edicion-da-feira-internacional-de-turismo-fitur\/\"]}]},{\"@type\":\"BreadcrumbList\",\"@id\":\"https:\/\/www.aguarda.es\/en\/guarda-esta-presente-na-38a-edicion-da-feira-internacional-de-turismo-fitur\/#breadcrumb\",\"itemListElement\":[{\"@type\":\"ListItem\",\"position\":1,\"name\":\"Portada\",\"item\":\"https:\/\/www.aguarda.es\/en\/\"},{\"@type\":\"ListItem\",\"position\":2,\"name\":\"A Guarda est\u00e1 presente na 38\u00aa edici\u00f3n da Feira Internacional de Turismo (FITUR)\"}]},{\"@type\":\"WebSite\",\"@id\":\"https:\/\/www.aguarda.es\/en\/#website\",\"url\":\"https:\/\/www.aguarda.es\/en\/\",\"name\":\"Concello da Guarda\",\"description\":\"P\u00e1xina web do concello da Guarda\",\"potentialAction\":[{\"@type\":\"SearchAction\",\"target\":{\"@type\":\"EntryPoint\",\"urlTemplate\":\"https:\/\/www.aguarda.es\/en\/?s={search_term_string}\"},\"query-input\":\"required name=search_term_string\"}],\"inLanguage\":\"en-US\"},{\"@type\":\"Person\",\"@id\":\"https:\/\/www.aguarda.es\/en\/#\/schema\/person\/c463ca3006858ffb349d11179d044f21\",\"name\":\"prensa\",\"image\":{\"@type\":\"ImageObject\",\"inLanguage\":\"en-US\",\"@id\":\"https:\/\/www.aguarda.es\/en\/#\/schema\/person\/image\/\",\"url\":\"https:\/\/secure.gravatar.com\/avatar\/5f90ef536b0f98306edf5c7a1135ffa1?s=96&d=mm&r=g\",\"contentUrl\":\"https:\/\/secure.gravatar.com\/avatar\/5f90ef536b0f98306edf5c7a1135ffa1?s=96&d=mm&r=g\",\"caption\":\"prensa\"},\"url\":\"https:\/\/www.aguarda.es\/en\/author\/prensa\/\"}]}<\/script>\n<!-- \/ Yoast SEO plugin. -->","yoast_head_json":{"title":"A Guarda est\u00e1 presente na 38\u00aa edici\u00f3n da Feira Internacional de Turismo (FITUR) - Concello da Guarda","robots":{"index":"index","follow":"follow","max-snippet":"max-snippet:-1","max-image-preview":"max-image-preview:large","max-video-preview":"max-video-preview:-1"},"canonical":"https:\/\/www.aguarda.es\/en\/guarda-esta-presente-na-38a-edicion-da-feira-internacional-de-turismo-fitur\/","og_locale":"en_US","og_type":"article","og_title":"A Guarda est\u00e1 presente na 38\u00aa edici\u00f3n da Feira Internacional de Turismo (FITUR) - Concello da Guarda","og_description":"O Concello da Guarda estar\u00e1 presente, un ano m\u00e1is, na Feira Internacional de Turismo de Madrid (FITUR) que este ano celebra a s\u00faa trix\u00e9simo oitava edici\u00f3n entre os d\u00edas 17 e 21 de xaneiro. A Guarda promocionarase no expositor de &hellip;","og_url":"https:\/\/www.aguarda.es\/en\/guarda-esta-presente-na-38a-edicion-da-feira-internacional-de-turismo-fitur\/","og_site_name":"Concello da Guarda","article_publisher":"https:\/\/www.facebook.com\/ConcellodaGuarda","article_published_time":"2018-01-17T09:22:57+00:00","og_image":[{"width":1140,"height":530,"url":"https:\/\/www.aguarda.es\/wp-content\/uploads\/2018\/01\/FITUR-2017.jpg","type":"image\/jpeg"}],"author":"prensa","twitter_card":"summary_large_image","twitter_creator":"@AGuarda_es","twitter_site":"@AGuarda_es","twitter_misc":{"Written by":"prensa","Est. reading time":"1 minute"},"schema":{"@context":"https:\/\/schema.org","@graph":[{"@type":"WebPage","@id":"https:\/\/www.aguarda.es\/en\/guarda-esta-presente-na-38a-edicion-da-feira-internacional-de-turismo-fitur\/","url":"https:\/\/www.aguarda.es\/en\/guarda-esta-presente-na-38a-edicion-da-feira-internacional-de-turismo-fitur\/","name":"A Guarda est\u00e1 presente na 38\u00aa edici\u00f3n da Feira Internacional de Turismo (FITUR) - Concello da Guarda","isPartOf":{"@id":"https:\/\/www.aguarda.es\/en\/#website"},"datePublished":"2018-01-17T09:22:57+00:00","dateModified":"2018-01-17T09:22:57+00:00","author":{"@id":"https:\/\/www.aguarda.es\/en\/#\/schema\/person\/c463ca3006858ffb349d11179d044f21"},"breadcrumb":{"@id":"https:\/\/www.aguarda.es\/en\/guarda-esta-presente-na-38a-edicion-da-feira-internacional-de-turismo-fitur\/#breadcrumb"},"inLanguage":"en-US","potentialAction":[{"@type":"ReadAction","target":["https:\/\/www.aguarda.es\/en\/guarda-esta-presente-na-38a-edicion-da-feira-internacional-de-turismo-fitur\/"]}]},{"@type":"BreadcrumbList","@id":"https:\/\/www.aguarda.es\/en\/guarda-esta-presente-na-38a-edicion-da-feira-internacional-de-turismo-fitur\/#breadcrumb","itemListElement":[{"@type":"ListItem","position":1,"name":"Portada","item":"https:\/\/www.aguarda.es\/en\/"},{"@type":"ListItem","position":2,"name":"A Guarda est\u00e1 presente na 38\u00aa edici\u00f3n da Feira Internacional de Turismo (FITUR)"}]},{"@type":"WebSite","@id":"https:\/\/www.aguarda.es\/en\/#website","url":"https:\/\/www.aguarda.es\/en\/","name":"Concello da Guarda","description":"P\u00e1xina web do concello da Guarda","potentialAction":[{"@type":"SearchAction","target":{"@type":"EntryPoint","urlTemplate":"https:\/\/www.aguarda.es\/en\/?s={search_term_string}"},"query-input":"required name=search_term_string"}],"inLanguage":"en-US"},{"@type":"Person","@id":"https:\/\/www.aguarda.es\/en\/#\/schema\/person\/c463ca3006858ffb349d11179d044f21","name":"prensa","image":{"@type":"ImageObject","inLanguage":"en-US","@id":"https:\/\/www.aguarda.es\/en\/#\/schema\/person\/image\/","url":"https:\/\/secure.gravatar.com\/avatar\/5f90ef536b0f98306edf5c7a1135ffa1?s=96&d=mm&r=g","contentUrl":"https:\/\/secure.gravatar.com\/avatar\/5f90ef536b0f98306edf5c7a1135ffa1?s=96&d=mm&r=g","caption":"prensa"},"url":"https:\/\/www.aguarda.es\/en\/author\/prensa\/"}]}},"_links":{"self":[{"href":"https:\/\/www.aguarda.es\/en\/wp-json\/wp\/v2\/posts\/11793"}],"collection":[{"href":"https:\/\/www.aguarda.es\/en\/wp-json\/wp\/v2\/posts"}],"about":[{"href":"https:\/\/www.aguarda.es\/en\/wp-json\/wp\/v2\/types\/post"}],"author":[{"embeddable":true,"href":"https:\/\/www.aguarda.es\/en\/wp-json\/wp\/v2\/users\/2"}],"replies":[{"embeddable":true,"href":"https:\/\/www.aguarda.es\/en\/wp-json\/wp\/v2\/comments?post=11793"}],"version-history":[{"count":3,"href":"https:\/\/www.aguarda.es\/en\/wp-json\/wp\/v2\/posts\/11793\/revisions"}],"predecessor-version":[{"id":11798,"href":"https:\/\/www.aguarda.es\/en\/wp-json\/wp\/v2\/posts\/11793\/revisions\/11798"}],"wp:featuredmedia":[{"embeddable":true,"href":"https:\/\/www.aguarda.es\/en\/wp-json\/wp\/v2\/media\/11797"}],"wp:attachment":[{"href":"https:\/\/www.aguarda.es\/en\/wp-json\/wp\/v2\/media?parent=11793"}],"wp:term":[{"taxonomy":"category","embeddable":true,"href":"https:\/\/www.aguarda.es\/en\/wp-json\/wp\/v2\/categories?post=11793"},{"taxonomy":"post_tag","embeddable":true,"href":"https:\/\/www.aguarda.es\/en\/wp-json\/wp\/v2\/tags?post=11793"}],"curies":[{"name":"wp","href":"https:\/\/api.w.org\/{rel}","templated":true}]}}