{"id":11854,"date":"2018-01-11T08:24:03","date_gmt":"2018-01-11T08:24:03","guid":{"rendered":"https:\/\/www.aguarda.es\/?p=11854"},"modified":"2018-01-19T08:33:35","modified_gmt":"2018-01-19T08:33:35","slug":"concello-agradece-participacion-das-asociacions-na-campana-decora-teu-nadal","status":"publish","type":"post","link":"https:\/\/www.aguarda.es\/en\/concello-agradece-participacion-das-asociacions-na-campana-decora-teu-nadal\/","title":{"rendered":"O Concello agradece a participaci\u00f3n das asociaci\u00f3ns na campa\u00f1a \u00abDecora o teu Nadal\u00bb"},"content":{"rendered":"<p style=\"text-align: justify\"><em>A concelleira de Cultura e o alcalde recibiron o pasado luns \u00e1s asociaci\u00f3ns colaboradoras para expresarlles o seu agradecemento.<\/em><\/p>\n<p style=\"text-align: justify\">O alcalde do Concello da Guarda, Antonio Lomba, e a concelleira de Cultura, Elena Baz, recibiron o pasado luns 8 de xaneiro na Casa dos Alonso a t\u00f3dalas asociaci\u00f3ns que participaron na campa\u00f1a \u00abDecora o teu Nadal\u00bb, nun encontro no que quixeron entregarlles un pequeno agasallo en <a href=\"https:\/\/www.aguarda.es\/as-asociacions-participan-na-campana-decora-teu-nadal-embelecendo-guarda\/\">reco\u00f1ecemento do labor realizado coa decoraci\u00f3n das nosas prazas e r\u00faas<\/a>.<\/p>\n<p style=\"text-align: justify\">Os respons\u00e1beis municipais agradeceron publicamente o esforzo e traballo que hai detr\u00e1s das decoraci\u00f3ns, subli\u00f1ando a importancia deste tipo de iniciativas, nas que as veci\u00f1as e veci\u00f1os da vila se implicna activamente na decoraci\u00f3n urbana. Esta iniciativa, que se celebra por terceiro ano consecutivo, sumou novos participantes, dobrando a participaci\u00f3n de anos anteriores, cun total de 12 asociaci\u00f3ns que decoraron diferentes puntos do municipio, dende Salcidos ata o Porto.<\/p>\n<p style=\"text-align: justify\">O rexidor municipal destacou a importancia do asociacionismo guard\u00e9s, polo seu amplio n\u00famero e variedade e a intensa actividade que realizan, sendo as protagonistas de gran parte da programaci\u00f3n cultural municipal.<\/p>\n<h5>\u00abDecora o teu Nadal\u00bb<\/h5>\n<p style=\"text-align: justify\">A campa\u00f1a \u00abDecora o teu Nadal\u00bb proponlle as asociaci\u00f3ns decorar diferentes enclaves a base de elementos de refugallo, d\u00e1ndolles visibilidade e protagonismo na organizaci\u00f3n e decoraci\u00f3n urbana. As asociaci\u00f3ns participantes nesta edici\u00f3n foron: A.C. Xamaraina (Praza de Salcidos), Avela\u00ed\u00f1a (Praza do Coruto), Sporting Guard\u00e9s (Alameda), Rock\u2019n\u2019rolla (Centro de Sa\u00fade), Mulleres Progresistas (Centro Cultural), San Xerome (R\u00faa Galicia), Cruz Vermella(Praza da Igrexa), Sociedade Atl\u00e9tica do Trega (Atrio da igrexa), Agrupaci\u00f3n Cultural Guardesa (Antigo colexio Sinde), U.D. A Gu\u00eda (Praza da Gu\u00eda), Coro Infantil Somascos (Praza de San Benito) e Vento Mareiro (Praza do Rel\u00f3).<\/p>\n<p style=\"text-align: justify\">A esta activa participaci\u00f3n hai que sumarlle o traballo e esforzo realizado polos comerciantes da vila; a asociaci\u00f3n AGUDE, que en colaboraci\u00f3n cos centros de ensino, realizou as zorras que alegraron as nosas r\u00faas; e ACIGU, responsable do nacemento que luc\u00edu na Alameda. Entre todos traballaron por ter unha vila rebosante de decoraci\u00f3n de Nadal.<\/p>\n","protected":false},"excerpt":{"rendered":"<p>A concelleira de Cultura e o alcalde recibiron o pasado luns \u00e1s asociaci\u00f3ns colaboradoras para expresarlles o seu agradecemento. O alcalde do Concello da Guarda, Antonio Lomba, e a concelleira de Cultura, Elena Baz, recibiron o pasado luns 8 de &hellip; <\/p>\n","protected":false},"author":2,"featured_media":11842,"comment_status":"open","ping_status":"open","sticky":false,"template":"","format":"standard","meta":[],"categories":[34],"tags":[564,423,647],"yoast_head":"<!-- This site is optimized with the Yoast SEO plugin v21.1 - https:\/\/yoast.com\/wordpress\/plugins\/seo\/ -->\n<title>O Concello agradece a participaci\u00f3n das asociaci\u00f3ns na campa\u00f1a \u00abDecora o teu Nadal\u00bb - Concello da Guarda<\/title>\n<meta name=\"robots\" content=\"index, follow, max-snippet:-1, max-image-preview:large, max-video-preview:-1\" \/>\n<link rel=\"canonical\" href=\"https:\/\/www.aguarda.es\/en\/concello-agradece-participacion-das-asociacions-na-campana-decora-teu-nadal\/\" \/>\n<meta property=\"og:locale\" content=\"en_US\" \/>\n<meta property=\"og:type\" content=\"article\" \/>\n<meta property=\"og:title\" content=\"O Concello agradece a participaci\u00f3n das asociaci\u00f3ns na campa\u00f1a \u00abDecora o teu Nadal\u00bb - Concello da Guarda\" \/>\n<meta property=\"og:description\" content=\"A concelleira de Cultura e o alcalde recibiron o pasado luns \u00e1s asociaci\u00f3ns colaboradoras para expresarlles o seu agradecemento. O alcalde do Concello da Guarda, Antonio Lomba, e a concelleira de Cultura, Elena Baz, recibiron o pasado luns 8 de &hellip;\" \/>\n<meta property=\"og:url\" content=\"https:\/\/www.aguarda.es\/en\/concello-agradece-participacion-das-asociacions-na-campana-decora-teu-nadal\/\" \/>\n<meta property=\"og:site_name\" content=\"Concello da Guarda\" \/>\n<meta property=\"article:publisher\" content=\"https:\/\/www.facebook.com\/ConcellodaGuarda\" \/>\n<meta property=\"article:published_time\" content=\"2018-01-11T08:24:03+00:00\" \/>\n<meta property=\"article:modified_time\" content=\"2018-01-19T08:33:35+00:00\" \/>\n<meta property=\"og:image\" content=\"https:\/\/www.aguarda.es\/wp-content\/uploads\/2018\/01\/Asociaci\u00f3ns.jpg\" \/>\n\t<meta property=\"og:image:width\" content=\"700\" \/>\n\t<meta property=\"og:image:height\" content=\"321\" \/>\n\t<meta property=\"og:image:type\" content=\"image\/jpeg\" \/>\n<meta name=\"author\" content=\"prensa\" \/>\n<meta name=\"twitter:card\" content=\"summary_large_image\" \/>\n<meta name=\"twitter:creator\" content=\"@AGuarda_es\" \/>\n<meta name=\"twitter:site\" content=\"@AGuarda_es\" \/>\n<meta name=\"twitter:label1\" content=\"Written by\" \/>\n\t<meta name=\"twitter:data1\" content=\"prensa\" \/>\n\t<meta name=\"twitter:label2\" content=\"Est. reading time\" \/>\n\t<meta name=\"twitter:data2\" content=\"2 minutes\" \/>\n<script type=\"application\/ld+json\" class=\"yoast-schema-graph\">{\"@context\":\"https:\/\/schema.org\",\"@graph\":[{\"@type\":\"WebPage\",\"@id\":\"https:\/\/www.aguarda.es\/en\/concello-agradece-participacion-das-asociacions-na-campana-decora-teu-nadal\/\",\"url\":\"https:\/\/www.aguarda.es\/en\/concello-agradece-participacion-das-asociacions-na-campana-decora-teu-nadal\/\",\"name\":\"O Concello agradece a participaci\u00f3n das asociaci\u00f3ns na campa\u00f1a \u00abDecora o teu Nadal\u00bb - Concello da Guarda\",\"isPartOf\":{\"@id\":\"https:\/\/www.aguarda.es\/en\/#website\"},\"datePublished\":\"2018-01-11T08:24:03+00:00\",\"dateModified\":\"2018-01-19T08:33:35+00:00\",\"author\":{\"@id\":\"https:\/\/www.aguarda.es\/en\/#\/schema\/person\/c463ca3006858ffb349d11179d044f21\"},\"breadcrumb\":{\"@id\":\"https:\/\/www.aguarda.es\/en\/concello-agradece-participacion-das-asociacions-na-campana-decora-teu-nadal\/#breadcrumb\"},\"inLanguage\":\"en-US\",\"potentialAction\":[{\"@type\":\"ReadAction\",\"target\":[\"https:\/\/www.aguarda.es\/en\/concello-agradece-participacion-das-asociacions-na-campana-decora-teu-nadal\/\"]}]},{\"@type\":\"BreadcrumbList\",\"@id\":\"https:\/\/www.aguarda.es\/en\/concello-agradece-participacion-das-asociacions-na-campana-decora-teu-nadal\/#breadcrumb\",\"itemListElement\":[{\"@type\":\"ListItem\",\"position\":1,\"name\":\"Portada\",\"item\":\"https:\/\/www.aguarda.es\/en\/\"},{\"@type\":\"ListItem\",\"position\":2,\"name\":\"O Concello agradece a participaci\u00f3n das asociaci\u00f3ns na campa\u00f1a \u00abDecora o teu Nadal\u00bb\"}]},{\"@type\":\"WebSite\",\"@id\":\"https:\/\/www.aguarda.es\/en\/#website\",\"url\":\"https:\/\/www.aguarda.es\/en\/\",\"name\":\"Concello da Guarda\",\"description\":\"P\u00e1xina web do concello da Guarda\",\"potentialAction\":[{\"@type\":\"SearchAction\",\"target\":{\"@type\":\"EntryPoint\",\"urlTemplate\":\"https:\/\/www.aguarda.es\/en\/?s={search_term_string}\"},\"query-input\":\"required name=search_term_string\"}],\"inLanguage\":\"en-US\"},{\"@type\":\"Person\",\"@id\":\"https:\/\/www.aguarda.es\/en\/#\/schema\/person\/c463ca3006858ffb349d11179d044f21\",\"name\":\"prensa\",\"image\":{\"@type\":\"ImageObject\",\"inLanguage\":\"en-US\",\"@id\":\"https:\/\/www.aguarda.es\/en\/#\/schema\/person\/image\/\",\"url\":\"https:\/\/secure.gravatar.com\/avatar\/5f90ef536b0f98306edf5c7a1135ffa1?s=96&d=mm&r=g\",\"contentUrl\":\"https:\/\/secure.gravatar.com\/avatar\/5f90ef536b0f98306edf5c7a1135ffa1?s=96&d=mm&r=g\",\"caption\":\"prensa\"},\"url\":\"https:\/\/www.aguarda.es\/en\/author\/prensa\/\"}]}<\/script>\n<!-- \/ Yoast SEO plugin. -->","yoast_head_json":{"title":"O Concello agradece a participaci\u00f3n das asociaci\u00f3ns na campa\u00f1a \u00abDecora o teu Nadal\u00bb - Concello da Guarda","robots":{"index":"index","follow":"follow","max-snippet":"max-snippet:-1","max-image-preview":"max-image-preview:large","max-video-preview":"max-video-preview:-1"},"canonical":"https:\/\/www.aguarda.es\/en\/concello-agradece-participacion-das-asociacions-na-campana-decora-teu-nadal\/","og_locale":"en_US","og_type":"article","og_title":"O Concello agradece a participaci\u00f3n das asociaci\u00f3ns na campa\u00f1a \u00abDecora o teu Nadal\u00bb - Concello da Guarda","og_description":"A concelleira de Cultura e o alcalde recibiron o pasado luns \u00e1s asociaci\u00f3ns colaboradoras para expresarlles o seu agradecemento. O alcalde do Concello da Guarda, Antonio Lomba, e a concelleira de Cultura, Elena Baz, recibiron o pasado luns 8 de &hellip;","og_url":"https:\/\/www.aguarda.es\/en\/concello-agradece-participacion-das-asociacions-na-campana-decora-teu-nadal\/","og_site_name":"Concello da Guarda","article_publisher":"https:\/\/www.facebook.com\/ConcellodaGuarda","article_published_time":"2018-01-11T08:24:03+00:00","article_modified_time":"2018-01-19T08:33:35+00:00","og_image":[{"width":700,"height":321,"url":"https:\/\/www.aguarda.es\/wp-content\/uploads\/2018\/01\/Asociaci\u00f3ns.jpg","type":"image\/jpeg"}],"author":"prensa","twitter_card":"summary_large_image","twitter_creator":"@AGuarda_es","twitter_site":"@AGuarda_es","twitter_misc":{"Written by":"prensa","Est. reading time":"2 minutes"},"schema":{"@context":"https:\/\/schema.org","@graph":[{"@type":"WebPage","@id":"https:\/\/www.aguarda.es\/en\/concello-agradece-participacion-das-asociacions-na-campana-decora-teu-nadal\/","url":"https:\/\/www.aguarda.es\/en\/concello-agradece-participacion-das-asociacions-na-campana-decora-teu-nadal\/","name":"O Concello agradece a participaci\u00f3n das asociaci\u00f3ns na campa\u00f1a \u00abDecora o teu Nadal\u00bb - Concello da Guarda","isPartOf":{"@id":"https:\/\/www.aguarda.es\/en\/#website"},"datePublished":"2018-01-11T08:24:03+00:00","dateModified":"2018-01-19T08:33:35+00:00","author":{"@id":"https:\/\/www.aguarda.es\/en\/#\/schema\/person\/c463ca3006858ffb349d11179d044f21"},"breadcrumb":{"@id":"https:\/\/www.aguarda.es\/en\/concello-agradece-participacion-das-asociacions-na-campana-decora-teu-nadal\/#breadcrumb"},"inLanguage":"en-US","potentialAction":[{"@type":"ReadAction","target":["https:\/\/www.aguarda.es\/en\/concello-agradece-participacion-das-asociacions-na-campana-decora-teu-nadal\/"]}]},{"@type":"BreadcrumbList","@id":"https:\/\/www.aguarda.es\/en\/concello-agradece-participacion-das-asociacions-na-campana-decora-teu-nadal\/#breadcrumb","itemListElement":[{"@type":"ListItem","position":1,"name":"Portada","item":"https:\/\/www.aguarda.es\/en\/"},{"@type":"ListItem","position":2,"name":"O Concello agradece a participaci\u00f3n das asociaci\u00f3ns na campa\u00f1a \u00abDecora o teu Nadal\u00bb"}]},{"@type":"WebSite","@id":"https:\/\/www.aguarda.es\/en\/#website","url":"https:\/\/www.aguarda.es\/en\/","name":"Concello da Guarda","description":"P\u00e1xina web do concello da Guarda","potentialAction":[{"@type":"SearchAction","target":{"@type":"EntryPoint","urlTemplate":"https:\/\/www.aguarda.es\/en\/?s={search_term_string}"},"query-input":"required name=search_term_string"}],"inLanguage":"en-US"},{"@type":"Person","@id":"https:\/\/www.aguarda.es\/en\/#\/schema\/person\/c463ca3006858ffb349d11179d044f21","name":"prensa","image":{"@type":"ImageObject","inLanguage":"en-US","@id":"https:\/\/www.aguarda.es\/en\/#\/schema\/person\/image\/","url":"https:\/\/secure.gravatar.com\/avatar\/5f90ef536b0f98306edf5c7a1135ffa1?s=96&d=mm&r=g","contentUrl":"https:\/\/secure.gravatar.com\/avatar\/5f90ef536b0f98306edf5c7a1135ffa1?s=96&d=mm&r=g","caption":"prensa"},"url":"https:\/\/www.aguarda.es\/en\/author\/prensa\/"}]}},"_links":{"self":[{"href":"https:\/\/www.aguarda.es\/en\/wp-json\/wp\/v2\/posts\/11854"}],"collection":[{"href":"https:\/\/www.aguarda.es\/en\/wp-json\/wp\/v2\/posts"}],"about":[{"href":"https:\/\/www.aguarda.es\/en\/wp-json\/wp\/v2\/types\/post"}],"author":[{"embeddable":true,"href":"https:\/\/www.aguarda.es\/en\/wp-json\/wp\/v2\/users\/2"}],"replies":[{"embeddable":true,"href":"https:\/\/www.aguarda.es\/en\/wp-json\/wp\/v2\/comments?post=11854"}],"version-history":[{"count":1,"href":"https:\/\/www.aguarda.es\/en\/wp-json\/wp\/v2\/posts\/11854\/revisions"}],"predecessor-version":[{"id":11855,"href":"https:\/\/www.aguarda.es\/en\/wp-json\/wp\/v2\/posts\/11854\/revisions\/11855"}],"wp:featuredmedia":[{"embeddable":true,"href":"https:\/\/www.aguarda.es\/en\/wp-json\/wp\/v2\/media\/11842"}],"wp:attachment":[{"href":"https:\/\/www.aguarda.es\/en\/wp-json\/wp\/v2\/media?parent=11854"}],"wp:term":[{"taxonomy":"category","embeddable":true,"href":"https:\/\/www.aguarda.es\/en\/wp-json\/wp\/v2\/categories?post=11854"},{"taxonomy":"post_tag","embeddable":true,"href":"https:\/\/www.aguarda.es\/en\/wp-json\/wp\/v2\/tags?post=11854"}],"curies":[{"name":"wp","href":"https:\/\/api.w.org\/{rel}","templated":true}]}}