{"id":11866,"date":"2018-01-19T11:45:09","date_gmt":"2018-01-19T11:45:09","guid":{"rendered":"https:\/\/www.aguarda.es\/?p=11866"},"modified":"2018-01-22T08:09:47","modified_gmt":"2018-01-22T08:09:47","slug":"concello-da-guarda-impulsa-promocion-da-vila-destino-turistico-fitur-2018","status":"publish","type":"post","link":"https:\/\/www.aguarda.es\/en\/concello-da-guarda-impulsa-promocion-da-vila-destino-turistico-fitur-2018\/","title":{"rendered":"O Concello da Guarda impulsa a promoci\u00f3n da vila como destino tur\u00edstico en FITUR 2018"},"content":{"rendered":"<p style=\"text-align: justify\">O Concello da Guarda participou na Feira Internacional de Turismo (FITUR) 2018, que se celebra entre os d\u00edas 17 e 21 de xaneiro en Madrid, impulsando a promoci\u00f3n da vila como destino tur\u00edstico de calidade.<\/p>\n<p style=\"text-align: justify\">A delegaci\u00f3n da Guarda -formada pola concelleira de Turismo, Montserrat Magallanes, o concelleiro de Patrimonio, Xavier Crespo, e a t\u00e9cnica de Turismo, Rosal\u00eda Verde- mantivo durante as xornadas do m\u00e9rcores e o xoves, d\u00edas 17 e 18 de xaneiro, diversas reuni\u00f3ns e encontros con consultores tur\u00edsticos especializados, empresas de turismo tecnol\u00f3xico e turismo activo, e importantes axencias tur\u00edsticas, tanto consolidadas como de creaci\u00f3n recente. Estas \u00faltimas, especializadas en segmentos do mercado tur\u00edstico, resultaron de gran interese para A Guarda.<\/p>\n<p style=\"text-align: justify\">Na tarde do m\u00e9rcores, os representantes guardeses acudiron ao <strong>acto de entrega dos premios EDEN (Destinos Europeos de Excelencia) 2017<\/strong> que tivo lugar no expositor de Turespa\u00f1a. No evento, convocado pola Secretar\u00eda de Estado de Turismo e presentado polo subdirector xeral de Cooperaci\u00f3n e Competitividade Tur\u00edstica, Antonio Nieto Magro, e a secretaria de Estado de Turismo, Matilde Asi\u00e1n Gonz\u00e1lez, f\u00edxose entrega do galard\u00f3n ao proxecto vasco \u00abTierra Ignaciana\u00bb. Tras a entrega do premio, os t\u00e9cnicos dos destinos EDEN mantiveron a habitual reuni\u00f3n de traballo na que se concretaron as pr\u00f3ximas actuaci\u00f3ns para a promoci\u00f3n dos Destinos Europeos de Excelencia, entre os que se atopa a vila guardesa.<\/p>\n<p style=\"text-align: justify\">Con todo, onte foi o d\u00eda m\u00e1is importante nesta trix\u00e9simo oitava edici\u00f3n da feira. \u00c1s 12 h, os representantes municipais acudiron \u00e1 <strong>presentaci\u00f3n da campa\u00f1a \u00abR\u00edas Baixas, somos historias\u00bb realizada pola Deputaci\u00f3n de Pontevedra<\/strong>, co obxectivo de prestixiar a provincia como destino tur\u00edstico cultural e de lecer e propiciar un turismo desestacionalizado.<\/p>\n<p class=\"wc-responsive-video wc-rv-id-https-www-youtube-com-watchvx1apbyoigr8 wc-rv-post-11866 wc-rv-ratio-16-9\"><iframe loading=\"lazy\" width=\"640\" height=\"360\" src=\"https:\/\/www.youtube.com\/embed\/X1APbyoiGR8?feature=oembed\" frameborder=\"0\" allow=\"autoplay; encrypted-media\" allowfullscreen><\/iframe><\/p>\n<p style=\"text-align: justify\">Este ano, o Concello da Guarda e a Comisi\u00f3n das Festas do Monte traballar\u00e1n conxuntamente para lograr o reco\u00f1ecemento destas como Festas de Interese Tur\u00edstico Nacional. Con este obxectivo, a delegaci\u00f3n guardesa mantivo durante a s\u00faa estad\u00eda en Madrid reuni\u00f3ns con axencias de comunicaci\u00f3n e asociaci\u00f3ns de xornalistas especializados en turismo.<\/p>\n<p style=\"text-align: justify\">A delegaci\u00f3n guardesa, aproveitando a s\u00faa estad\u00eda en Madrid, <strong>visitou a mostra pict\u00f3rica \u00abLaberinto de colores\u00bb do artista guard\u00e9s Antonio Mart\u00ednez (\u00abCachi\u00bb)<\/strong>, formada por lenzos que amosan a natureza, o mar e a terra, e nos que A Guarda \u00e9 protagonista. As obras permanecer\u00e1n expostas na Casa de Galicia en Madrid ata o pr\u00f3ximo 31 de xaneiro.<\/p>\n<h5 style=\"text-align: justify\">FITUR 2018<\/h5>\n<p style=\"text-align: justify\">A Guarda, que participa na feira dende o ano 2011, estivo presente durante as xornadas do 17 e o18 de xaneiro no expositor de Turismo de Galicia, ofrecendo informaci\u00f3n tur\u00edstica de interese ao p\u00fablico en xeral. A informaci\u00f3n sobre a vila permanecer\u00e1 exposta ata o remate da feira, para que profesionais e visitantes podan dispo\u00f1er dela e co\u00f1ecer a oferta tur\u00edstica da Guarda.<\/p>\n<p style=\"text-align: justify\">A Feira Internacional de Turismo (FITUR) def\u00ednese como un punto de encontro global entre os profesionais do sector, coa participaci\u00f3n anual de miles de empresas, entidades p\u00fablicas e profesionais de todo o mundo.<\/p>\n<div class=\"wpmf-gallerys\"><div id=\"gallery-1\" data-id=\"gallery-1\" data-gutterwidth=\"5\" \n class=\"gallery flexslider carousel wpmfflexslider gallery-link-file wpmf-has-border-radius-0 wpmf-gutterwidth-5 wpmf-gg-multiple-columns\" data-wpmfcolumns=\"3\" data-auto_animation=\"1\" data-border-width=\"0\" data-shadow=\"0\"><ul class=\"slides wpmf-slides\"><\/ul><\/div><\/div>\n","protected":false},"excerpt":{"rendered":"<p>O Concello da Guarda participou na Feira Internacional de Turismo (FITUR) 2018, que se celebra entre os d\u00edas 17 e 21 de xaneiro en Madrid, impulsando a promoci\u00f3n da vila como destino tur\u00edstico de calidade. A delegaci\u00f3n da Guarda -formada &hellip; <\/p>\n","protected":false},"author":2,"featured_media":11868,"comment_status":"open","ping_status":"open","sticky":false,"template":"","format":"standard","meta":[],"categories":[56],"tags":[274,845,846,847,232,823],"yoast_head":"<!-- This site is optimized with the Yoast SEO plugin v21.1 - https:\/\/yoast.com\/wordpress\/plugins\/seo\/ -->\n<title>O Concello da Guarda impulsa a promoci\u00f3n da vila como destino tur\u00edstico en FITUR 2018 - Concello da Guarda<\/title>\n<meta name=\"robots\" content=\"index, follow, max-snippet:-1, max-image-preview:large, max-video-preview:-1\" \/>\n<link rel=\"canonical\" href=\"https:\/\/www.aguarda.es\/en\/concello-da-guarda-impulsa-promocion-da-vila-destino-turistico-fitur-2018\/\" \/>\n<meta property=\"og:locale\" content=\"en_US\" \/>\n<meta property=\"og:type\" content=\"article\" \/>\n<meta property=\"og:title\" content=\"O Concello da Guarda impulsa a promoci\u00f3n da vila como destino tur\u00edstico en FITUR 2018 - Concello da Guarda\" \/>\n<meta property=\"og:description\" content=\"O Concello da Guarda participou na Feira Internacional de Turismo (FITUR) 2018, que se celebra entre os d\u00edas 17 e 21 de xaneiro en Madrid, impulsando a promoci\u00f3n da vila como destino tur\u00edstico de calidade. A delegaci\u00f3n da Guarda -formada &hellip;\" \/>\n<meta property=\"og:url\" content=\"https:\/\/www.aguarda.es\/en\/concello-da-guarda-impulsa-promocion-da-vila-destino-turistico-fitur-2018\/\" \/>\n<meta property=\"og:site_name\" content=\"Concello da Guarda\" \/>\n<meta property=\"article:publisher\" content=\"https:\/\/www.facebook.com\/ConcellodaGuarda\" \/>\n<meta property=\"article:published_time\" content=\"2018-01-19T11:45:09+00:00\" \/>\n<meta property=\"article:modified_time\" content=\"2018-01-22T08:09:47+00:00\" \/>\n<meta property=\"og:image\" content=\"https:\/\/www.aguarda.es\/wp-content\/uploads\/2018\/01\/FITUR2.jpg\" \/>\n\t<meta property=\"og:image:width\" content=\"700\" \/>\n\t<meta property=\"og:image:height\" content=\"416\" \/>\n\t<meta property=\"og:image:type\" content=\"image\/jpeg\" \/>\n<meta name=\"author\" content=\"prensa\" \/>\n<meta name=\"twitter:card\" content=\"summary_large_image\" \/>\n<meta name=\"twitter:creator\" content=\"@AGuarda_es\" \/>\n<meta name=\"twitter:site\" content=\"@AGuarda_es\" \/>\n<meta name=\"twitter:label1\" content=\"Written by\" \/>\n\t<meta name=\"twitter:data1\" content=\"prensa\" \/>\n\t<meta name=\"twitter:label2\" content=\"Est. reading time\" \/>\n\t<meta name=\"twitter:data2\" content=\"3 minutes\" \/>\n<script type=\"application\/ld+json\" class=\"yoast-schema-graph\">{\"@context\":\"https:\/\/schema.org\",\"@graph\":[{\"@type\":\"WebPage\",\"@id\":\"https:\/\/www.aguarda.es\/en\/concello-da-guarda-impulsa-promocion-da-vila-destino-turistico-fitur-2018\/\",\"url\":\"https:\/\/www.aguarda.es\/en\/concello-da-guarda-impulsa-promocion-da-vila-destino-turistico-fitur-2018\/\",\"name\":\"O Concello da Guarda impulsa a promoci\u00f3n da vila como destino tur\u00edstico en FITUR 2018 - Concello da Guarda\",\"isPartOf\":{\"@id\":\"https:\/\/www.aguarda.es\/en\/#website\"},\"datePublished\":\"2018-01-19T11:45:09+00:00\",\"dateModified\":\"2018-01-22T08:09:47+00:00\",\"author\":{\"@id\":\"https:\/\/www.aguarda.es\/en\/#\/schema\/person\/c463ca3006858ffb349d11179d044f21\"},\"breadcrumb\":{\"@id\":\"https:\/\/www.aguarda.es\/en\/concello-da-guarda-impulsa-promocion-da-vila-destino-turistico-fitur-2018\/#breadcrumb\"},\"inLanguage\":\"en-US\",\"potentialAction\":[{\"@type\":\"ReadAction\",\"target\":[\"https:\/\/www.aguarda.es\/en\/concello-da-guarda-impulsa-promocion-da-vila-destino-turistico-fitur-2018\/\"]}]},{\"@type\":\"BreadcrumbList\",\"@id\":\"https:\/\/www.aguarda.es\/en\/concello-da-guarda-impulsa-promocion-da-vila-destino-turistico-fitur-2018\/#breadcrumb\",\"itemListElement\":[{\"@type\":\"ListItem\",\"position\":1,\"name\":\"Portada\",\"item\":\"https:\/\/www.aguarda.es\/en\/\"},{\"@type\":\"ListItem\",\"position\":2,\"name\":\"O Concello da Guarda impulsa a promoci\u00f3n da vila como destino tur\u00edstico en FITUR 2018\"}]},{\"@type\":\"WebSite\",\"@id\":\"https:\/\/www.aguarda.es\/en\/#website\",\"url\":\"https:\/\/www.aguarda.es\/en\/\",\"name\":\"Concello da Guarda\",\"description\":\"P\u00e1xina web do concello da Guarda\",\"potentialAction\":[{\"@type\":\"SearchAction\",\"target\":{\"@type\":\"EntryPoint\",\"urlTemplate\":\"https:\/\/www.aguarda.es\/en\/?s={search_term_string}\"},\"query-input\":\"required name=search_term_string\"}],\"inLanguage\":\"en-US\"},{\"@type\":\"Person\",\"@id\":\"https:\/\/www.aguarda.es\/en\/#\/schema\/person\/c463ca3006858ffb349d11179d044f21\",\"name\":\"prensa\",\"image\":{\"@type\":\"ImageObject\",\"inLanguage\":\"en-US\",\"@id\":\"https:\/\/www.aguarda.es\/en\/#\/schema\/person\/image\/\",\"url\":\"https:\/\/secure.gravatar.com\/avatar\/5f90ef536b0f98306edf5c7a1135ffa1?s=96&d=mm&r=g\",\"contentUrl\":\"https:\/\/secure.gravatar.com\/avatar\/5f90ef536b0f98306edf5c7a1135ffa1?s=96&d=mm&r=g\",\"caption\":\"prensa\"},\"url\":\"https:\/\/www.aguarda.es\/en\/author\/prensa\/\"}]}<\/script>\n<!-- \/ Yoast SEO plugin. -->","yoast_head_json":{"title":"O Concello da Guarda impulsa a promoci\u00f3n da vila como destino tur\u00edstico en FITUR 2018 - Concello da Guarda","robots":{"index":"index","follow":"follow","max-snippet":"max-snippet:-1","max-image-preview":"max-image-preview:large","max-video-preview":"max-video-preview:-1"},"canonical":"https:\/\/www.aguarda.es\/en\/concello-da-guarda-impulsa-promocion-da-vila-destino-turistico-fitur-2018\/","og_locale":"en_US","og_type":"article","og_title":"O Concello da Guarda impulsa a promoci\u00f3n da vila como destino tur\u00edstico en FITUR 2018 - Concello da Guarda","og_description":"O Concello da Guarda participou na Feira Internacional de Turismo (FITUR) 2018, que se celebra entre os d\u00edas 17 e 21 de xaneiro en Madrid, impulsando a promoci\u00f3n da vila como destino tur\u00edstico de calidade. A delegaci\u00f3n da Guarda -formada &hellip;","og_url":"https:\/\/www.aguarda.es\/en\/concello-da-guarda-impulsa-promocion-da-vila-destino-turistico-fitur-2018\/","og_site_name":"Concello da Guarda","article_publisher":"https:\/\/www.facebook.com\/ConcellodaGuarda","article_published_time":"2018-01-19T11:45:09+00:00","article_modified_time":"2018-01-22T08:09:47+00:00","og_image":[{"width":700,"height":416,"url":"https:\/\/www.aguarda.es\/wp-content\/uploads\/2018\/01\/FITUR2.jpg","type":"image\/jpeg"}],"author":"prensa","twitter_card":"summary_large_image","twitter_creator":"@AGuarda_es","twitter_site":"@AGuarda_es","twitter_misc":{"Written by":"prensa","Est. reading time":"3 minutes"},"schema":{"@context":"https:\/\/schema.org","@graph":[{"@type":"WebPage","@id":"https:\/\/www.aguarda.es\/en\/concello-da-guarda-impulsa-promocion-da-vila-destino-turistico-fitur-2018\/","url":"https:\/\/www.aguarda.es\/en\/concello-da-guarda-impulsa-promocion-da-vila-destino-turistico-fitur-2018\/","name":"O Concello da Guarda impulsa a promoci\u00f3n da vila como destino tur\u00edstico en FITUR 2018 - Concello da Guarda","isPartOf":{"@id":"https:\/\/www.aguarda.es\/en\/#website"},"datePublished":"2018-01-19T11:45:09+00:00","dateModified":"2018-01-22T08:09:47+00:00","author":{"@id":"https:\/\/www.aguarda.es\/en\/#\/schema\/person\/c463ca3006858ffb349d11179d044f21"},"breadcrumb":{"@id":"https:\/\/www.aguarda.es\/en\/concello-da-guarda-impulsa-promocion-da-vila-destino-turistico-fitur-2018\/#breadcrumb"},"inLanguage":"en-US","potentialAction":[{"@type":"ReadAction","target":["https:\/\/www.aguarda.es\/en\/concello-da-guarda-impulsa-promocion-da-vila-destino-turistico-fitur-2018\/"]}]},{"@type":"BreadcrumbList","@id":"https:\/\/www.aguarda.es\/en\/concello-da-guarda-impulsa-promocion-da-vila-destino-turistico-fitur-2018\/#breadcrumb","itemListElement":[{"@type":"ListItem","position":1,"name":"Portada","item":"https:\/\/www.aguarda.es\/en\/"},{"@type":"ListItem","position":2,"name":"O Concello da Guarda impulsa a promoci\u00f3n da vila como destino tur\u00edstico en FITUR 2018"}]},{"@type":"WebSite","@id":"https:\/\/www.aguarda.es\/en\/#website","url":"https:\/\/www.aguarda.es\/en\/","name":"Concello da Guarda","description":"P\u00e1xina web do concello da Guarda","potentialAction":[{"@type":"SearchAction","target":{"@type":"EntryPoint","urlTemplate":"https:\/\/www.aguarda.es\/en\/?s={search_term_string}"},"query-input":"required name=search_term_string"}],"inLanguage":"en-US"},{"@type":"Person","@id":"https:\/\/www.aguarda.es\/en\/#\/schema\/person\/c463ca3006858ffb349d11179d044f21","name":"prensa","image":{"@type":"ImageObject","inLanguage":"en-US","@id":"https:\/\/www.aguarda.es\/en\/#\/schema\/person\/image\/","url":"https:\/\/secure.gravatar.com\/avatar\/5f90ef536b0f98306edf5c7a1135ffa1?s=96&d=mm&r=g","contentUrl":"https:\/\/secure.gravatar.com\/avatar\/5f90ef536b0f98306edf5c7a1135ffa1?s=96&d=mm&r=g","caption":"prensa"},"url":"https:\/\/www.aguarda.es\/en\/author\/prensa\/"}]}},"_links":{"self":[{"href":"https:\/\/www.aguarda.es\/en\/wp-json\/wp\/v2\/posts\/11866"}],"collection":[{"href":"https:\/\/www.aguarda.es\/en\/wp-json\/wp\/v2\/posts"}],"about":[{"href":"https:\/\/www.aguarda.es\/en\/wp-json\/wp\/v2\/types\/post"}],"author":[{"embeddable":true,"href":"https:\/\/www.aguarda.es\/en\/wp-json\/wp\/v2\/users\/2"}],"replies":[{"embeddable":true,"href":"https:\/\/www.aguarda.es\/en\/wp-json\/wp\/v2\/comments?post=11866"}],"version-history":[{"count":7,"href":"https:\/\/www.aguarda.es\/en\/wp-json\/wp\/v2\/posts\/11866\/revisions"}],"predecessor-version":[{"id":11887,"href":"https:\/\/www.aguarda.es\/en\/wp-json\/wp\/v2\/posts\/11866\/revisions\/11887"}],"wp:featuredmedia":[{"embeddable":true,"href":"https:\/\/www.aguarda.es\/en\/wp-json\/wp\/v2\/media\/11868"}],"wp:attachment":[{"href":"https:\/\/www.aguarda.es\/en\/wp-json\/wp\/v2\/media?parent=11866"}],"wp:term":[{"taxonomy":"category","embeddable":true,"href":"https:\/\/www.aguarda.es\/en\/wp-json\/wp\/v2\/categories?post=11866"},{"taxonomy":"post_tag","embeddable":true,"href":"https:\/\/www.aguarda.es\/en\/wp-json\/wp\/v2\/tags?post=11866"}],"curies":[{"name":"wp","href":"https:\/\/api.w.org\/{rel}","templated":true}]}}