{"id":1189,"date":"2015-09-09T06:48:54","date_gmt":"2015-09-09T06:48:54","guid":{"rendered":"https:\/\/www.aguarda.es\/?p=1189"},"modified":"2015-09-09T06:48:54","modified_gmt":"2015-09-09T06:48:54","slug":"ampliase-o-prazo-para-solicitar-a-prestacion-economica-de-pagamento-unico-para-fillas-e-fillos-menores-de-3-anos","status":"publish","type":"post","link":"https:\/\/www.aguarda.es\/en\/ampliase-o-prazo-para-solicitar-a-prestacion-economica-de-pagamento-unico-para-fillas-e-fillos-menores-de-3-anos\/","title":{"rendered":"AMPL\u00cdASE O PRAZO PARA SOLICITAR A PRESTACI\u00d3N ECON\u00d3MICA DE PAGAMENTO \u00daNICO PARA FILLAS E FILLOS MENORES DE 3 ANOS"},"content":{"rendered":"\n<p>O Departamento de Servizos Sociais do Concello da Guarda informa que a partir do d\u00eda 8 de setembro AMPL\u00cdASE o prazo para solicitar a prestaci\u00f3n econ\u00f3mica de pagamento \u00fanico para fillas e fillos menores de tres anos para o ano 2015.<\/p>\n<p>Poderanse beneficiar desta axuda as persoas con fillos\/as menores de tres anos, nacidos entre o 02 de xaneiro de 2012 e 1 de xaneiro de 2015 (inclusive) e\u00a0 que non\u00a0 tivesen obriga de presentar a declaraci\u00f3n do IRPF do ano 2013, nin se tivese presentado de xeito voluntario a\u00ednda sen estar obrigados.<\/p>\n<p>O prazo para a presentaci\u00f3n das solicitudes\u00a0 rematar\u00e1 o d\u00eda 8 de outubro 2015.<\/p>\n<p>Para m\u00e1is informaci\u00f3n e tramitaci\u00f3n da axuda dirixirse \u00f3 Departamento de Servizos Sociais do Concello da Guarda. <br \/>O horario de atenci\u00f3n \u00e9 de\u00a0 9:00 a 13:00h, os luns, m\u00e9rcores e xoves.<\/p>\n<p><img decoding=\"async\" loading=\"lazy\" class=\" size-full wp-image-662\" src=\"https:\/\/www.aguarda.es\/wp-content\/uploads\/2015\/02\/2015_axuda2015.JPG\" alt=\"\" width=\"570\" height=\"399\" srcset=\"https:\/\/www.aguarda.es\/wp-content\/uploads\/2015\/02\/2015_axuda2015.JPG 570w, https:\/\/www.aguarda.es\/wp-content\/uploads\/2015\/02\/2015_axuda2015-300x210.jpg 300w\" sizes=\"(max-width: 570px) 100vw, 570px\" \/><\/p>\n","protected":false},"excerpt":{"rendered":"<p>O Departamento de Servizos Sociais do Concello da Guarda informa que a partir do d\u00eda 8 de setembro AMPL\u00cdASE o prazo para solicitar a prestaci\u00f3n econ\u00f3mica de pagamento \u00fanico para fillas e fillos menores de tres anos para o ano &hellip; <\/p>\n","protected":false},"author":1,"featured_media":662,"comment_status":"open","ping_status":"open","sticky":false,"template":"","format":"standard","meta":[],"categories":[45],"tags":[],"yoast_head":"<!-- This site is optimized with the Yoast SEO plugin v21.1 - https:\/\/yoast.com\/wordpress\/plugins\/seo\/ -->\n<title>AMPL\u00cdASE O PRAZO PARA SOLICITAR A PRESTACI\u00d3N ECON\u00d3MICA DE PAGAMENTO \u00daNICO PARA FILLAS E FILLOS MENORES DE 3 ANOS - Concello da Guarda<\/title>\n<meta name=\"robots\" content=\"index, follow, max-snippet:-1, max-image-preview:large, max-video-preview:-1\" \/>\n<link rel=\"canonical\" href=\"https:\/\/www.aguarda.es\/en\/ampliase-o-prazo-para-solicitar-a-prestacion-economica-de-pagamento-unico-para-fillas-e-fillos-menores-de-3-anos\/\" \/>\n<meta property=\"og:locale\" content=\"en_US\" \/>\n<meta property=\"og:type\" content=\"article\" \/>\n<meta property=\"og:title\" content=\"AMPL\u00cdASE O PRAZO PARA SOLICITAR A PRESTACI\u00d3N ECON\u00d3MICA DE PAGAMENTO \u00daNICO PARA FILLAS E FILLOS MENORES DE 3 ANOS - Concello da Guarda\" \/>\n<meta property=\"og:description\" content=\"O Departamento de Servizos Sociais do Concello da Guarda informa que a partir do d\u00eda 8 de setembro AMPL\u00cdASE o prazo para solicitar a prestaci\u00f3n econ\u00f3mica de pagamento \u00fanico para fillas e fillos menores de tres anos para o ano &hellip;\" \/>\n<meta property=\"og:url\" content=\"https:\/\/www.aguarda.es\/en\/ampliase-o-prazo-para-solicitar-a-prestacion-economica-de-pagamento-unico-para-fillas-e-fillos-menores-de-3-anos\/\" \/>\n<meta property=\"og:site_name\" content=\"Concello da Guarda\" \/>\n<meta property=\"article:publisher\" content=\"https:\/\/www.facebook.com\/ConcellodaGuarda\" \/>\n<meta property=\"article:published_time\" content=\"2015-09-09T06:48:54+00:00\" \/>\n<meta property=\"og:image\" content=\"https:\/\/www.aguarda.es\/wp-content\/uploads\/2015\/02\/2015_axuda2015.JPG\" \/>\n\t<meta property=\"og:image:width\" content=\"570\" \/>\n\t<meta property=\"og:image:height\" content=\"399\" \/>\n\t<meta property=\"og:image:type\" content=\"image\/jpeg\" \/>\n<meta name=\"author\" content=\"Concello\" \/>\n<meta name=\"twitter:card\" content=\"summary_large_image\" \/>\n<meta name=\"twitter:creator\" content=\"@AGuarda_es\" \/>\n<meta name=\"twitter:site\" content=\"@AGuarda_es\" \/>\n<meta name=\"twitter:label1\" content=\"Written by\" \/>\n\t<meta name=\"twitter:data1\" content=\"Concello\" \/>\n\t<meta name=\"twitter:label2\" content=\"Est. reading time\" \/>\n\t<meta name=\"twitter:data2\" content=\"1 minute\" \/>\n<script type=\"application\/ld+json\" class=\"yoast-schema-graph\">{\"@context\":\"https:\/\/schema.org\",\"@graph\":[{\"@type\":\"WebPage\",\"@id\":\"https:\/\/www.aguarda.es\/en\/ampliase-o-prazo-para-solicitar-a-prestacion-economica-de-pagamento-unico-para-fillas-e-fillos-menores-de-3-anos\/\",\"url\":\"https:\/\/www.aguarda.es\/en\/ampliase-o-prazo-para-solicitar-a-prestacion-economica-de-pagamento-unico-para-fillas-e-fillos-menores-de-3-anos\/\",\"name\":\"AMPL\u00cdASE O PRAZO PARA SOLICITAR A PRESTACI\u00d3N ECON\u00d3MICA DE PAGAMENTO \u00daNICO PARA FILLAS E FILLOS MENORES DE 3 ANOS - Concello da Guarda\",\"isPartOf\":{\"@id\":\"https:\/\/www.aguarda.es\/en\/#website\"},\"datePublished\":\"2015-09-09T06:48:54+00:00\",\"dateModified\":\"2015-09-09T06:48:54+00:00\",\"author\":{\"@id\":\"https:\/\/www.aguarda.es\/en\/#\/schema\/person\/ac30f4d74843174f0af56c730f74dd57\"},\"breadcrumb\":{\"@id\":\"https:\/\/www.aguarda.es\/en\/ampliase-o-prazo-para-solicitar-a-prestacion-economica-de-pagamento-unico-para-fillas-e-fillos-menores-de-3-anos\/#breadcrumb\"},\"inLanguage\":\"en-US\",\"potentialAction\":[{\"@type\":\"ReadAction\",\"target\":[\"https:\/\/www.aguarda.es\/en\/ampliase-o-prazo-para-solicitar-a-prestacion-economica-de-pagamento-unico-para-fillas-e-fillos-menores-de-3-anos\/\"]}]},{\"@type\":\"BreadcrumbList\",\"@id\":\"https:\/\/www.aguarda.es\/en\/ampliase-o-prazo-para-solicitar-a-prestacion-economica-de-pagamento-unico-para-fillas-e-fillos-menores-de-3-anos\/#breadcrumb\",\"itemListElement\":[{\"@type\":\"ListItem\",\"position\":1,\"name\":\"Portada\",\"item\":\"https:\/\/www.aguarda.es\/en\/\"},{\"@type\":\"ListItem\",\"position\":2,\"name\":\"AMPL\u00cdASE O PRAZO PARA SOLICITAR A PRESTACI\u00d3N ECON\u00d3MICA DE PAGAMENTO \u00daNICO PARA FILLAS E FILLOS MENORES DE 3 ANOS\"}]},{\"@type\":\"WebSite\",\"@id\":\"https:\/\/www.aguarda.es\/en\/#website\",\"url\":\"https:\/\/www.aguarda.es\/en\/\",\"name\":\"Concello da Guarda\",\"description\":\"P\u00e1xina web do concello da Guarda\",\"potentialAction\":[{\"@type\":\"SearchAction\",\"target\":{\"@type\":\"EntryPoint\",\"urlTemplate\":\"https:\/\/www.aguarda.es\/en\/?s={search_term_string}\"},\"query-input\":\"required name=search_term_string\"}],\"inLanguage\":\"en-US\"},{\"@type\":\"Person\",\"@id\":\"https:\/\/www.aguarda.es\/en\/#\/schema\/person\/ac30f4d74843174f0af56c730f74dd57\",\"name\":\"Concello\",\"image\":{\"@type\":\"ImageObject\",\"inLanguage\":\"en-US\",\"@id\":\"https:\/\/www.aguarda.es\/en\/#\/schema\/person\/image\/\",\"url\":\"https:\/\/secure.gravatar.com\/avatar\/7eda12a04da40b2ef77eb62e68f07027?s=96&d=mm&r=g\",\"contentUrl\":\"https:\/\/secure.gravatar.com\/avatar\/7eda12a04da40b2ef77eb62e68f07027?s=96&d=mm&r=g\",\"caption\":\"Concello\"},\"url\":\"https:\/\/www.aguarda.es\/en\/author\/admin\/\"}]}<\/script>\n<!-- \/ Yoast SEO plugin. -->","yoast_head_json":{"title":"AMPL\u00cdASE O PRAZO PARA SOLICITAR A PRESTACI\u00d3N ECON\u00d3MICA DE PAGAMENTO \u00daNICO PARA FILLAS E FILLOS MENORES DE 3 ANOS - Concello da Guarda","robots":{"index":"index","follow":"follow","max-snippet":"max-snippet:-1","max-image-preview":"max-image-preview:large","max-video-preview":"max-video-preview:-1"},"canonical":"https:\/\/www.aguarda.es\/en\/ampliase-o-prazo-para-solicitar-a-prestacion-economica-de-pagamento-unico-para-fillas-e-fillos-menores-de-3-anos\/","og_locale":"en_US","og_type":"article","og_title":"AMPL\u00cdASE O PRAZO PARA SOLICITAR A PRESTACI\u00d3N ECON\u00d3MICA DE PAGAMENTO \u00daNICO PARA FILLAS E FILLOS MENORES DE 3 ANOS - Concello da Guarda","og_description":"O Departamento de Servizos Sociais do Concello da Guarda informa que a partir do d\u00eda 8 de setembro AMPL\u00cdASE o prazo para solicitar a prestaci\u00f3n econ\u00f3mica de pagamento \u00fanico para fillas e fillos menores de tres anos para o ano &hellip;","og_url":"https:\/\/www.aguarda.es\/en\/ampliase-o-prazo-para-solicitar-a-prestacion-economica-de-pagamento-unico-para-fillas-e-fillos-menores-de-3-anos\/","og_site_name":"Concello da Guarda","article_publisher":"https:\/\/www.facebook.com\/ConcellodaGuarda","article_published_time":"2015-09-09T06:48:54+00:00","og_image":[{"width":570,"height":399,"url":"https:\/\/www.aguarda.es\/wp-content\/uploads\/2015\/02\/2015_axuda2015.JPG","type":"image\/jpeg"}],"author":"Concello","twitter_card":"summary_large_image","twitter_creator":"@AGuarda_es","twitter_site":"@AGuarda_es","twitter_misc":{"Written by":"Concello","Est. reading time":"1 minute"},"schema":{"@context":"https:\/\/schema.org","@graph":[{"@type":"WebPage","@id":"https:\/\/www.aguarda.es\/en\/ampliase-o-prazo-para-solicitar-a-prestacion-economica-de-pagamento-unico-para-fillas-e-fillos-menores-de-3-anos\/","url":"https:\/\/www.aguarda.es\/en\/ampliase-o-prazo-para-solicitar-a-prestacion-economica-de-pagamento-unico-para-fillas-e-fillos-menores-de-3-anos\/","name":"AMPL\u00cdASE O PRAZO PARA SOLICITAR A PRESTACI\u00d3N ECON\u00d3MICA DE PAGAMENTO \u00daNICO PARA FILLAS E FILLOS MENORES DE 3 ANOS - Concello da Guarda","isPartOf":{"@id":"https:\/\/www.aguarda.es\/en\/#website"},"datePublished":"2015-09-09T06:48:54+00:00","dateModified":"2015-09-09T06:48:54+00:00","author":{"@id":"https:\/\/www.aguarda.es\/en\/#\/schema\/person\/ac30f4d74843174f0af56c730f74dd57"},"breadcrumb":{"@id":"https:\/\/www.aguarda.es\/en\/ampliase-o-prazo-para-solicitar-a-prestacion-economica-de-pagamento-unico-para-fillas-e-fillos-menores-de-3-anos\/#breadcrumb"},"inLanguage":"en-US","potentialAction":[{"@type":"ReadAction","target":["https:\/\/www.aguarda.es\/en\/ampliase-o-prazo-para-solicitar-a-prestacion-economica-de-pagamento-unico-para-fillas-e-fillos-menores-de-3-anos\/"]}]},{"@type":"BreadcrumbList","@id":"https:\/\/www.aguarda.es\/en\/ampliase-o-prazo-para-solicitar-a-prestacion-economica-de-pagamento-unico-para-fillas-e-fillos-menores-de-3-anos\/#breadcrumb","itemListElement":[{"@type":"ListItem","position":1,"name":"Portada","item":"https:\/\/www.aguarda.es\/en\/"},{"@type":"ListItem","position":2,"name":"AMPL\u00cdASE O PRAZO PARA SOLICITAR A PRESTACI\u00d3N ECON\u00d3MICA DE PAGAMENTO \u00daNICO PARA FILLAS E FILLOS MENORES DE 3 ANOS"}]},{"@type":"WebSite","@id":"https:\/\/www.aguarda.es\/en\/#website","url":"https:\/\/www.aguarda.es\/en\/","name":"Concello da Guarda","description":"P\u00e1xina web do concello da Guarda","potentialAction":[{"@type":"SearchAction","target":{"@type":"EntryPoint","urlTemplate":"https:\/\/www.aguarda.es\/en\/?s={search_term_string}"},"query-input":"required name=search_term_string"}],"inLanguage":"en-US"},{"@type":"Person","@id":"https:\/\/www.aguarda.es\/en\/#\/schema\/person\/ac30f4d74843174f0af56c730f74dd57","name":"Concello","image":{"@type":"ImageObject","inLanguage":"en-US","@id":"https:\/\/www.aguarda.es\/en\/#\/schema\/person\/image\/","url":"https:\/\/secure.gravatar.com\/avatar\/7eda12a04da40b2ef77eb62e68f07027?s=96&d=mm&r=g","contentUrl":"https:\/\/secure.gravatar.com\/avatar\/7eda12a04da40b2ef77eb62e68f07027?s=96&d=mm&r=g","caption":"Concello"},"url":"https:\/\/www.aguarda.es\/en\/author\/admin\/"}]}},"_links":{"self":[{"href":"https:\/\/www.aguarda.es\/en\/wp-json\/wp\/v2\/posts\/1189"}],"collection":[{"href":"https:\/\/www.aguarda.es\/en\/wp-json\/wp\/v2\/posts"}],"about":[{"href":"https:\/\/www.aguarda.es\/en\/wp-json\/wp\/v2\/types\/post"}],"author":[{"embeddable":true,"href":"https:\/\/www.aguarda.es\/en\/wp-json\/wp\/v2\/users\/1"}],"replies":[{"embeddable":true,"href":"https:\/\/www.aguarda.es\/en\/wp-json\/wp\/v2\/comments?post=1189"}],"version-history":[{"count":0,"href":"https:\/\/www.aguarda.es\/en\/wp-json\/wp\/v2\/posts\/1189\/revisions"}],"wp:featuredmedia":[{"embeddable":true,"href":"https:\/\/www.aguarda.es\/en\/wp-json\/wp\/v2\/media\/662"}],"wp:attachment":[{"href":"https:\/\/www.aguarda.es\/en\/wp-json\/wp\/v2\/media?parent=1189"}],"wp:term":[{"taxonomy":"category","embeddable":true,"href":"https:\/\/www.aguarda.es\/en\/wp-json\/wp\/v2\/categories?post=1189"},{"taxonomy":"post_tag","embeddable":true,"href":"https:\/\/www.aguarda.es\/en\/wp-json\/wp\/v2\/tags?post=1189"}],"curies":[{"name":"wp","href":"https:\/\/api.w.org\/{rel}","templated":true}]}}