{"id":1192,"date":"2015-09-10T07:35:09","date_gmt":"2015-09-10T07:35:09","guid":{"rendered":"https:\/\/www.aguarda.es\/?p=1192"},"modified":"2015-09-10T07:35:09","modified_gmt":"2015-09-10T07:35:09","slug":"aberto-o-prazo-de-inscricion-para-participar-nas-escolas-deportivas-municipais-e-nas-actividades-anuais-programadas-pola-omix","status":"publish","type":"post","link":"https:\/\/www.aguarda.es\/en\/aberto-o-prazo-de-inscricion-para-participar-nas-escolas-deportivas-municipais-e-nas-actividades-anuais-programadas-pola-omix\/","title":{"rendered":"ABERTO O PRAZO DE INSCRICI\u00d3N PARA PARTICIPAR NAS ESCOLAS DEPORTIVAS MUNICIPAIS E NAS ACTIVIDADES ANUAIS PROGRAMADAS POLA OMIX"},"content":{"rendered":"\n<p>O Concello da Guarda xa ten aberto o prazo de inscrici\u00f3n para todos aqueles interesados en participar tanto Escolas Deportivas Municipais, coma nas Actividades Anuais programadas pola OMIX.<\/p>\n<p>No caso das Escolas Deportivas Municipais, organizadas pola Conceller\u00eda de Deporte, o prazo para anotarse est\u00e1 aberto ata o pr\u00f3ximo venres 25 de setembro. Este ano o Concello oferta, para nenos comprendidos entre os seis e os 16 anos, clases de baloncesto e de p\u00e1del.<br \/>O horario para a pr\u00e1ctica de baloncesto ser\u00e1 os venres de 16 a 18 horas no pavill\u00f3n de Solanas. O prezo \u00f3 mes \u00e9 de 12 euros.<\/p>\n<p>As clases de p\u00e1del ser\u00e1n en diferente horario dependendo da idade. As\u00ed os nenos de 6 a 9 anos ir\u00e1n os martes, os de 10 a 13 os m\u00e9rcores e os de 14 a 16 anos os xoves. Todos os d\u00edas as clases ser\u00e1n de 16 a 17 horas. O prezo mensual \u00e9 de 15 euros.<\/p>\n<p>Aquel pai, nai ou titor que queira anotar o seu fillo ou filla deber\u00e1 facelo no propio Concello. Para m\u00e1is informaci\u00f3n poder\u00e1n dirixirse \u00f3 correo deporte@aguarda.es , no facebook , no blog deporteaguarda.blogspot.com.es ou directamente no Concello.<\/p>\n<p>Actividades da OMIX<\/p>\n<p>Pola s\u00faa banda, o prazo para participar nas actividades organizadas pola OMIX do Concello da Guarda &#8211; pilates, zumbale, aerobic e pintura- tam\u00e9n est\u00e1 aberto.<\/p>\n<p>Os horarios previstos para o desenvolvemento das actividades son: <br \/>Pilates: martes e xoves de 19:00 a 20:00 horas. <br \/>Aerobic: martes e xoves de 20:30 a 21:30 horas. <br \/>Zumbale: luns e m\u00e9rcores de 19:00 a 20:00 horas. <\/p>\n<p>Para pintura o horario planificado ser\u00e1 os xoves de catro a seis un grupo e o segundo de seis a oito horas. <\/p>\n<p>Para a inscrici\u00f3n ou informaci\u00f3n de cada actividade todas as persoas interesadas ter\u00e1n que po\u00f1erse en contacto coa OMIX a trav\u00e9s do tel\u00e9fono 986614546, mail informacion@aguarda.es ou no perfil facebook.<\/p>\n<p>\u00a0<\/p>\n<p><img decoding=\"async\" loading=\"lazy\" class=\" size-full wp-image-1191\" src=\"https:\/\/www.aguarda.es\/wp-content\/uploads\/2015\/09\/2015_escolasdeportivas.JPG\" alt=\"\" width=\"424\" height=\"600\" srcset=\"https:\/\/www.aguarda.es\/wp-content\/uploads\/2015\/09\/2015_escolasdeportivas.JPG 424w, https:\/\/www.aguarda.es\/wp-content\/uploads\/2015\/09\/2015_escolasdeportivas-212x300.jpg 212w\" sizes=\"(max-width: 424px) 100vw, 424px\" \/><\/p>\n<p>\u00a0<\/p>\n","protected":false},"excerpt":{"rendered":"<p>O Concello da Guarda xa ten aberto o prazo de inscrici\u00f3n para todos aqueles interesados en participar tanto Escolas Deportivas Municipais, coma nas Actividades Anuais programadas pola OMIX. No caso das Escolas Deportivas Municipais, organizadas pola Conceller\u00eda de Deporte, o &hellip; <\/p>\n","protected":false},"author":1,"featured_media":1191,"comment_status":"open","ping_status":"open","sticky":false,"template":"","format":"standard","meta":[],"categories":[35],"tags":[],"yoast_head":"<!-- This site is optimized with the Yoast SEO plugin v21.1 - https:\/\/yoast.com\/wordpress\/plugins\/seo\/ -->\n<title>ABERTO O PRAZO DE INSCRICI\u00d3N PARA PARTICIPAR NAS ESCOLAS DEPORTIVAS MUNICIPAIS E NAS ACTIVIDADES ANUAIS PROGRAMADAS POLA OMIX - Concello da Guarda<\/title>\n<meta name=\"robots\" content=\"index, follow, max-snippet:-1, max-image-preview:large, max-video-preview:-1\" \/>\n<link rel=\"canonical\" href=\"https:\/\/www.aguarda.es\/en\/aberto-o-prazo-de-inscricion-para-participar-nas-escolas-deportivas-municipais-e-nas-actividades-anuais-programadas-pola-omix\/\" \/>\n<meta property=\"og:locale\" content=\"en_US\" \/>\n<meta property=\"og:type\" content=\"article\" \/>\n<meta property=\"og:title\" content=\"ABERTO O PRAZO DE INSCRICI\u00d3N PARA PARTICIPAR NAS ESCOLAS DEPORTIVAS MUNICIPAIS E NAS ACTIVIDADES ANUAIS PROGRAMADAS POLA OMIX - Concello da Guarda\" \/>\n<meta property=\"og:description\" content=\"O Concello da Guarda xa ten aberto o prazo de inscrici\u00f3n para todos aqueles interesados en participar tanto Escolas Deportivas Municipais, coma nas Actividades Anuais programadas pola OMIX. No caso das Escolas Deportivas Municipais, organizadas pola Conceller\u00eda de Deporte, o &hellip;\" \/>\n<meta property=\"og:url\" content=\"https:\/\/www.aguarda.es\/en\/aberto-o-prazo-de-inscricion-para-participar-nas-escolas-deportivas-municipais-e-nas-actividades-anuais-programadas-pola-omix\/\" \/>\n<meta property=\"og:site_name\" content=\"Concello da Guarda\" \/>\n<meta property=\"article:publisher\" content=\"https:\/\/www.facebook.com\/ConcellodaGuarda\" \/>\n<meta property=\"article:published_time\" content=\"2015-09-10T07:35:09+00:00\" \/>\n<meta property=\"og:image\" content=\"https:\/\/www.aguarda.es\/wp-content\/uploads\/2015\/09\/2015_escolasdeportivas.JPG\" \/>\n\t<meta property=\"og:image:width\" content=\"424\" \/>\n\t<meta property=\"og:image:height\" content=\"600\" \/>\n\t<meta property=\"og:image:type\" content=\"image\/jpeg\" \/>\n<meta name=\"author\" content=\"Concello\" \/>\n<meta name=\"twitter:card\" content=\"summary_large_image\" \/>\n<meta name=\"twitter:creator\" content=\"@AGuarda_es\" \/>\n<meta name=\"twitter:site\" content=\"@AGuarda_es\" \/>\n<meta name=\"twitter:label1\" content=\"Written by\" \/>\n\t<meta name=\"twitter:data1\" content=\"Concello\" \/>\n\t<meta name=\"twitter:label2\" content=\"Est. reading time\" \/>\n\t<meta name=\"twitter:data2\" content=\"2 minutes\" \/>\n<script type=\"application\/ld+json\" class=\"yoast-schema-graph\">{\"@context\":\"https:\/\/schema.org\",\"@graph\":[{\"@type\":\"WebPage\",\"@id\":\"https:\/\/www.aguarda.es\/en\/aberto-o-prazo-de-inscricion-para-participar-nas-escolas-deportivas-municipais-e-nas-actividades-anuais-programadas-pola-omix\/\",\"url\":\"https:\/\/www.aguarda.es\/en\/aberto-o-prazo-de-inscricion-para-participar-nas-escolas-deportivas-municipais-e-nas-actividades-anuais-programadas-pola-omix\/\",\"name\":\"ABERTO O PRAZO DE INSCRICI\u00d3N PARA PARTICIPAR NAS ESCOLAS DEPORTIVAS MUNICIPAIS E NAS ACTIVIDADES ANUAIS PROGRAMADAS POLA OMIX - Concello da Guarda\",\"isPartOf\":{\"@id\":\"https:\/\/www.aguarda.es\/en\/#website\"},\"datePublished\":\"2015-09-10T07:35:09+00:00\",\"dateModified\":\"2015-09-10T07:35:09+00:00\",\"author\":{\"@id\":\"https:\/\/www.aguarda.es\/en\/#\/schema\/person\/ac30f4d74843174f0af56c730f74dd57\"},\"breadcrumb\":{\"@id\":\"https:\/\/www.aguarda.es\/en\/aberto-o-prazo-de-inscricion-para-participar-nas-escolas-deportivas-municipais-e-nas-actividades-anuais-programadas-pola-omix\/#breadcrumb\"},\"inLanguage\":\"en-US\",\"potentialAction\":[{\"@type\":\"ReadAction\",\"target\":[\"https:\/\/www.aguarda.es\/en\/aberto-o-prazo-de-inscricion-para-participar-nas-escolas-deportivas-municipais-e-nas-actividades-anuais-programadas-pola-omix\/\"]}]},{\"@type\":\"BreadcrumbList\",\"@id\":\"https:\/\/www.aguarda.es\/en\/aberto-o-prazo-de-inscricion-para-participar-nas-escolas-deportivas-municipais-e-nas-actividades-anuais-programadas-pola-omix\/#breadcrumb\",\"itemListElement\":[{\"@type\":\"ListItem\",\"position\":1,\"name\":\"Portada\",\"item\":\"https:\/\/www.aguarda.es\/en\/\"},{\"@type\":\"ListItem\",\"position\":2,\"name\":\"ABERTO O PRAZO DE INSCRICI\u00d3N PARA PARTICIPAR NAS ESCOLAS DEPORTIVAS MUNICIPAIS E NAS ACTIVIDADES ANUAIS PROGRAMADAS POLA OMIX\"}]},{\"@type\":\"WebSite\",\"@id\":\"https:\/\/www.aguarda.es\/en\/#website\",\"url\":\"https:\/\/www.aguarda.es\/en\/\",\"name\":\"Concello da Guarda\",\"description\":\"P\u00e1xina web do concello da Guarda\",\"potentialAction\":[{\"@type\":\"SearchAction\",\"target\":{\"@type\":\"EntryPoint\",\"urlTemplate\":\"https:\/\/www.aguarda.es\/en\/?s={search_term_string}\"},\"query-input\":\"required name=search_term_string\"}],\"inLanguage\":\"en-US\"},{\"@type\":\"Person\",\"@id\":\"https:\/\/www.aguarda.es\/en\/#\/schema\/person\/ac30f4d74843174f0af56c730f74dd57\",\"name\":\"Concello\",\"image\":{\"@type\":\"ImageObject\",\"inLanguage\":\"en-US\",\"@id\":\"https:\/\/www.aguarda.es\/en\/#\/schema\/person\/image\/\",\"url\":\"https:\/\/secure.gravatar.com\/avatar\/7eda12a04da40b2ef77eb62e68f07027?s=96&d=mm&r=g\",\"contentUrl\":\"https:\/\/secure.gravatar.com\/avatar\/7eda12a04da40b2ef77eb62e68f07027?s=96&d=mm&r=g\",\"caption\":\"Concello\"},\"url\":\"https:\/\/www.aguarda.es\/en\/author\/admin\/\"}]}<\/script>\n<!-- \/ Yoast SEO plugin. -->","yoast_head_json":{"title":"ABERTO O PRAZO DE INSCRICI\u00d3N PARA PARTICIPAR NAS ESCOLAS DEPORTIVAS MUNICIPAIS E NAS ACTIVIDADES ANUAIS PROGRAMADAS POLA OMIX - Concello da Guarda","robots":{"index":"index","follow":"follow","max-snippet":"max-snippet:-1","max-image-preview":"max-image-preview:large","max-video-preview":"max-video-preview:-1"},"canonical":"https:\/\/www.aguarda.es\/en\/aberto-o-prazo-de-inscricion-para-participar-nas-escolas-deportivas-municipais-e-nas-actividades-anuais-programadas-pola-omix\/","og_locale":"en_US","og_type":"article","og_title":"ABERTO O PRAZO DE INSCRICI\u00d3N PARA PARTICIPAR NAS ESCOLAS DEPORTIVAS MUNICIPAIS E NAS ACTIVIDADES ANUAIS PROGRAMADAS POLA OMIX - Concello da Guarda","og_description":"O Concello da Guarda xa ten aberto o prazo de inscrici\u00f3n para todos aqueles interesados en participar tanto Escolas Deportivas Municipais, coma nas Actividades Anuais programadas pola OMIX. No caso das Escolas Deportivas Municipais, organizadas pola Conceller\u00eda de Deporte, o &hellip;","og_url":"https:\/\/www.aguarda.es\/en\/aberto-o-prazo-de-inscricion-para-participar-nas-escolas-deportivas-municipais-e-nas-actividades-anuais-programadas-pola-omix\/","og_site_name":"Concello da Guarda","article_publisher":"https:\/\/www.facebook.com\/ConcellodaGuarda","article_published_time":"2015-09-10T07:35:09+00:00","og_image":[{"width":424,"height":600,"url":"https:\/\/www.aguarda.es\/wp-content\/uploads\/2015\/09\/2015_escolasdeportivas.JPG","type":"image\/jpeg"}],"author":"Concello","twitter_card":"summary_large_image","twitter_creator":"@AGuarda_es","twitter_site":"@AGuarda_es","twitter_misc":{"Written by":"Concello","Est. reading time":"2 minutes"},"schema":{"@context":"https:\/\/schema.org","@graph":[{"@type":"WebPage","@id":"https:\/\/www.aguarda.es\/en\/aberto-o-prazo-de-inscricion-para-participar-nas-escolas-deportivas-municipais-e-nas-actividades-anuais-programadas-pola-omix\/","url":"https:\/\/www.aguarda.es\/en\/aberto-o-prazo-de-inscricion-para-participar-nas-escolas-deportivas-municipais-e-nas-actividades-anuais-programadas-pola-omix\/","name":"ABERTO O PRAZO DE INSCRICI\u00d3N PARA PARTICIPAR NAS ESCOLAS DEPORTIVAS MUNICIPAIS E NAS ACTIVIDADES ANUAIS PROGRAMADAS POLA OMIX - Concello da Guarda","isPartOf":{"@id":"https:\/\/www.aguarda.es\/en\/#website"},"datePublished":"2015-09-10T07:35:09+00:00","dateModified":"2015-09-10T07:35:09+00:00","author":{"@id":"https:\/\/www.aguarda.es\/en\/#\/schema\/person\/ac30f4d74843174f0af56c730f74dd57"},"breadcrumb":{"@id":"https:\/\/www.aguarda.es\/en\/aberto-o-prazo-de-inscricion-para-participar-nas-escolas-deportivas-municipais-e-nas-actividades-anuais-programadas-pola-omix\/#breadcrumb"},"inLanguage":"en-US","potentialAction":[{"@type":"ReadAction","target":["https:\/\/www.aguarda.es\/en\/aberto-o-prazo-de-inscricion-para-participar-nas-escolas-deportivas-municipais-e-nas-actividades-anuais-programadas-pola-omix\/"]}]},{"@type":"BreadcrumbList","@id":"https:\/\/www.aguarda.es\/en\/aberto-o-prazo-de-inscricion-para-participar-nas-escolas-deportivas-municipais-e-nas-actividades-anuais-programadas-pola-omix\/#breadcrumb","itemListElement":[{"@type":"ListItem","position":1,"name":"Portada","item":"https:\/\/www.aguarda.es\/en\/"},{"@type":"ListItem","position":2,"name":"ABERTO O PRAZO DE INSCRICI\u00d3N PARA PARTICIPAR NAS ESCOLAS DEPORTIVAS MUNICIPAIS E NAS ACTIVIDADES ANUAIS PROGRAMADAS POLA OMIX"}]},{"@type":"WebSite","@id":"https:\/\/www.aguarda.es\/en\/#website","url":"https:\/\/www.aguarda.es\/en\/","name":"Concello da Guarda","description":"P\u00e1xina web do concello da Guarda","potentialAction":[{"@type":"SearchAction","target":{"@type":"EntryPoint","urlTemplate":"https:\/\/www.aguarda.es\/en\/?s={search_term_string}"},"query-input":"required name=search_term_string"}],"inLanguage":"en-US"},{"@type":"Person","@id":"https:\/\/www.aguarda.es\/en\/#\/schema\/person\/ac30f4d74843174f0af56c730f74dd57","name":"Concello","image":{"@type":"ImageObject","inLanguage":"en-US","@id":"https:\/\/www.aguarda.es\/en\/#\/schema\/person\/image\/","url":"https:\/\/secure.gravatar.com\/avatar\/7eda12a04da40b2ef77eb62e68f07027?s=96&d=mm&r=g","contentUrl":"https:\/\/secure.gravatar.com\/avatar\/7eda12a04da40b2ef77eb62e68f07027?s=96&d=mm&r=g","caption":"Concello"},"url":"https:\/\/www.aguarda.es\/en\/author\/admin\/"}]}},"_links":{"self":[{"href":"https:\/\/www.aguarda.es\/en\/wp-json\/wp\/v2\/posts\/1192"}],"collection":[{"href":"https:\/\/www.aguarda.es\/en\/wp-json\/wp\/v2\/posts"}],"about":[{"href":"https:\/\/www.aguarda.es\/en\/wp-json\/wp\/v2\/types\/post"}],"author":[{"embeddable":true,"href":"https:\/\/www.aguarda.es\/en\/wp-json\/wp\/v2\/users\/1"}],"replies":[{"embeddable":true,"href":"https:\/\/www.aguarda.es\/en\/wp-json\/wp\/v2\/comments?post=1192"}],"version-history":[{"count":0,"href":"https:\/\/www.aguarda.es\/en\/wp-json\/wp\/v2\/posts\/1192\/revisions"}],"wp:featuredmedia":[{"embeddable":true,"href":"https:\/\/www.aguarda.es\/en\/wp-json\/wp\/v2\/media\/1191"}],"wp:attachment":[{"href":"https:\/\/www.aguarda.es\/en\/wp-json\/wp\/v2\/media?parent=1192"}],"wp:term":[{"taxonomy":"category","embeddable":true,"href":"https:\/\/www.aguarda.es\/en\/wp-json\/wp\/v2\/categories?post=1192"},{"taxonomy":"post_tag","embeddable":true,"href":"https:\/\/www.aguarda.es\/en\/wp-json\/wp\/v2\/tags?post=1192"}],"curies":[{"name":"wp","href":"https:\/\/api.w.org\/{rel}","templated":true}]}}