{"id":11925,"date":"2018-01-23T16:59:37","date_gmt":"2018-01-23T16:59:37","guid":{"rendered":"https:\/\/www.aguarda.es\/?p=11925"},"modified":"2018-01-24T09:46:51","modified_gmt":"2018-01-24T09:46:51","slug":"guarda-homenaxea-aos-fundadores-hospital-casa-asilo-no-centenario-da-sua-xuntanza","status":"publish","type":"post","link":"https:\/\/www.aguarda.es\/en\/guarda-homenaxea-aos-fundadores-hospital-casa-asilo-no-centenario-da-sua-xuntanza\/","title":{"rendered":"A Guarda homenaxear\u00e1 aos fundadores do Hospital Casa-Asilo no centenario da s\u00faa xuntanza"},"content":{"rendered":"<p class=\"p3\" style=\"text-align: justify\">O Concello da Guarda organiza este s\u00e1bado, 27 de xaneiro, un acto conmemorativo con motivo do <b>centenario da constituci\u00f3n da Xunta Organizadora para a construci\u00f3n do Hospital Casa-Asilo<\/b> da Guarda, edificio que na actualidade serve de Centro Cultural.\u00a0<img decoding=\"async\" loading=\"lazy\" class=\" wp-image-11927 alignright\" src=\"https:\/\/www.aguarda.es\/wp-content\/uploads\/2018\/01\/Casa-asilo_data_ben_opt-212x300.jpg\" alt=\"\" width=\"243\" height=\"343\" srcset=\"https:\/\/www.aguarda.es\/wp-content\/uploads\/2018\/01\/Casa-asilo_data_ben_opt-212x300.jpg 212w, https:\/\/www.aguarda.es\/wp-content\/uploads\/2018\/01\/Casa-asilo_data_ben_opt-570x806.jpg 570w, https:\/\/www.aguarda.es\/wp-content\/uploads\/2018\/01\/Casa-asilo_data_ben_opt-768x1086.jpg 768w, https:\/\/www.aguarda.es\/wp-content\/uploads\/2018\/01\/Casa-asilo_data_ben_opt-724x1024.jpg 724w, https:\/\/www.aguarda.es\/wp-content\/uploads\/2018\/01\/Casa-asilo_data_ben_opt.jpg 800w\" sizes=\"(max-width: 243px) 100vw, 243px\" \/><\/p>\n<p class=\"p3\" style=\"text-align: justify\">O acto comezar\u00e1 \u00e1s 20:30 horas co descubrimento dunha <b>placa no busto de Avelino Vicente, impulsor da iniciativa<\/b> para a construci\u00f3n do edificio, fronte a entrada do Centro Cultural.<\/p>\n<p class=\"p3\" style=\"text-align: justify\">Deseguido, <b>o historiador Joaqu\u00edn Miguel Villa ofrecer\u00e1 un relatorio sobre o labor da Xunta<\/b> Organizadora Pro Hospital Casa-Asilo, formada o 17 de xaneiro de 1918 en San Juan de Puerto Rico por oito emigrantes guardeses que, sabedores das necesidades sanitarias e de atenci\u00f3n dos seus compatriotas, decidiron impulsar a creaci\u00f3n dun complexo sanitario ben\u00e9fico na vila guardesa.<\/p>\n<p class=\"p3\" style=\"text-align: justify\">O edificio de estilo indiano construiuse entre os ano 1921 e 1932, e mantivo actividade sanitaria ata 1990, cando foi remodelado para acoller o Centro Cultural da Guarda, sen alterar a esencia do emblem\u00e1tico edificio, <b>legado do altruismo dos emigrantes guardeses<\/b>.<\/p>\n<p>&nbsp;<\/p>\n","protected":false},"excerpt":{"rendered":"<p>O Concello da Guarda organiza este s\u00e1bado, 27 de xaneiro, un acto conmemorativo con motivo do centenario da constituci\u00f3n da Xunta Organizadora para a construci\u00f3n do Hospital Casa-Asilo da Guarda, edificio que na actualidade serve de Centro Cultural.\u00a0 O acto &hellip; <\/p>\n","protected":false},"author":2,"featured_media":11931,"comment_status":"open","ping_status":"open","sticky":false,"template":"","format":"standard","meta":[],"categories":[34,43],"tags":[226,860,476,859,856,858,857],"yoast_head":"<!-- This site is optimized with the Yoast SEO plugin v21.1 - https:\/\/yoast.com\/wordpress\/plugins\/seo\/ -->\n<title>A Guarda homenaxear\u00e1 aos fundadores do Hospital Casa-Asilo no centenario da s\u00faa xuntanza - Concello da Guarda<\/title>\n<meta name=\"robots\" content=\"index, follow, max-snippet:-1, max-image-preview:large, max-video-preview:-1\" \/>\n<link rel=\"canonical\" href=\"https:\/\/www.aguarda.es\/en\/guarda-homenaxea-aos-fundadores-hospital-casa-asilo-no-centenario-da-sua-xuntanza\/\" \/>\n<meta property=\"og:locale\" content=\"en_US\" \/>\n<meta property=\"og:type\" content=\"article\" \/>\n<meta property=\"og:title\" content=\"A Guarda homenaxear\u00e1 aos fundadores do Hospital Casa-Asilo no centenario da s\u00faa xuntanza - Concello da Guarda\" \/>\n<meta property=\"og:description\" content=\"O Concello da Guarda organiza este s\u00e1bado, 27 de xaneiro, un acto conmemorativo con motivo do centenario da constituci\u00f3n da Xunta Organizadora para a construci\u00f3n do Hospital Casa-Asilo da Guarda, edificio que na actualidade serve de Centro Cultural.\u00a0 O acto &hellip;\" \/>\n<meta property=\"og:url\" content=\"https:\/\/www.aguarda.es\/en\/guarda-homenaxea-aos-fundadores-hospital-casa-asilo-no-centenario-da-sua-xuntanza\/\" \/>\n<meta property=\"og:site_name\" content=\"Concello da Guarda\" \/>\n<meta property=\"article:publisher\" content=\"https:\/\/www.facebook.com\/ConcellodaGuarda\" \/>\n<meta property=\"article:published_time\" content=\"2018-01-23T16:59:37+00:00\" \/>\n<meta property=\"article:modified_time\" content=\"2018-01-24T09:46:51+00:00\" \/>\n<meta property=\"og:image\" content=\"https:\/\/www.aguarda.es\/wp-content\/uploads\/2018\/01\/Centro-Cultural-2.jpg\" \/>\n\t<meta property=\"og:image:width\" content=\"904\" \/>\n\t<meta property=\"og:image:height\" content=\"556\" \/>\n\t<meta property=\"og:image:type\" content=\"image\/jpeg\" \/>\n<meta name=\"author\" content=\"prensa\" \/>\n<meta name=\"twitter:card\" content=\"summary_large_image\" \/>\n<meta name=\"twitter:creator\" content=\"@AGuarda_es\" \/>\n<meta name=\"twitter:site\" content=\"@AGuarda_es\" \/>\n<meta name=\"twitter:label1\" content=\"Written by\" \/>\n\t<meta name=\"twitter:data1\" content=\"prensa\" \/>\n\t<meta name=\"twitter:label2\" content=\"Est. reading time\" \/>\n\t<meta name=\"twitter:data2\" content=\"1 minute\" \/>\n<script type=\"application\/ld+json\" class=\"yoast-schema-graph\">{\"@context\":\"https:\/\/schema.org\",\"@graph\":[{\"@type\":\"WebPage\",\"@id\":\"https:\/\/www.aguarda.es\/en\/guarda-homenaxea-aos-fundadores-hospital-casa-asilo-no-centenario-da-sua-xuntanza\/\",\"url\":\"https:\/\/www.aguarda.es\/en\/guarda-homenaxea-aos-fundadores-hospital-casa-asilo-no-centenario-da-sua-xuntanza\/\",\"name\":\"A Guarda homenaxear\u00e1 aos fundadores do Hospital Casa-Asilo no centenario da s\u00faa xuntanza - Concello da Guarda\",\"isPartOf\":{\"@id\":\"https:\/\/www.aguarda.es\/en\/#website\"},\"datePublished\":\"2018-01-23T16:59:37+00:00\",\"dateModified\":\"2018-01-24T09:46:51+00:00\",\"author\":{\"@id\":\"https:\/\/www.aguarda.es\/en\/#\/schema\/person\/c463ca3006858ffb349d11179d044f21\"},\"breadcrumb\":{\"@id\":\"https:\/\/www.aguarda.es\/en\/guarda-homenaxea-aos-fundadores-hospital-casa-asilo-no-centenario-da-sua-xuntanza\/#breadcrumb\"},\"inLanguage\":\"en-US\",\"potentialAction\":[{\"@type\":\"ReadAction\",\"target\":[\"https:\/\/www.aguarda.es\/en\/guarda-homenaxea-aos-fundadores-hospital-casa-asilo-no-centenario-da-sua-xuntanza\/\"]}]},{\"@type\":\"BreadcrumbList\",\"@id\":\"https:\/\/www.aguarda.es\/en\/guarda-homenaxea-aos-fundadores-hospital-casa-asilo-no-centenario-da-sua-xuntanza\/#breadcrumb\",\"itemListElement\":[{\"@type\":\"ListItem\",\"position\":1,\"name\":\"Portada\",\"item\":\"https:\/\/www.aguarda.es\/en\/\"},{\"@type\":\"ListItem\",\"position\":2,\"name\":\"A Guarda homenaxear\u00e1 aos fundadores do Hospital Casa-Asilo no centenario da s\u00faa xuntanza\"}]},{\"@type\":\"WebSite\",\"@id\":\"https:\/\/www.aguarda.es\/en\/#website\",\"url\":\"https:\/\/www.aguarda.es\/en\/\",\"name\":\"Concello da Guarda\",\"description\":\"P\u00e1xina web do concello da Guarda\",\"potentialAction\":[{\"@type\":\"SearchAction\",\"target\":{\"@type\":\"EntryPoint\",\"urlTemplate\":\"https:\/\/www.aguarda.es\/en\/?s={search_term_string}\"},\"query-input\":\"required name=search_term_string\"}],\"inLanguage\":\"en-US\"},{\"@type\":\"Person\",\"@id\":\"https:\/\/www.aguarda.es\/en\/#\/schema\/person\/c463ca3006858ffb349d11179d044f21\",\"name\":\"prensa\",\"image\":{\"@type\":\"ImageObject\",\"inLanguage\":\"en-US\",\"@id\":\"https:\/\/www.aguarda.es\/en\/#\/schema\/person\/image\/\",\"url\":\"https:\/\/secure.gravatar.com\/avatar\/5f90ef536b0f98306edf5c7a1135ffa1?s=96&d=mm&r=g\",\"contentUrl\":\"https:\/\/secure.gravatar.com\/avatar\/5f90ef536b0f98306edf5c7a1135ffa1?s=96&d=mm&r=g\",\"caption\":\"prensa\"},\"url\":\"https:\/\/www.aguarda.es\/en\/author\/prensa\/\"}]}<\/script>\n<!-- \/ Yoast SEO plugin. -->","yoast_head_json":{"title":"A Guarda homenaxear\u00e1 aos fundadores do Hospital Casa-Asilo no centenario da s\u00faa xuntanza - Concello da Guarda","robots":{"index":"index","follow":"follow","max-snippet":"max-snippet:-1","max-image-preview":"max-image-preview:large","max-video-preview":"max-video-preview:-1"},"canonical":"https:\/\/www.aguarda.es\/en\/guarda-homenaxea-aos-fundadores-hospital-casa-asilo-no-centenario-da-sua-xuntanza\/","og_locale":"en_US","og_type":"article","og_title":"A Guarda homenaxear\u00e1 aos fundadores do Hospital Casa-Asilo no centenario da s\u00faa xuntanza - Concello da Guarda","og_description":"O Concello da Guarda organiza este s\u00e1bado, 27 de xaneiro, un acto conmemorativo con motivo do centenario da constituci\u00f3n da Xunta Organizadora para a construci\u00f3n do Hospital Casa-Asilo da Guarda, edificio que na actualidade serve de Centro Cultural.\u00a0 O acto &hellip;","og_url":"https:\/\/www.aguarda.es\/en\/guarda-homenaxea-aos-fundadores-hospital-casa-asilo-no-centenario-da-sua-xuntanza\/","og_site_name":"Concello da Guarda","article_publisher":"https:\/\/www.facebook.com\/ConcellodaGuarda","article_published_time":"2018-01-23T16:59:37+00:00","article_modified_time":"2018-01-24T09:46:51+00:00","og_image":[{"width":904,"height":556,"url":"https:\/\/www.aguarda.es\/wp-content\/uploads\/2018\/01\/Centro-Cultural-2.jpg","type":"image\/jpeg"}],"author":"prensa","twitter_card":"summary_large_image","twitter_creator":"@AGuarda_es","twitter_site":"@AGuarda_es","twitter_misc":{"Written by":"prensa","Est. reading time":"1 minute"},"schema":{"@context":"https:\/\/schema.org","@graph":[{"@type":"WebPage","@id":"https:\/\/www.aguarda.es\/en\/guarda-homenaxea-aos-fundadores-hospital-casa-asilo-no-centenario-da-sua-xuntanza\/","url":"https:\/\/www.aguarda.es\/en\/guarda-homenaxea-aos-fundadores-hospital-casa-asilo-no-centenario-da-sua-xuntanza\/","name":"A Guarda homenaxear\u00e1 aos fundadores do Hospital Casa-Asilo no centenario da s\u00faa xuntanza - Concello da Guarda","isPartOf":{"@id":"https:\/\/www.aguarda.es\/en\/#website"},"datePublished":"2018-01-23T16:59:37+00:00","dateModified":"2018-01-24T09:46:51+00:00","author":{"@id":"https:\/\/www.aguarda.es\/en\/#\/schema\/person\/c463ca3006858ffb349d11179d044f21"},"breadcrumb":{"@id":"https:\/\/www.aguarda.es\/en\/guarda-homenaxea-aos-fundadores-hospital-casa-asilo-no-centenario-da-sua-xuntanza\/#breadcrumb"},"inLanguage":"en-US","potentialAction":[{"@type":"ReadAction","target":["https:\/\/www.aguarda.es\/en\/guarda-homenaxea-aos-fundadores-hospital-casa-asilo-no-centenario-da-sua-xuntanza\/"]}]},{"@type":"BreadcrumbList","@id":"https:\/\/www.aguarda.es\/en\/guarda-homenaxea-aos-fundadores-hospital-casa-asilo-no-centenario-da-sua-xuntanza\/#breadcrumb","itemListElement":[{"@type":"ListItem","position":1,"name":"Portada","item":"https:\/\/www.aguarda.es\/en\/"},{"@type":"ListItem","position":2,"name":"A Guarda homenaxear\u00e1 aos fundadores do Hospital Casa-Asilo no centenario da s\u00faa xuntanza"}]},{"@type":"WebSite","@id":"https:\/\/www.aguarda.es\/en\/#website","url":"https:\/\/www.aguarda.es\/en\/","name":"Concello da Guarda","description":"P\u00e1xina web do concello da Guarda","potentialAction":[{"@type":"SearchAction","target":{"@type":"EntryPoint","urlTemplate":"https:\/\/www.aguarda.es\/en\/?s={search_term_string}"},"query-input":"required name=search_term_string"}],"inLanguage":"en-US"},{"@type":"Person","@id":"https:\/\/www.aguarda.es\/en\/#\/schema\/person\/c463ca3006858ffb349d11179d044f21","name":"prensa","image":{"@type":"ImageObject","inLanguage":"en-US","@id":"https:\/\/www.aguarda.es\/en\/#\/schema\/person\/image\/","url":"https:\/\/secure.gravatar.com\/avatar\/5f90ef536b0f98306edf5c7a1135ffa1?s=96&d=mm&r=g","contentUrl":"https:\/\/secure.gravatar.com\/avatar\/5f90ef536b0f98306edf5c7a1135ffa1?s=96&d=mm&r=g","caption":"prensa"},"url":"https:\/\/www.aguarda.es\/en\/author\/prensa\/"}]}},"_links":{"self":[{"href":"https:\/\/www.aguarda.es\/en\/wp-json\/wp\/v2\/posts\/11925"}],"collection":[{"href":"https:\/\/www.aguarda.es\/en\/wp-json\/wp\/v2\/posts"}],"about":[{"href":"https:\/\/www.aguarda.es\/en\/wp-json\/wp\/v2\/types\/post"}],"author":[{"embeddable":true,"href":"https:\/\/www.aguarda.es\/en\/wp-json\/wp\/v2\/users\/2"}],"replies":[{"embeddable":true,"href":"https:\/\/www.aguarda.es\/en\/wp-json\/wp\/v2\/comments?post=11925"}],"version-history":[{"count":4,"href":"https:\/\/www.aguarda.es\/en\/wp-json\/wp\/v2\/posts\/11925\/revisions"}],"predecessor-version":[{"id":11932,"href":"https:\/\/www.aguarda.es\/en\/wp-json\/wp\/v2\/posts\/11925\/revisions\/11932"}],"wp:featuredmedia":[{"embeddable":true,"href":"https:\/\/www.aguarda.es\/en\/wp-json\/wp\/v2\/media\/11931"}],"wp:attachment":[{"href":"https:\/\/www.aguarda.es\/en\/wp-json\/wp\/v2\/media?parent=11925"}],"wp:term":[{"taxonomy":"category","embeddable":true,"href":"https:\/\/www.aguarda.es\/en\/wp-json\/wp\/v2\/categories?post=11925"},{"taxonomy":"post_tag","embeddable":true,"href":"https:\/\/www.aguarda.es\/en\/wp-json\/wp\/v2\/tags?post=11925"}],"curies":[{"name":"wp","href":"https:\/\/api.w.org\/{rel}","templated":true}]}}