{"id":11979,"date":"2018-01-25T17:18:53","date_gmt":"2018-01-25T17:18:53","guid":{"rendered":"https:\/\/www.aguarda.es\/?p=11979"},"modified":"2018-01-25T17:22:12","modified_gmt":"2018-01-25T17:22:12","slug":"lista-provisional-de-admitidos-excluidos-no-proceso-selectivo-postos-de-oficiais-de-servizos-varios","status":"publish","type":"post","link":"https:\/\/www.aguarda.es\/en\/lista-provisional-de-admitidos-excluidos-no-proceso-selectivo-postos-de-oficiais-de-servizos-varios\/","title":{"rendered":"Lista provisional de admitidos e excluidos no proceso selectivo de oficiais de servizos varios"},"content":{"rendered":"<p class=\"p1\" style=\"text-align: justify\"><b>RESOLUCI\u00d3N DA ALCALD\u00cdA POLA QUE SE APROBA A LISTA PROVISIONAL DE ADMITIDOS E EXCLUIDOS NO PROCESO SELECTIVO PARA A CONSTITUCI\u00d3N DUNHA BOLSA DE EMPREGO PARA A COBERTURA INTERINA OU CONTRATACI\u00d3N LABORAL TEMPORAL DE POSTOS DE OFICIAIS DE SERVIZOS VARIOS.<\/b><\/p>\n<p class=\"p2\" style=\"text-align: justify\">Aprobadas mediante Decreto 2017-0969, de 16 de novembro, as bases reguladoras do proceso selectivo para a constituci\u00f3n dunha bolsa de emprego para a cobertura interina ou contrataci\u00f3n laboral temporal de postos de oficiaiss de servizos varios, encadradas no grupo C, Subgrupo C1, e rematado o prazo para a presentaci\u00f3n de solicitudes polos interesados, e de conformidade coas bases da convocatoria e co artigo 21.1.g) da Lei 7\/1985, de 2 de abril, de Bases do R\u00e9xime Local, RESOLVO:<\/p>\n<p class=\"p3\" style=\"text-align: left\"><span class=\"s1\"><b>1.- Aprobar a seguinte lista provisional de admitidos e excluidos:<\/b><\/span><\/p>\n<p class=\"p4\" style=\"text-align: left\"><span class=\"s1\"><b>ADMITIDOS (por orde de entrada no rexistro)<\/b><\/span><\/p>\n<p>1. GONZ\u00c1LEZ AMOR\u00cdN, GENEROSO<\/p>\n<p>2. MARQUEZ SALINAS, CARLOS<\/p>\n<p>3. FERN\u00c1NDEZ GONZ\u00c1LEZ, ALBERTO<\/p>\n<p>4. CARNERO CAMPOS, OSCAR<\/p>\n<p class=\"p7\" style=\"text-align: left\"><span class=\"s1\"><b>EXCLUIDOS (por ode de entrada no rexistro)<\/b><\/span><\/p>\n<p>1. RODR\u00cdGUEZ FEIJOO, JOS\u00c9 MANUEL (motivo da exclusi\u00f3n: *1)<\/p>\n<p>2. FAJAR ALONSO, JOS\u00c9 LUIS (motivo da exclusi\u00f3n: *1)<\/p>\n<p>3. VIDEIRA BARCIA, RICARDO (motivo da exclusi\u00f3n: *1)<\/p>\n<p>4. GONZ\u00c1LEZ PUMAR, SILVIA ADRIANA (motivo da exclusi\u00f3n: *1)<\/p>\n<p>5. GARC\u00cdA RECAM\u00c1N, ANTONIO (motivo da exclusi\u00f3n: *1)<\/p>\n<p>6. BUGALLO FERN\u00c1NDEZ, JAIME (motivo da exclusi\u00f3n: *1)<\/p>\n<p class=\"p9\" style=\"text-align: justify\">*1.) non acredita o requisito esixido na cl\u00e1usula 3 <i>\u201cEstar en posesi\u00f3n do Certificado de Aptitude Profesional\u201d<\/i><\/p>\n<p class=\"p2\" style=\"text-align: justify\"><span class=\"s1\"><b>2.- Publicar esta resoluci\u00f3n no taboleiro de anuncios da Casa do concello e na sede electr\u00f3nica outorgando un prazo de 3 d\u00edas h\u00e1biles contados a partir do seguinte ao de dita publicaci\u00f3n para que os aspirantes excluidos poidan subsanar o defecto que motivou a s\u00faa exclusi\u00f3n<\/b><\/span><\/p>\n<p class=\"p2\" style=\"text-align: justify\">Posteriormente, mediante Resoluci\u00f3n do \u00f3rgano competente na materia aprobarase a lista definitiva de admitidos e exclu\u00eddos, procederase \u00e1 designaci\u00f3n dos membros do tribunal cualificador e convocarase aos aspirantes admitidos mediante a publicaci\u00f3n do devandito decreto no taboleiro de anuncios da Casa do Concello e de forma complementaria na s\u00faa sede electr\u00f3nica.<\/p>\n","protected":false},"excerpt":{"rendered":"<p>RESOLUCI\u00d3N DA ALCALD\u00cdA POLA QUE SE APROBA A LISTA PROVISIONAL DE ADMITIDOS E EXCLUIDOS NO PROCESO SELECTIVO PARA A CONSTITUCI\u00d3N DUNHA BOLSA DE EMPREGO PARA A COBERTURA INTERINA OU CONTRATACI\u00d3N LABORAL TEMPORAL DE POSTOS DE OFICIAIS DE SERVIZOS VARIOS. Aprobadas &hellip; <\/p>\n","protected":false},"author":2,"featured_media":8850,"comment_status":"open","ping_status":"open","sticky":false,"template":"","format":"standard","meta":[],"categories":[184],"tags":[883,867,884,298],"yoast_head":"<!-- This site is optimized with the Yoast SEO plugin v21.1 - https:\/\/yoast.com\/wordpress\/plugins\/seo\/ -->\n<title>Lista provisional de admitidos e excluidos no proceso selectivo de oficiais de servizos varios - Concello da Guarda<\/title>\n<meta name=\"robots\" content=\"index, follow, max-snippet:-1, max-image-preview:large, max-video-preview:-1\" \/>\n<link rel=\"canonical\" href=\"https:\/\/www.aguarda.es\/en\/lista-provisional-de-admitidos-excluidos-no-proceso-selectivo-postos-de-oficiais-de-servizos-varios\/\" \/>\n<meta property=\"og:locale\" content=\"en_US\" \/>\n<meta property=\"og:type\" content=\"article\" \/>\n<meta property=\"og:title\" content=\"Lista provisional de admitidos e excluidos no proceso selectivo de oficiais de servizos varios - Concello da Guarda\" \/>\n<meta property=\"og:description\" content=\"RESOLUCI\u00d3N DA ALCALD\u00cdA POLA QUE SE APROBA A LISTA PROVISIONAL DE ADMITIDOS E EXCLUIDOS NO PROCESO SELECTIVO PARA A CONSTITUCI\u00d3N DUNHA BOLSA DE EMPREGO PARA A COBERTURA INTERINA OU CONTRATACI\u00d3N LABORAL TEMPORAL DE POSTOS DE OFICIAIS DE SERVIZOS VARIOS. Aprobadas &hellip;\" \/>\n<meta property=\"og:url\" content=\"https:\/\/www.aguarda.es\/en\/lista-provisional-de-admitidos-excluidos-no-proceso-selectivo-postos-de-oficiais-de-servizos-varios\/\" \/>\n<meta property=\"og:site_name\" content=\"Concello da Guarda\" \/>\n<meta property=\"article:publisher\" content=\"https:\/\/www.facebook.com\/ConcellodaGuarda\" \/>\n<meta property=\"article:published_time\" content=\"2018-01-25T17:18:53+00:00\" \/>\n<meta property=\"article:modified_time\" content=\"2018-01-25T17:22:12+00:00\" \/>\n<meta property=\"og:image\" content=\"https:\/\/www.aguarda.es\/wp-content\/uploads\/2017\/06\/escudo-full-2.jpg\" \/>\n\t<meta property=\"og:image:width\" content=\"1135\" \/>\n\t<meta property=\"og:image:height\" content=\"712\" \/>\n\t<meta property=\"og:image:type\" content=\"image\/jpeg\" \/>\n<meta name=\"author\" content=\"prensa\" \/>\n<meta name=\"twitter:card\" content=\"summary_large_image\" \/>\n<meta name=\"twitter:creator\" content=\"@AGuarda_es\" \/>\n<meta name=\"twitter:site\" content=\"@AGuarda_es\" \/>\n<meta name=\"twitter:label1\" content=\"Written by\" \/>\n\t<meta name=\"twitter:data1\" content=\"prensa\" \/>\n\t<meta name=\"twitter:label2\" content=\"Est. reading time\" \/>\n\t<meta name=\"twitter:data2\" content=\"2 minutes\" \/>\n<script type=\"application\/ld+json\" class=\"yoast-schema-graph\">{\"@context\":\"https:\/\/schema.org\",\"@graph\":[{\"@type\":\"WebPage\",\"@id\":\"https:\/\/www.aguarda.es\/en\/lista-provisional-de-admitidos-excluidos-no-proceso-selectivo-postos-de-oficiais-de-servizos-varios\/\",\"url\":\"https:\/\/www.aguarda.es\/en\/lista-provisional-de-admitidos-excluidos-no-proceso-selectivo-postos-de-oficiais-de-servizos-varios\/\",\"name\":\"Lista provisional de admitidos e excluidos no proceso selectivo de oficiais de servizos varios - Concello da Guarda\",\"isPartOf\":{\"@id\":\"https:\/\/www.aguarda.es\/en\/#website\"},\"datePublished\":\"2018-01-25T17:18:53+00:00\",\"dateModified\":\"2018-01-25T17:22:12+00:00\",\"author\":{\"@id\":\"https:\/\/www.aguarda.es\/en\/#\/schema\/person\/c463ca3006858ffb349d11179d044f21\"},\"breadcrumb\":{\"@id\":\"https:\/\/www.aguarda.es\/en\/lista-provisional-de-admitidos-excluidos-no-proceso-selectivo-postos-de-oficiais-de-servizos-varios\/#breadcrumb\"},\"inLanguage\":\"en-US\",\"potentialAction\":[{\"@type\":\"ReadAction\",\"target\":[\"https:\/\/www.aguarda.es\/en\/lista-provisional-de-admitidos-excluidos-no-proceso-selectivo-postos-de-oficiais-de-servizos-varios\/\"]}]},{\"@type\":\"BreadcrumbList\",\"@id\":\"https:\/\/www.aguarda.es\/en\/lista-provisional-de-admitidos-excluidos-no-proceso-selectivo-postos-de-oficiais-de-servizos-varios\/#breadcrumb\",\"itemListElement\":[{\"@type\":\"ListItem\",\"position\":1,\"name\":\"Portada\",\"item\":\"https:\/\/www.aguarda.es\/en\/\"},{\"@type\":\"ListItem\",\"position\":2,\"name\":\"Lista provisional de admitidos e excluidos no proceso selectivo de oficiais de servizos varios\"}]},{\"@type\":\"WebSite\",\"@id\":\"https:\/\/www.aguarda.es\/en\/#website\",\"url\":\"https:\/\/www.aguarda.es\/en\/\",\"name\":\"Concello da Guarda\",\"description\":\"P\u00e1xina web do concello da Guarda\",\"potentialAction\":[{\"@type\":\"SearchAction\",\"target\":{\"@type\":\"EntryPoint\",\"urlTemplate\":\"https:\/\/www.aguarda.es\/en\/?s={search_term_string}\"},\"query-input\":\"required name=search_term_string\"}],\"inLanguage\":\"en-US\"},{\"@type\":\"Person\",\"@id\":\"https:\/\/www.aguarda.es\/en\/#\/schema\/person\/c463ca3006858ffb349d11179d044f21\",\"name\":\"prensa\",\"image\":{\"@type\":\"ImageObject\",\"inLanguage\":\"en-US\",\"@id\":\"https:\/\/www.aguarda.es\/en\/#\/schema\/person\/image\/\",\"url\":\"https:\/\/secure.gravatar.com\/avatar\/5f90ef536b0f98306edf5c7a1135ffa1?s=96&d=mm&r=g\",\"contentUrl\":\"https:\/\/secure.gravatar.com\/avatar\/5f90ef536b0f98306edf5c7a1135ffa1?s=96&d=mm&r=g\",\"caption\":\"prensa\"},\"url\":\"https:\/\/www.aguarda.es\/en\/author\/prensa\/\"}]}<\/script>\n<!-- \/ Yoast SEO plugin. -->","yoast_head_json":{"title":"Lista provisional de admitidos e excluidos no proceso selectivo de oficiais de servizos varios - Concello da Guarda","robots":{"index":"index","follow":"follow","max-snippet":"max-snippet:-1","max-image-preview":"max-image-preview:large","max-video-preview":"max-video-preview:-1"},"canonical":"https:\/\/www.aguarda.es\/en\/lista-provisional-de-admitidos-excluidos-no-proceso-selectivo-postos-de-oficiais-de-servizos-varios\/","og_locale":"en_US","og_type":"article","og_title":"Lista provisional de admitidos e excluidos no proceso selectivo de oficiais de servizos varios - Concello da Guarda","og_description":"RESOLUCI\u00d3N DA ALCALD\u00cdA POLA QUE SE APROBA A LISTA PROVISIONAL DE ADMITIDOS E EXCLUIDOS NO PROCESO SELECTIVO PARA A CONSTITUCI\u00d3N DUNHA BOLSA DE EMPREGO PARA A COBERTURA INTERINA OU CONTRATACI\u00d3N LABORAL TEMPORAL DE POSTOS DE OFICIAIS DE SERVIZOS VARIOS. Aprobadas &hellip;","og_url":"https:\/\/www.aguarda.es\/en\/lista-provisional-de-admitidos-excluidos-no-proceso-selectivo-postos-de-oficiais-de-servizos-varios\/","og_site_name":"Concello da Guarda","article_publisher":"https:\/\/www.facebook.com\/ConcellodaGuarda","article_published_time":"2018-01-25T17:18:53+00:00","article_modified_time":"2018-01-25T17:22:12+00:00","og_image":[{"width":1135,"height":712,"url":"https:\/\/www.aguarda.es\/wp-content\/uploads\/2017\/06\/escudo-full-2.jpg","type":"image\/jpeg"}],"author":"prensa","twitter_card":"summary_large_image","twitter_creator":"@AGuarda_es","twitter_site":"@AGuarda_es","twitter_misc":{"Written by":"prensa","Est. reading time":"2 minutes"},"schema":{"@context":"https:\/\/schema.org","@graph":[{"@type":"WebPage","@id":"https:\/\/www.aguarda.es\/en\/lista-provisional-de-admitidos-excluidos-no-proceso-selectivo-postos-de-oficiais-de-servizos-varios\/","url":"https:\/\/www.aguarda.es\/en\/lista-provisional-de-admitidos-excluidos-no-proceso-selectivo-postos-de-oficiais-de-servizos-varios\/","name":"Lista provisional de admitidos e excluidos no proceso selectivo de oficiais de servizos varios - Concello da Guarda","isPartOf":{"@id":"https:\/\/www.aguarda.es\/en\/#website"},"datePublished":"2018-01-25T17:18:53+00:00","dateModified":"2018-01-25T17:22:12+00:00","author":{"@id":"https:\/\/www.aguarda.es\/en\/#\/schema\/person\/c463ca3006858ffb349d11179d044f21"},"breadcrumb":{"@id":"https:\/\/www.aguarda.es\/en\/lista-provisional-de-admitidos-excluidos-no-proceso-selectivo-postos-de-oficiais-de-servizos-varios\/#breadcrumb"},"inLanguage":"en-US","potentialAction":[{"@type":"ReadAction","target":["https:\/\/www.aguarda.es\/en\/lista-provisional-de-admitidos-excluidos-no-proceso-selectivo-postos-de-oficiais-de-servizos-varios\/"]}]},{"@type":"BreadcrumbList","@id":"https:\/\/www.aguarda.es\/en\/lista-provisional-de-admitidos-excluidos-no-proceso-selectivo-postos-de-oficiais-de-servizos-varios\/#breadcrumb","itemListElement":[{"@type":"ListItem","position":1,"name":"Portada","item":"https:\/\/www.aguarda.es\/en\/"},{"@type":"ListItem","position":2,"name":"Lista provisional de admitidos e excluidos no proceso selectivo de oficiais de servizos varios"}]},{"@type":"WebSite","@id":"https:\/\/www.aguarda.es\/en\/#website","url":"https:\/\/www.aguarda.es\/en\/","name":"Concello da Guarda","description":"P\u00e1xina web do concello da Guarda","potentialAction":[{"@type":"SearchAction","target":{"@type":"EntryPoint","urlTemplate":"https:\/\/www.aguarda.es\/en\/?s={search_term_string}"},"query-input":"required name=search_term_string"}],"inLanguage":"en-US"},{"@type":"Person","@id":"https:\/\/www.aguarda.es\/en\/#\/schema\/person\/c463ca3006858ffb349d11179d044f21","name":"prensa","image":{"@type":"ImageObject","inLanguage":"en-US","@id":"https:\/\/www.aguarda.es\/en\/#\/schema\/person\/image\/","url":"https:\/\/secure.gravatar.com\/avatar\/5f90ef536b0f98306edf5c7a1135ffa1?s=96&d=mm&r=g","contentUrl":"https:\/\/secure.gravatar.com\/avatar\/5f90ef536b0f98306edf5c7a1135ffa1?s=96&d=mm&r=g","caption":"prensa"},"url":"https:\/\/www.aguarda.es\/en\/author\/prensa\/"}]}},"_links":{"self":[{"href":"https:\/\/www.aguarda.es\/en\/wp-json\/wp\/v2\/posts\/11979"}],"collection":[{"href":"https:\/\/www.aguarda.es\/en\/wp-json\/wp\/v2\/posts"}],"about":[{"href":"https:\/\/www.aguarda.es\/en\/wp-json\/wp\/v2\/types\/post"}],"author":[{"embeddable":true,"href":"https:\/\/www.aguarda.es\/en\/wp-json\/wp\/v2\/users\/2"}],"replies":[{"embeddable":true,"href":"https:\/\/www.aguarda.es\/en\/wp-json\/wp\/v2\/comments?post=11979"}],"version-history":[{"count":2,"href":"https:\/\/www.aguarda.es\/en\/wp-json\/wp\/v2\/posts\/11979\/revisions"}],"predecessor-version":[{"id":11982,"href":"https:\/\/www.aguarda.es\/en\/wp-json\/wp\/v2\/posts\/11979\/revisions\/11982"}],"wp:featuredmedia":[{"embeddable":true,"href":"https:\/\/www.aguarda.es\/en\/wp-json\/wp\/v2\/media\/8850"}],"wp:attachment":[{"href":"https:\/\/www.aguarda.es\/en\/wp-json\/wp\/v2\/media?parent=11979"}],"wp:term":[{"taxonomy":"category","embeddable":true,"href":"https:\/\/www.aguarda.es\/en\/wp-json\/wp\/v2\/categories?post=11979"},{"taxonomy":"post_tag","embeddable":true,"href":"https:\/\/www.aguarda.es\/en\/wp-json\/wp\/v2\/tags?post=11979"}],"curies":[{"name":"wp","href":"https:\/\/api.w.org\/{rel}","templated":true}]}}