{"id":12036,"date":"2018-01-31T11:36:13","date_gmt":"2018-01-31T11:36:13","guid":{"rendered":"https:\/\/www.aguarda.es\/?p=12036"},"modified":"2018-01-31T15:35:45","modified_gmt":"2018-01-31T15:35:45","slug":"abre-prazo-solicitar-axuda-economica-persoas-fillos-as-menores-de-3-anos","status":"publish","type":"post","link":"https:\/\/www.aguarda.es\/en\/abre-prazo-solicitar-axuda-economica-persoas-fillos-as-menores-de-3-anos\/","title":{"rendered":"Abre o prazo para solicitar a axuda econ\u00f3mica para persoas con fillos\/as menores de 3 anos"},"content":{"rendered":"<p style=\"text-align: justify\">O Departamento de Servizos Sociais do Concello da Guarda informa de que a partir do 1 de febreiro abrirase o prazo para solicitar a prestaci\u00f3n econ\u00f3mica de entre 360 e 2.400 euros para familias con fillas ou fillos menores de 3 anos.<\/p>\n<p style=\"text-align: justify\">Poderanse beneficiar desta axuda as persoas con <strong>cativos nacidos entre o 2 de xaneiro de 2015 e o 1 de xaneiro de 2018<\/strong> (ambos inclu\u00eddos), que non tivesen obriga de presentar a declaraci\u00f3n do IRPF do ano 2016 nin se tivese presentado de xeito voluntario a\u00ednda sen estar obrigados. Os beneficiarios ter\u00e1n dereito a percibir\u00a0un pagamento \u00fanico de 360 euros pola primeira filla ou fillo, de 1.200 euros pola segunda ou segundo e de 2.400 euros polo terceiro e sucesivos.<\/p>\n<p style=\"text-align: justify\">O prazo para <strong>a presentaci\u00f3n das solicitudes rematar\u00e1 o 21 marzo<\/strong>. Para m\u00e1is informaci\u00f3n sobre os requisitos e o procedemento para a tramitaci\u00f3n, as persoas interesadas poden dirixirse \u00f3 departamento de Servizos Sociais do Concello da Guarda, no tel\u00e9fono 986 614 507 ou ben presencialmente.<span style=\"font-size: small\"><span style=\"font-family: Verdana, sans-serif\"><span lang=\"gl-ES\">\u00a0<\/span><\/span><\/span>O horario de atenci\u00f3n ao p\u00fablico \u00e9 de 9 a 13 h os luns, m\u00e9rcores e xoves.<\/p>\n<p>*M\u00e1is informaci\u00f3n na <a href=\"https:\/\/www.xunta.gal\/notas-de-prensa\/-\/nova\/27850\/xunta-abre-prazo-para-solicitar-prestacion-economica-por-fillos-menores-tres\">p\u00e1xina web da Xunta de Galicia<\/a> e\u00a0 no <a href=\"https:\/\/www.xunta.gal\/dog\/Publicados\/2018\/20180131\/AnuncioG0425-040118-0005_gl.html\">Diario Oficial de Galicia N\u00ba22 do 31 de xaneiro de 2018<\/a>.<\/p>\n","protected":false},"excerpt":{"rendered":"<p>O Departamento de Servizos Sociais do Concello da Guarda informa de que a partir do 1 de febreiro abrirase o prazo para solicitar a prestaci\u00f3n econ\u00f3mica de entre 360 e 2.400 euros para familias con fillas ou fillos menores de &hellip; <\/p>\n","protected":false},"author":2,"featured_media":12041,"comment_status":"open","ping_status":"open","sticky":false,"template":"","format":"standard","meta":[],"categories":[45],"tags":[893,895,896,897,894],"yoast_head":"<!-- This site is optimized with the Yoast SEO plugin v21.1 - https:\/\/yoast.com\/wordpress\/plugins\/seo\/ -->\n<title>Abre o prazo para solicitar a axuda econ\u00f3mica para persoas con fillos\/as menores de 3 anos - Concello da Guarda<\/title>\n<meta name=\"robots\" content=\"index, follow, max-snippet:-1, max-image-preview:large, max-video-preview:-1\" \/>\n<link rel=\"canonical\" href=\"https:\/\/www.aguarda.es\/en\/abre-prazo-solicitar-axuda-economica-persoas-fillos-as-menores-de-3-anos\/\" \/>\n<meta property=\"og:locale\" content=\"en_US\" \/>\n<meta property=\"og:type\" content=\"article\" \/>\n<meta property=\"og:title\" content=\"Abre o prazo para solicitar a axuda econ\u00f3mica para persoas con fillos\/as menores de 3 anos - Concello da Guarda\" \/>\n<meta property=\"og:description\" content=\"O Departamento de Servizos Sociais do Concello da Guarda informa de que a partir do 1 de febreiro abrirase o prazo para solicitar a prestaci\u00f3n econ\u00f3mica de entre 360 e 2.400 euros para familias con fillas ou fillos menores de &hellip;\" \/>\n<meta property=\"og:url\" content=\"https:\/\/www.aguarda.es\/en\/abre-prazo-solicitar-axuda-economica-persoas-fillos-as-menores-de-3-anos\/\" \/>\n<meta property=\"og:site_name\" content=\"Concello da Guarda\" \/>\n<meta property=\"article:publisher\" content=\"https:\/\/www.facebook.com\/ConcellodaGuarda\" \/>\n<meta property=\"article:published_time\" content=\"2018-01-31T11:36:13+00:00\" \/>\n<meta property=\"article:modified_time\" content=\"2018-01-31T15:35:45+00:00\" \/>\n<meta property=\"og:image\" content=\"https:\/\/www.aguarda.es\/wp-content\/uploads\/2018\/01\/Beb\u00e9-1.jpg\" \/>\n\t<meta property=\"og:image:width\" content=\"819\" \/>\n\t<meta property=\"og:image:height\" content=\"461\" \/>\n\t<meta property=\"og:image:type\" content=\"image\/jpeg\" \/>\n<meta name=\"author\" content=\"prensa\" \/>\n<meta name=\"twitter:card\" content=\"summary_large_image\" \/>\n<meta name=\"twitter:creator\" content=\"@AGuarda_es\" \/>\n<meta name=\"twitter:site\" content=\"@AGuarda_es\" \/>\n<meta name=\"twitter:label1\" content=\"Written by\" \/>\n\t<meta name=\"twitter:data1\" content=\"prensa\" \/>\n\t<meta name=\"twitter:label2\" content=\"Est. reading time\" \/>\n\t<meta name=\"twitter:data2\" content=\"1 minute\" \/>\n<script type=\"application\/ld+json\" class=\"yoast-schema-graph\">{\"@context\":\"https:\/\/schema.org\",\"@graph\":[{\"@type\":\"WebPage\",\"@id\":\"https:\/\/www.aguarda.es\/en\/abre-prazo-solicitar-axuda-economica-persoas-fillos-as-menores-de-3-anos\/\",\"url\":\"https:\/\/www.aguarda.es\/en\/abre-prazo-solicitar-axuda-economica-persoas-fillos-as-menores-de-3-anos\/\",\"name\":\"Abre o prazo para solicitar a axuda econ\u00f3mica para persoas con fillos\/as menores de 3 anos - Concello da Guarda\",\"isPartOf\":{\"@id\":\"https:\/\/www.aguarda.es\/en\/#website\"},\"datePublished\":\"2018-01-31T11:36:13+00:00\",\"dateModified\":\"2018-01-31T15:35:45+00:00\",\"author\":{\"@id\":\"https:\/\/www.aguarda.es\/en\/#\/schema\/person\/c463ca3006858ffb349d11179d044f21\"},\"breadcrumb\":{\"@id\":\"https:\/\/www.aguarda.es\/en\/abre-prazo-solicitar-axuda-economica-persoas-fillos-as-menores-de-3-anos\/#breadcrumb\"},\"inLanguage\":\"en-US\",\"potentialAction\":[{\"@type\":\"ReadAction\",\"target\":[\"https:\/\/www.aguarda.es\/en\/abre-prazo-solicitar-axuda-economica-persoas-fillos-as-menores-de-3-anos\/\"]}]},{\"@type\":\"BreadcrumbList\",\"@id\":\"https:\/\/www.aguarda.es\/en\/abre-prazo-solicitar-axuda-economica-persoas-fillos-as-menores-de-3-anos\/#breadcrumb\",\"itemListElement\":[{\"@type\":\"ListItem\",\"position\":1,\"name\":\"Portada\",\"item\":\"https:\/\/www.aguarda.es\/en\/\"},{\"@type\":\"ListItem\",\"position\":2,\"name\":\"Abre o prazo para solicitar a axuda econ\u00f3mica para persoas con fillos\/as menores de 3 anos\"}]},{\"@type\":\"WebSite\",\"@id\":\"https:\/\/www.aguarda.es\/en\/#website\",\"url\":\"https:\/\/www.aguarda.es\/en\/\",\"name\":\"Concello da Guarda\",\"description\":\"P\u00e1xina web do concello da Guarda\",\"potentialAction\":[{\"@type\":\"SearchAction\",\"target\":{\"@type\":\"EntryPoint\",\"urlTemplate\":\"https:\/\/www.aguarda.es\/en\/?s={search_term_string}\"},\"query-input\":\"required name=search_term_string\"}],\"inLanguage\":\"en-US\"},{\"@type\":\"Person\",\"@id\":\"https:\/\/www.aguarda.es\/en\/#\/schema\/person\/c463ca3006858ffb349d11179d044f21\",\"name\":\"prensa\",\"image\":{\"@type\":\"ImageObject\",\"inLanguage\":\"en-US\",\"@id\":\"https:\/\/www.aguarda.es\/en\/#\/schema\/person\/image\/\",\"url\":\"https:\/\/secure.gravatar.com\/avatar\/5f90ef536b0f98306edf5c7a1135ffa1?s=96&d=mm&r=g\",\"contentUrl\":\"https:\/\/secure.gravatar.com\/avatar\/5f90ef536b0f98306edf5c7a1135ffa1?s=96&d=mm&r=g\",\"caption\":\"prensa\"},\"url\":\"https:\/\/www.aguarda.es\/en\/author\/prensa\/\"}]}<\/script>\n<!-- \/ Yoast SEO plugin. -->","yoast_head_json":{"title":"Abre o prazo para solicitar a axuda econ\u00f3mica para persoas con fillos\/as menores de 3 anos - Concello da Guarda","robots":{"index":"index","follow":"follow","max-snippet":"max-snippet:-1","max-image-preview":"max-image-preview:large","max-video-preview":"max-video-preview:-1"},"canonical":"https:\/\/www.aguarda.es\/en\/abre-prazo-solicitar-axuda-economica-persoas-fillos-as-menores-de-3-anos\/","og_locale":"en_US","og_type":"article","og_title":"Abre o prazo para solicitar a axuda econ\u00f3mica para persoas con fillos\/as menores de 3 anos - Concello da Guarda","og_description":"O Departamento de Servizos Sociais do Concello da Guarda informa de que a partir do 1 de febreiro abrirase o prazo para solicitar a prestaci\u00f3n econ\u00f3mica de entre 360 e 2.400 euros para familias con fillas ou fillos menores de &hellip;","og_url":"https:\/\/www.aguarda.es\/en\/abre-prazo-solicitar-axuda-economica-persoas-fillos-as-menores-de-3-anos\/","og_site_name":"Concello da Guarda","article_publisher":"https:\/\/www.facebook.com\/ConcellodaGuarda","article_published_time":"2018-01-31T11:36:13+00:00","article_modified_time":"2018-01-31T15:35:45+00:00","og_image":[{"width":819,"height":461,"url":"https:\/\/www.aguarda.es\/wp-content\/uploads\/2018\/01\/Beb\u00e9-1.jpg","type":"image\/jpeg"}],"author":"prensa","twitter_card":"summary_large_image","twitter_creator":"@AGuarda_es","twitter_site":"@AGuarda_es","twitter_misc":{"Written by":"prensa","Est. reading time":"1 minute"},"schema":{"@context":"https:\/\/schema.org","@graph":[{"@type":"WebPage","@id":"https:\/\/www.aguarda.es\/en\/abre-prazo-solicitar-axuda-economica-persoas-fillos-as-menores-de-3-anos\/","url":"https:\/\/www.aguarda.es\/en\/abre-prazo-solicitar-axuda-economica-persoas-fillos-as-menores-de-3-anos\/","name":"Abre o prazo para solicitar a axuda econ\u00f3mica para persoas con fillos\/as menores de 3 anos - Concello da Guarda","isPartOf":{"@id":"https:\/\/www.aguarda.es\/en\/#website"},"datePublished":"2018-01-31T11:36:13+00:00","dateModified":"2018-01-31T15:35:45+00:00","author":{"@id":"https:\/\/www.aguarda.es\/en\/#\/schema\/person\/c463ca3006858ffb349d11179d044f21"},"breadcrumb":{"@id":"https:\/\/www.aguarda.es\/en\/abre-prazo-solicitar-axuda-economica-persoas-fillos-as-menores-de-3-anos\/#breadcrumb"},"inLanguage":"en-US","potentialAction":[{"@type":"ReadAction","target":["https:\/\/www.aguarda.es\/en\/abre-prazo-solicitar-axuda-economica-persoas-fillos-as-menores-de-3-anos\/"]}]},{"@type":"BreadcrumbList","@id":"https:\/\/www.aguarda.es\/en\/abre-prazo-solicitar-axuda-economica-persoas-fillos-as-menores-de-3-anos\/#breadcrumb","itemListElement":[{"@type":"ListItem","position":1,"name":"Portada","item":"https:\/\/www.aguarda.es\/en\/"},{"@type":"ListItem","position":2,"name":"Abre o prazo para solicitar a axuda econ\u00f3mica para persoas con fillos\/as menores de 3 anos"}]},{"@type":"WebSite","@id":"https:\/\/www.aguarda.es\/en\/#website","url":"https:\/\/www.aguarda.es\/en\/","name":"Concello da Guarda","description":"P\u00e1xina web do concello da Guarda","potentialAction":[{"@type":"SearchAction","target":{"@type":"EntryPoint","urlTemplate":"https:\/\/www.aguarda.es\/en\/?s={search_term_string}"},"query-input":"required name=search_term_string"}],"inLanguage":"en-US"},{"@type":"Person","@id":"https:\/\/www.aguarda.es\/en\/#\/schema\/person\/c463ca3006858ffb349d11179d044f21","name":"prensa","image":{"@type":"ImageObject","inLanguage":"en-US","@id":"https:\/\/www.aguarda.es\/en\/#\/schema\/person\/image\/","url":"https:\/\/secure.gravatar.com\/avatar\/5f90ef536b0f98306edf5c7a1135ffa1?s=96&d=mm&r=g","contentUrl":"https:\/\/secure.gravatar.com\/avatar\/5f90ef536b0f98306edf5c7a1135ffa1?s=96&d=mm&r=g","caption":"prensa"},"url":"https:\/\/www.aguarda.es\/en\/author\/prensa\/"}]}},"_links":{"self":[{"href":"https:\/\/www.aguarda.es\/en\/wp-json\/wp\/v2\/posts\/12036"}],"collection":[{"href":"https:\/\/www.aguarda.es\/en\/wp-json\/wp\/v2\/posts"}],"about":[{"href":"https:\/\/www.aguarda.es\/en\/wp-json\/wp\/v2\/types\/post"}],"author":[{"embeddable":true,"href":"https:\/\/www.aguarda.es\/en\/wp-json\/wp\/v2\/users\/2"}],"replies":[{"embeddable":true,"href":"https:\/\/www.aguarda.es\/en\/wp-json\/wp\/v2\/comments?post=12036"}],"version-history":[{"count":5,"href":"https:\/\/www.aguarda.es\/en\/wp-json\/wp\/v2\/posts\/12036\/revisions"}],"predecessor-version":[{"id":12047,"href":"https:\/\/www.aguarda.es\/en\/wp-json\/wp\/v2\/posts\/12036\/revisions\/12047"}],"wp:featuredmedia":[{"embeddable":true,"href":"https:\/\/www.aguarda.es\/en\/wp-json\/wp\/v2\/media\/12041"}],"wp:attachment":[{"href":"https:\/\/www.aguarda.es\/en\/wp-json\/wp\/v2\/media?parent=12036"}],"wp:term":[{"taxonomy":"category","embeddable":true,"href":"https:\/\/www.aguarda.es\/en\/wp-json\/wp\/v2\/categories?post=12036"},{"taxonomy":"post_tag","embeddable":true,"href":"https:\/\/www.aguarda.es\/en\/wp-json\/wp\/v2\/tags?post=12036"}],"curies":[{"name":"wp","href":"https:\/\/api.w.org\/{rel}","templated":true}]}}