{"id":12103,"date":"2018-02-05T13:14:43","date_gmt":"2018-02-05T13:14:43","guid":{"rendered":"https:\/\/www.aguarda.es\/?p=12103"},"modified":"2018-02-05T13:40:45","modified_gmt":"2018-02-05T13:40:45","slug":"ampliase-xoves-prazo-de-inscricion-no-desfile-concurso-martes-de-entroido","status":"publish","type":"post","link":"https:\/\/www.aguarda.es\/en\/ampliase-xoves-prazo-de-inscricion-no-desfile-concurso-martes-de-entroido\/","title":{"rendered":"Ampl\u00edase ata o xoves o prazo de inscrici\u00f3n no Desfile-Concurso do Martes de Entroido"},"content":{"rendered":"<p style=\"text-align: justify\">A Conceller\u00eda de Cultura ampl\u00eda ata o vindeiro xoves 8 de febreiro o prazo de inscrici\u00f3n no Desfile-Concurso que se celebrar\u00e1 o Martes de Entroido.<\/p>\n<p style=\"text-align: justify\">As bases do desfile contemplan <strong>ata cinco categor\u00edas diferentes de participaci\u00f3n<\/strong> (inclu\u00edndo carrozas, comparsas, grupos e individual-parellas adulto ou infantil) na modalidade de concurso, <strong>cunha ampla variedade de premios<\/strong>.<\/p>\n<p style=\"text-align: justify\">Nesta li\u00f1a, as 10 primeiras comparsas e carrozas que se inscriban recibir\u00e1n unha axuda de 200\u20ac como compensaci\u00f3n polo traballo e esforzo realizado. As comparsas e carrozas concursar\u00e1n por un primeiro e segundo premio (dotados de 250\u20ac e 150\u20ac, respectivamente) e nas demais categor\u00edas repartiranse ata 18 reco\u00f1ecementos entre os 6 mellor valorados en cada grupo, cun orzamento total de 1.070\u20ac.<\/p>\n<p style=\"text-align: justify\">As persoas interesadas en participar poder\u00e1n ampliar a informaci\u00f3n nas <a href=\"https:\/\/www.aguarda.es\/wp-content\/uploads\/2018\/02\/BASES_CONCURSO_C2018.pdf\">bases dispo\u00f1ibles neste enlace<\/a> e deber\u00e1n entregar o formulario de inscrici\u00f3n anexo, as\u00ed como a documentaci\u00f3n recollida na base 4\u00aa, no Rexistro Xeral do Concello ou a trav\u00e9s da sede electr\u00f3nica.<\/p>\n<p style=\"text-align: justify\"><strong>O desfile partir\u00e1 \u00e1s 17:30 h da co\u00f1ecida como \u00abesquina Famosa\u00bb<\/strong> na r\u00faa San Bernardo, para despois percorrer as r\u00faas Porto Rico e Galicia ata chegar \u00e1 Alameda, onde se dar\u00e1n a co\u00f1ecer os ga\u00f1adores en cada categor\u00eda do concurso.<\/p>\n","protected":false},"excerpt":{"rendered":"<p>A Conceller\u00eda de Cultura ampl\u00eda ata o vindeiro xoves 8 de febreiro o prazo de inscrici\u00f3n no Desfile-Concurso que se celebrar\u00e1 o Martes de Entroido. As bases do desfile contemplan ata cinco categor\u00edas diferentes de participaci\u00f3n (inclu\u00edndo carrozas, comparsas, grupos &hellip; <\/p>\n","protected":false},"author":2,"featured_media":11999,"comment_status":"open","ping_status":"open","sticky":false,"template":"","format":"standard","meta":[],"categories":[34],"tags":[885,829,923,828,922],"yoast_head":"<!-- This site is optimized with the Yoast SEO plugin v21.1 - https:\/\/yoast.com\/wordpress\/plugins\/seo\/ -->\n<title>Ampl\u00edase ata o xoves o prazo de inscrici\u00f3n no Desfile-Concurso do Martes de Entroido - Concello da Guarda<\/title>\n<meta name=\"robots\" content=\"index, follow, max-snippet:-1, max-image-preview:large, max-video-preview:-1\" \/>\n<link rel=\"canonical\" href=\"https:\/\/www.aguarda.es\/en\/ampliase-xoves-prazo-de-inscricion-no-desfile-concurso-martes-de-entroido\/\" \/>\n<meta property=\"og:locale\" content=\"en_US\" \/>\n<meta property=\"og:type\" content=\"article\" \/>\n<meta property=\"og:title\" content=\"Ampl\u00edase ata o xoves o prazo de inscrici\u00f3n no Desfile-Concurso do Martes de Entroido - Concello da Guarda\" \/>\n<meta property=\"og:description\" content=\"A Conceller\u00eda de Cultura ampl\u00eda ata o vindeiro xoves 8 de febreiro o prazo de inscrici\u00f3n no Desfile-Concurso que se celebrar\u00e1 o Martes de Entroido. As bases do desfile contemplan ata cinco categor\u00edas diferentes de participaci\u00f3n (inclu\u00edndo carrozas, comparsas, grupos &hellip;\" \/>\n<meta property=\"og:url\" content=\"https:\/\/www.aguarda.es\/en\/ampliase-xoves-prazo-de-inscricion-no-desfile-concurso-martes-de-entroido\/\" \/>\n<meta property=\"og:site_name\" content=\"Concello da Guarda\" \/>\n<meta property=\"article:publisher\" content=\"https:\/\/www.facebook.com\/ConcellodaGuarda\" \/>\n<meta property=\"article:published_time\" content=\"2018-02-05T13:14:43+00:00\" \/>\n<meta property=\"article:modified_time\" content=\"2018-02-05T13:40:45+00:00\" \/>\n<meta property=\"og:image\" content=\"https:\/\/www.aguarda.es\/wp-content\/uploads\/2018\/01\/Portada-Entroido.jpg\" \/>\n\t<meta property=\"og:image:width\" content=\"793\" \/>\n\t<meta property=\"og:image:height\" content=\"270\" \/>\n\t<meta property=\"og:image:type\" content=\"image\/jpeg\" \/>\n<meta name=\"author\" content=\"prensa\" \/>\n<meta name=\"twitter:card\" content=\"summary_large_image\" \/>\n<meta name=\"twitter:creator\" content=\"@AGuarda_es\" \/>\n<meta name=\"twitter:site\" content=\"@AGuarda_es\" \/>\n<meta name=\"twitter:label1\" content=\"Written by\" \/>\n\t<meta name=\"twitter:data1\" content=\"prensa\" \/>\n\t<meta name=\"twitter:label2\" content=\"Est. reading time\" \/>\n\t<meta name=\"twitter:data2\" content=\"1 minute\" \/>\n<script type=\"application\/ld+json\" class=\"yoast-schema-graph\">{\"@context\":\"https:\/\/schema.org\",\"@graph\":[{\"@type\":\"WebPage\",\"@id\":\"https:\/\/www.aguarda.es\/en\/ampliase-xoves-prazo-de-inscricion-no-desfile-concurso-martes-de-entroido\/\",\"url\":\"https:\/\/www.aguarda.es\/en\/ampliase-xoves-prazo-de-inscricion-no-desfile-concurso-martes-de-entroido\/\",\"name\":\"Ampl\u00edase ata o xoves o prazo de inscrici\u00f3n no Desfile-Concurso do Martes de Entroido - Concello da Guarda\",\"isPartOf\":{\"@id\":\"https:\/\/www.aguarda.es\/en\/#website\"},\"datePublished\":\"2018-02-05T13:14:43+00:00\",\"dateModified\":\"2018-02-05T13:40:45+00:00\",\"author\":{\"@id\":\"https:\/\/www.aguarda.es\/en\/#\/schema\/person\/c463ca3006858ffb349d11179d044f21\"},\"breadcrumb\":{\"@id\":\"https:\/\/www.aguarda.es\/en\/ampliase-xoves-prazo-de-inscricion-no-desfile-concurso-martes-de-entroido\/#breadcrumb\"},\"inLanguage\":\"en-US\",\"potentialAction\":[{\"@type\":\"ReadAction\",\"target\":[\"https:\/\/www.aguarda.es\/en\/ampliase-xoves-prazo-de-inscricion-no-desfile-concurso-martes-de-entroido\/\"]}]},{\"@type\":\"BreadcrumbList\",\"@id\":\"https:\/\/www.aguarda.es\/en\/ampliase-xoves-prazo-de-inscricion-no-desfile-concurso-martes-de-entroido\/#breadcrumb\",\"itemListElement\":[{\"@type\":\"ListItem\",\"position\":1,\"name\":\"Portada\",\"item\":\"https:\/\/www.aguarda.es\/en\/\"},{\"@type\":\"ListItem\",\"position\":2,\"name\":\"Ampl\u00edase ata o xoves o prazo de inscrici\u00f3n no Desfile-Concurso do Martes de Entroido\"}]},{\"@type\":\"WebSite\",\"@id\":\"https:\/\/www.aguarda.es\/en\/#website\",\"url\":\"https:\/\/www.aguarda.es\/en\/\",\"name\":\"Concello da Guarda\",\"description\":\"P\u00e1xina web do concello da Guarda\",\"potentialAction\":[{\"@type\":\"SearchAction\",\"target\":{\"@type\":\"EntryPoint\",\"urlTemplate\":\"https:\/\/www.aguarda.es\/en\/?s={search_term_string}\"},\"query-input\":\"required name=search_term_string\"}],\"inLanguage\":\"en-US\"},{\"@type\":\"Person\",\"@id\":\"https:\/\/www.aguarda.es\/en\/#\/schema\/person\/c463ca3006858ffb349d11179d044f21\",\"name\":\"prensa\",\"image\":{\"@type\":\"ImageObject\",\"inLanguage\":\"en-US\",\"@id\":\"https:\/\/www.aguarda.es\/en\/#\/schema\/person\/image\/\",\"url\":\"https:\/\/secure.gravatar.com\/avatar\/5f90ef536b0f98306edf5c7a1135ffa1?s=96&d=mm&r=g\",\"contentUrl\":\"https:\/\/secure.gravatar.com\/avatar\/5f90ef536b0f98306edf5c7a1135ffa1?s=96&d=mm&r=g\",\"caption\":\"prensa\"},\"url\":\"https:\/\/www.aguarda.es\/en\/author\/prensa\/\"}]}<\/script>\n<!-- \/ Yoast SEO plugin. -->","yoast_head_json":{"title":"Ampl\u00edase ata o xoves o prazo de inscrici\u00f3n no Desfile-Concurso do Martes de Entroido - Concello da Guarda","robots":{"index":"index","follow":"follow","max-snippet":"max-snippet:-1","max-image-preview":"max-image-preview:large","max-video-preview":"max-video-preview:-1"},"canonical":"https:\/\/www.aguarda.es\/en\/ampliase-xoves-prazo-de-inscricion-no-desfile-concurso-martes-de-entroido\/","og_locale":"en_US","og_type":"article","og_title":"Ampl\u00edase ata o xoves o prazo de inscrici\u00f3n no Desfile-Concurso do Martes de Entroido - Concello da Guarda","og_description":"A Conceller\u00eda de Cultura ampl\u00eda ata o vindeiro xoves 8 de febreiro o prazo de inscrici\u00f3n no Desfile-Concurso que se celebrar\u00e1 o Martes de Entroido. As bases do desfile contemplan ata cinco categor\u00edas diferentes de participaci\u00f3n (inclu\u00edndo carrozas, comparsas, grupos &hellip;","og_url":"https:\/\/www.aguarda.es\/en\/ampliase-xoves-prazo-de-inscricion-no-desfile-concurso-martes-de-entroido\/","og_site_name":"Concello da Guarda","article_publisher":"https:\/\/www.facebook.com\/ConcellodaGuarda","article_published_time":"2018-02-05T13:14:43+00:00","article_modified_time":"2018-02-05T13:40:45+00:00","og_image":[{"width":793,"height":270,"url":"https:\/\/www.aguarda.es\/wp-content\/uploads\/2018\/01\/Portada-Entroido.jpg","type":"image\/jpeg"}],"author":"prensa","twitter_card":"summary_large_image","twitter_creator":"@AGuarda_es","twitter_site":"@AGuarda_es","twitter_misc":{"Written by":"prensa","Est. reading time":"1 minute"},"schema":{"@context":"https:\/\/schema.org","@graph":[{"@type":"WebPage","@id":"https:\/\/www.aguarda.es\/en\/ampliase-xoves-prazo-de-inscricion-no-desfile-concurso-martes-de-entroido\/","url":"https:\/\/www.aguarda.es\/en\/ampliase-xoves-prazo-de-inscricion-no-desfile-concurso-martes-de-entroido\/","name":"Ampl\u00edase ata o xoves o prazo de inscrici\u00f3n no Desfile-Concurso do Martes de Entroido - Concello da Guarda","isPartOf":{"@id":"https:\/\/www.aguarda.es\/en\/#website"},"datePublished":"2018-02-05T13:14:43+00:00","dateModified":"2018-02-05T13:40:45+00:00","author":{"@id":"https:\/\/www.aguarda.es\/en\/#\/schema\/person\/c463ca3006858ffb349d11179d044f21"},"breadcrumb":{"@id":"https:\/\/www.aguarda.es\/en\/ampliase-xoves-prazo-de-inscricion-no-desfile-concurso-martes-de-entroido\/#breadcrumb"},"inLanguage":"en-US","potentialAction":[{"@type":"ReadAction","target":["https:\/\/www.aguarda.es\/en\/ampliase-xoves-prazo-de-inscricion-no-desfile-concurso-martes-de-entroido\/"]}]},{"@type":"BreadcrumbList","@id":"https:\/\/www.aguarda.es\/en\/ampliase-xoves-prazo-de-inscricion-no-desfile-concurso-martes-de-entroido\/#breadcrumb","itemListElement":[{"@type":"ListItem","position":1,"name":"Portada","item":"https:\/\/www.aguarda.es\/en\/"},{"@type":"ListItem","position":2,"name":"Ampl\u00edase ata o xoves o prazo de inscrici\u00f3n no Desfile-Concurso do Martes de Entroido"}]},{"@type":"WebSite","@id":"https:\/\/www.aguarda.es\/en\/#website","url":"https:\/\/www.aguarda.es\/en\/","name":"Concello da Guarda","description":"P\u00e1xina web do concello da Guarda","potentialAction":[{"@type":"SearchAction","target":{"@type":"EntryPoint","urlTemplate":"https:\/\/www.aguarda.es\/en\/?s={search_term_string}"},"query-input":"required name=search_term_string"}],"inLanguage":"en-US"},{"@type":"Person","@id":"https:\/\/www.aguarda.es\/en\/#\/schema\/person\/c463ca3006858ffb349d11179d044f21","name":"prensa","image":{"@type":"ImageObject","inLanguage":"en-US","@id":"https:\/\/www.aguarda.es\/en\/#\/schema\/person\/image\/","url":"https:\/\/secure.gravatar.com\/avatar\/5f90ef536b0f98306edf5c7a1135ffa1?s=96&d=mm&r=g","contentUrl":"https:\/\/secure.gravatar.com\/avatar\/5f90ef536b0f98306edf5c7a1135ffa1?s=96&d=mm&r=g","caption":"prensa"},"url":"https:\/\/www.aguarda.es\/en\/author\/prensa\/"}]}},"_links":{"self":[{"href":"https:\/\/www.aguarda.es\/en\/wp-json\/wp\/v2\/posts\/12103"}],"collection":[{"href":"https:\/\/www.aguarda.es\/en\/wp-json\/wp\/v2\/posts"}],"about":[{"href":"https:\/\/www.aguarda.es\/en\/wp-json\/wp\/v2\/types\/post"}],"author":[{"embeddable":true,"href":"https:\/\/www.aguarda.es\/en\/wp-json\/wp\/v2\/users\/2"}],"replies":[{"embeddable":true,"href":"https:\/\/www.aguarda.es\/en\/wp-json\/wp\/v2\/comments?post=12103"}],"version-history":[{"count":3,"href":"https:\/\/www.aguarda.es\/en\/wp-json\/wp\/v2\/posts\/12103\/revisions"}],"predecessor-version":[{"id":12106,"href":"https:\/\/www.aguarda.es\/en\/wp-json\/wp\/v2\/posts\/12103\/revisions\/12106"}],"wp:featuredmedia":[{"embeddable":true,"href":"https:\/\/www.aguarda.es\/en\/wp-json\/wp\/v2\/media\/11999"}],"wp:attachment":[{"href":"https:\/\/www.aguarda.es\/en\/wp-json\/wp\/v2\/media?parent=12103"}],"wp:term":[{"taxonomy":"category","embeddable":true,"href":"https:\/\/www.aguarda.es\/en\/wp-json\/wp\/v2\/categories?post=12103"},{"taxonomy":"post_tag","embeddable":true,"href":"https:\/\/www.aguarda.es\/en\/wp-json\/wp\/v2\/tags?post=12103"}],"curies":[{"name":"wp","href":"https:\/\/api.w.org\/{rel}","templated":true}]}}