{"id":1215,"date":"2015-09-17T06:24:38","date_gmt":"2015-09-17T06:24:38","guid":{"rendered":"https:\/\/www.aguarda.es\/?p=1215"},"modified":"2015-09-17T06:24:38","modified_gmt":"2015-09-17T06:24:38","slug":"ampliase-o-prazo-para-participar-no-programa-diurno-de-balnearios-de-caracter-ludico-coidarte","status":"publish","type":"post","link":"https:\/\/www.aguarda.es\/en\/ampliase-o-prazo-para-participar-no-programa-diurno-de-balnearios-de-caracter-ludico-coidarte\/","title":{"rendered":"AMPL\u00cdASE O PRAZO PARA PARTICIPAR NO PROGRAMA DI\u00daRNO DE BALNEARIOS DE CAR\u00c1CTER L\u00daDICO \u201cCOIDARTE\u201d"},"content":{"rendered":"\n<p>O departamento de Servizos Sociais do Concello da Guarda informa que se ampl\u00eda o prazo para solicitar prazas para participar no \u201cPrograma Di\u00farno de Balnearios de Car\u00e1cter L\u00fadico COIDARTE\u201d, organizado pola Deputaci\u00f3n Provincial de Pontevedra.<br \/>O programa consiste en pasar cinco tardes ou ma\u00f1\u00e1s seguidas (de luns a venres), nun Balneario da nosa provincia.<\/p>\n<p>Destinatarios e requisitos dos mesmos:<br \/>1. Nacer antes de 1965, feito que se deber\u00e1 acreditar cunha fotocopia do Documento Nacional de Identidade (DNI) ou o n\u00famero de identidade de estranxeiro (NIE).<br \/>2. Ser pensionista. Neste caso deber\u00e1n achegar unha fotocopia do certificado correspondente.<br \/>3. Precisar dun respiro, o que se acreditar\u00e1 mediante un informe do traballador social dos servizos sociais comunitarios b\u00e1sicos.<\/p>\n<p>\u00c9 requisito indispensable non padecer ningunha enfermidade ou patolox\u00eda incompatible ca actividade do programa.<\/p>\n<p>O prazo de presentaci\u00f3n das solicitudes finaliza o 5 de outubro.<\/p>\n","protected":false},"excerpt":{"rendered":"<p>O departamento de Servizos Sociais do Concello da Guarda informa que se ampl\u00eda o prazo para solicitar prazas para participar no \u201cPrograma Di\u00farno de Balnearios de Car\u00e1cter L\u00fadico COIDARTE\u201d, organizado pola Deputaci\u00f3n Provincial de Pontevedra.O programa consiste en pasar cinco &hellip; <\/p>\n","protected":false},"author":1,"featured_media":0,"comment_status":"open","ping_status":"open","sticky":false,"template":"","format":"standard","meta":[],"categories":[45],"tags":[],"yoast_head":"<!-- This site is optimized with the Yoast SEO plugin v21.1 - https:\/\/yoast.com\/wordpress\/plugins\/seo\/ -->\n<title>AMPL\u00cdASE O PRAZO PARA PARTICIPAR NO PROGRAMA DI\u00daRNO DE BALNEARIOS DE CAR\u00c1CTER L\u00daDICO \u201cCOIDARTE\u201d - Concello da Guarda<\/title>\n<meta name=\"robots\" content=\"index, follow, max-snippet:-1, max-image-preview:large, max-video-preview:-1\" \/>\n<link rel=\"canonical\" href=\"https:\/\/www.aguarda.es\/en\/ampliase-o-prazo-para-participar-no-programa-diurno-de-balnearios-de-caracter-ludico-coidarte\/\" \/>\n<meta property=\"og:locale\" content=\"en_US\" \/>\n<meta property=\"og:type\" content=\"article\" \/>\n<meta property=\"og:title\" content=\"AMPL\u00cdASE O PRAZO PARA PARTICIPAR NO PROGRAMA DI\u00daRNO DE BALNEARIOS DE CAR\u00c1CTER L\u00daDICO \u201cCOIDARTE\u201d - Concello da Guarda\" \/>\n<meta property=\"og:description\" content=\"O departamento de Servizos Sociais do Concello da Guarda informa que se ampl\u00eda o prazo para solicitar prazas para participar no \u201cPrograma Di\u00farno de Balnearios de Car\u00e1cter L\u00fadico COIDARTE\u201d, organizado pola Deputaci\u00f3n Provincial de Pontevedra.O programa consiste en pasar cinco &hellip;\" \/>\n<meta property=\"og:url\" content=\"https:\/\/www.aguarda.es\/en\/ampliase-o-prazo-para-participar-no-programa-diurno-de-balnearios-de-caracter-ludico-coidarte\/\" \/>\n<meta property=\"og:site_name\" content=\"Concello da Guarda\" \/>\n<meta property=\"article:publisher\" content=\"https:\/\/www.facebook.com\/ConcellodaGuarda\" \/>\n<meta property=\"article:published_time\" content=\"2015-09-17T06:24:38+00:00\" \/>\n<meta property=\"og:image\" content=\"https:\/\/www.aguarda.es\/wp-content\/uploads\/2017\/06\/escudo-full-2.jpg\" \/>\n\t<meta property=\"og:image:width\" content=\"1135\" \/>\n\t<meta property=\"og:image:height\" content=\"712\" \/>\n\t<meta property=\"og:image:type\" content=\"image\/jpeg\" \/>\n<meta name=\"author\" content=\"Concello\" \/>\n<meta name=\"twitter:card\" content=\"summary_large_image\" \/>\n<meta name=\"twitter:creator\" content=\"@AGuarda_es\" \/>\n<meta name=\"twitter:site\" content=\"@AGuarda_es\" \/>\n<meta name=\"twitter:label1\" content=\"Written by\" \/>\n\t<meta name=\"twitter:data1\" content=\"Concello\" \/>\n\t<meta name=\"twitter:label2\" content=\"Est. reading time\" \/>\n\t<meta name=\"twitter:data2\" content=\"1 minute\" \/>\n<script type=\"application\/ld+json\" class=\"yoast-schema-graph\">{\"@context\":\"https:\/\/schema.org\",\"@graph\":[{\"@type\":\"WebPage\",\"@id\":\"https:\/\/www.aguarda.es\/en\/ampliase-o-prazo-para-participar-no-programa-diurno-de-balnearios-de-caracter-ludico-coidarte\/\",\"url\":\"https:\/\/www.aguarda.es\/en\/ampliase-o-prazo-para-participar-no-programa-diurno-de-balnearios-de-caracter-ludico-coidarte\/\",\"name\":\"AMPL\u00cdASE O PRAZO PARA PARTICIPAR NO PROGRAMA DI\u00daRNO DE BALNEARIOS DE CAR\u00c1CTER L\u00daDICO \u201cCOIDARTE\u201d - Concello da Guarda\",\"isPartOf\":{\"@id\":\"https:\/\/www.aguarda.es\/en\/#website\"},\"datePublished\":\"2015-09-17T06:24:38+00:00\",\"dateModified\":\"2015-09-17T06:24:38+00:00\",\"author\":{\"@id\":\"https:\/\/www.aguarda.es\/en\/#\/schema\/person\/ac30f4d74843174f0af56c730f74dd57\"},\"breadcrumb\":{\"@id\":\"https:\/\/www.aguarda.es\/en\/ampliase-o-prazo-para-participar-no-programa-diurno-de-balnearios-de-caracter-ludico-coidarte\/#breadcrumb\"},\"inLanguage\":\"en-US\",\"potentialAction\":[{\"@type\":\"ReadAction\",\"target\":[\"https:\/\/www.aguarda.es\/en\/ampliase-o-prazo-para-participar-no-programa-diurno-de-balnearios-de-caracter-ludico-coidarte\/\"]}]},{\"@type\":\"BreadcrumbList\",\"@id\":\"https:\/\/www.aguarda.es\/en\/ampliase-o-prazo-para-participar-no-programa-diurno-de-balnearios-de-caracter-ludico-coidarte\/#breadcrumb\",\"itemListElement\":[{\"@type\":\"ListItem\",\"position\":1,\"name\":\"Portada\",\"item\":\"https:\/\/www.aguarda.es\/en\/\"},{\"@type\":\"ListItem\",\"position\":2,\"name\":\"AMPL\u00cdASE O PRAZO PARA PARTICIPAR NO PROGRAMA DI\u00daRNO DE BALNEARIOS DE CAR\u00c1CTER L\u00daDICO \u201cCOIDARTE\u201d\"}]},{\"@type\":\"WebSite\",\"@id\":\"https:\/\/www.aguarda.es\/en\/#website\",\"url\":\"https:\/\/www.aguarda.es\/en\/\",\"name\":\"Concello da Guarda\",\"description\":\"P\u00e1xina web do concello da Guarda\",\"potentialAction\":[{\"@type\":\"SearchAction\",\"target\":{\"@type\":\"EntryPoint\",\"urlTemplate\":\"https:\/\/www.aguarda.es\/en\/?s={search_term_string}\"},\"query-input\":\"required name=search_term_string\"}],\"inLanguage\":\"en-US\"},{\"@type\":\"Person\",\"@id\":\"https:\/\/www.aguarda.es\/en\/#\/schema\/person\/ac30f4d74843174f0af56c730f74dd57\",\"name\":\"Concello\",\"image\":{\"@type\":\"ImageObject\",\"inLanguage\":\"en-US\",\"@id\":\"https:\/\/www.aguarda.es\/en\/#\/schema\/person\/image\/\",\"url\":\"https:\/\/secure.gravatar.com\/avatar\/7eda12a04da40b2ef77eb62e68f07027?s=96&d=mm&r=g\",\"contentUrl\":\"https:\/\/secure.gravatar.com\/avatar\/7eda12a04da40b2ef77eb62e68f07027?s=96&d=mm&r=g\",\"caption\":\"Concello\"},\"url\":\"https:\/\/www.aguarda.es\/en\/author\/admin\/\"}]}<\/script>\n<!-- \/ Yoast SEO plugin. -->","yoast_head_json":{"title":"AMPL\u00cdASE O PRAZO PARA PARTICIPAR NO PROGRAMA DI\u00daRNO DE BALNEARIOS DE CAR\u00c1CTER L\u00daDICO \u201cCOIDARTE\u201d - Concello da Guarda","robots":{"index":"index","follow":"follow","max-snippet":"max-snippet:-1","max-image-preview":"max-image-preview:large","max-video-preview":"max-video-preview:-1"},"canonical":"https:\/\/www.aguarda.es\/en\/ampliase-o-prazo-para-participar-no-programa-diurno-de-balnearios-de-caracter-ludico-coidarte\/","og_locale":"en_US","og_type":"article","og_title":"AMPL\u00cdASE O PRAZO PARA PARTICIPAR NO PROGRAMA DI\u00daRNO DE BALNEARIOS DE CAR\u00c1CTER L\u00daDICO \u201cCOIDARTE\u201d - Concello da Guarda","og_description":"O departamento de Servizos Sociais do Concello da Guarda informa que se ampl\u00eda o prazo para solicitar prazas para participar no \u201cPrograma Di\u00farno de Balnearios de Car\u00e1cter L\u00fadico COIDARTE\u201d, organizado pola Deputaci\u00f3n Provincial de Pontevedra.O programa consiste en pasar cinco &hellip;","og_url":"https:\/\/www.aguarda.es\/en\/ampliase-o-prazo-para-participar-no-programa-diurno-de-balnearios-de-caracter-ludico-coidarte\/","og_site_name":"Concello da Guarda","article_publisher":"https:\/\/www.facebook.com\/ConcellodaGuarda","article_published_time":"2015-09-17T06:24:38+00:00","og_image":[{"width":1135,"height":712,"url":"https:\/\/www.aguarda.es\/wp-content\/uploads\/2017\/06\/escudo-full-2.jpg","type":"image\/jpeg"}],"author":"Concello","twitter_card":"summary_large_image","twitter_creator":"@AGuarda_es","twitter_site":"@AGuarda_es","twitter_misc":{"Written by":"Concello","Est. reading time":"1 minute"},"schema":{"@context":"https:\/\/schema.org","@graph":[{"@type":"WebPage","@id":"https:\/\/www.aguarda.es\/en\/ampliase-o-prazo-para-participar-no-programa-diurno-de-balnearios-de-caracter-ludico-coidarte\/","url":"https:\/\/www.aguarda.es\/en\/ampliase-o-prazo-para-participar-no-programa-diurno-de-balnearios-de-caracter-ludico-coidarte\/","name":"AMPL\u00cdASE O PRAZO PARA PARTICIPAR NO PROGRAMA DI\u00daRNO DE BALNEARIOS DE CAR\u00c1CTER L\u00daDICO \u201cCOIDARTE\u201d - Concello da Guarda","isPartOf":{"@id":"https:\/\/www.aguarda.es\/en\/#website"},"datePublished":"2015-09-17T06:24:38+00:00","dateModified":"2015-09-17T06:24:38+00:00","author":{"@id":"https:\/\/www.aguarda.es\/en\/#\/schema\/person\/ac30f4d74843174f0af56c730f74dd57"},"breadcrumb":{"@id":"https:\/\/www.aguarda.es\/en\/ampliase-o-prazo-para-participar-no-programa-diurno-de-balnearios-de-caracter-ludico-coidarte\/#breadcrumb"},"inLanguage":"en-US","potentialAction":[{"@type":"ReadAction","target":["https:\/\/www.aguarda.es\/en\/ampliase-o-prazo-para-participar-no-programa-diurno-de-balnearios-de-caracter-ludico-coidarte\/"]}]},{"@type":"BreadcrumbList","@id":"https:\/\/www.aguarda.es\/en\/ampliase-o-prazo-para-participar-no-programa-diurno-de-balnearios-de-caracter-ludico-coidarte\/#breadcrumb","itemListElement":[{"@type":"ListItem","position":1,"name":"Portada","item":"https:\/\/www.aguarda.es\/en\/"},{"@type":"ListItem","position":2,"name":"AMPL\u00cdASE O PRAZO PARA PARTICIPAR NO PROGRAMA DI\u00daRNO DE BALNEARIOS DE CAR\u00c1CTER L\u00daDICO \u201cCOIDARTE\u201d"}]},{"@type":"WebSite","@id":"https:\/\/www.aguarda.es\/en\/#website","url":"https:\/\/www.aguarda.es\/en\/","name":"Concello da Guarda","description":"P\u00e1xina web do concello da Guarda","potentialAction":[{"@type":"SearchAction","target":{"@type":"EntryPoint","urlTemplate":"https:\/\/www.aguarda.es\/en\/?s={search_term_string}"},"query-input":"required name=search_term_string"}],"inLanguage":"en-US"},{"@type":"Person","@id":"https:\/\/www.aguarda.es\/en\/#\/schema\/person\/ac30f4d74843174f0af56c730f74dd57","name":"Concello","image":{"@type":"ImageObject","inLanguage":"en-US","@id":"https:\/\/www.aguarda.es\/en\/#\/schema\/person\/image\/","url":"https:\/\/secure.gravatar.com\/avatar\/7eda12a04da40b2ef77eb62e68f07027?s=96&d=mm&r=g","contentUrl":"https:\/\/secure.gravatar.com\/avatar\/7eda12a04da40b2ef77eb62e68f07027?s=96&d=mm&r=g","caption":"Concello"},"url":"https:\/\/www.aguarda.es\/en\/author\/admin\/"}]}},"_links":{"self":[{"href":"https:\/\/www.aguarda.es\/en\/wp-json\/wp\/v2\/posts\/1215"}],"collection":[{"href":"https:\/\/www.aguarda.es\/en\/wp-json\/wp\/v2\/posts"}],"about":[{"href":"https:\/\/www.aguarda.es\/en\/wp-json\/wp\/v2\/types\/post"}],"author":[{"embeddable":true,"href":"https:\/\/www.aguarda.es\/en\/wp-json\/wp\/v2\/users\/1"}],"replies":[{"embeddable":true,"href":"https:\/\/www.aguarda.es\/en\/wp-json\/wp\/v2\/comments?post=1215"}],"version-history":[{"count":0,"href":"https:\/\/www.aguarda.es\/en\/wp-json\/wp\/v2\/posts\/1215\/revisions"}],"wp:attachment":[{"href":"https:\/\/www.aguarda.es\/en\/wp-json\/wp\/v2\/media?parent=1215"}],"wp:term":[{"taxonomy":"category","embeddable":true,"href":"https:\/\/www.aguarda.es\/en\/wp-json\/wp\/v2\/categories?post=1215"},{"taxonomy":"post_tag","embeddable":true,"href":"https:\/\/www.aguarda.es\/en\/wp-json\/wp\/v2\/tags?post=1215"}],"curies":[{"name":"wp","href":"https:\/\/api.w.org\/{rel}","templated":true}]}}