{"id":12221,"date":"2018-02-16T13:40:06","date_gmt":"2018-02-16T13:40:06","guid":{"rendered":"https:\/\/www.aguarda.es\/?p=12221"},"modified":"2018-02-16T13:42:13","modified_gmt":"2018-02-16T13:42:13","slug":"guarda-homenaxeara-rosalia-de-castro-versos-pintura-espectaculo-sua-vida","status":"publish","type":"post","link":"https:\/\/www.aguarda.es\/en\/guarda-homenaxeara-rosalia-de-castro-versos-pintura-espectaculo-sua-vida\/","title":{"rendered":"A Guarda homenaxear\u00e1 a Rosal\u00eda de Castro con versos, pintura e un espect\u00e1culo sobre a s\u00faa vida"},"content":{"rendered":"<p style=\"text-align: justify\"><em>A \u00abSemana por Rosal\u00eda\u00bb celebrarase do 19 ao 24 de febreiro cunha serie de actividades dedicadas \u00e1 figura e obra da autora galega. O espect\u00e1culo de monicreques \u00abA viaxe de Rosal\u00eda\u00bb por\u00e1 fin \u00e1 conmemoraci\u00f3n do aniversario da poetisa, nada en 1837.<\/em><\/p>\n<p style=\"text-align: justify\">A Guarda conmemorar\u00e1 o 181\u00ba aniversario do nacemento de Rosal\u00eda de Castro con seis d\u00edas de actividades dirixidas ao alumnado escolar, o comercio e o p\u00fablico en xeral, coa xa tradicional <a href=\"https:\/\/www.aguarda.es\/wp-content\/uploads\/2018\/02\/Cartel-Semana-por-Rosal%C3%ADa.pdf\">\u00abSemana por Rosal\u00eda\u00bb<\/a> orientada \u00e1 <strong>divulgaci\u00f3n da figura e obra da autora, referente literario da nosa cultura<\/strong>.<\/p>\n<p style=\"text-align: justify\">As actividades comezar\u00e1n o 19 de febreiro con \u00abCada d\u00eda un poema\u00bb, unha iniciativa do departamento de Cultura coa que se <strong>anima a compartir nas Redes Sociais un poema diario da obra rosaliana facendo uso da etiqueta <em>#Rosal\u00edate<\/em><\/strong>. Ao tempo, a Conceller\u00eda divulgar\u00e1 a trav\u00e9s das s\u00faas contas oficiais nas redes sociais unha selecci\u00f3n de versos da autora senlleira da lingua galega.<\/p>\n<div class=\"wpmf-gallerys\"><div id=\"gallery-1\" class=\"gallery wpmf_gallery_default gallery_default galleryid-12221 gallery-columns-3 gallery-size-thumbnail gallery-link-file wpmf-has-border-radius-0 wpmf-gutterwidth-5\"><\/div><\/div>\n<p style=\"text-align: justify\">Os centros de educaci\u00f3n infantil e primaria guardeses participar\u00e1n na \u00abSemana por Rosal\u00eda\u00bb coa elaboraci\u00f3n duns debuxos dentro da iniciativa \u00abQue che inspira?\u00bb. As\u00ed, <strong>m\u00e1is de 400 cativos e cativas de infantil e primeiros cursos de primaria basearanse nuns versos extra\u00eddos da poes\u00eda rosaliana<\/strong> para elaborar debuxos orixinais que poder\u00e1n decorar ao gusto. As s\u00faas creaci\u00f3ns ser\u00e1n expostas, a partir do 20 de febreiro, en espazos p\u00fablicos da vila (Casa do Concello, Centro Cultural e Praza de Abastos) e naqueles comercios que se sumen \u00e1 iniciativa.<\/p>\n<p style=\"text-align: justify\">O alumnado de 3\u00ba a 6\u00ba de primaria, pola s\u00faa parte, participar\u00e1 na elaboraci\u00f3n dun \u00abMural por Rosal\u00eda\u00bb os d\u00edas 22 e 23 de febreiro. A pintura realizarase a continuaci\u00f3n da elaborada o pasado ano na r\u00faa Vigo -\u00e1 altura do colexio da Sangri\u00f1a- en d\u00faas fases, de xeito que unha voluntaria far\u00e1 o dese\u00f1o primario duns versos e, a continuaci\u00f3n, as rapazas e rapaces ser\u00e1n os encargados de pintalo e decoralo.<\/p>\n<p style=\"text-align: justify\">O s\u00e1bado 24 de febreiro, D\u00eda de Rosal\u00eda, celebraranse d\u00faas actividades culturais dirixidas ao p\u00fablico familiar. Pola ma\u00f1\u00e1, a Biblioteca P\u00fablica Municipal acoller\u00e1 unha <strong>nova sesi\u00f3n de \u00abContos contados\u00bb centrado na vida e obra da poetisa<\/strong>. A actividade contar\u00e1 coa participaci\u00f3n dun co\u00f1ecido veci\u00f1o da Guarda, Manuel Cadilla (\u00abMaruxo\u00bb), que ler\u00e1 versos rosalianos e contar\u00e1 a vida da autora aos pequenos e pequenas participantes e as s\u00faas familias. A continuaci\u00f3n, poder\u00e1n participar no obradoiro de elaboraci\u00f3n de marcap\u00e1xinas.<\/p>\n<h5>Espect\u00e1culo de monicreques<\/h5>\n<p style=\"text-align: justify\"><img decoding=\"async\" loading=\"lazy\" class=\"wp-image-12225 alignleft\" src=\"https:\/\/www.aguarda.es\/wp-content\/uploads\/2018\/02\/A-viaxe1-300x177.jpg\" alt=\"\" width=\"334\" height=\"197\" srcset=\"https:\/\/www.aguarda.es\/wp-content\/uploads\/2018\/02\/A-viaxe1-300x177.jpg 300w, https:\/\/www.aguarda.es\/wp-content\/uploads\/2018\/02\/A-viaxe1-570x336.jpg 570w, https:\/\/www.aguarda.es\/wp-content\/uploads\/2018\/02\/A-viaxe1.jpg 700w\" sizes=\"(max-width: 334px) 100vw, 334px\" \/>A actividade de peche desta \u00abSemana por Rosal\u00eda\u00bb guardesa ser\u00e1 o espect\u00e1culo de monicreques \u00abA viaxe de Rosal\u00eda\u00bb, da man da actriz e titiriteira Larraitz Urruzola. A obra <strong>narra as pasaxes m\u00e1is importantes da vida da autora compostel\u00e1 dun xeito ameno e accesible<\/strong> para os cativos e cativas a partir de 6 anos, a trav\u00e9s da voz da s\u00faa madri\u00f1a, Francisca do Campo. Ela amosar\u00e1 ao p\u00fablico, a trav\u00e9s das ferramentas da narraci\u00f3n oral tradicionais, a historia da nena que chegou a ser un s\u00edmbolo na cultura galega.<\/p>\n<p style=\"text-align: justify\">O espect\u00e1culo comezar\u00e1 \u00e1s 19:30 horas no Centro Cultural. Al\u00ed, as entradas estar\u00e1n dispo\u00f1ibles a partir de ma\u00f1\u00e1, 17 de febreiro, en horario de ma\u00f1\u00e1 (de 10 a 13) e, de luns a venres, en horario de ma\u00f1\u00e1 e tarde (de 10 a 13 e de 17 a 20).<\/p>\n","protected":false},"excerpt":{"rendered":"<p>A \u00abSemana por Rosal\u00eda\u00bb celebrarase do 19 ao 24 de febreiro cunha serie de actividades dedicadas \u00e1 figura e obra da autora galega. O espect\u00e1culo de monicreques \u00abA viaxe de Rosal\u00eda\u00bb por\u00e1 fin \u00e1 conmemoraci\u00f3n do aniversario da poetisa, nada &hellip; <\/p>\n","protected":false},"author":2,"featured_media":12235,"comment_status":"open","ping_status":"open","sticky":false,"template":"","format":"standard","meta":[],"categories":[34,37],"tags":[951,243,949,237,756,950,238,952,931,930,929],"yoast_head":"<!-- This site is optimized with the Yoast SEO plugin v21.1 - https:\/\/yoast.com\/wordpress\/plugins\/seo\/ -->\n<title>A Guarda homenaxear\u00e1 a Rosal\u00eda de Castro con versos, pintura e un espect\u00e1culo sobre a s\u00faa vida - Concello da Guarda<\/title>\n<meta name=\"robots\" content=\"index, follow, max-snippet:-1, max-image-preview:large, max-video-preview:-1\" \/>\n<link rel=\"canonical\" href=\"https:\/\/www.aguarda.es\/en\/guarda-homenaxeara-rosalia-de-castro-versos-pintura-espectaculo-sua-vida\/\" \/>\n<meta property=\"og:locale\" content=\"en_US\" \/>\n<meta property=\"og:type\" content=\"article\" \/>\n<meta property=\"og:title\" content=\"A Guarda homenaxear\u00e1 a Rosal\u00eda de Castro con versos, pintura e un espect\u00e1culo sobre a s\u00faa vida - Concello da Guarda\" \/>\n<meta property=\"og:description\" content=\"A \u00abSemana por Rosal\u00eda\u00bb celebrarase do 19 ao 24 de febreiro cunha serie de actividades dedicadas \u00e1 figura e obra da autora galega. O espect\u00e1culo de monicreques \u00abA viaxe de Rosal\u00eda\u00bb por\u00e1 fin \u00e1 conmemoraci\u00f3n do aniversario da poetisa, nada &hellip;\" \/>\n<meta property=\"og:url\" content=\"https:\/\/www.aguarda.es\/en\/guarda-homenaxeara-rosalia-de-castro-versos-pintura-espectaculo-sua-vida\/\" \/>\n<meta property=\"og:site_name\" content=\"Concello da Guarda\" \/>\n<meta property=\"article:publisher\" content=\"https:\/\/www.facebook.com\/ConcellodaGuarda\" \/>\n<meta property=\"article:published_time\" content=\"2018-02-16T13:40:06+00:00\" \/>\n<meta property=\"article:modified_time\" content=\"2018-02-16T13:42:13+00:00\" \/>\n<meta property=\"og:image\" content=\"https:\/\/www.aguarda.es\/wp-content\/uploads\/2018\/02\/SEMANA-POR-ROSAL\u00cdA.png\" \/>\n\t<meta property=\"og:image:width\" content=\"810\" \/>\n\t<meta property=\"og:image:height\" content=\"450\" \/>\n\t<meta property=\"og:image:type\" content=\"image\/png\" \/>\n<meta name=\"author\" content=\"prensa\" \/>\n<meta name=\"twitter:card\" content=\"summary_large_image\" \/>\n<meta name=\"twitter:creator\" content=\"@AGuarda_es\" \/>\n<meta name=\"twitter:site\" content=\"@AGuarda_es\" \/>\n<meta name=\"twitter:label1\" content=\"Written by\" \/>\n\t<meta name=\"twitter:data1\" content=\"prensa\" \/>\n\t<meta name=\"twitter:label2\" content=\"Est. reading time\" \/>\n\t<meta name=\"twitter:data2\" content=\"3 minutes\" \/>\n<script type=\"application\/ld+json\" class=\"yoast-schema-graph\">{\"@context\":\"https:\/\/schema.org\",\"@graph\":[{\"@type\":\"WebPage\",\"@id\":\"https:\/\/www.aguarda.es\/en\/guarda-homenaxeara-rosalia-de-castro-versos-pintura-espectaculo-sua-vida\/\",\"url\":\"https:\/\/www.aguarda.es\/en\/guarda-homenaxeara-rosalia-de-castro-versos-pintura-espectaculo-sua-vida\/\",\"name\":\"A Guarda homenaxear\u00e1 a Rosal\u00eda de Castro con versos, pintura e un espect\u00e1culo sobre a s\u00faa vida - Concello da Guarda\",\"isPartOf\":{\"@id\":\"https:\/\/www.aguarda.es\/en\/#website\"},\"datePublished\":\"2018-02-16T13:40:06+00:00\",\"dateModified\":\"2018-02-16T13:42:13+00:00\",\"author\":{\"@id\":\"https:\/\/www.aguarda.es\/en\/#\/schema\/person\/c463ca3006858ffb349d11179d044f21\"},\"breadcrumb\":{\"@id\":\"https:\/\/www.aguarda.es\/en\/guarda-homenaxeara-rosalia-de-castro-versos-pintura-espectaculo-sua-vida\/#breadcrumb\"},\"inLanguage\":\"en-US\",\"potentialAction\":[{\"@type\":\"ReadAction\",\"target\":[\"https:\/\/www.aguarda.es\/en\/guarda-homenaxeara-rosalia-de-castro-versos-pintura-espectaculo-sua-vida\/\"]}]},{\"@type\":\"BreadcrumbList\",\"@id\":\"https:\/\/www.aguarda.es\/en\/guarda-homenaxeara-rosalia-de-castro-versos-pintura-espectaculo-sua-vida\/#breadcrumb\",\"itemListElement\":[{\"@type\":\"ListItem\",\"position\":1,\"name\":\"Portada\",\"item\":\"https:\/\/www.aguarda.es\/en\/\"},{\"@type\":\"ListItem\",\"position\":2,\"name\":\"A Guarda homenaxear\u00e1 a Rosal\u00eda de Castro con versos, pintura e un espect\u00e1culo sobre a s\u00faa vida\"}]},{\"@type\":\"WebSite\",\"@id\":\"https:\/\/www.aguarda.es\/en\/#website\",\"url\":\"https:\/\/www.aguarda.es\/en\/\",\"name\":\"Concello da Guarda\",\"description\":\"P\u00e1xina web do concello da Guarda\",\"potentialAction\":[{\"@type\":\"SearchAction\",\"target\":{\"@type\":\"EntryPoint\",\"urlTemplate\":\"https:\/\/www.aguarda.es\/en\/?s={search_term_string}\"},\"query-input\":\"required name=search_term_string\"}],\"inLanguage\":\"en-US\"},{\"@type\":\"Person\",\"@id\":\"https:\/\/www.aguarda.es\/en\/#\/schema\/person\/c463ca3006858ffb349d11179d044f21\",\"name\":\"prensa\",\"image\":{\"@type\":\"ImageObject\",\"inLanguage\":\"en-US\",\"@id\":\"https:\/\/www.aguarda.es\/en\/#\/schema\/person\/image\/\",\"url\":\"https:\/\/secure.gravatar.com\/avatar\/5f90ef536b0f98306edf5c7a1135ffa1?s=96&d=mm&r=g\",\"contentUrl\":\"https:\/\/secure.gravatar.com\/avatar\/5f90ef536b0f98306edf5c7a1135ffa1?s=96&d=mm&r=g\",\"caption\":\"prensa\"},\"url\":\"https:\/\/www.aguarda.es\/en\/author\/prensa\/\"}]}<\/script>\n<!-- \/ Yoast SEO plugin. -->","yoast_head_json":{"title":"A Guarda homenaxear\u00e1 a Rosal\u00eda de Castro con versos, pintura e un espect\u00e1culo sobre a s\u00faa vida - Concello da Guarda","robots":{"index":"index","follow":"follow","max-snippet":"max-snippet:-1","max-image-preview":"max-image-preview:large","max-video-preview":"max-video-preview:-1"},"canonical":"https:\/\/www.aguarda.es\/en\/guarda-homenaxeara-rosalia-de-castro-versos-pintura-espectaculo-sua-vida\/","og_locale":"en_US","og_type":"article","og_title":"A Guarda homenaxear\u00e1 a Rosal\u00eda de Castro con versos, pintura e un espect\u00e1culo sobre a s\u00faa vida - Concello da Guarda","og_description":"A \u00abSemana por Rosal\u00eda\u00bb celebrarase do 19 ao 24 de febreiro cunha serie de actividades dedicadas \u00e1 figura e obra da autora galega. O espect\u00e1culo de monicreques \u00abA viaxe de Rosal\u00eda\u00bb por\u00e1 fin \u00e1 conmemoraci\u00f3n do aniversario da poetisa, nada &hellip;","og_url":"https:\/\/www.aguarda.es\/en\/guarda-homenaxeara-rosalia-de-castro-versos-pintura-espectaculo-sua-vida\/","og_site_name":"Concello da Guarda","article_publisher":"https:\/\/www.facebook.com\/ConcellodaGuarda","article_published_time":"2018-02-16T13:40:06+00:00","article_modified_time":"2018-02-16T13:42:13+00:00","og_image":[{"width":810,"height":450,"url":"https:\/\/www.aguarda.es\/wp-content\/uploads\/2018\/02\/SEMANA-POR-ROSAL\u00cdA.png","type":"image\/png"}],"author":"prensa","twitter_card":"summary_large_image","twitter_creator":"@AGuarda_es","twitter_site":"@AGuarda_es","twitter_misc":{"Written by":"prensa","Est. reading time":"3 minutes"},"schema":{"@context":"https:\/\/schema.org","@graph":[{"@type":"WebPage","@id":"https:\/\/www.aguarda.es\/en\/guarda-homenaxeara-rosalia-de-castro-versos-pintura-espectaculo-sua-vida\/","url":"https:\/\/www.aguarda.es\/en\/guarda-homenaxeara-rosalia-de-castro-versos-pintura-espectaculo-sua-vida\/","name":"A Guarda homenaxear\u00e1 a Rosal\u00eda de Castro con versos, pintura e un espect\u00e1culo sobre a s\u00faa vida - Concello da Guarda","isPartOf":{"@id":"https:\/\/www.aguarda.es\/en\/#website"},"datePublished":"2018-02-16T13:40:06+00:00","dateModified":"2018-02-16T13:42:13+00:00","author":{"@id":"https:\/\/www.aguarda.es\/en\/#\/schema\/person\/c463ca3006858ffb349d11179d044f21"},"breadcrumb":{"@id":"https:\/\/www.aguarda.es\/en\/guarda-homenaxeara-rosalia-de-castro-versos-pintura-espectaculo-sua-vida\/#breadcrumb"},"inLanguage":"en-US","potentialAction":[{"@type":"ReadAction","target":["https:\/\/www.aguarda.es\/en\/guarda-homenaxeara-rosalia-de-castro-versos-pintura-espectaculo-sua-vida\/"]}]},{"@type":"BreadcrumbList","@id":"https:\/\/www.aguarda.es\/en\/guarda-homenaxeara-rosalia-de-castro-versos-pintura-espectaculo-sua-vida\/#breadcrumb","itemListElement":[{"@type":"ListItem","position":1,"name":"Portada","item":"https:\/\/www.aguarda.es\/en\/"},{"@type":"ListItem","position":2,"name":"A Guarda homenaxear\u00e1 a Rosal\u00eda de Castro con versos, pintura e un espect\u00e1culo sobre a s\u00faa vida"}]},{"@type":"WebSite","@id":"https:\/\/www.aguarda.es\/en\/#website","url":"https:\/\/www.aguarda.es\/en\/","name":"Concello da Guarda","description":"P\u00e1xina web do concello da Guarda","potentialAction":[{"@type":"SearchAction","target":{"@type":"EntryPoint","urlTemplate":"https:\/\/www.aguarda.es\/en\/?s={search_term_string}"},"query-input":"required name=search_term_string"}],"inLanguage":"en-US"},{"@type":"Person","@id":"https:\/\/www.aguarda.es\/en\/#\/schema\/person\/c463ca3006858ffb349d11179d044f21","name":"prensa","image":{"@type":"ImageObject","inLanguage":"en-US","@id":"https:\/\/www.aguarda.es\/en\/#\/schema\/person\/image\/","url":"https:\/\/secure.gravatar.com\/avatar\/5f90ef536b0f98306edf5c7a1135ffa1?s=96&d=mm&r=g","contentUrl":"https:\/\/secure.gravatar.com\/avatar\/5f90ef536b0f98306edf5c7a1135ffa1?s=96&d=mm&r=g","caption":"prensa"},"url":"https:\/\/www.aguarda.es\/en\/author\/prensa\/"}]}},"_links":{"self":[{"href":"https:\/\/www.aguarda.es\/en\/wp-json\/wp\/v2\/posts\/12221"}],"collection":[{"href":"https:\/\/www.aguarda.es\/en\/wp-json\/wp\/v2\/posts"}],"about":[{"href":"https:\/\/www.aguarda.es\/en\/wp-json\/wp\/v2\/types\/post"}],"author":[{"embeddable":true,"href":"https:\/\/www.aguarda.es\/en\/wp-json\/wp\/v2\/users\/2"}],"replies":[{"embeddable":true,"href":"https:\/\/www.aguarda.es\/en\/wp-json\/wp\/v2\/comments?post=12221"}],"version-history":[{"count":5,"href":"https:\/\/www.aguarda.es\/en\/wp-json\/wp\/v2\/posts\/12221\/revisions"}],"predecessor-version":[{"id":12236,"href":"https:\/\/www.aguarda.es\/en\/wp-json\/wp\/v2\/posts\/12221\/revisions\/12236"}],"wp:featuredmedia":[{"embeddable":true,"href":"https:\/\/www.aguarda.es\/en\/wp-json\/wp\/v2\/media\/12235"}],"wp:attachment":[{"href":"https:\/\/www.aguarda.es\/en\/wp-json\/wp\/v2\/media?parent=12221"}],"wp:term":[{"taxonomy":"category","embeddable":true,"href":"https:\/\/www.aguarda.es\/en\/wp-json\/wp\/v2\/categories?post=12221"},{"taxonomy":"post_tag","embeddable":true,"href":"https:\/\/www.aguarda.es\/en\/wp-json\/wp\/v2\/tags?post=12221"}],"curies":[{"name":"wp","href":"https:\/\/api.w.org\/{rel}","templated":true}]}}