{"id":12253,"date":"2018-02-16T13:37:42","date_gmt":"2018-02-16T13:37:42","guid":{"rendered":"https:\/\/www.aguarda.es\/?p=12253"},"modified":"2018-02-16T13:39:34","modified_gmt":"2018-02-16T13:39:34","slug":"12253","status":"publish","type":"post","link":"https:\/\/www.aguarda.es\/en\/12253\/","title":{"rendered":"Resultados da primeira proba no proceso selectivo para a bolsa de oficiais de servizos varios"},"content":{"rendered":"<p style=\"text-align: justify\"><strong>Resultados da primeira proba no proceso selectivo para a formaci\u00f3n dunha bolsa de traballo para oficiais de servizos varios:\u00a0<\/strong><\/p>\n<p style=\"text-align: left\"><img decoding=\"async\" loading=\"lazy\" class=\"aligncenter wp-image-12252 size-full\" src=\"https:\/\/www.aguarda.es\/wp-content\/uploads\/2018\/02\/Sin-t\u00edtulo-1.png?_t=1518788121\" alt=\"\" width=\"603\" height=\"167\" srcset=\"https:\/\/www.aguarda.es\/wp-content\/uploads\/2018\/02\/Sin-t\u00edtulo-1.png 603w, https:\/\/www.aguarda.es\/wp-content\/uploads\/2018\/02\/Sin-t\u00edtulo-1-570x158.png 570w, https:\/\/www.aguarda.es\/wp-content\/uploads\/2018\/02\/Sin-t\u00edtulo-1-300x83.png 300w\" sizes=\"(max-width: 603px) 100vw, 603px\" \/><\/p>\n<p style=\"text-align: justify\">De acordo co artigo 8 da bases que regulan este proceso os aspirantes te\u00f1en tres d\u00edas h\u00e1biles para formular alegaci\u00f3ns \u00e1s puntuaci\u00f3ns obtidas.<\/p>\n<p style=\"text-align: justify\">As\u00ed mesmo, por medio da <a href=\"\/Users\/Becario\/Downloads\/PUNTUACI%C3%93NS%20OBTIDAS%20NO%20EXERCIZO%20TE%C3%93RICO%20DO%20PROCESO%20SELECTIVO%20PARA%20A%20FORMACI%C3%93N%20DUNHA%20LISTA%20DE%20RESERVA%20DE%20OFICIAIS%20DE%20SERVIZOS%20VARIOS.pdf\">publicaci\u00f3n deste anuncio na sede electr\u00f3nica<\/a> do Concello, no taboleiro de anuncios e p\u00e1xina web municipal conv\u00f3case \u00f3s aspirantes \u00e1 realizaci\u00f3n da proba pr\u00e1ctica que ter\u00e1 lugar o vindeiro d\u00eda 22 de febreiro de 2018 \u00e1s 17:00 horas na nave municipal que est\u00e1 \u00f3 car\u00f3n do punto limpo, no lugar de A Sangri\u00f1a.<\/p>\n","protected":false},"excerpt":{"rendered":"<p>Resultados da primeira proba no proceso selectivo para a formaci\u00f3n dunha bolsa de traballo para oficiais de servizos varios:\u00a0 De acordo co artigo 8 da bases que regulan este proceso os aspirantes te\u00f1en tres d\u00edas h\u00e1biles para formular alegaci\u00f3ns \u00e1s &hellip; <\/p>\n","protected":false},"author":2,"featured_media":8850,"comment_status":"open","ping_status":"open","sticky":false,"template":"","format":"standard","meta":[],"categories":[33],"tags":[],"yoast_head":"<!-- This site is optimized with the Yoast SEO plugin v21.1 - https:\/\/yoast.com\/wordpress\/plugins\/seo\/ -->\n<title>Resultados da primeira proba no proceso selectivo para a bolsa de oficiais de servizos varios - Concello da Guarda<\/title>\n<meta name=\"robots\" content=\"index, follow, max-snippet:-1, max-image-preview:large, max-video-preview:-1\" \/>\n<link rel=\"canonical\" href=\"https:\/\/www.aguarda.es\/en\/12253\/\" \/>\n<meta property=\"og:locale\" content=\"en_US\" \/>\n<meta property=\"og:type\" content=\"article\" \/>\n<meta property=\"og:title\" content=\"Resultados da primeira proba no proceso selectivo para a bolsa de oficiais de servizos varios - Concello da Guarda\" \/>\n<meta property=\"og:description\" content=\"Resultados da primeira proba no proceso selectivo para a formaci\u00f3n dunha bolsa de traballo para oficiais de servizos varios:\u00a0 De acordo co artigo 8 da bases que regulan este proceso os aspirantes te\u00f1en tres d\u00edas h\u00e1biles para formular alegaci\u00f3ns \u00e1s &hellip;\" \/>\n<meta property=\"og:url\" content=\"https:\/\/www.aguarda.es\/en\/12253\/\" \/>\n<meta property=\"og:site_name\" content=\"Concello da Guarda\" \/>\n<meta property=\"article:publisher\" content=\"https:\/\/www.facebook.com\/ConcellodaGuarda\" \/>\n<meta property=\"article:published_time\" content=\"2018-02-16T13:37:42+00:00\" \/>\n<meta property=\"article:modified_time\" content=\"2018-02-16T13:39:34+00:00\" \/>\n<meta property=\"og:image\" content=\"https:\/\/www.aguarda.es\/wp-content\/uploads\/2017\/06\/escudo-full-2.jpg\" \/>\n\t<meta property=\"og:image:width\" content=\"1135\" \/>\n\t<meta property=\"og:image:height\" content=\"712\" \/>\n\t<meta property=\"og:image:type\" content=\"image\/jpeg\" \/>\n<meta name=\"author\" content=\"prensa\" \/>\n<meta name=\"twitter:card\" content=\"summary_large_image\" \/>\n<meta name=\"twitter:creator\" content=\"@AGuarda_es\" \/>\n<meta name=\"twitter:site\" content=\"@AGuarda_es\" \/>\n<meta name=\"twitter:label1\" content=\"Written by\" \/>\n\t<meta name=\"twitter:data1\" content=\"prensa\" \/>\n\t<meta name=\"twitter:label2\" content=\"Est. reading time\" \/>\n\t<meta name=\"twitter:data2\" content=\"1 minute\" \/>\n<script type=\"application\/ld+json\" class=\"yoast-schema-graph\">{\"@context\":\"https:\/\/schema.org\",\"@graph\":[{\"@type\":\"WebPage\",\"@id\":\"https:\/\/www.aguarda.es\/en\/12253\/\",\"url\":\"https:\/\/www.aguarda.es\/en\/12253\/\",\"name\":\"Resultados da primeira proba no proceso selectivo para a bolsa de oficiais de servizos varios - Concello da Guarda\",\"isPartOf\":{\"@id\":\"https:\/\/www.aguarda.es\/en\/#website\"},\"datePublished\":\"2018-02-16T13:37:42+00:00\",\"dateModified\":\"2018-02-16T13:39:34+00:00\",\"author\":{\"@id\":\"https:\/\/www.aguarda.es\/en\/#\/schema\/person\/c463ca3006858ffb349d11179d044f21\"},\"breadcrumb\":{\"@id\":\"https:\/\/www.aguarda.es\/en\/12253\/#breadcrumb\"},\"inLanguage\":\"en-US\",\"potentialAction\":[{\"@type\":\"ReadAction\",\"target\":[\"https:\/\/www.aguarda.es\/en\/12253\/\"]}]},{\"@type\":\"BreadcrumbList\",\"@id\":\"https:\/\/www.aguarda.es\/en\/12253\/#breadcrumb\",\"itemListElement\":[{\"@type\":\"ListItem\",\"position\":1,\"name\":\"Portada\",\"item\":\"https:\/\/www.aguarda.es\/en\/\"},{\"@type\":\"ListItem\",\"position\":2,\"name\":\"Resultados da primeira proba no proceso selectivo para a bolsa de oficiais de servizos varios\"}]},{\"@type\":\"WebSite\",\"@id\":\"https:\/\/www.aguarda.es\/en\/#website\",\"url\":\"https:\/\/www.aguarda.es\/en\/\",\"name\":\"Concello da Guarda\",\"description\":\"P\u00e1xina web do concello da Guarda\",\"potentialAction\":[{\"@type\":\"SearchAction\",\"target\":{\"@type\":\"EntryPoint\",\"urlTemplate\":\"https:\/\/www.aguarda.es\/en\/?s={search_term_string}\"},\"query-input\":\"required name=search_term_string\"}],\"inLanguage\":\"en-US\"},{\"@type\":\"Person\",\"@id\":\"https:\/\/www.aguarda.es\/en\/#\/schema\/person\/c463ca3006858ffb349d11179d044f21\",\"name\":\"prensa\",\"image\":{\"@type\":\"ImageObject\",\"inLanguage\":\"en-US\",\"@id\":\"https:\/\/www.aguarda.es\/en\/#\/schema\/person\/image\/\",\"url\":\"https:\/\/secure.gravatar.com\/avatar\/5f90ef536b0f98306edf5c7a1135ffa1?s=96&d=mm&r=g\",\"contentUrl\":\"https:\/\/secure.gravatar.com\/avatar\/5f90ef536b0f98306edf5c7a1135ffa1?s=96&d=mm&r=g\",\"caption\":\"prensa\"},\"url\":\"https:\/\/www.aguarda.es\/en\/author\/prensa\/\"}]}<\/script>\n<!-- \/ Yoast SEO plugin. -->","yoast_head_json":{"title":"Resultados da primeira proba no proceso selectivo para a bolsa de oficiais de servizos varios - Concello da Guarda","robots":{"index":"index","follow":"follow","max-snippet":"max-snippet:-1","max-image-preview":"max-image-preview:large","max-video-preview":"max-video-preview:-1"},"canonical":"https:\/\/www.aguarda.es\/en\/12253\/","og_locale":"en_US","og_type":"article","og_title":"Resultados da primeira proba no proceso selectivo para a bolsa de oficiais de servizos varios - Concello da Guarda","og_description":"Resultados da primeira proba no proceso selectivo para a formaci\u00f3n dunha bolsa de traballo para oficiais de servizos varios:\u00a0 De acordo co artigo 8 da bases que regulan este proceso os aspirantes te\u00f1en tres d\u00edas h\u00e1biles para formular alegaci\u00f3ns \u00e1s &hellip;","og_url":"https:\/\/www.aguarda.es\/en\/12253\/","og_site_name":"Concello da Guarda","article_publisher":"https:\/\/www.facebook.com\/ConcellodaGuarda","article_published_time":"2018-02-16T13:37:42+00:00","article_modified_time":"2018-02-16T13:39:34+00:00","og_image":[{"width":1135,"height":712,"url":"https:\/\/www.aguarda.es\/wp-content\/uploads\/2017\/06\/escudo-full-2.jpg","type":"image\/jpeg"}],"author":"prensa","twitter_card":"summary_large_image","twitter_creator":"@AGuarda_es","twitter_site":"@AGuarda_es","twitter_misc":{"Written by":"prensa","Est. reading time":"1 minute"},"schema":{"@context":"https:\/\/schema.org","@graph":[{"@type":"WebPage","@id":"https:\/\/www.aguarda.es\/en\/12253\/","url":"https:\/\/www.aguarda.es\/en\/12253\/","name":"Resultados da primeira proba no proceso selectivo para a bolsa de oficiais de servizos varios - Concello da Guarda","isPartOf":{"@id":"https:\/\/www.aguarda.es\/en\/#website"},"datePublished":"2018-02-16T13:37:42+00:00","dateModified":"2018-02-16T13:39:34+00:00","author":{"@id":"https:\/\/www.aguarda.es\/en\/#\/schema\/person\/c463ca3006858ffb349d11179d044f21"},"breadcrumb":{"@id":"https:\/\/www.aguarda.es\/en\/12253\/#breadcrumb"},"inLanguage":"en-US","potentialAction":[{"@type":"ReadAction","target":["https:\/\/www.aguarda.es\/en\/12253\/"]}]},{"@type":"BreadcrumbList","@id":"https:\/\/www.aguarda.es\/en\/12253\/#breadcrumb","itemListElement":[{"@type":"ListItem","position":1,"name":"Portada","item":"https:\/\/www.aguarda.es\/en\/"},{"@type":"ListItem","position":2,"name":"Resultados da primeira proba no proceso selectivo para a bolsa de oficiais de servizos varios"}]},{"@type":"WebSite","@id":"https:\/\/www.aguarda.es\/en\/#website","url":"https:\/\/www.aguarda.es\/en\/","name":"Concello da Guarda","description":"P\u00e1xina web do concello da Guarda","potentialAction":[{"@type":"SearchAction","target":{"@type":"EntryPoint","urlTemplate":"https:\/\/www.aguarda.es\/en\/?s={search_term_string}"},"query-input":"required name=search_term_string"}],"inLanguage":"en-US"},{"@type":"Person","@id":"https:\/\/www.aguarda.es\/en\/#\/schema\/person\/c463ca3006858ffb349d11179d044f21","name":"prensa","image":{"@type":"ImageObject","inLanguage":"en-US","@id":"https:\/\/www.aguarda.es\/en\/#\/schema\/person\/image\/","url":"https:\/\/secure.gravatar.com\/avatar\/5f90ef536b0f98306edf5c7a1135ffa1?s=96&d=mm&r=g","contentUrl":"https:\/\/secure.gravatar.com\/avatar\/5f90ef536b0f98306edf5c7a1135ffa1?s=96&d=mm&r=g","caption":"prensa"},"url":"https:\/\/www.aguarda.es\/en\/author\/prensa\/"}]}},"_links":{"self":[{"href":"https:\/\/www.aguarda.es\/en\/wp-json\/wp\/v2\/posts\/12253"}],"collection":[{"href":"https:\/\/www.aguarda.es\/en\/wp-json\/wp\/v2\/posts"}],"about":[{"href":"https:\/\/www.aguarda.es\/en\/wp-json\/wp\/v2\/types\/post"}],"author":[{"embeddable":true,"href":"https:\/\/www.aguarda.es\/en\/wp-json\/wp\/v2\/users\/2"}],"replies":[{"embeddable":true,"href":"https:\/\/www.aguarda.es\/en\/wp-json\/wp\/v2\/comments?post=12253"}],"version-history":[{"count":3,"href":"https:\/\/www.aguarda.es\/en\/wp-json\/wp\/v2\/posts\/12253\/revisions"}],"predecessor-version":[{"id":12256,"href":"https:\/\/www.aguarda.es\/en\/wp-json\/wp\/v2\/posts\/12253\/revisions\/12256"}],"wp:featuredmedia":[{"embeddable":true,"href":"https:\/\/www.aguarda.es\/en\/wp-json\/wp\/v2\/media\/8850"}],"wp:attachment":[{"href":"https:\/\/www.aguarda.es\/en\/wp-json\/wp\/v2\/media?parent=12253"}],"wp:term":[{"taxonomy":"category","embeddable":true,"href":"https:\/\/www.aguarda.es\/en\/wp-json\/wp\/v2\/categories?post=12253"},{"taxonomy":"post_tag","embeddable":true,"href":"https:\/\/www.aguarda.es\/en\/wp-json\/wp\/v2\/tags?post=12253"}],"curies":[{"name":"wp","href":"https:\/\/api.w.org\/{rel}","templated":true}]}}