{"id":1230,"date":"2015-09-24T06:12:25","date_gmt":"2015-09-24T06:12:25","guid":{"rendered":"https:\/\/www.aguarda.es\/?p=1230"},"modified":"2015-09-24T06:12:25","modified_gmt":"2015-09-24T06:12:25","slug":"a-guarda-festexa-o-dia-mundial-do-turismo-con-visitas-ao-castro-de-santa-trega-e-viaxes-gratuitas-no-ferry","status":"publish","type":"post","link":"https:\/\/www.aguarda.es\/en\/a-guarda-festexa-o-dia-mundial-do-turismo-con-visitas-ao-castro-de-santa-trega-e-viaxes-gratuitas-no-ferry\/","title":{"rendered":"A Guarda festexa o D\u00eda Mundial do Turismo con visitas ao castro de Santa Trega e viaxes gratu\u00edtas no ferry"},"content":{"rendered":"\n<p>O Concello da Guarda e o Padroado Municipal do Monte Santa Trega celebran esta fin de semana o D\u00eda Mundial do Turismo.<\/p>\n<p>Nesta iniciativa of\u00e9rtanse visitas guiadas gratu\u00edtas aos castros do Monte Santa Trega tanto o s\u00e1bado, d\u00eda 26 de setembro, coma o domingo, d\u00eda 27. Os horarios marcados para ambos d\u00edas son, pola ma\u00f1\u00e1 \u00e1s 12 e as 13 horas e pola tarde \u00e1s 17, 18 e 19 horas.<br \/>Todas estas visitas durar\u00e1n 40 minutos e o punto de encontro \u00e9 o propio Castro.<\/p>\n<p>Os grupos de m\u00e1is de dez persoas deber\u00e1n facer reserva previa para as visitas no n\u00famero de tel\u00e9fono 986 61 05 04.<\/p>\n<p>Ademais, o propio domingo as viaxes de ferry tanto de A Guarda \u00e1 vila portuguesa de Caminha e viceversa, ser\u00e1n totalmente gratu\u00edtas.<br \/>A primeira viaxe que fai o ferry dende A Guarda a Caminha tanto o s\u00e1bado coma o domingo ser\u00e1 as 11,30 horas e a \u00faltima \u00e1s 20,15 horas. \u00d3 rev\u00e9s, dende Portugal a primeira viaxe \u00e9 as 11 horas e a \u00faltima \u00e1s 20 horas.<\/p>\n<p>Con este tipo de iniciativas o Concello da Guarda quere conmemorar esta data e invitar a turistas, visitantes e tam\u00e9n \u00f3s veci\u00f1os e veci\u00f1as da localidade a co\u00f1ecer e gozar do poboado castrexo do Monte Santa Trega.<\/p>\n<p><img decoding=\"async\" loading=\"lazy\" class=\" size-full wp-image-1229\" src=\"https:\/\/www.aguarda.es\/wp-content\/uploads\/2015\/09\/2015_diamundialturismo.jpg\" alt=\"\" width=\"424\" height=\"600\" srcset=\"https:\/\/www.aguarda.es\/wp-content\/uploads\/2015\/09\/2015_diamundialturismo.jpg 424w, https:\/\/www.aguarda.es\/wp-content\/uploads\/2015\/09\/2015_diamundialturismo-212x300.jpg 212w\" sizes=\"(max-width: 424px) 100vw, 424px\" \/><\/p>\n","protected":false},"excerpt":{"rendered":"<p>O Concello da Guarda e o Padroado Municipal do Monte Santa Trega celebran esta fin de semana o D\u00eda Mundial do Turismo. Nesta iniciativa of\u00e9rtanse visitas guiadas gratu\u00edtas aos castros do Monte Santa Trega tanto o s\u00e1bado, d\u00eda 26 de &hellip; <\/p>\n","protected":false},"author":1,"featured_media":1229,"comment_status":"open","ping_status":"open","sticky":false,"template":"","format":"standard","meta":[],"categories":[56],"tags":[],"yoast_head":"<!-- This site is optimized with the Yoast SEO plugin v21.1 - https:\/\/yoast.com\/wordpress\/plugins\/seo\/ -->\n<title>A Guarda festexa o D\u00eda Mundial do Turismo con visitas ao castro de Santa Trega e viaxes gratu\u00edtas no ferry - Concello da Guarda<\/title>\n<meta name=\"robots\" content=\"index, follow, max-snippet:-1, max-image-preview:large, max-video-preview:-1\" \/>\n<link rel=\"canonical\" href=\"https:\/\/www.aguarda.es\/en\/a-guarda-festexa-o-dia-mundial-do-turismo-con-visitas-ao-castro-de-santa-trega-e-viaxes-gratuitas-no-ferry\/\" \/>\n<meta property=\"og:locale\" content=\"en_US\" \/>\n<meta property=\"og:type\" content=\"article\" \/>\n<meta property=\"og:title\" content=\"A Guarda festexa o D\u00eda Mundial do Turismo con visitas ao castro de Santa Trega e viaxes gratu\u00edtas no ferry - Concello da Guarda\" \/>\n<meta property=\"og:description\" content=\"O Concello da Guarda e o Padroado Municipal do Monte Santa Trega celebran esta fin de semana o D\u00eda Mundial do Turismo. Nesta iniciativa of\u00e9rtanse visitas guiadas gratu\u00edtas aos castros do Monte Santa Trega tanto o s\u00e1bado, d\u00eda 26 de &hellip;\" \/>\n<meta property=\"og:url\" content=\"https:\/\/www.aguarda.es\/en\/a-guarda-festexa-o-dia-mundial-do-turismo-con-visitas-ao-castro-de-santa-trega-e-viaxes-gratuitas-no-ferry\/\" \/>\n<meta property=\"og:site_name\" content=\"Concello da Guarda\" \/>\n<meta property=\"article:publisher\" content=\"https:\/\/www.facebook.com\/ConcellodaGuarda\" \/>\n<meta property=\"article:published_time\" content=\"2015-09-24T06:12:25+00:00\" \/>\n<meta property=\"og:image\" content=\"https:\/\/www.aguarda.es\/wp-content\/uploads\/2015\/09\/2015_diamundialturismo.jpg\" \/>\n\t<meta property=\"og:image:width\" content=\"424\" \/>\n\t<meta property=\"og:image:height\" content=\"600\" \/>\n\t<meta property=\"og:image:type\" content=\"image\/jpeg\" \/>\n<meta name=\"author\" content=\"Concello\" \/>\n<meta name=\"twitter:card\" content=\"summary_large_image\" \/>\n<meta name=\"twitter:creator\" content=\"@AGuarda_es\" \/>\n<meta name=\"twitter:site\" content=\"@AGuarda_es\" \/>\n<meta name=\"twitter:label1\" content=\"Written by\" \/>\n\t<meta name=\"twitter:data1\" content=\"Concello\" \/>\n\t<meta name=\"twitter:label2\" content=\"Est. reading time\" \/>\n\t<meta name=\"twitter:data2\" content=\"1 minute\" \/>\n<script type=\"application\/ld+json\" class=\"yoast-schema-graph\">{\"@context\":\"https:\/\/schema.org\",\"@graph\":[{\"@type\":\"WebPage\",\"@id\":\"https:\/\/www.aguarda.es\/en\/a-guarda-festexa-o-dia-mundial-do-turismo-con-visitas-ao-castro-de-santa-trega-e-viaxes-gratuitas-no-ferry\/\",\"url\":\"https:\/\/www.aguarda.es\/en\/a-guarda-festexa-o-dia-mundial-do-turismo-con-visitas-ao-castro-de-santa-trega-e-viaxes-gratuitas-no-ferry\/\",\"name\":\"A Guarda festexa o D\u00eda Mundial do Turismo con visitas ao castro de Santa Trega e viaxes gratu\u00edtas no ferry - Concello da Guarda\",\"isPartOf\":{\"@id\":\"https:\/\/www.aguarda.es\/en\/#website\"},\"datePublished\":\"2015-09-24T06:12:25+00:00\",\"dateModified\":\"2015-09-24T06:12:25+00:00\",\"author\":{\"@id\":\"https:\/\/www.aguarda.es\/en\/#\/schema\/person\/ac30f4d74843174f0af56c730f74dd57\"},\"breadcrumb\":{\"@id\":\"https:\/\/www.aguarda.es\/en\/a-guarda-festexa-o-dia-mundial-do-turismo-con-visitas-ao-castro-de-santa-trega-e-viaxes-gratuitas-no-ferry\/#breadcrumb\"},\"inLanguage\":\"en-US\",\"potentialAction\":[{\"@type\":\"ReadAction\",\"target\":[\"https:\/\/www.aguarda.es\/en\/a-guarda-festexa-o-dia-mundial-do-turismo-con-visitas-ao-castro-de-santa-trega-e-viaxes-gratuitas-no-ferry\/\"]}]},{\"@type\":\"BreadcrumbList\",\"@id\":\"https:\/\/www.aguarda.es\/en\/a-guarda-festexa-o-dia-mundial-do-turismo-con-visitas-ao-castro-de-santa-trega-e-viaxes-gratuitas-no-ferry\/#breadcrumb\",\"itemListElement\":[{\"@type\":\"ListItem\",\"position\":1,\"name\":\"Portada\",\"item\":\"https:\/\/www.aguarda.es\/en\/\"},{\"@type\":\"ListItem\",\"position\":2,\"name\":\"A Guarda festexa o D\u00eda Mundial do Turismo con visitas ao castro de Santa Trega e viaxes gratu\u00edtas no ferry\"}]},{\"@type\":\"WebSite\",\"@id\":\"https:\/\/www.aguarda.es\/en\/#website\",\"url\":\"https:\/\/www.aguarda.es\/en\/\",\"name\":\"Concello da Guarda\",\"description\":\"P\u00e1xina web do concello da Guarda\",\"potentialAction\":[{\"@type\":\"SearchAction\",\"target\":{\"@type\":\"EntryPoint\",\"urlTemplate\":\"https:\/\/www.aguarda.es\/en\/?s={search_term_string}\"},\"query-input\":\"required name=search_term_string\"}],\"inLanguage\":\"en-US\"},{\"@type\":\"Person\",\"@id\":\"https:\/\/www.aguarda.es\/en\/#\/schema\/person\/ac30f4d74843174f0af56c730f74dd57\",\"name\":\"Concello\",\"image\":{\"@type\":\"ImageObject\",\"inLanguage\":\"en-US\",\"@id\":\"https:\/\/www.aguarda.es\/en\/#\/schema\/person\/image\/\",\"url\":\"https:\/\/secure.gravatar.com\/avatar\/7eda12a04da40b2ef77eb62e68f07027?s=96&d=mm&r=g\",\"contentUrl\":\"https:\/\/secure.gravatar.com\/avatar\/7eda12a04da40b2ef77eb62e68f07027?s=96&d=mm&r=g\",\"caption\":\"Concello\"},\"url\":\"https:\/\/www.aguarda.es\/en\/author\/admin\/\"}]}<\/script>\n<!-- \/ Yoast SEO plugin. -->","yoast_head_json":{"title":"A Guarda festexa o D\u00eda Mundial do Turismo con visitas ao castro de Santa Trega e viaxes gratu\u00edtas no ferry - Concello da Guarda","robots":{"index":"index","follow":"follow","max-snippet":"max-snippet:-1","max-image-preview":"max-image-preview:large","max-video-preview":"max-video-preview:-1"},"canonical":"https:\/\/www.aguarda.es\/en\/a-guarda-festexa-o-dia-mundial-do-turismo-con-visitas-ao-castro-de-santa-trega-e-viaxes-gratuitas-no-ferry\/","og_locale":"en_US","og_type":"article","og_title":"A Guarda festexa o D\u00eda Mundial do Turismo con visitas ao castro de Santa Trega e viaxes gratu\u00edtas no ferry - Concello da Guarda","og_description":"O Concello da Guarda e o Padroado Municipal do Monte Santa Trega celebran esta fin de semana o D\u00eda Mundial do Turismo. Nesta iniciativa of\u00e9rtanse visitas guiadas gratu\u00edtas aos castros do Monte Santa Trega tanto o s\u00e1bado, d\u00eda 26 de &hellip;","og_url":"https:\/\/www.aguarda.es\/en\/a-guarda-festexa-o-dia-mundial-do-turismo-con-visitas-ao-castro-de-santa-trega-e-viaxes-gratuitas-no-ferry\/","og_site_name":"Concello da Guarda","article_publisher":"https:\/\/www.facebook.com\/ConcellodaGuarda","article_published_time":"2015-09-24T06:12:25+00:00","og_image":[{"width":424,"height":600,"url":"https:\/\/www.aguarda.es\/wp-content\/uploads\/2015\/09\/2015_diamundialturismo.jpg","type":"image\/jpeg"}],"author":"Concello","twitter_card":"summary_large_image","twitter_creator":"@AGuarda_es","twitter_site":"@AGuarda_es","twitter_misc":{"Written by":"Concello","Est. reading time":"1 minute"},"schema":{"@context":"https:\/\/schema.org","@graph":[{"@type":"WebPage","@id":"https:\/\/www.aguarda.es\/en\/a-guarda-festexa-o-dia-mundial-do-turismo-con-visitas-ao-castro-de-santa-trega-e-viaxes-gratuitas-no-ferry\/","url":"https:\/\/www.aguarda.es\/en\/a-guarda-festexa-o-dia-mundial-do-turismo-con-visitas-ao-castro-de-santa-trega-e-viaxes-gratuitas-no-ferry\/","name":"A Guarda festexa o D\u00eda Mundial do Turismo con visitas ao castro de Santa Trega e viaxes gratu\u00edtas no ferry - Concello da Guarda","isPartOf":{"@id":"https:\/\/www.aguarda.es\/en\/#website"},"datePublished":"2015-09-24T06:12:25+00:00","dateModified":"2015-09-24T06:12:25+00:00","author":{"@id":"https:\/\/www.aguarda.es\/en\/#\/schema\/person\/ac30f4d74843174f0af56c730f74dd57"},"breadcrumb":{"@id":"https:\/\/www.aguarda.es\/en\/a-guarda-festexa-o-dia-mundial-do-turismo-con-visitas-ao-castro-de-santa-trega-e-viaxes-gratuitas-no-ferry\/#breadcrumb"},"inLanguage":"en-US","potentialAction":[{"@type":"ReadAction","target":["https:\/\/www.aguarda.es\/en\/a-guarda-festexa-o-dia-mundial-do-turismo-con-visitas-ao-castro-de-santa-trega-e-viaxes-gratuitas-no-ferry\/"]}]},{"@type":"BreadcrumbList","@id":"https:\/\/www.aguarda.es\/en\/a-guarda-festexa-o-dia-mundial-do-turismo-con-visitas-ao-castro-de-santa-trega-e-viaxes-gratuitas-no-ferry\/#breadcrumb","itemListElement":[{"@type":"ListItem","position":1,"name":"Portada","item":"https:\/\/www.aguarda.es\/en\/"},{"@type":"ListItem","position":2,"name":"A Guarda festexa o D\u00eda Mundial do Turismo con visitas ao castro de Santa Trega e viaxes gratu\u00edtas no ferry"}]},{"@type":"WebSite","@id":"https:\/\/www.aguarda.es\/en\/#website","url":"https:\/\/www.aguarda.es\/en\/","name":"Concello da Guarda","description":"P\u00e1xina web do concello da Guarda","potentialAction":[{"@type":"SearchAction","target":{"@type":"EntryPoint","urlTemplate":"https:\/\/www.aguarda.es\/en\/?s={search_term_string}"},"query-input":"required name=search_term_string"}],"inLanguage":"en-US"},{"@type":"Person","@id":"https:\/\/www.aguarda.es\/en\/#\/schema\/person\/ac30f4d74843174f0af56c730f74dd57","name":"Concello","image":{"@type":"ImageObject","inLanguage":"en-US","@id":"https:\/\/www.aguarda.es\/en\/#\/schema\/person\/image\/","url":"https:\/\/secure.gravatar.com\/avatar\/7eda12a04da40b2ef77eb62e68f07027?s=96&d=mm&r=g","contentUrl":"https:\/\/secure.gravatar.com\/avatar\/7eda12a04da40b2ef77eb62e68f07027?s=96&d=mm&r=g","caption":"Concello"},"url":"https:\/\/www.aguarda.es\/en\/author\/admin\/"}]}},"_links":{"self":[{"href":"https:\/\/www.aguarda.es\/en\/wp-json\/wp\/v2\/posts\/1230"}],"collection":[{"href":"https:\/\/www.aguarda.es\/en\/wp-json\/wp\/v2\/posts"}],"about":[{"href":"https:\/\/www.aguarda.es\/en\/wp-json\/wp\/v2\/types\/post"}],"author":[{"embeddable":true,"href":"https:\/\/www.aguarda.es\/en\/wp-json\/wp\/v2\/users\/1"}],"replies":[{"embeddable":true,"href":"https:\/\/www.aguarda.es\/en\/wp-json\/wp\/v2\/comments?post=1230"}],"version-history":[{"count":0,"href":"https:\/\/www.aguarda.es\/en\/wp-json\/wp\/v2\/posts\/1230\/revisions"}],"wp:featuredmedia":[{"embeddable":true,"href":"https:\/\/www.aguarda.es\/en\/wp-json\/wp\/v2\/media\/1229"}],"wp:attachment":[{"href":"https:\/\/www.aguarda.es\/en\/wp-json\/wp\/v2\/media?parent=1230"}],"wp:term":[{"taxonomy":"category","embeddable":true,"href":"https:\/\/www.aguarda.es\/en\/wp-json\/wp\/v2\/categories?post=1230"},{"taxonomy":"post_tag","embeddable":true,"href":"https:\/\/www.aguarda.es\/en\/wp-json\/wp\/v2\/tags?post=1230"}],"curies":[{"name":"wp","href":"https:\/\/api.w.org\/{rel}","templated":true}]}}