{"id":12348,"date":"2018-02-22T17:29:01","date_gmt":"2018-02-22T17:29:01","guid":{"rendered":"https:\/\/www.aguarda.es\/?p=12348"},"modified":"2018-02-23T09:45:52","modified_gmt":"2018-02-23T09:45:52","slug":"omix-publica-triptico-informativo-todas-as-actividades-programadas-2018","status":"publish","type":"post","link":"https:\/\/www.aguarda.es\/en\/omix-publica-triptico-informativo-todas-as-actividades-programadas-2018\/","title":{"rendered":"A OMIX publica un tr\u00edptico informativo coas actividades programadas para 2018"},"content":{"rendered":"<p class=\"p3\" style=\"text-align: justify\">A<span class=\"Apple-converted-space\">\u00a0 <\/span>Oficina de Informaci\u00f3n \u00e1 Xuventude (OMIX) do Concello da Guarda ven de publicar un tr\u00edptico informativo sobre as actividades programadas para este 2018, xa dispo\u00f1ible ao p\u00fablico no Concello, nas entidades educativas e<span class=\"Apple-converted-space\">\u00a0 <\/span>sociais, e<span class=\"Apple-converted-space\">\u00a0 <\/span>en diversos locais comerciais e de ocio da vila.<\/p>\n<p class=\"p3\" style=\"text-align: justify\">Co lema \u00abSal e participa! Comparte. Experimenta. Aprende\u00bb, o folleto recolle os <strong>distintos obradoiros, cursos e campamentos que a OMIX ofertar\u00e1 durante o ano<\/strong>, con informaci\u00f3n complementaria de interese. As\u00ed, no vindeiro mes de marzo haber\u00e1 un <a href=\"https:\/\/www.aguarda.es\/omix-impulsa-curso-de-monitor-de-tempo-libre-obradoiro-de-galletas-marzo\/\">curso de monitor\/a de tempo libre e un obradoiro de elaboraci\u00f3n de galletas<\/a>. O periodo de inscrici\u00f3n estar\u00e1 <span class=\"s1\">aberto ata o vindeiro<\/span><span class=\"s2\"> 9 de marzo.<\/span><\/p>\n<p class=\"p3\" style=\"text-align: justify\">No mes de abril, comezar\u00e1 un <strong>curso de ingl\u00e9s para adultos<\/strong> que, a un prezo de 25 euros, ofertar\u00e1 ao alumnado as ferramentas necesarias para manter conversaci\u00f3ns coti\u00e1s; e, tam\u00e9n en abril, celebrarase un <strong>obradoiro de Scketching<\/strong>, en colaboraci\u00f3n coa Escola Superior Gallaecia. Este ser\u00e1 un taller de aproximadamente 3 horas de duraci\u00f3n, co que se pretender\u00e1 achegar a toda a poboaci\u00f3n as ferramentas para sacar proveito \u00e1s habilidades pl\u00e1sticas, o dese\u00f1o e os recursos multimedia.<\/p>\n<p class=\"p3\" style=\"text-align: justify\">En maio, t\u00f3calle a quenda ao <strong>obradoiro de iniciaci\u00f3n ao gravado en relevo<\/strong> e de creaci\u00f3n de selos para estampar (<i>stamp carvin<\/i>g). Da man do artista local Alfonso Vicente, aprenderemos as t\u00e9cnicas b\u00e1sicas do gravado en relevo, para toda aquela persoa que desexe experimentar cun proceso manual e personalizado.<\/p>\n<div class=\"wpmf-gallerys\"><div id=\"gallery-1\" data-id=\"gallery-1\" data-gutterwidth=\"5\" \n class=\"gallery flexslider carousel wpmfflexslider gallery-link-file wpmf-has-border-radius-0 wpmf-gutterwidth-5 wpmf-gg-multiple-columns\" data-wpmfcolumns=\"3\" data-auto_animation=\"1\" data-border-width=\"0\" data-shadow=\"0\"><ul class=\"slides wpmf-slides\"><\/ul><\/div><\/div>\n<p class=\"p3\" style=\"text-align: justify\"><span class=\"s1\">A<\/span> mocidade ter\u00e1 oportunidade de realizar en xu\u00f1o un <strong>obradoiro de v\u00eddeo en 1 minuto<\/strong>, organizado en colaboraci\u00f3n coa Escola Superior Gallaecia. Este taller ofrecer\u00e1 os co\u00f1ecementos e ferramentas b\u00e1sicas para realizar edici\u00f3ns r\u00e1pidas e sinxelas de v\u00eddeo, logrando montaxes audiovisuais completas e atractivas.<\/p>\n<p class=\"p3\" style=\"text-align: justify\">Nos meses de ver\u00e1n, organizaranse o tradicional <strong>campamento urbano e o campus deportivo<\/strong>, cuxas modalidades e prezos de inscrici\u00f3ns daranse a co\u00f1ecer unha vez se anuncie a apertura do prazo de inscrici\u00f3n, previsiblemente en xu\u00f1o.<\/p>\n<p class=\"p3\" style=\"text-align: justify\">Durante o derradeiro cuadrimestre do ano,<i> <\/i>retomaranse os obradoiros de coci\u00f1a, cun curso centrado na elaboraci\u00f3n de masas para no mes de setembro. As populares <strong>xornadas de micolox\u00eda<\/strong> celebraranse en outubro, con data a establecer en funci\u00f3n da meteorolox\u00eda e, xa en novembro, os e as amantes das manualidades poder\u00e1n participar nun <strong>obradoiro de DIY para a personalizaci\u00f3n de axendas<\/strong>.<\/p>\n<p class=\"p3\" style=\"text-align: justify\">A informaci\u00f3n detallada sobre as actividades programadas a partir do segundo trimestre (abril a decembro) do ano daranse a co\u00f1ecer en redes sociais e medios de comunicaci\u00f3n nos pr\u00f3ximos meses.<span class=\"Apple-converted-space\">\u00a0 <\/span>Para m\u00e1is informaci\u00f3n, as persoas interesadas poden dirixirse \u00e1 OMIX do Concello da Guarda, chamando ao 986 614 546, a trav\u00e9s do correo electr\u00f3nico <a href=\"mailto:informacion@aguarda.es\">informacion@aguarda.es<\/a> ou na s\u00faa p\u00e1xina de Facebook (@patricia.omixaguarda).<\/p>\n","protected":false},"excerpt":{"rendered":"<p>A\u00a0 Oficina de Informaci\u00f3n \u00e1 Xuventude (OMIX) do Concello da Guarda ven de publicar un tr\u00edptico informativo sobre as actividades programadas para este 2018, xa dispo\u00f1ible ao p\u00fablico no Concello, nas entidades educativas e\u00a0 sociais, e\u00a0 en diversos locais comerciais &hellip; <\/p>\n","protected":false},"author":2,"featured_media":12352,"comment_status":"open","ping_status":"open","sticky":false,"template":"","format":"standard","meta":[],"categories":[35,48],"tags":[348,369,284,286],"yoast_head":"<!-- This site is optimized with the Yoast SEO plugin v21.1 - https:\/\/yoast.com\/wordpress\/plugins\/seo\/ -->\n<title>A OMIX publica un tr\u00edptico informativo coas actividades programadas para 2018 - Concello da Guarda<\/title>\n<meta name=\"robots\" content=\"index, follow, max-snippet:-1, max-image-preview:large, max-video-preview:-1\" \/>\n<link rel=\"canonical\" href=\"https:\/\/www.aguarda.es\/en\/omix-publica-triptico-informativo-todas-as-actividades-programadas-2018\/\" \/>\n<meta property=\"og:locale\" content=\"en_US\" \/>\n<meta property=\"og:type\" content=\"article\" \/>\n<meta property=\"og:title\" content=\"A OMIX publica un tr\u00edptico informativo coas actividades programadas para 2018 - Concello da Guarda\" \/>\n<meta property=\"og:description\" content=\"A\u00a0 Oficina de Informaci\u00f3n \u00e1 Xuventude (OMIX) do Concello da Guarda ven de publicar un tr\u00edptico informativo sobre as actividades programadas para este 2018, xa dispo\u00f1ible ao p\u00fablico no Concello, nas entidades educativas e\u00a0 sociais, e\u00a0 en diversos locais comerciais &hellip;\" \/>\n<meta property=\"og:url\" content=\"https:\/\/www.aguarda.es\/en\/omix-publica-triptico-informativo-todas-as-actividades-programadas-2018\/\" \/>\n<meta property=\"og:site_name\" content=\"Concello da Guarda\" \/>\n<meta property=\"article:publisher\" content=\"https:\/\/www.facebook.com\/ConcellodaGuarda\" \/>\n<meta property=\"article:published_time\" content=\"2018-02-22T17:29:01+00:00\" \/>\n<meta property=\"article:modified_time\" content=\"2018-02-23T09:45:52+00:00\" \/>\n<meta property=\"og:image\" content=\"https:\/\/www.aguarda.es\/wp-content\/uploads\/2018\/02\/Captura-de-pantalla-2018-02-22-a-las-17.40.14.png\" \/>\n\t<meta property=\"og:image:width\" content=\"712\" \/>\n\t<meta property=\"og:image:height\" content=\"478\" \/>\n\t<meta property=\"og:image:type\" content=\"image\/png\" \/>\n<meta name=\"author\" content=\"prensa\" \/>\n<meta name=\"twitter:card\" content=\"summary_large_image\" \/>\n<meta name=\"twitter:creator\" content=\"@AGuarda_es\" \/>\n<meta name=\"twitter:site\" content=\"@AGuarda_es\" \/>\n<meta name=\"twitter:label1\" content=\"Written by\" \/>\n\t<meta name=\"twitter:data1\" content=\"prensa\" \/>\n\t<meta name=\"twitter:label2\" content=\"Est. reading time\" \/>\n\t<meta name=\"twitter:data2\" content=\"2 minutes\" \/>\n<script type=\"application\/ld+json\" class=\"yoast-schema-graph\">{\"@context\":\"https:\/\/schema.org\",\"@graph\":[{\"@type\":\"WebPage\",\"@id\":\"https:\/\/www.aguarda.es\/en\/omix-publica-triptico-informativo-todas-as-actividades-programadas-2018\/\",\"url\":\"https:\/\/www.aguarda.es\/en\/omix-publica-triptico-informativo-todas-as-actividades-programadas-2018\/\",\"name\":\"A OMIX publica un tr\u00edptico informativo coas actividades programadas para 2018 - Concello da Guarda\",\"isPartOf\":{\"@id\":\"https:\/\/www.aguarda.es\/en\/#website\"},\"datePublished\":\"2018-02-22T17:29:01+00:00\",\"dateModified\":\"2018-02-23T09:45:52+00:00\",\"author\":{\"@id\":\"https:\/\/www.aguarda.es\/en\/#\/schema\/person\/c463ca3006858ffb349d11179d044f21\"},\"breadcrumb\":{\"@id\":\"https:\/\/www.aguarda.es\/en\/omix-publica-triptico-informativo-todas-as-actividades-programadas-2018\/#breadcrumb\"},\"inLanguage\":\"en-US\",\"potentialAction\":[{\"@type\":\"ReadAction\",\"target\":[\"https:\/\/www.aguarda.es\/en\/omix-publica-triptico-informativo-todas-as-actividades-programadas-2018\/\"]}]},{\"@type\":\"BreadcrumbList\",\"@id\":\"https:\/\/www.aguarda.es\/en\/omix-publica-triptico-informativo-todas-as-actividades-programadas-2018\/#breadcrumb\",\"itemListElement\":[{\"@type\":\"ListItem\",\"position\":1,\"name\":\"Portada\",\"item\":\"https:\/\/www.aguarda.es\/en\/\"},{\"@type\":\"ListItem\",\"position\":2,\"name\":\"A OMIX publica un tr\u00edptico informativo coas actividades programadas para 2018\"}]},{\"@type\":\"WebSite\",\"@id\":\"https:\/\/www.aguarda.es\/en\/#website\",\"url\":\"https:\/\/www.aguarda.es\/en\/\",\"name\":\"Concello da Guarda\",\"description\":\"P\u00e1xina web do concello da Guarda\",\"potentialAction\":[{\"@type\":\"SearchAction\",\"target\":{\"@type\":\"EntryPoint\",\"urlTemplate\":\"https:\/\/www.aguarda.es\/en\/?s={search_term_string}\"},\"query-input\":\"required name=search_term_string\"}],\"inLanguage\":\"en-US\"},{\"@type\":\"Person\",\"@id\":\"https:\/\/www.aguarda.es\/en\/#\/schema\/person\/c463ca3006858ffb349d11179d044f21\",\"name\":\"prensa\",\"image\":{\"@type\":\"ImageObject\",\"inLanguage\":\"en-US\",\"@id\":\"https:\/\/www.aguarda.es\/en\/#\/schema\/person\/image\/\",\"url\":\"https:\/\/secure.gravatar.com\/avatar\/5f90ef536b0f98306edf5c7a1135ffa1?s=96&d=mm&r=g\",\"contentUrl\":\"https:\/\/secure.gravatar.com\/avatar\/5f90ef536b0f98306edf5c7a1135ffa1?s=96&d=mm&r=g\",\"caption\":\"prensa\"},\"url\":\"https:\/\/www.aguarda.es\/en\/author\/prensa\/\"}]}<\/script>\n<!-- \/ Yoast SEO plugin. -->","yoast_head_json":{"title":"A OMIX publica un tr\u00edptico informativo coas actividades programadas para 2018 - Concello da Guarda","robots":{"index":"index","follow":"follow","max-snippet":"max-snippet:-1","max-image-preview":"max-image-preview:large","max-video-preview":"max-video-preview:-1"},"canonical":"https:\/\/www.aguarda.es\/en\/omix-publica-triptico-informativo-todas-as-actividades-programadas-2018\/","og_locale":"en_US","og_type":"article","og_title":"A OMIX publica un tr\u00edptico informativo coas actividades programadas para 2018 - Concello da Guarda","og_description":"A\u00a0 Oficina de Informaci\u00f3n \u00e1 Xuventude (OMIX) do Concello da Guarda ven de publicar un tr\u00edptico informativo sobre as actividades programadas para este 2018, xa dispo\u00f1ible ao p\u00fablico no Concello, nas entidades educativas e\u00a0 sociais, e\u00a0 en diversos locais comerciais &hellip;","og_url":"https:\/\/www.aguarda.es\/en\/omix-publica-triptico-informativo-todas-as-actividades-programadas-2018\/","og_site_name":"Concello da Guarda","article_publisher":"https:\/\/www.facebook.com\/ConcellodaGuarda","article_published_time":"2018-02-22T17:29:01+00:00","article_modified_time":"2018-02-23T09:45:52+00:00","og_image":[{"width":712,"height":478,"url":"https:\/\/www.aguarda.es\/wp-content\/uploads\/2018\/02\/Captura-de-pantalla-2018-02-22-a-las-17.40.14.png","type":"image\/png"}],"author":"prensa","twitter_card":"summary_large_image","twitter_creator":"@AGuarda_es","twitter_site":"@AGuarda_es","twitter_misc":{"Written by":"prensa","Est. reading time":"2 minutes"},"schema":{"@context":"https:\/\/schema.org","@graph":[{"@type":"WebPage","@id":"https:\/\/www.aguarda.es\/en\/omix-publica-triptico-informativo-todas-as-actividades-programadas-2018\/","url":"https:\/\/www.aguarda.es\/en\/omix-publica-triptico-informativo-todas-as-actividades-programadas-2018\/","name":"A OMIX publica un tr\u00edptico informativo coas actividades programadas para 2018 - Concello da Guarda","isPartOf":{"@id":"https:\/\/www.aguarda.es\/en\/#website"},"datePublished":"2018-02-22T17:29:01+00:00","dateModified":"2018-02-23T09:45:52+00:00","author":{"@id":"https:\/\/www.aguarda.es\/en\/#\/schema\/person\/c463ca3006858ffb349d11179d044f21"},"breadcrumb":{"@id":"https:\/\/www.aguarda.es\/en\/omix-publica-triptico-informativo-todas-as-actividades-programadas-2018\/#breadcrumb"},"inLanguage":"en-US","potentialAction":[{"@type":"ReadAction","target":["https:\/\/www.aguarda.es\/en\/omix-publica-triptico-informativo-todas-as-actividades-programadas-2018\/"]}]},{"@type":"BreadcrumbList","@id":"https:\/\/www.aguarda.es\/en\/omix-publica-triptico-informativo-todas-as-actividades-programadas-2018\/#breadcrumb","itemListElement":[{"@type":"ListItem","position":1,"name":"Portada","item":"https:\/\/www.aguarda.es\/en\/"},{"@type":"ListItem","position":2,"name":"A OMIX publica un tr\u00edptico informativo coas actividades programadas para 2018"}]},{"@type":"WebSite","@id":"https:\/\/www.aguarda.es\/en\/#website","url":"https:\/\/www.aguarda.es\/en\/","name":"Concello da Guarda","description":"P\u00e1xina web do concello da Guarda","potentialAction":[{"@type":"SearchAction","target":{"@type":"EntryPoint","urlTemplate":"https:\/\/www.aguarda.es\/en\/?s={search_term_string}"},"query-input":"required name=search_term_string"}],"inLanguage":"en-US"},{"@type":"Person","@id":"https:\/\/www.aguarda.es\/en\/#\/schema\/person\/c463ca3006858ffb349d11179d044f21","name":"prensa","image":{"@type":"ImageObject","inLanguage":"en-US","@id":"https:\/\/www.aguarda.es\/en\/#\/schema\/person\/image\/","url":"https:\/\/secure.gravatar.com\/avatar\/5f90ef536b0f98306edf5c7a1135ffa1?s=96&d=mm&r=g","contentUrl":"https:\/\/secure.gravatar.com\/avatar\/5f90ef536b0f98306edf5c7a1135ffa1?s=96&d=mm&r=g","caption":"prensa"},"url":"https:\/\/www.aguarda.es\/en\/author\/prensa\/"}]}},"_links":{"self":[{"href":"https:\/\/www.aguarda.es\/en\/wp-json\/wp\/v2\/posts\/12348"}],"collection":[{"href":"https:\/\/www.aguarda.es\/en\/wp-json\/wp\/v2\/posts"}],"about":[{"href":"https:\/\/www.aguarda.es\/en\/wp-json\/wp\/v2\/types\/post"}],"author":[{"embeddable":true,"href":"https:\/\/www.aguarda.es\/en\/wp-json\/wp\/v2\/users\/2"}],"replies":[{"embeddable":true,"href":"https:\/\/www.aguarda.es\/en\/wp-json\/wp\/v2\/comments?post=12348"}],"version-history":[{"count":6,"href":"https:\/\/www.aguarda.es\/en\/wp-json\/wp\/v2\/posts\/12348\/revisions"}],"predecessor-version":[{"id":12360,"href":"https:\/\/www.aguarda.es\/en\/wp-json\/wp\/v2\/posts\/12348\/revisions\/12360"}],"wp:featuredmedia":[{"embeddable":true,"href":"https:\/\/www.aguarda.es\/en\/wp-json\/wp\/v2\/media\/12352"}],"wp:attachment":[{"href":"https:\/\/www.aguarda.es\/en\/wp-json\/wp\/v2\/media?parent=12348"}],"wp:term":[{"taxonomy":"category","embeddable":true,"href":"https:\/\/www.aguarda.es\/en\/wp-json\/wp\/v2\/categories?post=12348"},{"taxonomy":"post_tag","embeddable":true,"href":"https:\/\/www.aguarda.es\/en\/wp-json\/wp\/v2\/tags?post=12348"}],"curies":[{"name":"wp","href":"https:\/\/api.w.org\/{rel}","templated":true}]}}