{"id":12451,"date":"2018-02-28T08:46:40","date_gmt":"2018-02-28T08:46:40","guid":{"rendered":"https:\/\/www.aguarda.es\/?p=12451"},"modified":"2018-02-28T08:46:40","modified_gmt":"2018-02-28T08:46:40","slug":"concello-impulsa-novo-curso-formacion-de-camareiros-as-bares-restaurantes","status":"publish","type":"post","link":"https:\/\/www.aguarda.es\/en\/concello-impulsa-novo-curso-formacion-de-camareiros-as-bares-restaurantes\/","title":{"rendered":"O Concello impulsa un novo curso para a formaci\u00f3n de camareiros\/as en bares e restaurantes"},"content":{"rendered":"<p style=\"text-align: justify\">A Conceller\u00eda de Turismo ofrece un curso gratu\u00edto para a formaci\u00f3n de camareiros\/as de bares e restaurantes, que se desenvolver\u00e1 entre o 24 de marzo e o 26 de maio. O obxectivo principal \u00e9 <strong>formar a novos camareiros\/as na preparaci\u00f3n e presentaci\u00f3n de bebidas e alimentos<\/strong> propios dun bar ou restaurante, aplicando as normas b\u00e1sicas de manipulaci\u00f3n de alimentos e atenci\u00f3n ao cliente. Ao remate formaci\u00f3n, o alumnado tam\u00e9n recibir\u00e1 o diploma de manipulador de alimentos.<img decoding=\"async\" loading=\"lazy\" class=\" wp-image-12450 alignright\" src=\"https:\/\/www.aguarda.es\/wp-content\/uploads\/2018\/02\/A-Lami\u00f1a1-1-212x300.jpg\" alt=\"\" width=\"259\" height=\"367\" srcset=\"https:\/\/www.aguarda.es\/wp-content\/uploads\/2018\/02\/A-Lami\u00f1a1-1-212x300.jpg 212w, https:\/\/www.aguarda.es\/wp-content\/uploads\/2018\/02\/A-Lami\u00f1a1-1.jpg 495w\" sizes=\"(max-width: 259px) 100vw, 259px\" \/><\/p>\n<p style=\"text-align: justify\">A programaci\u00f3n est\u00e1 dese\u00f1ada para que as persoas participantes adquiran as noci\u00f3ns b\u00e1sicas na adecuaci\u00f3n do local, reposici\u00f3n de material, servizo de alimentos e bebidas en mesa e barra, e atenci\u00f3n ao cliente no servizo de restaurante e bar.<\/p>\n<p style=\"text-align: justify\">O curso ter\u00e1 <strong>unha duraci\u00f3n total de 82 horas<\/strong>. Delas, 47 destinaranse \u00e1 formaci\u00f3n te\u00f3rica, impart\u00edndose durante 8 s\u00e1bados pola ma\u00f1\u00e1 e, na derradeira semana de maio, <strong>o alumnado realizar\u00e1 35 horas de pr\u00e1cticas en bares e restaurantes<\/strong> da Guarda e a s\u00faa contorna.<\/p>\n<p style=\"text-align: justify\">As inscrici\u00f3ns poder\u00e1n realizarse na Oficina de Turismo do Concello da Guarda (Praza do Rel\u00f3, 1), chamando ao tel\u00e9fono 986 61 45 46 ou a trav\u00e9s do correo electr\u00f3nico turismo@aguarda.es. As prazas son limitadas e ser\u00e1n outorgadas por rigorosa orde de inscrici\u00f3n.<\/p>\n<p>&nbsp;<\/p>\n","protected":false},"excerpt":{"rendered":"<p>A Conceller\u00eda de Turismo ofrece un curso gratu\u00edto para a formaci\u00f3n de camareiros\/as de bares e restaurantes, que se desenvolver\u00e1 entre o 24 de marzo e o 26 de maio. O obxectivo principal \u00e9 formar a novos camareiros\/as na preparaci\u00f3n &hellip; <\/p>\n","protected":false},"author":2,"featured_media":12452,"comment_status":"open","ping_status":"open","sticky":false,"template":"","format":"standard","meta":[],"categories":[56],"tags":[985,983,982,734,981,747,984,986],"yoast_head":"<!-- This site is optimized with the Yoast SEO plugin v21.1 - https:\/\/yoast.com\/wordpress\/plugins\/seo\/ -->\n<title>O Concello impulsa un novo curso para a formaci\u00f3n de camareiros\/as en bares e restaurantes - Concello da Guarda<\/title>\n<meta name=\"robots\" content=\"index, follow, max-snippet:-1, max-image-preview:large, max-video-preview:-1\" \/>\n<link rel=\"canonical\" href=\"https:\/\/www.aguarda.es\/en\/concello-impulsa-novo-curso-formacion-de-camareiros-as-bares-restaurantes\/\" \/>\n<meta property=\"og:locale\" content=\"en_US\" \/>\n<meta property=\"og:type\" content=\"article\" \/>\n<meta property=\"og:title\" content=\"O Concello impulsa un novo curso para a formaci\u00f3n de camareiros\/as en bares e restaurantes - Concello da Guarda\" \/>\n<meta property=\"og:description\" content=\"A Conceller\u00eda de Turismo ofrece un curso gratu\u00edto para a formaci\u00f3n de camareiros\/as de bares e restaurantes, que se desenvolver\u00e1 entre o 24 de marzo e o 26 de maio. O obxectivo principal \u00e9 formar a novos camareiros\/as na preparaci\u00f3n &hellip;\" \/>\n<meta property=\"og:url\" content=\"https:\/\/www.aguarda.es\/en\/concello-impulsa-novo-curso-formacion-de-camareiros-as-bares-restaurantes\/\" \/>\n<meta property=\"og:site_name\" content=\"Concello da Guarda\" \/>\n<meta property=\"article:publisher\" content=\"https:\/\/www.facebook.com\/ConcellodaGuarda\" \/>\n<meta property=\"article:published_time\" content=\"2018-02-28T08:46:40+00:00\" \/>\n<meta property=\"og:image\" content=\"https:\/\/www.aguarda.es\/wp-content\/uploads\/2018\/02\/Camarera.jpg\" \/>\n\t<meta property=\"og:image:width\" content=\"829\" \/>\n\t<meta property=\"og:image:height\" content=\"467\" \/>\n\t<meta property=\"og:image:type\" content=\"image\/jpeg\" \/>\n<meta name=\"author\" content=\"prensa\" \/>\n<meta name=\"twitter:card\" content=\"summary_large_image\" \/>\n<meta name=\"twitter:creator\" content=\"@AGuarda_es\" \/>\n<meta name=\"twitter:site\" content=\"@AGuarda_es\" \/>\n<meta name=\"twitter:label1\" content=\"Written by\" \/>\n\t<meta name=\"twitter:data1\" content=\"prensa\" \/>\n\t<meta name=\"twitter:label2\" content=\"Est. reading time\" \/>\n\t<meta name=\"twitter:data2\" content=\"1 minute\" \/>\n<script type=\"application\/ld+json\" class=\"yoast-schema-graph\">{\"@context\":\"https:\/\/schema.org\",\"@graph\":[{\"@type\":\"WebPage\",\"@id\":\"https:\/\/www.aguarda.es\/en\/concello-impulsa-novo-curso-formacion-de-camareiros-as-bares-restaurantes\/\",\"url\":\"https:\/\/www.aguarda.es\/en\/concello-impulsa-novo-curso-formacion-de-camareiros-as-bares-restaurantes\/\",\"name\":\"O Concello impulsa un novo curso para a formaci\u00f3n de camareiros\/as en bares e restaurantes - Concello da Guarda\",\"isPartOf\":{\"@id\":\"https:\/\/www.aguarda.es\/en\/#website\"},\"datePublished\":\"2018-02-28T08:46:40+00:00\",\"dateModified\":\"2018-02-28T08:46:40+00:00\",\"author\":{\"@id\":\"https:\/\/www.aguarda.es\/en\/#\/schema\/person\/c463ca3006858ffb349d11179d044f21\"},\"breadcrumb\":{\"@id\":\"https:\/\/www.aguarda.es\/en\/concello-impulsa-novo-curso-formacion-de-camareiros-as-bares-restaurantes\/#breadcrumb\"},\"inLanguage\":\"en-US\",\"potentialAction\":[{\"@type\":\"ReadAction\",\"target\":[\"https:\/\/www.aguarda.es\/en\/concello-impulsa-novo-curso-formacion-de-camareiros-as-bares-restaurantes\/\"]}]},{\"@type\":\"BreadcrumbList\",\"@id\":\"https:\/\/www.aguarda.es\/en\/concello-impulsa-novo-curso-formacion-de-camareiros-as-bares-restaurantes\/#breadcrumb\",\"itemListElement\":[{\"@type\":\"ListItem\",\"position\":1,\"name\":\"Portada\",\"item\":\"https:\/\/www.aguarda.es\/en\/\"},{\"@type\":\"ListItem\",\"position\":2,\"name\":\"O Concello impulsa un novo curso para a formaci\u00f3n de camareiros\/as en bares e restaurantes\"}]},{\"@type\":\"WebSite\",\"@id\":\"https:\/\/www.aguarda.es\/en\/#website\",\"url\":\"https:\/\/www.aguarda.es\/en\/\",\"name\":\"Concello da Guarda\",\"description\":\"P\u00e1xina web do concello da Guarda\",\"potentialAction\":[{\"@type\":\"SearchAction\",\"target\":{\"@type\":\"EntryPoint\",\"urlTemplate\":\"https:\/\/www.aguarda.es\/en\/?s={search_term_string}\"},\"query-input\":\"required name=search_term_string\"}],\"inLanguage\":\"en-US\"},{\"@type\":\"Person\",\"@id\":\"https:\/\/www.aguarda.es\/en\/#\/schema\/person\/c463ca3006858ffb349d11179d044f21\",\"name\":\"prensa\",\"image\":{\"@type\":\"ImageObject\",\"inLanguage\":\"en-US\",\"@id\":\"https:\/\/www.aguarda.es\/en\/#\/schema\/person\/image\/\",\"url\":\"https:\/\/secure.gravatar.com\/avatar\/5f90ef536b0f98306edf5c7a1135ffa1?s=96&d=mm&r=g\",\"contentUrl\":\"https:\/\/secure.gravatar.com\/avatar\/5f90ef536b0f98306edf5c7a1135ffa1?s=96&d=mm&r=g\",\"caption\":\"prensa\"},\"url\":\"https:\/\/www.aguarda.es\/en\/author\/prensa\/\"}]}<\/script>\n<!-- \/ Yoast SEO plugin. -->","yoast_head_json":{"title":"O Concello impulsa un novo curso para a formaci\u00f3n de camareiros\/as en bares e restaurantes - Concello da Guarda","robots":{"index":"index","follow":"follow","max-snippet":"max-snippet:-1","max-image-preview":"max-image-preview:large","max-video-preview":"max-video-preview:-1"},"canonical":"https:\/\/www.aguarda.es\/en\/concello-impulsa-novo-curso-formacion-de-camareiros-as-bares-restaurantes\/","og_locale":"en_US","og_type":"article","og_title":"O Concello impulsa un novo curso para a formaci\u00f3n de camareiros\/as en bares e restaurantes - Concello da Guarda","og_description":"A Conceller\u00eda de Turismo ofrece un curso gratu\u00edto para a formaci\u00f3n de camareiros\/as de bares e restaurantes, que se desenvolver\u00e1 entre o 24 de marzo e o 26 de maio. O obxectivo principal \u00e9 formar a novos camareiros\/as na preparaci\u00f3n &hellip;","og_url":"https:\/\/www.aguarda.es\/en\/concello-impulsa-novo-curso-formacion-de-camareiros-as-bares-restaurantes\/","og_site_name":"Concello da Guarda","article_publisher":"https:\/\/www.facebook.com\/ConcellodaGuarda","article_published_time":"2018-02-28T08:46:40+00:00","og_image":[{"width":829,"height":467,"url":"https:\/\/www.aguarda.es\/wp-content\/uploads\/2018\/02\/Camarera.jpg","type":"image\/jpeg"}],"author":"prensa","twitter_card":"summary_large_image","twitter_creator":"@AGuarda_es","twitter_site":"@AGuarda_es","twitter_misc":{"Written by":"prensa","Est. reading time":"1 minute"},"schema":{"@context":"https:\/\/schema.org","@graph":[{"@type":"WebPage","@id":"https:\/\/www.aguarda.es\/en\/concello-impulsa-novo-curso-formacion-de-camareiros-as-bares-restaurantes\/","url":"https:\/\/www.aguarda.es\/en\/concello-impulsa-novo-curso-formacion-de-camareiros-as-bares-restaurantes\/","name":"O Concello impulsa un novo curso para a formaci\u00f3n de camareiros\/as en bares e restaurantes - Concello da Guarda","isPartOf":{"@id":"https:\/\/www.aguarda.es\/en\/#website"},"datePublished":"2018-02-28T08:46:40+00:00","dateModified":"2018-02-28T08:46:40+00:00","author":{"@id":"https:\/\/www.aguarda.es\/en\/#\/schema\/person\/c463ca3006858ffb349d11179d044f21"},"breadcrumb":{"@id":"https:\/\/www.aguarda.es\/en\/concello-impulsa-novo-curso-formacion-de-camareiros-as-bares-restaurantes\/#breadcrumb"},"inLanguage":"en-US","potentialAction":[{"@type":"ReadAction","target":["https:\/\/www.aguarda.es\/en\/concello-impulsa-novo-curso-formacion-de-camareiros-as-bares-restaurantes\/"]}]},{"@type":"BreadcrumbList","@id":"https:\/\/www.aguarda.es\/en\/concello-impulsa-novo-curso-formacion-de-camareiros-as-bares-restaurantes\/#breadcrumb","itemListElement":[{"@type":"ListItem","position":1,"name":"Portada","item":"https:\/\/www.aguarda.es\/en\/"},{"@type":"ListItem","position":2,"name":"O Concello impulsa un novo curso para a formaci\u00f3n de camareiros\/as en bares e restaurantes"}]},{"@type":"WebSite","@id":"https:\/\/www.aguarda.es\/en\/#website","url":"https:\/\/www.aguarda.es\/en\/","name":"Concello da Guarda","description":"P\u00e1xina web do concello da Guarda","potentialAction":[{"@type":"SearchAction","target":{"@type":"EntryPoint","urlTemplate":"https:\/\/www.aguarda.es\/en\/?s={search_term_string}"},"query-input":"required name=search_term_string"}],"inLanguage":"en-US"},{"@type":"Person","@id":"https:\/\/www.aguarda.es\/en\/#\/schema\/person\/c463ca3006858ffb349d11179d044f21","name":"prensa","image":{"@type":"ImageObject","inLanguage":"en-US","@id":"https:\/\/www.aguarda.es\/en\/#\/schema\/person\/image\/","url":"https:\/\/secure.gravatar.com\/avatar\/5f90ef536b0f98306edf5c7a1135ffa1?s=96&d=mm&r=g","contentUrl":"https:\/\/secure.gravatar.com\/avatar\/5f90ef536b0f98306edf5c7a1135ffa1?s=96&d=mm&r=g","caption":"prensa"},"url":"https:\/\/www.aguarda.es\/en\/author\/prensa\/"}]}},"_links":{"self":[{"href":"https:\/\/www.aguarda.es\/en\/wp-json\/wp\/v2\/posts\/12451"}],"collection":[{"href":"https:\/\/www.aguarda.es\/en\/wp-json\/wp\/v2\/posts"}],"about":[{"href":"https:\/\/www.aguarda.es\/en\/wp-json\/wp\/v2\/types\/post"}],"author":[{"embeddable":true,"href":"https:\/\/www.aguarda.es\/en\/wp-json\/wp\/v2\/users\/2"}],"replies":[{"embeddable":true,"href":"https:\/\/www.aguarda.es\/en\/wp-json\/wp\/v2\/comments?post=12451"}],"version-history":[{"count":1,"href":"https:\/\/www.aguarda.es\/en\/wp-json\/wp\/v2\/posts\/12451\/revisions"}],"predecessor-version":[{"id":12453,"href":"https:\/\/www.aguarda.es\/en\/wp-json\/wp\/v2\/posts\/12451\/revisions\/12453"}],"wp:featuredmedia":[{"embeddable":true,"href":"https:\/\/www.aguarda.es\/en\/wp-json\/wp\/v2\/media\/12452"}],"wp:attachment":[{"href":"https:\/\/www.aguarda.es\/en\/wp-json\/wp\/v2\/media?parent=12451"}],"wp:term":[{"taxonomy":"category","embeddable":true,"href":"https:\/\/www.aguarda.es\/en\/wp-json\/wp\/v2\/categories?post=12451"},{"taxonomy":"post_tag","embeddable":true,"href":"https:\/\/www.aguarda.es\/en\/wp-json\/wp\/v2\/tags?post=12451"}],"curies":[{"name":"wp","href":"https:\/\/api.w.org\/{rel}","templated":true}]}}