{"id":12631,"date":"2018-03-16T12:39:29","date_gmt":"2018-03-16T12:39:29","guid":{"rendered":"https:\/\/www.aguarda.es\/?p=12631"},"modified":"2018-03-16T13:25:39","modified_gmt":"2018-03-16T13:25:39","slug":"o-concello-recibe-aos-establecementos-con-distintivo-sicted-e-eloxia-o-seu-compromiso-coa-calidade-turistica","status":"publish","type":"post","link":"https:\/\/www.aguarda.es\/en\/o-concello-recibe-aos-establecementos-con-distintivo-sicted-e-eloxia-o-seu-compromiso-coa-calidade-turistica\/","title":{"rendered":"O Concello eloxia o compromiso coa calidade dos establecementos con distintivo SICTED"},"content":{"rendered":"<p style=\"text-align: justify\">O alcalde do Concello da Guarda, Antonio Lomba, e a concelleira de Turismo, Montserrat Magallanes, recibiron esta ma\u00f1\u00e1 aos responsables dos seis establecementos guardeses que ve\u00f1en de conseguir o distintivo SICTED (Sistema Integral de Calidad Tur\u00edstica Espa\u00f1ola en Destinos), un reco\u00f1ecemento promovido polo Instituto de Turismo de Espa\u00f1a (TURESPA\u00d1A) que da conta do seu \u00abCompromiso de Calidade Tur\u00edstica\u00bb.<\/p>\n<p style=\"text-align: justify\">Os representantes municipais destacaron o esforzo realizado polos establecementos, que xa contan cun <strong>reco\u00f1ecemento oficial ao seu \u00abbo traballo\u00bb e unha insignia que lles dar\u00e1 visibilidade no sector<\/strong>. Nesta li\u00f1a, a edil guardesa subli\u00f1ou o esforzo realizado polos hostaleiros para a consecuci\u00f3n do certificado de calidade e o seu compromiso, \u00abmoi importante para unha vila como A Guarda\u00bb, engadiu o rexedor local.<\/p>\n<p style=\"text-align: justify\">No encontro, Antonio Lomba fixo entrega dos diplomas e as placas aos hostaleiros que non puideron asistir o pasado 28 de febreiro \u00e1 Gala de Turismo R\u00edas Baixas, onde foron entregados os distintivos. As\u00ed, hoxe recibiron o seu reco\u00f1ecemento Gema Mart\u00ednez, propietaria do <strong>restaurante Celtic<\/strong>; Mar\u00eda Emilia Vicente Goy\u00e1s, dona do <strong>restaurante Marus\u00eda<\/strong>; e Jos\u00e9 Francisco V\u00e1zquez, xerente do <strong>restaurante Casa Bar Aquilo<\/strong>. Acompa\u00f1\u00e1ronos Marta Gonz\u00e1lez e Juan Carlos Alonso, do <strong>restaurante La Casa de la Abuela<\/strong>,\u00a0 e C\u00e9sar Verde, xerente do <strong>restaurante Xantar<\/strong>, coa \u00fanica ausencia do <strong>Hotel Convento San Benito<\/strong>, tam\u00e9n reco\u00f1ecido.<\/p>\n<div class=\"wpmf-gallerys\"><div id=\"gallery-1\" data-id=\"gallery-1\" data-gutterwidth=\"5\" \n class=\"gallery flexslider carousel wpmfflexslider gallery-link-file wpmf-has-border-radius-0 wpmf-gutterwidth-5 wpmf-gg-multiple-columns\" data-wpmfcolumns=\"3\" data-auto_animation=\"1\" data-border-width=\"0\" data-shadow=\"0\"><ul class=\"slides wpmf-slides\"><\/ul><\/div><\/div>\n<p style=\"text-align: justify\">Na actualidade, <strong>A Guarda conta con 9 empresas e servizos co certificado de calidade e compromiso tur\u00edstico SICTED<\/strong>, entre os que se atopan a Oficina de Turismo Municipal e as praias de Area Grande e O Mu\u00ed\u00f1o. Este reco\u00f1ecemento ven acompa\u00f1ado dun plan de mellora continua e novas medidas dirixidas a incrementar a calidade do servizo, polo que os establecementos e servizos deben continuar traballando en prol do desenvolvemento tur\u00edstico e a satisfacci\u00f3n dos clientes.<\/p>\n<p style=\"text-align: justify\">Aquelas empresas e servizos que desexen adherirse ao proxecto e participar na vindeira xornada formativa programada para o 17 de abril, poder\u00e1n recibir asesoramento na Oficina de Turismo Municipal do Concello da Guarda.<\/p>\n<h5 style=\"text-align: justify\">Sobre o distintivo<\/h5>\n<p style=\"text-align: justify\">O SICTED \u00e9 un proxecto de mellora da calidade dos destinos tur\u00edsticos promovido pola Secretar\u00eda de Estado de Turismo (SET) e a Federaci\u00f3n Espa\u00f1ola de Municipios e Provincias (FEMP). Traballa con empresas e servizos de ata 33 oficios diferentes co <strong>obxectivo de mellorar a experiencia e a satisfacci\u00f3n dos e das turistas<\/strong>. Para logralo, o sistema ofrece \u00e1s empresas e servizos adheridos un plan de formaci\u00f3n, asistencia t\u00e9cnica, obradoiros, grupos de traballo e manuais de boas pr\u00e1cticas.<\/p>\n<p style=\"text-align: justify\">A obtenci\u00f3n do distintivo SICTED implica o cumprimento dos requisitos fixados, e da conta do esforzo e o compromiso coa calidade e a mellora continua, \u00e1 vez que distingue ao establecemento fronte \u00e1 competencia. O certificado ten validez bienal, a\u00ednda que precisa dunha evaluaci\u00f3n anual de seguimento.<\/p>\n","protected":false},"excerpt":{"rendered":"<p>O alcalde do Concello da Guarda, Antonio Lomba, e a concelleira de Turismo, Montserrat Magallanes, recibiron esta ma\u00f1\u00e1 aos responsables dos seis establecementos guardeses que ve\u00f1en de conseguir o distintivo SICTED (Sistema Integral de Calidad Tur\u00edstica Espa\u00f1ola en Destinos), un &hellip; <\/p>\n","protected":false},"author":2,"featured_media":12632,"comment_status":"open","ping_status":"open","sticky":false,"template":"","format":"standard","meta":[],"categories":[56],"tags":[992,1012,301,232],"yoast_head":"<!-- This site is optimized with the Yoast SEO plugin v21.1 - https:\/\/yoast.com\/wordpress\/plugins\/seo\/ -->\n<title>O Concello eloxia o compromiso coa calidade dos establecementos con distintivo SICTED - Concello da Guarda<\/title>\n<meta name=\"robots\" content=\"index, follow, max-snippet:-1, max-image-preview:large, max-video-preview:-1\" \/>\n<link rel=\"canonical\" href=\"https:\/\/www.aguarda.es\/en\/o-concello-recibe-aos-establecementos-con-distintivo-sicted-e-eloxia-o-seu-compromiso-coa-calidade-turistica\/\" \/>\n<meta property=\"og:locale\" content=\"en_US\" \/>\n<meta property=\"og:type\" content=\"article\" \/>\n<meta property=\"og:title\" content=\"O Concello eloxia o compromiso coa calidade dos establecementos con distintivo SICTED - Concello da Guarda\" \/>\n<meta property=\"og:description\" content=\"O alcalde do Concello da Guarda, Antonio Lomba, e a concelleira de Turismo, Montserrat Magallanes, recibiron esta ma\u00f1\u00e1 aos responsables dos seis establecementos guardeses que ve\u00f1en de conseguir o distintivo SICTED (Sistema Integral de Calidad Tur\u00edstica Espa\u00f1ola en Destinos), un &hellip;\" \/>\n<meta property=\"og:url\" content=\"https:\/\/www.aguarda.es\/en\/o-concello-recibe-aos-establecementos-con-distintivo-sicted-e-eloxia-o-seu-compromiso-coa-calidade-turistica\/\" \/>\n<meta property=\"og:site_name\" content=\"Concello da Guarda\" \/>\n<meta property=\"article:publisher\" content=\"https:\/\/www.facebook.com\/ConcellodaGuarda\" \/>\n<meta property=\"article:published_time\" content=\"2018-03-16T12:39:29+00:00\" \/>\n<meta property=\"article:modified_time\" content=\"2018-03-16T13:25:39+00:00\" \/>\n<meta property=\"og:image\" content=\"https:\/\/www.aguarda.es\/wp-content\/uploads\/2018\/03\/SICTED-R4.jpg\" \/>\n\t<meta property=\"og:image:width\" content=\"700\" \/>\n\t<meta property=\"og:image:height\" content=\"440\" \/>\n\t<meta property=\"og:image:type\" content=\"image\/jpeg\" \/>\n<meta name=\"author\" content=\"prensa\" \/>\n<meta name=\"twitter:card\" content=\"summary_large_image\" \/>\n<meta name=\"twitter:creator\" content=\"@AGuarda_es\" \/>\n<meta name=\"twitter:site\" content=\"@AGuarda_es\" \/>\n<meta name=\"twitter:label1\" content=\"Written by\" \/>\n\t<meta name=\"twitter:data1\" content=\"prensa\" \/>\n\t<meta name=\"twitter:label2\" content=\"Est. reading time\" \/>\n\t<meta name=\"twitter:data2\" content=\"2 minutes\" \/>\n<script type=\"application\/ld+json\" class=\"yoast-schema-graph\">{\"@context\":\"https:\/\/schema.org\",\"@graph\":[{\"@type\":\"WebPage\",\"@id\":\"https:\/\/www.aguarda.es\/en\/o-concello-recibe-aos-establecementos-con-distintivo-sicted-e-eloxia-o-seu-compromiso-coa-calidade-turistica\/\",\"url\":\"https:\/\/www.aguarda.es\/en\/o-concello-recibe-aos-establecementos-con-distintivo-sicted-e-eloxia-o-seu-compromiso-coa-calidade-turistica\/\",\"name\":\"O Concello eloxia o compromiso coa calidade dos establecementos con distintivo SICTED - Concello da Guarda\",\"isPartOf\":{\"@id\":\"https:\/\/www.aguarda.es\/en\/#website\"},\"datePublished\":\"2018-03-16T12:39:29+00:00\",\"dateModified\":\"2018-03-16T13:25:39+00:00\",\"author\":{\"@id\":\"https:\/\/www.aguarda.es\/en\/#\/schema\/person\/c463ca3006858ffb349d11179d044f21\"},\"breadcrumb\":{\"@id\":\"https:\/\/www.aguarda.es\/en\/o-concello-recibe-aos-establecementos-con-distintivo-sicted-e-eloxia-o-seu-compromiso-coa-calidade-turistica\/#breadcrumb\"},\"inLanguage\":\"en-US\",\"potentialAction\":[{\"@type\":\"ReadAction\",\"target\":[\"https:\/\/www.aguarda.es\/en\/o-concello-recibe-aos-establecementos-con-distintivo-sicted-e-eloxia-o-seu-compromiso-coa-calidade-turistica\/\"]}]},{\"@type\":\"BreadcrumbList\",\"@id\":\"https:\/\/www.aguarda.es\/en\/o-concello-recibe-aos-establecementos-con-distintivo-sicted-e-eloxia-o-seu-compromiso-coa-calidade-turistica\/#breadcrumb\",\"itemListElement\":[{\"@type\":\"ListItem\",\"position\":1,\"name\":\"Portada\",\"item\":\"https:\/\/www.aguarda.es\/en\/\"},{\"@type\":\"ListItem\",\"position\":2,\"name\":\"O Concello eloxia o compromiso coa calidade dos establecementos con distintivo SICTED\"}]},{\"@type\":\"WebSite\",\"@id\":\"https:\/\/www.aguarda.es\/en\/#website\",\"url\":\"https:\/\/www.aguarda.es\/en\/\",\"name\":\"Concello da Guarda\",\"description\":\"P\u00e1xina web do concello da Guarda\",\"potentialAction\":[{\"@type\":\"SearchAction\",\"target\":{\"@type\":\"EntryPoint\",\"urlTemplate\":\"https:\/\/www.aguarda.es\/en\/?s={search_term_string}\"},\"query-input\":\"required name=search_term_string\"}],\"inLanguage\":\"en-US\"},{\"@type\":\"Person\",\"@id\":\"https:\/\/www.aguarda.es\/en\/#\/schema\/person\/c463ca3006858ffb349d11179d044f21\",\"name\":\"prensa\",\"image\":{\"@type\":\"ImageObject\",\"inLanguage\":\"en-US\",\"@id\":\"https:\/\/www.aguarda.es\/en\/#\/schema\/person\/image\/\",\"url\":\"https:\/\/secure.gravatar.com\/avatar\/5f90ef536b0f98306edf5c7a1135ffa1?s=96&d=mm&r=g\",\"contentUrl\":\"https:\/\/secure.gravatar.com\/avatar\/5f90ef536b0f98306edf5c7a1135ffa1?s=96&d=mm&r=g\",\"caption\":\"prensa\"},\"url\":\"https:\/\/www.aguarda.es\/en\/author\/prensa\/\"}]}<\/script>\n<!-- \/ Yoast SEO plugin. -->","yoast_head_json":{"title":"O Concello eloxia o compromiso coa calidade dos establecementos con distintivo SICTED - Concello da Guarda","robots":{"index":"index","follow":"follow","max-snippet":"max-snippet:-1","max-image-preview":"max-image-preview:large","max-video-preview":"max-video-preview:-1"},"canonical":"https:\/\/www.aguarda.es\/en\/o-concello-recibe-aos-establecementos-con-distintivo-sicted-e-eloxia-o-seu-compromiso-coa-calidade-turistica\/","og_locale":"en_US","og_type":"article","og_title":"O Concello eloxia o compromiso coa calidade dos establecementos con distintivo SICTED - Concello da Guarda","og_description":"O alcalde do Concello da Guarda, Antonio Lomba, e a concelleira de Turismo, Montserrat Magallanes, recibiron esta ma\u00f1\u00e1 aos responsables dos seis establecementos guardeses que ve\u00f1en de conseguir o distintivo SICTED (Sistema Integral de Calidad Tur\u00edstica Espa\u00f1ola en Destinos), un &hellip;","og_url":"https:\/\/www.aguarda.es\/en\/o-concello-recibe-aos-establecementos-con-distintivo-sicted-e-eloxia-o-seu-compromiso-coa-calidade-turistica\/","og_site_name":"Concello da Guarda","article_publisher":"https:\/\/www.facebook.com\/ConcellodaGuarda","article_published_time":"2018-03-16T12:39:29+00:00","article_modified_time":"2018-03-16T13:25:39+00:00","og_image":[{"width":700,"height":440,"url":"https:\/\/www.aguarda.es\/wp-content\/uploads\/2018\/03\/SICTED-R4.jpg","type":"image\/jpeg"}],"author":"prensa","twitter_card":"summary_large_image","twitter_creator":"@AGuarda_es","twitter_site":"@AGuarda_es","twitter_misc":{"Written by":"prensa","Est. reading time":"2 minutes"},"schema":{"@context":"https:\/\/schema.org","@graph":[{"@type":"WebPage","@id":"https:\/\/www.aguarda.es\/en\/o-concello-recibe-aos-establecementos-con-distintivo-sicted-e-eloxia-o-seu-compromiso-coa-calidade-turistica\/","url":"https:\/\/www.aguarda.es\/en\/o-concello-recibe-aos-establecementos-con-distintivo-sicted-e-eloxia-o-seu-compromiso-coa-calidade-turistica\/","name":"O Concello eloxia o compromiso coa calidade dos establecementos con distintivo SICTED - Concello da Guarda","isPartOf":{"@id":"https:\/\/www.aguarda.es\/en\/#website"},"datePublished":"2018-03-16T12:39:29+00:00","dateModified":"2018-03-16T13:25:39+00:00","author":{"@id":"https:\/\/www.aguarda.es\/en\/#\/schema\/person\/c463ca3006858ffb349d11179d044f21"},"breadcrumb":{"@id":"https:\/\/www.aguarda.es\/en\/o-concello-recibe-aos-establecementos-con-distintivo-sicted-e-eloxia-o-seu-compromiso-coa-calidade-turistica\/#breadcrumb"},"inLanguage":"en-US","potentialAction":[{"@type":"ReadAction","target":["https:\/\/www.aguarda.es\/en\/o-concello-recibe-aos-establecementos-con-distintivo-sicted-e-eloxia-o-seu-compromiso-coa-calidade-turistica\/"]}]},{"@type":"BreadcrumbList","@id":"https:\/\/www.aguarda.es\/en\/o-concello-recibe-aos-establecementos-con-distintivo-sicted-e-eloxia-o-seu-compromiso-coa-calidade-turistica\/#breadcrumb","itemListElement":[{"@type":"ListItem","position":1,"name":"Portada","item":"https:\/\/www.aguarda.es\/en\/"},{"@type":"ListItem","position":2,"name":"O Concello eloxia o compromiso coa calidade dos establecementos con distintivo SICTED"}]},{"@type":"WebSite","@id":"https:\/\/www.aguarda.es\/en\/#website","url":"https:\/\/www.aguarda.es\/en\/","name":"Concello da Guarda","description":"P\u00e1xina web do concello da Guarda","potentialAction":[{"@type":"SearchAction","target":{"@type":"EntryPoint","urlTemplate":"https:\/\/www.aguarda.es\/en\/?s={search_term_string}"},"query-input":"required name=search_term_string"}],"inLanguage":"en-US"},{"@type":"Person","@id":"https:\/\/www.aguarda.es\/en\/#\/schema\/person\/c463ca3006858ffb349d11179d044f21","name":"prensa","image":{"@type":"ImageObject","inLanguage":"en-US","@id":"https:\/\/www.aguarda.es\/en\/#\/schema\/person\/image\/","url":"https:\/\/secure.gravatar.com\/avatar\/5f90ef536b0f98306edf5c7a1135ffa1?s=96&d=mm&r=g","contentUrl":"https:\/\/secure.gravatar.com\/avatar\/5f90ef536b0f98306edf5c7a1135ffa1?s=96&d=mm&r=g","caption":"prensa"},"url":"https:\/\/www.aguarda.es\/en\/author\/prensa\/"}]}},"_links":{"self":[{"href":"https:\/\/www.aguarda.es\/en\/wp-json\/wp\/v2\/posts\/12631"}],"collection":[{"href":"https:\/\/www.aguarda.es\/en\/wp-json\/wp\/v2\/posts"}],"about":[{"href":"https:\/\/www.aguarda.es\/en\/wp-json\/wp\/v2\/types\/post"}],"author":[{"embeddable":true,"href":"https:\/\/www.aguarda.es\/en\/wp-json\/wp\/v2\/users\/2"}],"replies":[{"embeddable":true,"href":"https:\/\/www.aguarda.es\/en\/wp-json\/wp\/v2\/comments?post=12631"}],"version-history":[{"count":8,"href":"https:\/\/www.aguarda.es\/en\/wp-json\/wp\/v2\/posts\/12631\/revisions"}],"predecessor-version":[{"id":12644,"href":"https:\/\/www.aguarda.es\/en\/wp-json\/wp\/v2\/posts\/12631\/revisions\/12644"}],"wp:featuredmedia":[{"embeddable":true,"href":"https:\/\/www.aguarda.es\/en\/wp-json\/wp\/v2\/media\/12632"}],"wp:attachment":[{"href":"https:\/\/www.aguarda.es\/en\/wp-json\/wp\/v2\/media?parent=12631"}],"wp:term":[{"taxonomy":"category","embeddable":true,"href":"https:\/\/www.aguarda.es\/en\/wp-json\/wp\/v2\/categories?post=12631"},{"taxonomy":"post_tag","embeddable":true,"href":"https:\/\/www.aguarda.es\/en\/wp-json\/wp\/v2\/tags?post=12631"}],"curies":[{"name":"wp","href":"https:\/\/api.w.org\/{rel}","templated":true}]}}