{"id":1279,"date":"2015-10-09T05:56:25","date_gmt":"2015-10-09T05:56:25","guid":{"rendered":"https:\/\/www.aguarda.es\/?p=1279"},"modified":"2015-10-09T05:56:25","modified_gmt":"2015-10-09T05:56:25","slug":"o-albergue-da-guarda-acolleu-en-setembro-un-26-mais-de-peregrinos-que-o-ano-anterior","status":"publish","type":"post","link":"https:\/\/www.aguarda.es\/en\/o-albergue-da-guarda-acolleu-en-setembro-un-26-mais-de-peregrinos-que-o-ano-anterior\/","title":{"rendered":"O albergue da Guarda acolleu en setembro un 26% m\u00e1is de peregrinos que o ano anterior"},"content":{"rendered":"<p>En total alberg\u00e1ronse 174 persoas de dezaoito nacionalidades diferentes<\/p>\n<p>  <!--more-->  <\/p>\n<p>O Cami\u00f1o Portugu\u00e9s pola Costa \u00e9 cada vez m\u00e1is famoso entre os peregrinos polo que cada ano son m\u00e1is os aventureiros que deciden chegar a Santiago de Compostela por esta vertente que cruza a localidade da Guarda.<\/p>\n<p>Si xa nos meses de ver\u00e1n se superaron, e moito os n\u00fameros do ano pasado, no mes de setembre voltou a aumentar o n\u00famero de persoas que transitaron pola Guarda e os que pasaron una noite no albergue guard\u00e9s.<br \/>Comparando os datos do mes pasado co mesmo periodo do ano anterior, aumentaron nun 26% os peregrinos que pernoctaron neste albergue. As\u00ed, no ano 2014 contabiliz\u00e1ronse 129 e este a cifra chegou a 174.O aumento significativo notouse, sobre todo, no mes de agosto, no que chegaron a ser 236 peregrinos os que pasaron a noite no albergue guard\u00e9s.<\/p>\n<p><em><strong>Diferentes nacionalidades<\/strong><\/em><\/p>\n<p>Entre os peregrinos que pernoctaron na Guarda no seu camino ata Santiago de Compostela, difer\u00e9ncianse ata dezaoito nacionalidades. A pesar de ser a espa\u00f1ola a que m\u00e1is se repite \u2013ata en 44 ocasi\u00f3ns, sendo as cidades de Madrid, Barcelona e Guip\u00fazcoa as que m\u00e1is peregrinos achegan- outros pa\u00edses europeos traen ata A Guarda a decenas de peregrinos.<\/p>\n<p>Pos exemplo, dende Polonia chegaron 29 peregrinos e de Alemania, 17. Chegaron tam\u00e9n dezas\u00e9is franceses, trece portugueses e dez persoas dende Inglaterra, ao igual que dende Italia.<br \/>Ademais pernoctaron no albergue guard\u00e9s cinco persoas dende Canad\u00e1 e outro tanto de Estados Unidos.<br \/>Outras nacionalidades que aparecen no rexistro son a rusa, a belga, a h\u00fangara ou a austriaca.<\/p>\n<p><img decoding=\"async\" loading=\"lazy\" class=\" size-full wp-image-1277\" src=\"https:\/\/www.aguarda.es\/wp-content\/uploads\/2015\/10\/2015_peregrinossetembro.jpg\" alt=\"\" width=\"600\" height=\"600\" srcset=\"https:\/\/www.aguarda.es\/wp-content\/uploads\/2015\/10\/2015_peregrinossetembro.jpg 600w, https:\/\/www.aguarda.es\/wp-content\/uploads\/2015\/10\/2015_peregrinossetembro-100x100.jpg 100w, https:\/\/www.aguarda.es\/wp-content\/uploads\/2015\/10\/2015_peregrinossetembro-570x570.jpg 570w, https:\/\/www.aguarda.es\/wp-content\/uploads\/2015\/10\/2015_peregrinossetembro-150x150.jpg 150w, https:\/\/www.aguarda.es\/wp-content\/uploads\/2015\/10\/2015_peregrinossetembro-300x300.jpg 300w\" sizes=\"(max-width: 600px) 100vw, 600px\" \/><\/p>\n<p><img decoding=\"async\" loading=\"lazy\" class=\" size-full wp-image-1278\" src=\"https:\/\/www.aguarda.es\/wp-content\/uploads\/2015\/10\/2015_peregrinossetembro1.jpg\" alt=\"\" width=\"600\" height=\"600\" srcset=\"https:\/\/www.aguarda.es\/wp-content\/uploads\/2015\/10\/2015_peregrinossetembro1.jpg 600w, https:\/\/www.aguarda.es\/wp-content\/uploads\/2015\/10\/2015_peregrinossetembro1-100x100.jpg 100w, https:\/\/www.aguarda.es\/wp-content\/uploads\/2015\/10\/2015_peregrinossetembro1-570x570.jpg 570w, https:\/\/www.aguarda.es\/wp-content\/uploads\/2015\/10\/2015_peregrinossetembro1-150x150.jpg 150w, https:\/\/www.aguarda.es\/wp-content\/uploads\/2015\/10\/2015_peregrinossetembro1-300x300.jpg 300w\" sizes=\"(max-width: 600px) 100vw, 600px\" \/><\/p>\n","protected":false},"excerpt":{"rendered":"<p>En total alberg\u00e1ronse 174 persoas de dezaoito nacionalidades diferentes<\/p>\n","protected":false},"author":1,"featured_media":1278,"comment_status":"open","ping_status":"open","sticky":false,"template":"","format":"standard","meta":[],"categories":[1],"tags":[],"yoast_head":"<!-- This site is optimized with the Yoast SEO plugin v21.1 - https:\/\/yoast.com\/wordpress\/plugins\/seo\/ -->\n<title>O albergue da Guarda acolleu en setembro un 26% m\u00e1is de peregrinos que o ano anterior - Concello da Guarda<\/title>\n<meta name=\"robots\" content=\"index, follow, max-snippet:-1, max-image-preview:large, max-video-preview:-1\" \/>\n<link rel=\"canonical\" href=\"https:\/\/www.aguarda.es\/en\/o-albergue-da-guarda-acolleu-en-setembro-un-26-mais-de-peregrinos-que-o-ano-anterior\/\" \/>\n<meta property=\"og:locale\" content=\"en_US\" \/>\n<meta property=\"og:type\" content=\"article\" \/>\n<meta property=\"og:title\" content=\"O albergue da Guarda acolleu en setembro un 26% m\u00e1is de peregrinos que o ano anterior - Concello da Guarda\" \/>\n<meta property=\"og:description\" content=\"En total alberg\u00e1ronse 174 persoas de dezaoito nacionalidades diferentes\" \/>\n<meta property=\"og:url\" content=\"https:\/\/www.aguarda.es\/en\/o-albergue-da-guarda-acolleu-en-setembro-un-26-mais-de-peregrinos-que-o-ano-anterior\/\" \/>\n<meta property=\"og:site_name\" content=\"Concello da Guarda\" \/>\n<meta property=\"article:publisher\" content=\"https:\/\/www.facebook.com\/ConcellodaGuarda\" \/>\n<meta property=\"article:published_time\" content=\"2015-10-09T05:56:25+00:00\" \/>\n<meta property=\"og:image\" content=\"https:\/\/www.aguarda.es\/wp-content\/uploads\/2015\/10\/2015_peregrinossetembro1.jpg\" \/>\n\t<meta property=\"og:image:width\" content=\"600\" \/>\n\t<meta property=\"og:image:height\" content=\"600\" \/>\n\t<meta property=\"og:image:type\" content=\"image\/jpeg\" \/>\n<meta name=\"author\" content=\"Concello\" \/>\n<meta name=\"twitter:card\" content=\"summary_large_image\" \/>\n<meta name=\"twitter:creator\" content=\"@AGuarda_es\" \/>\n<meta name=\"twitter:site\" content=\"@AGuarda_es\" \/>\n<meta name=\"twitter:label1\" content=\"Written by\" \/>\n\t<meta name=\"twitter:data1\" content=\"Concello\" \/>\n\t<meta name=\"twitter:label2\" content=\"Est. reading time\" \/>\n\t<meta name=\"twitter:data2\" content=\"1 minute\" \/>\n<script type=\"application\/ld+json\" class=\"yoast-schema-graph\">{\"@context\":\"https:\/\/schema.org\",\"@graph\":[{\"@type\":\"WebPage\",\"@id\":\"https:\/\/www.aguarda.es\/en\/o-albergue-da-guarda-acolleu-en-setembro-un-26-mais-de-peregrinos-que-o-ano-anterior\/\",\"url\":\"https:\/\/www.aguarda.es\/en\/o-albergue-da-guarda-acolleu-en-setembro-un-26-mais-de-peregrinos-que-o-ano-anterior\/\",\"name\":\"O albergue da Guarda acolleu en setembro un 26% m\u00e1is de peregrinos que o ano anterior - Concello da Guarda\",\"isPartOf\":{\"@id\":\"https:\/\/www.aguarda.es\/en\/#website\"},\"datePublished\":\"2015-10-09T05:56:25+00:00\",\"dateModified\":\"2015-10-09T05:56:25+00:00\",\"author\":{\"@id\":\"https:\/\/www.aguarda.es\/en\/#\/schema\/person\/ac30f4d74843174f0af56c730f74dd57\"},\"breadcrumb\":{\"@id\":\"https:\/\/www.aguarda.es\/en\/o-albergue-da-guarda-acolleu-en-setembro-un-26-mais-de-peregrinos-que-o-ano-anterior\/#breadcrumb\"},\"inLanguage\":\"en-US\",\"potentialAction\":[{\"@type\":\"ReadAction\",\"target\":[\"https:\/\/www.aguarda.es\/en\/o-albergue-da-guarda-acolleu-en-setembro-un-26-mais-de-peregrinos-que-o-ano-anterior\/\"]}]},{\"@type\":\"BreadcrumbList\",\"@id\":\"https:\/\/www.aguarda.es\/en\/o-albergue-da-guarda-acolleu-en-setembro-un-26-mais-de-peregrinos-que-o-ano-anterior\/#breadcrumb\",\"itemListElement\":[{\"@type\":\"ListItem\",\"position\":1,\"name\":\"Portada\",\"item\":\"https:\/\/www.aguarda.es\/en\/\"},{\"@type\":\"ListItem\",\"position\":2,\"name\":\"O albergue da Guarda acolleu en setembro un 26% m\u00e1is de peregrinos que o ano anterior\"}]},{\"@type\":\"WebSite\",\"@id\":\"https:\/\/www.aguarda.es\/en\/#website\",\"url\":\"https:\/\/www.aguarda.es\/en\/\",\"name\":\"Concello da Guarda\",\"description\":\"P\u00e1xina web do concello da Guarda\",\"potentialAction\":[{\"@type\":\"SearchAction\",\"target\":{\"@type\":\"EntryPoint\",\"urlTemplate\":\"https:\/\/www.aguarda.es\/en\/?s={search_term_string}\"},\"query-input\":\"required name=search_term_string\"}],\"inLanguage\":\"en-US\"},{\"@type\":\"Person\",\"@id\":\"https:\/\/www.aguarda.es\/en\/#\/schema\/person\/ac30f4d74843174f0af56c730f74dd57\",\"name\":\"Concello\",\"image\":{\"@type\":\"ImageObject\",\"inLanguage\":\"en-US\",\"@id\":\"https:\/\/www.aguarda.es\/en\/#\/schema\/person\/image\/\",\"url\":\"https:\/\/secure.gravatar.com\/avatar\/7eda12a04da40b2ef77eb62e68f07027?s=96&d=mm&r=g\",\"contentUrl\":\"https:\/\/secure.gravatar.com\/avatar\/7eda12a04da40b2ef77eb62e68f07027?s=96&d=mm&r=g\",\"caption\":\"Concello\"},\"url\":\"https:\/\/www.aguarda.es\/en\/author\/admin\/\"}]}<\/script>\n<!-- \/ Yoast SEO plugin. -->","yoast_head_json":{"title":"O albergue da Guarda acolleu en setembro un 26% m\u00e1is de peregrinos que o ano anterior - Concello da Guarda","robots":{"index":"index","follow":"follow","max-snippet":"max-snippet:-1","max-image-preview":"max-image-preview:large","max-video-preview":"max-video-preview:-1"},"canonical":"https:\/\/www.aguarda.es\/en\/o-albergue-da-guarda-acolleu-en-setembro-un-26-mais-de-peregrinos-que-o-ano-anterior\/","og_locale":"en_US","og_type":"article","og_title":"O albergue da Guarda acolleu en setembro un 26% m\u00e1is de peregrinos que o ano anterior - Concello da Guarda","og_description":"En total alberg\u00e1ronse 174 persoas de dezaoito nacionalidades diferentes","og_url":"https:\/\/www.aguarda.es\/en\/o-albergue-da-guarda-acolleu-en-setembro-un-26-mais-de-peregrinos-que-o-ano-anterior\/","og_site_name":"Concello da Guarda","article_publisher":"https:\/\/www.facebook.com\/ConcellodaGuarda","article_published_time":"2015-10-09T05:56:25+00:00","og_image":[{"width":600,"height":600,"url":"https:\/\/www.aguarda.es\/wp-content\/uploads\/2015\/10\/2015_peregrinossetembro1.jpg","type":"image\/jpeg"}],"author":"Concello","twitter_card":"summary_large_image","twitter_creator":"@AGuarda_es","twitter_site":"@AGuarda_es","twitter_misc":{"Written by":"Concello","Est. reading time":"1 minute"},"schema":{"@context":"https:\/\/schema.org","@graph":[{"@type":"WebPage","@id":"https:\/\/www.aguarda.es\/en\/o-albergue-da-guarda-acolleu-en-setembro-un-26-mais-de-peregrinos-que-o-ano-anterior\/","url":"https:\/\/www.aguarda.es\/en\/o-albergue-da-guarda-acolleu-en-setembro-un-26-mais-de-peregrinos-que-o-ano-anterior\/","name":"O albergue da Guarda acolleu en setembro un 26% m\u00e1is de peregrinos que o ano anterior - Concello da Guarda","isPartOf":{"@id":"https:\/\/www.aguarda.es\/en\/#website"},"datePublished":"2015-10-09T05:56:25+00:00","dateModified":"2015-10-09T05:56:25+00:00","author":{"@id":"https:\/\/www.aguarda.es\/en\/#\/schema\/person\/ac30f4d74843174f0af56c730f74dd57"},"breadcrumb":{"@id":"https:\/\/www.aguarda.es\/en\/o-albergue-da-guarda-acolleu-en-setembro-un-26-mais-de-peregrinos-que-o-ano-anterior\/#breadcrumb"},"inLanguage":"en-US","potentialAction":[{"@type":"ReadAction","target":["https:\/\/www.aguarda.es\/en\/o-albergue-da-guarda-acolleu-en-setembro-un-26-mais-de-peregrinos-que-o-ano-anterior\/"]}]},{"@type":"BreadcrumbList","@id":"https:\/\/www.aguarda.es\/en\/o-albergue-da-guarda-acolleu-en-setembro-un-26-mais-de-peregrinos-que-o-ano-anterior\/#breadcrumb","itemListElement":[{"@type":"ListItem","position":1,"name":"Portada","item":"https:\/\/www.aguarda.es\/en\/"},{"@type":"ListItem","position":2,"name":"O albergue da Guarda acolleu en setembro un 26% m\u00e1is de peregrinos que o ano anterior"}]},{"@type":"WebSite","@id":"https:\/\/www.aguarda.es\/en\/#website","url":"https:\/\/www.aguarda.es\/en\/","name":"Concello da Guarda","description":"P\u00e1xina web do concello da Guarda","potentialAction":[{"@type":"SearchAction","target":{"@type":"EntryPoint","urlTemplate":"https:\/\/www.aguarda.es\/en\/?s={search_term_string}"},"query-input":"required name=search_term_string"}],"inLanguage":"en-US"},{"@type":"Person","@id":"https:\/\/www.aguarda.es\/en\/#\/schema\/person\/ac30f4d74843174f0af56c730f74dd57","name":"Concello","image":{"@type":"ImageObject","inLanguage":"en-US","@id":"https:\/\/www.aguarda.es\/en\/#\/schema\/person\/image\/","url":"https:\/\/secure.gravatar.com\/avatar\/7eda12a04da40b2ef77eb62e68f07027?s=96&d=mm&r=g","contentUrl":"https:\/\/secure.gravatar.com\/avatar\/7eda12a04da40b2ef77eb62e68f07027?s=96&d=mm&r=g","caption":"Concello"},"url":"https:\/\/www.aguarda.es\/en\/author\/admin\/"}]}},"_links":{"self":[{"href":"https:\/\/www.aguarda.es\/en\/wp-json\/wp\/v2\/posts\/1279"}],"collection":[{"href":"https:\/\/www.aguarda.es\/en\/wp-json\/wp\/v2\/posts"}],"about":[{"href":"https:\/\/www.aguarda.es\/en\/wp-json\/wp\/v2\/types\/post"}],"author":[{"embeddable":true,"href":"https:\/\/www.aguarda.es\/en\/wp-json\/wp\/v2\/users\/1"}],"replies":[{"embeddable":true,"href":"https:\/\/www.aguarda.es\/en\/wp-json\/wp\/v2\/comments?post=1279"}],"version-history":[{"count":0,"href":"https:\/\/www.aguarda.es\/en\/wp-json\/wp\/v2\/posts\/1279\/revisions"}],"wp:featuredmedia":[{"embeddable":true,"href":"https:\/\/www.aguarda.es\/en\/wp-json\/wp\/v2\/media\/1278"}],"wp:attachment":[{"href":"https:\/\/www.aguarda.es\/en\/wp-json\/wp\/v2\/media?parent=1279"}],"wp:term":[{"taxonomy":"category","embeddable":true,"href":"https:\/\/www.aguarda.es\/en\/wp-json\/wp\/v2\/categories?post=1279"},{"taxonomy":"post_tag","embeddable":true,"href":"https:\/\/www.aguarda.es\/en\/wp-json\/wp\/v2\/tags?post=1279"}],"curies":[{"name":"wp","href":"https:\/\/api.w.org\/{rel}","templated":true}]}}