{"id":13004,"date":"2018-04-17T07:46:11","date_gmt":"2018-04-17T07:46:11","guid":{"rendered":"https:\/\/www.aguarda.es\/?p=13004"},"modified":"2018-04-17T11:52:49","modified_gmt":"2018-04-17T11:52:49","slug":"no-colo-da-esperanza-na-guarda","status":"publish","type":"post","link":"https:\/\/www.aguarda.es\/en\/no-colo-da-esperanza-na-guarda\/","title":{"rendered":"A exposici\u00f3n \u00abNo colo da esperanza\u00bb trae \u00e1 Guarda a crise de refuxiados"},"content":{"rendered":"<h5 style=\"text-align: justify\">A mostra \u00abNo colo da esperanza\u00bb componse de 12 fotograf\u00edas realizadas polo fotoxornalista Felipe Carnoto na denominada \u00abruta dos Balc\u00e1ns\u00bb.<\/h5>\n<p style=\"text-align: justify\">O Concello da Guarda acoller\u00e1 dende ma\u00f1\u00e1, 18 de abril, a exposici\u00f3n fotogr\u00e1fica \u00abNo colo da esperanza\u00bb, do fotoxornalista Felipe Carnotto. A mostra composte dunha ducia de fotograf\u00edas en branco e negro tomadas no ano 2015 na co\u00f1ecida como<a href=\"https:\/\/elordenmundial.com\/2017\/11\/21\/la-ruta-de-los-balcanes-cambios-en-la-politica-fronteriza-europea\/\"> \u00abruta dos Balc\u00e1ns\u00bb<\/a>, a trav\u00e9s da que milleiros de persoas foxen da guerra en Siria \u00e1 procura de refuxio en Europa.<\/p>\n<p style=\"text-align: justify\">As imaxes, cedidas temporalmente ao Fondo Galego de Cooperaci\u00f3n e Solidariedade, pretenden p\u00f3r o foco nas inxustizas responsables da crise migratoria e humanitaria na que milleiros de refuxiados e refuxiadas vense obrigados a abandonar os seus fogares. A exposici\u00f3n <strong>poder\u00e1 contemplarse na casa consistorial ata o vindeiro 4 de maio<\/strong>, en horario de 8:00 a 15:00 h.<\/p>\n<h5 style=\"text-align: justify\">O Fondo Galego de Cooperaci\u00f3n<\/h5>\n<p style=\"text-align: justify\">O Fondo Galego de Cooperaci\u00f3n e Solidariedade est\u00e1 integrado por 90 concellos e as deputaci\u00f3ns provinciais de Pontevedra, A Coru\u00f1a e Lugo, que concentran a trav\u00e9s desta rede os seus esforzos no eido da cooperaci\u00f3n ao desenvolvemento. O seu traballo ori\u00e9ntase \u00e1 realizaci\u00f3n de proxectos con impacto nos pa\u00edses do Sur e a sensibilizaci\u00f3n da sociedade galega a prol da solidariedade internacional. Desde a s\u00faa fundaci\u00f3n en 1997, o Fondo Galego ten desenvolvido m\u00e1is de 150 proxectos en 25 pa\u00edses e promove numerosas actividades e materiais en relaci\u00f3n aos desequilibrios Norte-Sur.<\/p>\n","protected":false},"excerpt":{"rendered":"<p>A mostra \u00abNo colo da esperanza\u00bb componse de 12 fotograf\u00edas realizadas polo fotoxornalista Felipe Carnoto na denominada \u00abruta dos Balc\u00e1ns\u00bb. O Concello da Guarda acoller\u00e1 dende ma\u00f1\u00e1, 18 de abril, a exposici\u00f3n fotogr\u00e1fica \u00abNo colo da esperanza\u00bb, do fotoxornalista Felipe &hellip; <\/p>\n","protected":false},"author":2,"featured_media":13007,"comment_status":"open","ping_status":"open","sticky":false,"template":"","format":"standard","meta":[],"categories":[33,48],"tags":[1087,387,600,381,1086,1088,1089],"yoast_head":"<!-- This site is optimized with the Yoast SEO plugin v21.1 - https:\/\/yoast.com\/wordpress\/plugins\/seo\/ -->\n<title>A exposici\u00f3n \u00abNo colo da esperanza\u00bb chega \u00e1 Guarda para concienciar sobre a crise de refuxiados<\/title>\n<meta name=\"description\" content=\"O Concello da Guarda acoller\u00e1 dende o 18 de abril, a exposici\u00f3n fotogr\u00e1fica \u00abNo colo da esperanza\u00bb, de Felipe Carnotto. Composte de 12 fotograf\u00edas tomadas no ano 2015 na co\u00f1ecida como \u00abruta dos Balc\u00e1ns\u00bb, a trav\u00e9s da que milleiros de persoas foxen da guerra en Siria \u00e1 procura de refuxio en Europa.\" \/>\n<meta name=\"robots\" content=\"index, follow, max-snippet:-1, max-image-preview:large, max-video-preview:-1\" \/>\n<link rel=\"canonical\" href=\"https:\/\/www.aguarda.es\/en\/no-colo-da-esperanza-na-guarda\/\" \/>\n<meta property=\"og:locale\" content=\"en_US\" \/>\n<meta property=\"og:type\" content=\"article\" \/>\n<meta property=\"og:title\" content=\"A exposici\u00f3n \u00abNo colo da esperanza\u00bb chega \u00e1 Guarda para concienciar sobre a crise de refuxiados\" \/>\n<meta property=\"og:description\" content=\"O Concello da Guarda acoller\u00e1 dende o 18 de abril, a exposici\u00f3n fotogr\u00e1fica \u00abNo colo da esperanza\u00bb, de Felipe Carnotto. Composte de 12 fotograf\u00edas tomadas no ano 2015 na co\u00f1ecida como \u00abruta dos Balc\u00e1ns\u00bb, a trav\u00e9s da que milleiros de persoas foxen da guerra en Siria \u00e1 procura de refuxio en Europa.\" \/>\n<meta property=\"og:url\" content=\"https:\/\/www.aguarda.es\/en\/no-colo-da-esperanza-na-guarda\/\" \/>\n<meta property=\"og:site_name\" content=\"Concello da Guarda\" \/>\n<meta property=\"article:publisher\" content=\"https:\/\/www.facebook.com\/ConcellodaGuarda\" \/>\n<meta property=\"article:published_time\" content=\"2018-04-17T07:46:11+00:00\" \/>\n<meta property=\"article:modified_time\" content=\"2018-04-17T11:52:49+00:00\" \/>\n<meta property=\"og:image\" content=\"https:\/\/www.aguarda.es\/wp-content\/uploads\/2018\/04\/No-colo-da-esperanza-1.jpg\" \/>\n\t<meta property=\"og:image:width\" content=\"772\" \/>\n\t<meta property=\"og:image:height\" content=\"434\" \/>\n\t<meta property=\"og:image:type\" content=\"image\/jpeg\" \/>\n<meta name=\"author\" content=\"prensa\" \/>\n<meta name=\"twitter:card\" content=\"summary_large_image\" \/>\n<meta name=\"twitter:creator\" content=\"@AGuarda_es\" \/>\n<meta name=\"twitter:site\" content=\"@AGuarda_es\" \/>\n<meta name=\"twitter:label1\" content=\"Written by\" \/>\n\t<meta name=\"twitter:data1\" content=\"prensa\" \/>\n\t<meta name=\"twitter:label2\" content=\"Est. reading time\" \/>\n\t<meta name=\"twitter:data2\" content=\"1 minute\" \/>\n<script type=\"application\/ld+json\" class=\"yoast-schema-graph\">{\"@context\":\"https:\/\/schema.org\",\"@graph\":[{\"@type\":\"WebPage\",\"@id\":\"https:\/\/www.aguarda.es\/en\/no-colo-da-esperanza-na-guarda\/\",\"url\":\"https:\/\/www.aguarda.es\/en\/no-colo-da-esperanza-na-guarda\/\",\"name\":\"A exposici\u00f3n \u00abNo colo da esperanza\u00bb chega \u00e1 Guarda para concienciar sobre a crise de refuxiados\",\"isPartOf\":{\"@id\":\"https:\/\/www.aguarda.es\/en\/#website\"},\"datePublished\":\"2018-04-17T07:46:11+00:00\",\"dateModified\":\"2018-04-17T11:52:49+00:00\",\"author\":{\"@id\":\"https:\/\/www.aguarda.es\/en\/#\/schema\/person\/c463ca3006858ffb349d11179d044f21\"},\"description\":\"O Concello da Guarda acoller\u00e1 dende o 18 de abril, a exposici\u00f3n fotogr\u00e1fica \u00abNo colo da esperanza\u00bb, de Felipe Carnotto. Composte de 12 fotograf\u00edas tomadas no ano 2015 na co\u00f1ecida como \u00abruta dos Balc\u00e1ns\u00bb, a trav\u00e9s da que milleiros de persoas foxen da guerra en Siria \u00e1 procura de refuxio en Europa.\",\"breadcrumb\":{\"@id\":\"https:\/\/www.aguarda.es\/en\/no-colo-da-esperanza-na-guarda\/#breadcrumb\"},\"inLanguage\":\"en-US\",\"potentialAction\":[{\"@type\":\"ReadAction\",\"target\":[\"https:\/\/www.aguarda.es\/en\/no-colo-da-esperanza-na-guarda\/\"]}]},{\"@type\":\"BreadcrumbList\",\"@id\":\"https:\/\/www.aguarda.es\/en\/no-colo-da-esperanza-na-guarda\/#breadcrumb\",\"itemListElement\":[{\"@type\":\"ListItem\",\"position\":1,\"name\":\"Portada\",\"item\":\"https:\/\/www.aguarda.es\/en\/\"},{\"@type\":\"ListItem\",\"position\":2,\"name\":\"A exposici\u00f3n \u00abNo colo da esperanza\u00bb trae \u00e1 Guarda a crise de refuxiados\"}]},{\"@type\":\"WebSite\",\"@id\":\"https:\/\/www.aguarda.es\/en\/#website\",\"url\":\"https:\/\/www.aguarda.es\/en\/\",\"name\":\"Concello da Guarda\",\"description\":\"P\u00e1xina web do concello da Guarda\",\"potentialAction\":[{\"@type\":\"SearchAction\",\"target\":{\"@type\":\"EntryPoint\",\"urlTemplate\":\"https:\/\/www.aguarda.es\/en\/?s={search_term_string}\"},\"query-input\":\"required name=search_term_string\"}],\"inLanguage\":\"en-US\"},{\"@type\":\"Person\",\"@id\":\"https:\/\/www.aguarda.es\/en\/#\/schema\/person\/c463ca3006858ffb349d11179d044f21\",\"name\":\"prensa\",\"image\":{\"@type\":\"ImageObject\",\"inLanguage\":\"en-US\",\"@id\":\"https:\/\/www.aguarda.es\/en\/#\/schema\/person\/image\/\",\"url\":\"https:\/\/secure.gravatar.com\/avatar\/5f90ef536b0f98306edf5c7a1135ffa1?s=96&d=mm&r=g\",\"contentUrl\":\"https:\/\/secure.gravatar.com\/avatar\/5f90ef536b0f98306edf5c7a1135ffa1?s=96&d=mm&r=g\",\"caption\":\"prensa\"},\"url\":\"https:\/\/www.aguarda.es\/en\/author\/prensa\/\"}]}<\/script>\n<!-- \/ Yoast SEO plugin. -->","yoast_head_json":{"title":"A exposici\u00f3n \u00abNo colo da esperanza\u00bb chega \u00e1 Guarda para concienciar sobre a crise de refuxiados","description":"O Concello da Guarda acoller\u00e1 dende o 18 de abril, a exposici\u00f3n fotogr\u00e1fica \u00abNo colo da esperanza\u00bb, de Felipe Carnotto. Composte de 12 fotograf\u00edas tomadas no ano 2015 na co\u00f1ecida como \u00abruta dos Balc\u00e1ns\u00bb, a trav\u00e9s da que milleiros de persoas foxen da guerra en Siria \u00e1 procura de refuxio en Europa.","robots":{"index":"index","follow":"follow","max-snippet":"max-snippet:-1","max-image-preview":"max-image-preview:large","max-video-preview":"max-video-preview:-1"},"canonical":"https:\/\/www.aguarda.es\/en\/no-colo-da-esperanza-na-guarda\/","og_locale":"en_US","og_type":"article","og_title":"A exposici\u00f3n \u00abNo colo da esperanza\u00bb chega \u00e1 Guarda para concienciar sobre a crise de refuxiados","og_description":"O Concello da Guarda acoller\u00e1 dende o 18 de abril, a exposici\u00f3n fotogr\u00e1fica \u00abNo colo da esperanza\u00bb, de Felipe Carnotto. Composte de 12 fotograf\u00edas tomadas no ano 2015 na co\u00f1ecida como \u00abruta dos Balc\u00e1ns\u00bb, a trav\u00e9s da que milleiros de persoas foxen da guerra en Siria \u00e1 procura de refuxio en Europa.","og_url":"https:\/\/www.aguarda.es\/en\/no-colo-da-esperanza-na-guarda\/","og_site_name":"Concello da Guarda","article_publisher":"https:\/\/www.facebook.com\/ConcellodaGuarda","article_published_time":"2018-04-17T07:46:11+00:00","article_modified_time":"2018-04-17T11:52:49+00:00","og_image":[{"width":772,"height":434,"url":"https:\/\/www.aguarda.es\/wp-content\/uploads\/2018\/04\/No-colo-da-esperanza-1.jpg","type":"image\/jpeg"}],"author":"prensa","twitter_card":"summary_large_image","twitter_creator":"@AGuarda_es","twitter_site":"@AGuarda_es","twitter_misc":{"Written by":"prensa","Est. reading time":"1 minute"},"schema":{"@context":"https:\/\/schema.org","@graph":[{"@type":"WebPage","@id":"https:\/\/www.aguarda.es\/en\/no-colo-da-esperanza-na-guarda\/","url":"https:\/\/www.aguarda.es\/en\/no-colo-da-esperanza-na-guarda\/","name":"A exposici\u00f3n \u00abNo colo da esperanza\u00bb chega \u00e1 Guarda para concienciar sobre a crise de refuxiados","isPartOf":{"@id":"https:\/\/www.aguarda.es\/en\/#website"},"datePublished":"2018-04-17T07:46:11+00:00","dateModified":"2018-04-17T11:52:49+00:00","author":{"@id":"https:\/\/www.aguarda.es\/en\/#\/schema\/person\/c463ca3006858ffb349d11179d044f21"},"description":"O Concello da Guarda acoller\u00e1 dende o 18 de abril, a exposici\u00f3n fotogr\u00e1fica \u00abNo colo da esperanza\u00bb, de Felipe Carnotto. Composte de 12 fotograf\u00edas tomadas no ano 2015 na co\u00f1ecida como \u00abruta dos Balc\u00e1ns\u00bb, a trav\u00e9s da que milleiros de persoas foxen da guerra en Siria \u00e1 procura de refuxio en Europa.","breadcrumb":{"@id":"https:\/\/www.aguarda.es\/en\/no-colo-da-esperanza-na-guarda\/#breadcrumb"},"inLanguage":"en-US","potentialAction":[{"@type":"ReadAction","target":["https:\/\/www.aguarda.es\/en\/no-colo-da-esperanza-na-guarda\/"]}]},{"@type":"BreadcrumbList","@id":"https:\/\/www.aguarda.es\/en\/no-colo-da-esperanza-na-guarda\/#breadcrumb","itemListElement":[{"@type":"ListItem","position":1,"name":"Portada","item":"https:\/\/www.aguarda.es\/en\/"},{"@type":"ListItem","position":2,"name":"A exposici\u00f3n \u00abNo colo da esperanza\u00bb trae \u00e1 Guarda a crise de refuxiados"}]},{"@type":"WebSite","@id":"https:\/\/www.aguarda.es\/en\/#website","url":"https:\/\/www.aguarda.es\/en\/","name":"Concello da Guarda","description":"P\u00e1xina web do concello da Guarda","potentialAction":[{"@type":"SearchAction","target":{"@type":"EntryPoint","urlTemplate":"https:\/\/www.aguarda.es\/en\/?s={search_term_string}"},"query-input":"required name=search_term_string"}],"inLanguage":"en-US"},{"@type":"Person","@id":"https:\/\/www.aguarda.es\/en\/#\/schema\/person\/c463ca3006858ffb349d11179d044f21","name":"prensa","image":{"@type":"ImageObject","inLanguage":"en-US","@id":"https:\/\/www.aguarda.es\/en\/#\/schema\/person\/image\/","url":"https:\/\/secure.gravatar.com\/avatar\/5f90ef536b0f98306edf5c7a1135ffa1?s=96&d=mm&r=g","contentUrl":"https:\/\/secure.gravatar.com\/avatar\/5f90ef536b0f98306edf5c7a1135ffa1?s=96&d=mm&r=g","caption":"prensa"},"url":"https:\/\/www.aguarda.es\/en\/author\/prensa\/"}]}},"_links":{"self":[{"href":"https:\/\/www.aguarda.es\/en\/wp-json\/wp\/v2\/posts\/13004"}],"collection":[{"href":"https:\/\/www.aguarda.es\/en\/wp-json\/wp\/v2\/posts"}],"about":[{"href":"https:\/\/www.aguarda.es\/en\/wp-json\/wp\/v2\/types\/post"}],"author":[{"embeddable":true,"href":"https:\/\/www.aguarda.es\/en\/wp-json\/wp\/v2\/users\/2"}],"replies":[{"embeddable":true,"href":"https:\/\/www.aguarda.es\/en\/wp-json\/wp\/v2\/comments?post=13004"}],"version-history":[{"count":3,"href":"https:\/\/www.aguarda.es\/en\/wp-json\/wp\/v2\/posts\/13004\/revisions"}],"predecessor-version":[{"id":13018,"href":"https:\/\/www.aguarda.es\/en\/wp-json\/wp\/v2\/posts\/13004\/revisions\/13018"}],"wp:featuredmedia":[{"embeddable":true,"href":"https:\/\/www.aguarda.es\/en\/wp-json\/wp\/v2\/media\/13007"}],"wp:attachment":[{"href":"https:\/\/www.aguarda.es\/en\/wp-json\/wp\/v2\/media?parent=13004"}],"wp:term":[{"taxonomy":"category","embeddable":true,"href":"https:\/\/www.aguarda.es\/en\/wp-json\/wp\/v2\/categories?post=13004"},{"taxonomy":"post_tag","embeddable":true,"href":"https:\/\/www.aguarda.es\/en\/wp-json\/wp\/v2\/tags?post=13004"}],"curies":[{"name":"wp","href":"https:\/\/api.w.org\/{rel}","templated":true}]}}