{"id":13008,"date":"2018-04-17T11:49:18","date_gmt":"2018-04-17T11:49:18","guid":{"rendered":"https:\/\/www.aguarda.es\/?p=13008"},"modified":"2018-04-17T11:49:18","modified_gmt":"2018-04-17T11:49:18","slug":"aberto-prazo-para-programa-termal-benestar-en-balnearios","status":"publish","type":"post","link":"https:\/\/www.aguarda.es\/en\/aberto-prazo-para-programa-termal-benestar-en-balnearios\/","title":{"rendered":"Aberto o prazo para solicitar a participaci\u00f3n no programa termal \u00abBenestar en balnearios\u00bb"},"content":{"rendered":"<p style=\"text-align: justify\">O departamento de Servizos Sociais do Concello da Guarda informa de que xa est\u00e1 aberto o prazo para solicitar a participaci\u00f3n no <a href=\"https:\/\/www.xunta.gal\/dog\/Publicados\/2018\/20180417\/AnuncioG0425-110418-0006_es.html\">programa \u00abBenestar en balnearios 2018\u00bb<\/a> da Xunta de Galicia. As solicitudes poder\u00e1n presentarse ata o 16 de maio (inclu\u00eddo) para as estad\u00edas e tratamento termais a realizar nos meses de maio e xu\u00f1o, e ata o 30 de maio aquelas que se vaian desfrutar entre xullo e outubro.<\/p>\n<p style=\"text-align: justify\">Os <strong>requisitos para poder acceder<\/strong> ao programa son:<\/p>\n<p style=\"text-align: justify\">\u2022 Ser maior de 60 anos ou maior de 55. Neste \u00faltimo caso, debe reunir a condici\u00f3n de pensionista do sistema da Seguridade Social polos conceptos de xubilaci\u00f3n, invalidez, viuvez ou outras pensi\u00f3ns.<\/p>\n<p style=\"text-align: justify\">\u2022 Estar empadroado e residir nalg\u00fan concello da Comunidade Aut\u00f3noma de Galicia.<\/p>\n<p style=\"text-align: justify\">\u2022 Valerse por si mesmo para as actividades da vida diaria e estar en condici\u00f3ns de participar no programa, ag\u00e1s no caso de fillos ou fillas que acudan en calidade de acompa\u00f1antes.<\/p>\n<p style=\"text-align: justify\">\u2022 Non padecer alteraci\u00f3n do comportamento que poidan afectar a normal convivencia nos establecementos , nin padecer enfermidade transmisible con risco de contaxio.<\/p>\n<p style=\"text-align: justify\">\u2022 Carecer de contraindicaci\u00f3n m\u00e9dica para a recepci\u00f3n dos tratamentos termais.<\/p>\n<p style=\"text-align: justify\">\u2022 Acadar, de conformidade co baremo establecido, a puntuaci\u00f3n que lle permita acceder a un dos balnearios e quendas solicitadas.<\/p>\n<p style=\"text-align: justify\">A persoa solicitante poder\u00e1 ir acompa\u00f1ada do seu\/s\u00faa c\u00f3nxuxe, parella de feito ou persoa con que te\u00f1a unha uni\u00f3n estable e de convivencia con an\u00e1loga relaci\u00f3n \u00e1 conxugal, ou cun fillo ou filla con grao de discapacidade e autonom\u00eda de movemento, sempre que cumpran os requisitos arriba mencionados (a excepci\u00f3n do primeiro punto).<\/p>\n<p style=\"text-align: justify\">As persoas interesadas en participar no programa <strong>poder\u00e1n informarse e realizar as s\u00faas solicitudes no departamento de Servizos Sociais<\/strong> do Concello da Guarda (de 9 a 13 h).<\/p>\n<h5 style=\"text-align: justify\">Sobre o programa<\/h5>\n<p style=\"text-align: justify\">O programa termal \u00abBenestar en balnearios\u00bb \u00e9 unha iniciativa da Conseller\u00eda de Pol\u00edtica Social da Xunta de Galicia coa que se ofrecen alternativas de ocio que fomentan a autonom\u00eda e sa\u00fade das persoas maiores, favorecendo a un tempo as s\u00faas relaci\u00f3ns sociais.<\/p>\n<p style=\"text-align: justify\">O programa ofrece un total de 679 prazas en 2018, nas que se incl\u00faen a estad\u00eda en establecementos termais da comunidade en r\u00e9xime de pensi\u00f3n completa e habitaci\u00f3n dobre compartida, as\u00ed como un reco\u00f1ecemento m\u00e9dico e seguimento do tratamento termal prescrito.<\/p>\n","protected":false},"excerpt":{"rendered":"<p>O departamento de Servizos Sociais do Concello da Guarda informa de que xa est\u00e1 aberto o prazo para solicitar a participaci\u00f3n no programa \u00abBenestar en balnearios 2018\u00bb da Xunta de Galicia. As solicitudes poder\u00e1n presentarse ata o 16 de maio &hellip; <\/p>\n","protected":false},"author":2,"featured_media":13010,"comment_status":"open","ping_status":"open","sticky":false,"template":"","format":"standard","meta":[],"categories":[45],"tags":[885,1035,1091,362,1090,386],"yoast_head":"<!-- This site is optimized with the Yoast SEO plugin v21.1 - https:\/\/yoast.com\/wordpress\/plugins\/seo\/ -->\n<title>Aberto o prazo para participar no programa \u00abBenestar en balnearios 2018\u00bb<\/title>\n<meta name=\"description\" content=\"O departamento de Servizos Sociais do Concello da Guarda informa de que xa est\u00e1 aberto o prazo para solicitar a participaci\u00f3n no programa \u00abBenestar en balnearios 2018\u00bb da Xunta de Galicia.\" \/>\n<meta name=\"robots\" content=\"index, follow, max-snippet:-1, max-image-preview:large, max-video-preview:-1\" \/>\n<link rel=\"canonical\" href=\"https:\/\/www.aguarda.es\/en\/aberto-prazo-para-programa-termal-benestar-en-balnearios\/\" \/>\n<meta property=\"og:locale\" content=\"en_US\" \/>\n<meta property=\"og:type\" content=\"article\" \/>\n<meta property=\"og:title\" content=\"Aberto o prazo para participar no programa \u00abBenestar en balnearios 2018\u00bb\" \/>\n<meta property=\"og:description\" content=\"O departamento de Servizos Sociais do Concello da Guarda informa de que xa est\u00e1 aberto o prazo para solicitar a participaci\u00f3n no programa \u00abBenestar en balnearios 2018\u00bb da Xunta de Galicia.\" \/>\n<meta property=\"og:url\" content=\"https:\/\/www.aguarda.es\/en\/aberto-prazo-para-programa-termal-benestar-en-balnearios\/\" \/>\n<meta property=\"og:site_name\" content=\"Concello da Guarda\" \/>\n<meta property=\"article:publisher\" content=\"https:\/\/www.facebook.com\/ConcellodaGuarda\" \/>\n<meta property=\"article:published_time\" content=\"2018-04-17T11:49:18+00:00\" \/>\n<meta property=\"og:image\" content=\"https:\/\/www.aguarda.es\/wp-content\/uploads\/2018\/04\/Benestar-en-balnearios.png\" \/>\n\t<meta property=\"og:image:width\" content=\"581\" \/>\n\t<meta property=\"og:image:height\" content=\"363\" \/>\n\t<meta property=\"og:image:type\" content=\"image\/png\" \/>\n<meta name=\"author\" content=\"prensa\" \/>\n<meta name=\"twitter:card\" content=\"summary_large_image\" \/>\n<meta name=\"twitter:creator\" content=\"@AGuarda_es\" \/>\n<meta name=\"twitter:site\" content=\"@AGuarda_es\" \/>\n<meta name=\"twitter:label1\" content=\"Written by\" \/>\n\t<meta name=\"twitter:data1\" content=\"prensa\" \/>\n\t<meta name=\"twitter:label2\" content=\"Est. reading time\" \/>\n\t<meta name=\"twitter:data2\" content=\"2 minutes\" \/>\n<script type=\"application\/ld+json\" class=\"yoast-schema-graph\">{\"@context\":\"https:\/\/schema.org\",\"@graph\":[{\"@type\":\"WebPage\",\"@id\":\"https:\/\/www.aguarda.es\/en\/aberto-prazo-para-programa-termal-benestar-en-balnearios\/\",\"url\":\"https:\/\/www.aguarda.es\/en\/aberto-prazo-para-programa-termal-benestar-en-balnearios\/\",\"name\":\"Aberto o prazo para participar no programa \u00abBenestar en balnearios 2018\u00bb\",\"isPartOf\":{\"@id\":\"https:\/\/www.aguarda.es\/en\/#website\"},\"datePublished\":\"2018-04-17T11:49:18+00:00\",\"dateModified\":\"2018-04-17T11:49:18+00:00\",\"author\":{\"@id\":\"https:\/\/www.aguarda.es\/en\/#\/schema\/person\/c463ca3006858ffb349d11179d044f21\"},\"description\":\"O departamento de Servizos Sociais do Concello da Guarda informa de que xa est\u00e1 aberto o prazo para solicitar a participaci\u00f3n no programa \u00abBenestar en balnearios 2018\u00bb da Xunta de Galicia.\",\"breadcrumb\":{\"@id\":\"https:\/\/www.aguarda.es\/en\/aberto-prazo-para-programa-termal-benestar-en-balnearios\/#breadcrumb\"},\"inLanguage\":\"en-US\",\"potentialAction\":[{\"@type\":\"ReadAction\",\"target\":[\"https:\/\/www.aguarda.es\/en\/aberto-prazo-para-programa-termal-benestar-en-balnearios\/\"]}]},{\"@type\":\"BreadcrumbList\",\"@id\":\"https:\/\/www.aguarda.es\/en\/aberto-prazo-para-programa-termal-benestar-en-balnearios\/#breadcrumb\",\"itemListElement\":[{\"@type\":\"ListItem\",\"position\":1,\"name\":\"Portada\",\"item\":\"https:\/\/www.aguarda.es\/en\/\"},{\"@type\":\"ListItem\",\"position\":2,\"name\":\"Aberto o prazo para solicitar a participaci\u00f3n no programa termal \u00abBenestar en balnearios\u00bb\"}]},{\"@type\":\"WebSite\",\"@id\":\"https:\/\/www.aguarda.es\/en\/#website\",\"url\":\"https:\/\/www.aguarda.es\/en\/\",\"name\":\"Concello da Guarda\",\"description\":\"P\u00e1xina web do concello da Guarda\",\"potentialAction\":[{\"@type\":\"SearchAction\",\"target\":{\"@type\":\"EntryPoint\",\"urlTemplate\":\"https:\/\/www.aguarda.es\/en\/?s={search_term_string}\"},\"query-input\":\"required name=search_term_string\"}],\"inLanguage\":\"en-US\"},{\"@type\":\"Person\",\"@id\":\"https:\/\/www.aguarda.es\/en\/#\/schema\/person\/c463ca3006858ffb349d11179d044f21\",\"name\":\"prensa\",\"image\":{\"@type\":\"ImageObject\",\"inLanguage\":\"en-US\",\"@id\":\"https:\/\/www.aguarda.es\/en\/#\/schema\/person\/image\/\",\"url\":\"https:\/\/secure.gravatar.com\/avatar\/5f90ef536b0f98306edf5c7a1135ffa1?s=96&d=mm&r=g\",\"contentUrl\":\"https:\/\/secure.gravatar.com\/avatar\/5f90ef536b0f98306edf5c7a1135ffa1?s=96&d=mm&r=g\",\"caption\":\"prensa\"},\"url\":\"https:\/\/www.aguarda.es\/en\/author\/prensa\/\"}]}<\/script>\n<!-- \/ Yoast SEO plugin. -->","yoast_head_json":{"title":"Aberto o prazo para participar no programa \u00abBenestar en balnearios 2018\u00bb","description":"O departamento de Servizos Sociais do Concello da Guarda informa de que xa est\u00e1 aberto o prazo para solicitar a participaci\u00f3n no programa \u00abBenestar en balnearios 2018\u00bb da Xunta de Galicia.","robots":{"index":"index","follow":"follow","max-snippet":"max-snippet:-1","max-image-preview":"max-image-preview:large","max-video-preview":"max-video-preview:-1"},"canonical":"https:\/\/www.aguarda.es\/en\/aberto-prazo-para-programa-termal-benestar-en-balnearios\/","og_locale":"en_US","og_type":"article","og_title":"Aberto o prazo para participar no programa \u00abBenestar en balnearios 2018\u00bb","og_description":"O departamento de Servizos Sociais do Concello da Guarda informa de que xa est\u00e1 aberto o prazo para solicitar a participaci\u00f3n no programa \u00abBenestar en balnearios 2018\u00bb da Xunta de Galicia.","og_url":"https:\/\/www.aguarda.es\/en\/aberto-prazo-para-programa-termal-benestar-en-balnearios\/","og_site_name":"Concello da Guarda","article_publisher":"https:\/\/www.facebook.com\/ConcellodaGuarda","article_published_time":"2018-04-17T11:49:18+00:00","og_image":[{"width":581,"height":363,"url":"https:\/\/www.aguarda.es\/wp-content\/uploads\/2018\/04\/Benestar-en-balnearios.png","type":"image\/png"}],"author":"prensa","twitter_card":"summary_large_image","twitter_creator":"@AGuarda_es","twitter_site":"@AGuarda_es","twitter_misc":{"Written by":"prensa","Est. reading time":"2 minutes"},"schema":{"@context":"https:\/\/schema.org","@graph":[{"@type":"WebPage","@id":"https:\/\/www.aguarda.es\/en\/aberto-prazo-para-programa-termal-benestar-en-balnearios\/","url":"https:\/\/www.aguarda.es\/en\/aberto-prazo-para-programa-termal-benestar-en-balnearios\/","name":"Aberto o prazo para participar no programa \u00abBenestar en balnearios 2018\u00bb","isPartOf":{"@id":"https:\/\/www.aguarda.es\/en\/#website"},"datePublished":"2018-04-17T11:49:18+00:00","dateModified":"2018-04-17T11:49:18+00:00","author":{"@id":"https:\/\/www.aguarda.es\/en\/#\/schema\/person\/c463ca3006858ffb349d11179d044f21"},"description":"O departamento de Servizos Sociais do Concello da Guarda informa de que xa est\u00e1 aberto o prazo para solicitar a participaci\u00f3n no programa \u00abBenestar en balnearios 2018\u00bb da Xunta de Galicia.","breadcrumb":{"@id":"https:\/\/www.aguarda.es\/en\/aberto-prazo-para-programa-termal-benestar-en-balnearios\/#breadcrumb"},"inLanguage":"en-US","potentialAction":[{"@type":"ReadAction","target":["https:\/\/www.aguarda.es\/en\/aberto-prazo-para-programa-termal-benestar-en-balnearios\/"]}]},{"@type":"BreadcrumbList","@id":"https:\/\/www.aguarda.es\/en\/aberto-prazo-para-programa-termal-benestar-en-balnearios\/#breadcrumb","itemListElement":[{"@type":"ListItem","position":1,"name":"Portada","item":"https:\/\/www.aguarda.es\/en\/"},{"@type":"ListItem","position":2,"name":"Aberto o prazo para solicitar a participaci\u00f3n no programa termal \u00abBenestar en balnearios\u00bb"}]},{"@type":"WebSite","@id":"https:\/\/www.aguarda.es\/en\/#website","url":"https:\/\/www.aguarda.es\/en\/","name":"Concello da Guarda","description":"P\u00e1xina web do concello da Guarda","potentialAction":[{"@type":"SearchAction","target":{"@type":"EntryPoint","urlTemplate":"https:\/\/www.aguarda.es\/en\/?s={search_term_string}"},"query-input":"required name=search_term_string"}],"inLanguage":"en-US"},{"@type":"Person","@id":"https:\/\/www.aguarda.es\/en\/#\/schema\/person\/c463ca3006858ffb349d11179d044f21","name":"prensa","image":{"@type":"ImageObject","inLanguage":"en-US","@id":"https:\/\/www.aguarda.es\/en\/#\/schema\/person\/image\/","url":"https:\/\/secure.gravatar.com\/avatar\/5f90ef536b0f98306edf5c7a1135ffa1?s=96&d=mm&r=g","contentUrl":"https:\/\/secure.gravatar.com\/avatar\/5f90ef536b0f98306edf5c7a1135ffa1?s=96&d=mm&r=g","caption":"prensa"},"url":"https:\/\/www.aguarda.es\/en\/author\/prensa\/"}]}},"_links":{"self":[{"href":"https:\/\/www.aguarda.es\/en\/wp-json\/wp\/v2\/posts\/13008"}],"collection":[{"href":"https:\/\/www.aguarda.es\/en\/wp-json\/wp\/v2\/posts"}],"about":[{"href":"https:\/\/www.aguarda.es\/en\/wp-json\/wp\/v2\/types\/post"}],"author":[{"embeddable":true,"href":"https:\/\/www.aguarda.es\/en\/wp-json\/wp\/v2\/users\/2"}],"replies":[{"embeddable":true,"href":"https:\/\/www.aguarda.es\/en\/wp-json\/wp\/v2\/comments?post=13008"}],"version-history":[{"count":3,"href":"https:\/\/www.aguarda.es\/en\/wp-json\/wp\/v2\/posts\/13008\/revisions"}],"predecessor-version":[{"id":13013,"href":"https:\/\/www.aguarda.es\/en\/wp-json\/wp\/v2\/posts\/13008\/revisions\/13013"}],"wp:featuredmedia":[{"embeddable":true,"href":"https:\/\/www.aguarda.es\/en\/wp-json\/wp\/v2\/media\/13010"}],"wp:attachment":[{"href":"https:\/\/www.aguarda.es\/en\/wp-json\/wp\/v2\/media?parent=13008"}],"wp:term":[{"taxonomy":"category","embeddable":true,"href":"https:\/\/www.aguarda.es\/en\/wp-json\/wp\/v2\/categories?post=13008"},{"taxonomy":"post_tag","embeddable":true,"href":"https:\/\/www.aguarda.es\/en\/wp-json\/wp\/v2\/tags?post=13008"}],"curies":[{"name":"wp","href":"https:\/\/api.w.org\/{rel}","templated":true}]}}