{"id":13282,"date":"2018-04-30T07:19:54","date_gmt":"2018-04-30T07:19:54","guid":{"rendered":"https:\/\/www.aguarda.es\/?p=13282"},"modified":"2018-04-30T07:19:54","modified_gmt":"2018-04-30T07:19:54","slug":"pequenos-grandes-pintores-da-vila-mostra-talentos-da-guarda-e-oia","status":"publish","type":"post","link":"https:\/\/www.aguarda.es\/en\/pequenos-grandes-pintores-da-vila-mostra-talentos-da-guarda-e-oia\/","title":{"rendered":"\u00abPequenos grandes pintores da vila\u00bb: Unha mostra para gozar dos novos talentos da Guarda e Oia"},"content":{"rendered":"<h5 style=\"text-align: justify\">A mostra \u00abPequenos grandes pintores da vila\u00bb permanecer\u00e1 aberta ao p\u00fablico ata o 14 de maio na sala de exposici\u00f3ns do Centro Cultural da Guarda.<\/h5>\n<p style=\"text-align: justify\">O pasado s\u00e1bado 28 de maio inaugurouse no Centro Cultural a exposici\u00f3n \u00abPequenos grandes pintores da vila\u00bb, na que se expo\u00f1en os traballos realizados por rapazas de entre 7 e 14 anos dos concellos da Guarda e Oia.<\/p>\n<p style=\"text-align: justify\">A mostra, coordinada pola pintora e mestra Tereixa Mart\u00ednez, componse dun total de 37 cadros realizados con distintas t\u00e9cnicas -\u00f3leo, acuarela, carboncillo e pastel, entre outros- e tem\u00e1tica principalmente paisax\u00edstica, elaborados no obradoiro art\u00edstico impartido pola pintora na Guarda. As\u00ed, M\u00f3nica Rodr\u00edguez, Sara Rodr\u00edguez, Ana Mar\u00eda Vicente, Mar Gonz\u00e1lez, Mar\u00eda Lomba, Andrea \u00c1lvarez e Micalea C. Villal\u00f3n expo\u00f1en nesta ocasi\u00f3n e por primeira vez parte das s\u00faas creaci\u00f3ns, nas que os e as visitantes poder\u00e1n contemplar a s\u00faa evoluci\u00f3n e gozar do seu talento.<\/p>\n<p style=\"text-align: justify\">As obras <strong>poder\u00e1n contemplarse no Centro Cultural ata o vindeiro 14 de maio<\/strong> no horario de apertura habitual do Centro Cultural, isto \u00e9, de 10:00 a 13:00 horas e de 17:00 a 20:00 horas de luns a venres e os s\u00e1bados en horario de ma\u00f1\u00e1.<\/p>\n<div class=\"wpmf-gallerys\"><div id=\"gallery-1\" data-id=\"gallery-1\" data-gutterwidth=\"5\" \n class=\"gallery flexslider carousel wpmfflexslider gallery-link-file wpmf-has-border-radius-0 wpmf-gutterwidth-5 wpmf-gg-multiple-columns\" data-wpmfcolumns=\"2\" data-auto_animation=\"1\" data-border-width=\"0\" data-shadow=\"0\"><ul class=\"slides wpmf-slides\"><\/ul><\/div><\/div>\n","protected":false},"excerpt":{"rendered":"<p>A mostra \u00abPequenos grandes pintores da vila\u00bb permanecer\u00e1 aberta ao p\u00fablico ata o 14 de maio na sala de exposici\u00f3ns do Centro Cultural da Guarda. O pasado s\u00e1bado 28 de maio inaugurouse no Centro Cultural a exposici\u00f3n \u00abPequenos grandes pintores &hellip; <\/p>\n","protected":false},"author":2,"featured_media":13099,"comment_status":"open","ping_status":"open","sticky":false,"template":"","format":"standard","meta":[],"categories":[184],"tags":[],"yoast_head":"<!-- This site is optimized with the Yoast SEO plugin v21.1 - https:\/\/yoast.com\/wordpress\/plugins\/seo\/ -->\n<title>\u00abPequenos grandes pintores da vila\u00bb:Unha mostra para gozar dos novos talentos da Guarda e Oia<\/title>\n<meta name=\"description\" content=\"O pasado s\u00e1bado 28 de maio inaugurouse no Centro Cultural a exposici\u00f3n \u00abPequenos grandes pintores da vila\u00bb, na que se expo\u00f1en os traballos realizados por rapazas de entre 7 e 14 anos dos concellos da Guarda e Oia.\" \/>\n<meta name=\"robots\" content=\"index, follow, max-snippet:-1, max-image-preview:large, max-video-preview:-1\" \/>\n<link rel=\"canonical\" href=\"https:\/\/www.aguarda.es\/en\/pequenos-grandes-pintores-da-vila-mostra-talentos-da-guarda-e-oia\/\" \/>\n<meta property=\"og:locale\" content=\"en_US\" \/>\n<meta property=\"og:type\" content=\"article\" \/>\n<meta property=\"og:title\" content=\"\u00abPequenos grandes pintores da vila\u00bb:Unha mostra para gozar dos novos talentos da Guarda e Oia\" \/>\n<meta property=\"og:description\" content=\"O pasado s\u00e1bado 28 de maio inaugurouse no Centro Cultural a exposici\u00f3n \u00abPequenos grandes pintores da vila\u00bb, na que se expo\u00f1en os traballos realizados por rapazas de entre 7 e 14 anos dos concellos da Guarda e Oia.\" \/>\n<meta property=\"og:url\" content=\"https:\/\/www.aguarda.es\/en\/pequenos-grandes-pintores-da-vila-mostra-talentos-da-guarda-e-oia\/\" \/>\n<meta property=\"og:site_name\" content=\"Concello da Guarda\" \/>\n<meta property=\"article:publisher\" content=\"https:\/\/www.facebook.com\/ConcellodaGuarda\" \/>\n<meta property=\"article:published_time\" content=\"2018-04-30T07:19:54+00:00\" \/>\n<meta property=\"og:image\" content=\"https:\/\/www.aguarda.es\/wp-content\/uploads\/2018\/04\/Portada-Pequenos-grandes-pintores.jpg\" \/>\n\t<meta property=\"og:image:width\" content=\"1588\" \/>\n\t<meta property=\"og:image:height\" content=\"997\" \/>\n\t<meta property=\"og:image:type\" content=\"image\/jpeg\" \/>\n<meta name=\"author\" content=\"prensa\" \/>\n<meta name=\"twitter:card\" content=\"summary_large_image\" \/>\n<meta name=\"twitter:creator\" content=\"@AGuarda_es\" \/>\n<meta name=\"twitter:site\" content=\"@AGuarda_es\" \/>\n<meta name=\"twitter:label1\" content=\"Written by\" \/>\n\t<meta name=\"twitter:data1\" content=\"prensa\" \/>\n\t<meta name=\"twitter:label2\" content=\"Est. reading time\" \/>\n\t<meta name=\"twitter:data2\" content=\"1 minute\" \/>\n<script type=\"application\/ld+json\" class=\"yoast-schema-graph\">{\"@context\":\"https:\/\/schema.org\",\"@graph\":[{\"@type\":\"WebPage\",\"@id\":\"https:\/\/www.aguarda.es\/en\/pequenos-grandes-pintores-da-vila-mostra-talentos-da-guarda-e-oia\/\",\"url\":\"https:\/\/www.aguarda.es\/en\/pequenos-grandes-pintores-da-vila-mostra-talentos-da-guarda-e-oia\/\",\"name\":\"\u00abPequenos grandes pintores da vila\u00bb:Unha mostra para gozar dos novos talentos da Guarda e Oia\",\"isPartOf\":{\"@id\":\"https:\/\/www.aguarda.es\/en\/#website\"},\"datePublished\":\"2018-04-30T07:19:54+00:00\",\"dateModified\":\"2018-04-30T07:19:54+00:00\",\"author\":{\"@id\":\"https:\/\/www.aguarda.es\/en\/#\/schema\/person\/c463ca3006858ffb349d11179d044f21\"},\"description\":\"O pasado s\u00e1bado 28 de maio inaugurouse no Centro Cultural a exposici\u00f3n \u00abPequenos grandes pintores da vila\u00bb, na que se expo\u00f1en os traballos realizados por rapazas de entre 7 e 14 anos dos concellos da Guarda e Oia.\",\"breadcrumb\":{\"@id\":\"https:\/\/www.aguarda.es\/en\/pequenos-grandes-pintores-da-vila-mostra-talentos-da-guarda-e-oia\/#breadcrumb\"},\"inLanguage\":\"en-US\",\"potentialAction\":[{\"@type\":\"ReadAction\",\"target\":[\"https:\/\/www.aguarda.es\/en\/pequenos-grandes-pintores-da-vila-mostra-talentos-da-guarda-e-oia\/\"]}]},{\"@type\":\"BreadcrumbList\",\"@id\":\"https:\/\/www.aguarda.es\/en\/pequenos-grandes-pintores-da-vila-mostra-talentos-da-guarda-e-oia\/#breadcrumb\",\"itemListElement\":[{\"@type\":\"ListItem\",\"position\":1,\"name\":\"Portada\",\"item\":\"https:\/\/www.aguarda.es\/en\/\"},{\"@type\":\"ListItem\",\"position\":2,\"name\":\"\u00abPequenos grandes pintores da vila\u00bb: Unha mostra para gozar dos novos talentos da Guarda e Oia\"}]},{\"@type\":\"WebSite\",\"@id\":\"https:\/\/www.aguarda.es\/en\/#website\",\"url\":\"https:\/\/www.aguarda.es\/en\/\",\"name\":\"Concello da Guarda\",\"description\":\"P\u00e1xina web do concello da Guarda\",\"potentialAction\":[{\"@type\":\"SearchAction\",\"target\":{\"@type\":\"EntryPoint\",\"urlTemplate\":\"https:\/\/www.aguarda.es\/en\/?s={search_term_string}\"},\"query-input\":\"required name=search_term_string\"}],\"inLanguage\":\"en-US\"},{\"@type\":\"Person\",\"@id\":\"https:\/\/www.aguarda.es\/en\/#\/schema\/person\/c463ca3006858ffb349d11179d044f21\",\"name\":\"prensa\",\"image\":{\"@type\":\"ImageObject\",\"inLanguage\":\"en-US\",\"@id\":\"https:\/\/www.aguarda.es\/en\/#\/schema\/person\/image\/\",\"url\":\"https:\/\/secure.gravatar.com\/avatar\/5f90ef536b0f98306edf5c7a1135ffa1?s=96&d=mm&r=g\",\"contentUrl\":\"https:\/\/secure.gravatar.com\/avatar\/5f90ef536b0f98306edf5c7a1135ffa1?s=96&d=mm&r=g\",\"caption\":\"prensa\"},\"url\":\"https:\/\/www.aguarda.es\/en\/author\/prensa\/\"}]}<\/script>\n<!-- \/ Yoast SEO plugin. -->","yoast_head_json":{"title":"\u00abPequenos grandes pintores da vila\u00bb:Unha mostra para gozar dos novos talentos da Guarda e Oia","description":"O pasado s\u00e1bado 28 de maio inaugurouse no Centro Cultural a exposici\u00f3n \u00abPequenos grandes pintores da vila\u00bb, na que se expo\u00f1en os traballos realizados por rapazas de entre 7 e 14 anos dos concellos da Guarda e Oia.","robots":{"index":"index","follow":"follow","max-snippet":"max-snippet:-1","max-image-preview":"max-image-preview:large","max-video-preview":"max-video-preview:-1"},"canonical":"https:\/\/www.aguarda.es\/en\/pequenos-grandes-pintores-da-vila-mostra-talentos-da-guarda-e-oia\/","og_locale":"en_US","og_type":"article","og_title":"\u00abPequenos grandes pintores da vila\u00bb:Unha mostra para gozar dos novos talentos da Guarda e Oia","og_description":"O pasado s\u00e1bado 28 de maio inaugurouse no Centro Cultural a exposici\u00f3n \u00abPequenos grandes pintores da vila\u00bb, na que se expo\u00f1en os traballos realizados por rapazas de entre 7 e 14 anos dos concellos da Guarda e Oia.","og_url":"https:\/\/www.aguarda.es\/en\/pequenos-grandes-pintores-da-vila-mostra-talentos-da-guarda-e-oia\/","og_site_name":"Concello da Guarda","article_publisher":"https:\/\/www.facebook.com\/ConcellodaGuarda","article_published_time":"2018-04-30T07:19:54+00:00","og_image":[{"width":1588,"height":997,"url":"https:\/\/www.aguarda.es\/wp-content\/uploads\/2018\/04\/Portada-Pequenos-grandes-pintores.jpg","type":"image\/jpeg"}],"author":"prensa","twitter_card":"summary_large_image","twitter_creator":"@AGuarda_es","twitter_site":"@AGuarda_es","twitter_misc":{"Written by":"prensa","Est. reading time":"1 minute"},"schema":{"@context":"https:\/\/schema.org","@graph":[{"@type":"WebPage","@id":"https:\/\/www.aguarda.es\/en\/pequenos-grandes-pintores-da-vila-mostra-talentos-da-guarda-e-oia\/","url":"https:\/\/www.aguarda.es\/en\/pequenos-grandes-pintores-da-vila-mostra-talentos-da-guarda-e-oia\/","name":"\u00abPequenos grandes pintores da vila\u00bb:Unha mostra para gozar dos novos talentos da Guarda e Oia","isPartOf":{"@id":"https:\/\/www.aguarda.es\/en\/#website"},"datePublished":"2018-04-30T07:19:54+00:00","dateModified":"2018-04-30T07:19:54+00:00","author":{"@id":"https:\/\/www.aguarda.es\/en\/#\/schema\/person\/c463ca3006858ffb349d11179d044f21"},"description":"O pasado s\u00e1bado 28 de maio inaugurouse no Centro Cultural a exposici\u00f3n \u00abPequenos grandes pintores da vila\u00bb, na que se expo\u00f1en os traballos realizados por rapazas de entre 7 e 14 anos dos concellos da Guarda e Oia.","breadcrumb":{"@id":"https:\/\/www.aguarda.es\/en\/pequenos-grandes-pintores-da-vila-mostra-talentos-da-guarda-e-oia\/#breadcrumb"},"inLanguage":"en-US","potentialAction":[{"@type":"ReadAction","target":["https:\/\/www.aguarda.es\/en\/pequenos-grandes-pintores-da-vila-mostra-talentos-da-guarda-e-oia\/"]}]},{"@type":"BreadcrumbList","@id":"https:\/\/www.aguarda.es\/en\/pequenos-grandes-pintores-da-vila-mostra-talentos-da-guarda-e-oia\/#breadcrumb","itemListElement":[{"@type":"ListItem","position":1,"name":"Portada","item":"https:\/\/www.aguarda.es\/en\/"},{"@type":"ListItem","position":2,"name":"\u00abPequenos grandes pintores da vila\u00bb: Unha mostra para gozar dos novos talentos da Guarda e Oia"}]},{"@type":"WebSite","@id":"https:\/\/www.aguarda.es\/en\/#website","url":"https:\/\/www.aguarda.es\/en\/","name":"Concello da Guarda","description":"P\u00e1xina web do concello da Guarda","potentialAction":[{"@type":"SearchAction","target":{"@type":"EntryPoint","urlTemplate":"https:\/\/www.aguarda.es\/en\/?s={search_term_string}"},"query-input":"required name=search_term_string"}],"inLanguage":"en-US"},{"@type":"Person","@id":"https:\/\/www.aguarda.es\/en\/#\/schema\/person\/c463ca3006858ffb349d11179d044f21","name":"prensa","image":{"@type":"ImageObject","inLanguage":"en-US","@id":"https:\/\/www.aguarda.es\/en\/#\/schema\/person\/image\/","url":"https:\/\/secure.gravatar.com\/avatar\/5f90ef536b0f98306edf5c7a1135ffa1?s=96&d=mm&r=g","contentUrl":"https:\/\/secure.gravatar.com\/avatar\/5f90ef536b0f98306edf5c7a1135ffa1?s=96&d=mm&r=g","caption":"prensa"},"url":"https:\/\/www.aguarda.es\/en\/author\/prensa\/"}]}},"_links":{"self":[{"href":"https:\/\/www.aguarda.es\/en\/wp-json\/wp\/v2\/posts\/13282"}],"collection":[{"href":"https:\/\/www.aguarda.es\/en\/wp-json\/wp\/v2\/posts"}],"about":[{"href":"https:\/\/www.aguarda.es\/en\/wp-json\/wp\/v2\/types\/post"}],"author":[{"embeddable":true,"href":"https:\/\/www.aguarda.es\/en\/wp-json\/wp\/v2\/users\/2"}],"replies":[{"embeddable":true,"href":"https:\/\/www.aguarda.es\/en\/wp-json\/wp\/v2\/comments?post=13282"}],"version-history":[{"count":5,"href":"https:\/\/www.aguarda.es\/en\/wp-json\/wp\/v2\/posts\/13282\/revisions"}],"predecessor-version":[{"id":13289,"href":"https:\/\/www.aguarda.es\/en\/wp-json\/wp\/v2\/posts\/13282\/revisions\/13289"}],"wp:featuredmedia":[{"embeddable":true,"href":"https:\/\/www.aguarda.es\/en\/wp-json\/wp\/v2\/media\/13099"}],"wp:attachment":[{"href":"https:\/\/www.aguarda.es\/en\/wp-json\/wp\/v2\/media?parent=13282"}],"wp:term":[{"taxonomy":"category","embeddable":true,"href":"https:\/\/www.aguarda.es\/en\/wp-json\/wp\/v2\/categories?post=13282"},{"taxonomy":"post_tag","embeddable":true,"href":"https:\/\/www.aguarda.es\/en\/wp-json\/wp\/v2\/tags?post=13282"}],"curies":[{"name":"wp","href":"https:\/\/api.w.org\/{rel}","templated":true}]}}