{"id":13322,"date":"2018-05-02T11:17:59","date_gmt":"2018-05-02T11:17:59","guid":{"rendered":"https:\/\/www.aguarda.es\/?p=13322"},"modified":"2018-05-03T07:23:42","modified_gmt":"2018-05-03T07:23:42","slug":"degusta-europa-inicia-mana-na-praza-de-abastos-da-guarda","status":"publish","type":"post","link":"https:\/\/www.aguarda.es\/en\/degusta-europa-inicia-mana-na-praza-de-abastos-da-guarda\/","title":{"rendered":"\u00abDegusta Europa\u00bb inicia ma\u00f1\u00e1 a s\u00faa nova edici\u00f3n na Praza de Abastos da Guarda"},"content":{"rendered":"<h5 style=\"text-align: justify\">A veci\u00f1anza poder\u00e1 degustar de balde as preparaci\u00f3ns do alumando da escola Manuel Antonio entre as 11 e as 12 h.<\/h5>\n<p style=\"text-align: justify\">A Escola de Hostaler\u00eda Manuel Antonio e a Deputaci\u00f3n de Pontevedra iniciar\u00e1n ma\u00f1\u00e1 na Guarda a terceira edici\u00f3n de \u00abDegusta Europa\u00bb, unha campa\u00f1a de<strong> coci\u00f1a e degustaci\u00f3n de pratos inspirados nos pa\u00edses europeos utilizando produtos das R\u00edas Baixas<\/strong> e o mercado local.<\/p>\n<p style=\"text-align: justify\">O alumnado do centro vigu\u00e9s ser\u00e1 o encargado de elaborar os pratos, previa compra dos ingredientes necesarios para a s\u00faa elaboraci\u00f3n, tendo en conta a variedade de produtos locais presentes na Praza de Abastos. Al\u00ed, entre as 11:00 e as 12:00 h,<strong> as veci\u00f1as e veci\u00f1os da vila poder\u00e1n achegarse para gozar do <em>show cooking<\/em> e participar na degustaci\u00f3n<\/strong>, de balde e aberta ao p\u00fablico.<\/p>\n<p style=\"text-align: justify\">Nesta ocasi\u00f3n, as e os coci\u00f1eiros centrar\u00e1n a tem\u00e1tica das s\u00faas creaci\u00f3ns gastron\u00f3micas na campa\u00f1a tur\u00edstica <a href=\"http:\/\/turismoriasbaixas.com\/gl\/web\/portal-web\/somos-historias\">\u00abSomos historias\u00bb<\/a>. Ao tempo, as tapas manter\u00e1n un v\u00ednculo cos 20 pa\u00edses europeos cos que a Deputaci\u00f3n de Pontevedra mant\u00e9n relaci\u00f3n a trav\u00e9s dos Proxectos Europeos nos que participa, a saber: Irlanda, Reino Unido, Portugal, Francia, Italia, Malta, Islandia, Finlandia, Holanda, Alema\u00f1a, Polonia, Roman\u00eda, Grecia, Suecia, Chipre, Bulgaria, Eslovaquia, Eslovenia, Noruega e Dinamarca.<\/p>\n<p style=\"text-align: justify\">Acudir\u00e1n \u00e1 degustaci\u00f3n o alcalde do Concello da Guarda, Antonio Lomba, e o deputado provincial Santos H\u00e9ctor.<\/p>\n<h5>Sobre \u00abDegusta Europa\u00bb<\/h5>\n<p style=\"text-align: justify\">O programa \u00abDegusta Europa\u00bb, impulsado pola Deputaci\u00f3n de Pontevedra, naceu en 2016 con motivo do D\u00eda de Europa, no que se conmemora a paz e a unidade dos pa\u00edses que conforman o continente europeo. A instituci\u00f3n provincial emprendeu, as\u00ed, unha iniciativa coa que pretende promover e impulsar os produtos locais con preparaci\u00f3ns culinarias inspiradas na cultura europea, organizada e elaborada polas escolas de hostaler\u00eda Carlos Oroza e Manuel Antonio en distintos mercados municipais da provincia. O obxectivo \u00faltimo de \u00abDegusta Europa\u00bb \u00e9, con todo, <strong>po\u00f1er en valor a gastronom\u00eda e a materia prima das R\u00edas Baixas, <\/strong>favorecendo a coci\u00f1a de proximidade.<\/p>\n<p style=\"text-align: justify\">Esta terceira edici\u00f3n do proxecto continuar\u00e1 nos mercados ou prazas de abastos de Cangas (4 de maio), Vigo (8 de maio), Lal\u00edn (10 de maio), Mar\u00edn (11 de maio) e Vilagarc\u00eda de Arousa (15 de maio).<\/p>\n","protected":false},"excerpt":{"rendered":"<p>A veci\u00f1anza poder\u00e1 degustar de balde as preparaci\u00f3ns do alumando da escola Manuel Antonio entre as 11 e as 12 h. A Escola de Hostaler\u00eda Manuel Antonio e a Deputaci\u00f3n de Pontevedra iniciar\u00e1n ma\u00f1\u00e1 na Guarda a terceira edici\u00f3n de &hellip; <\/p>\n","protected":false},"author":2,"featured_media":13323,"comment_status":"open","ping_status":"open","sticky":false,"template":"","format":"standard","meta":[],"categories":[34,43],"tags":[887,1118,1119,274,698],"yoast_head":"<!-- This site is optimized with the Yoast SEO plugin v21.1 - https:\/\/yoast.com\/wordpress\/plugins\/seo\/ -->\n<title>\u00abDegusta Europa\u00bb inicia ma\u00f1\u00e1 a s\u00faa nova edici\u00f3n na Praza de Abastos da Guarda<\/title>\n<meta name=\"description\" content=\"A Escola de Hostaler\u00eda Manuel Antonio e a Deputaci\u00f3n de Pontevedra iniciar\u00e1 ma\u00f1\u00e1 na Guarda a terceira edici\u00f3n de \u00abDegusta Europa\u00bb, unha campa\u00f1a de coci\u00f1a e degustaci\u00f3n de pratos inspirados nos pa\u00edses europeos utilizando produtos das R\u00edas Baixas e o mercado local.\" \/>\n<meta name=\"robots\" content=\"index, follow, max-snippet:-1, max-image-preview:large, max-video-preview:-1\" \/>\n<link rel=\"canonical\" href=\"https:\/\/www.aguarda.es\/en\/degusta-europa-inicia-mana-na-praza-de-abastos-da-guarda\/\" \/>\n<meta property=\"og:locale\" content=\"en_US\" \/>\n<meta property=\"og:type\" content=\"article\" \/>\n<meta property=\"og:title\" content=\"\u00abDegusta Europa\u00bb inicia ma\u00f1\u00e1 a s\u00faa nova edici\u00f3n na Praza de Abastos da Guarda\" \/>\n<meta property=\"og:description\" content=\"A Escola de Hostaler\u00eda Manuel Antonio e a Deputaci\u00f3n de Pontevedra iniciar\u00e1 ma\u00f1\u00e1 na Guarda a terceira edici\u00f3n de \u00abDegusta Europa\u00bb, unha campa\u00f1a de coci\u00f1a e degustaci\u00f3n de pratos inspirados nos pa\u00edses europeos utilizando produtos das R\u00edas Baixas e o mercado local.\" \/>\n<meta property=\"og:url\" content=\"https:\/\/www.aguarda.es\/en\/degusta-europa-inicia-mana-na-praza-de-abastos-da-guarda\/\" \/>\n<meta property=\"og:site_name\" content=\"Concello da Guarda\" \/>\n<meta property=\"article:publisher\" content=\"https:\/\/www.facebook.com\/ConcellodaGuarda\" \/>\n<meta property=\"article:published_time\" content=\"2018-05-02T11:17:59+00:00\" \/>\n<meta property=\"article:modified_time\" content=\"2018-05-03T07:23:42+00:00\" \/>\n<meta property=\"og:image\" content=\"https:\/\/www.aguarda.es\/wp-content\/uploads\/2018\/05\/Judokas1.jpg\" \/>\n\t<meta property=\"og:image:width\" content=\"700\" \/>\n\t<meta property=\"og:image:height\" content=\"467\" \/>\n\t<meta property=\"og:image:type\" content=\"image\/jpeg\" \/>\n<meta name=\"author\" content=\"prensa\" \/>\n<meta name=\"twitter:card\" content=\"summary_large_image\" \/>\n<meta name=\"twitter:creator\" content=\"@AGuarda_es\" \/>\n<meta name=\"twitter:site\" content=\"@AGuarda_es\" \/>\n<meta name=\"twitter:label1\" content=\"Written by\" \/>\n\t<meta name=\"twitter:data1\" content=\"prensa\" \/>\n\t<meta name=\"twitter:label2\" content=\"Est. reading time\" \/>\n\t<meta name=\"twitter:data2\" content=\"2 minutes\" \/>\n<script type=\"application\/ld+json\" class=\"yoast-schema-graph\">{\"@context\":\"https:\/\/schema.org\",\"@graph\":[{\"@type\":\"WebPage\",\"@id\":\"https:\/\/www.aguarda.es\/en\/degusta-europa-inicia-mana-na-praza-de-abastos-da-guarda\/\",\"url\":\"https:\/\/www.aguarda.es\/en\/degusta-europa-inicia-mana-na-praza-de-abastos-da-guarda\/\",\"name\":\"\u00abDegusta Europa\u00bb inicia ma\u00f1\u00e1 a s\u00faa nova edici\u00f3n na Praza de Abastos da Guarda\",\"isPartOf\":{\"@id\":\"https:\/\/www.aguarda.es\/en\/#website\"},\"datePublished\":\"2018-05-02T11:17:59+00:00\",\"dateModified\":\"2018-05-03T07:23:42+00:00\",\"author\":{\"@id\":\"https:\/\/www.aguarda.es\/en\/#\/schema\/person\/c463ca3006858ffb349d11179d044f21\"},\"description\":\"A Escola de Hostaler\u00eda Manuel Antonio e a Deputaci\u00f3n de Pontevedra iniciar\u00e1 ma\u00f1\u00e1 na Guarda a terceira edici\u00f3n de \u00abDegusta Europa\u00bb, unha campa\u00f1a de coci\u00f1a e degustaci\u00f3n de pratos inspirados nos pa\u00edses europeos utilizando produtos das R\u00edas Baixas e o mercado local.\",\"breadcrumb\":{\"@id\":\"https:\/\/www.aguarda.es\/en\/degusta-europa-inicia-mana-na-praza-de-abastos-da-guarda\/#breadcrumb\"},\"inLanguage\":\"en-US\",\"potentialAction\":[{\"@type\":\"ReadAction\",\"target\":[\"https:\/\/www.aguarda.es\/en\/degusta-europa-inicia-mana-na-praza-de-abastos-da-guarda\/\"]}]},{\"@type\":\"BreadcrumbList\",\"@id\":\"https:\/\/www.aguarda.es\/en\/degusta-europa-inicia-mana-na-praza-de-abastos-da-guarda\/#breadcrumb\",\"itemListElement\":[{\"@type\":\"ListItem\",\"position\":1,\"name\":\"Portada\",\"item\":\"https:\/\/www.aguarda.es\/en\/\"},{\"@type\":\"ListItem\",\"position\":2,\"name\":\"\u00abDegusta Europa\u00bb inicia ma\u00f1\u00e1 a s\u00faa nova edici\u00f3n na Praza de Abastos da Guarda\"}]},{\"@type\":\"WebSite\",\"@id\":\"https:\/\/www.aguarda.es\/en\/#website\",\"url\":\"https:\/\/www.aguarda.es\/en\/\",\"name\":\"Concello da Guarda\",\"description\":\"P\u00e1xina web do concello da Guarda\",\"potentialAction\":[{\"@type\":\"SearchAction\",\"target\":{\"@type\":\"EntryPoint\",\"urlTemplate\":\"https:\/\/www.aguarda.es\/en\/?s={search_term_string}\"},\"query-input\":\"required name=search_term_string\"}],\"inLanguage\":\"en-US\"},{\"@type\":\"Person\",\"@id\":\"https:\/\/www.aguarda.es\/en\/#\/schema\/person\/c463ca3006858ffb349d11179d044f21\",\"name\":\"prensa\",\"image\":{\"@type\":\"ImageObject\",\"inLanguage\":\"en-US\",\"@id\":\"https:\/\/www.aguarda.es\/en\/#\/schema\/person\/image\/\",\"url\":\"https:\/\/secure.gravatar.com\/avatar\/5f90ef536b0f98306edf5c7a1135ffa1?s=96&d=mm&r=g\",\"contentUrl\":\"https:\/\/secure.gravatar.com\/avatar\/5f90ef536b0f98306edf5c7a1135ffa1?s=96&d=mm&r=g\",\"caption\":\"prensa\"},\"url\":\"https:\/\/www.aguarda.es\/en\/author\/prensa\/\"}]}<\/script>\n<!-- \/ Yoast SEO plugin. -->","yoast_head_json":{"title":"\u00abDegusta Europa\u00bb inicia ma\u00f1\u00e1 a s\u00faa nova edici\u00f3n na Praza de Abastos da Guarda","description":"A Escola de Hostaler\u00eda Manuel Antonio e a Deputaci\u00f3n de Pontevedra iniciar\u00e1 ma\u00f1\u00e1 na Guarda a terceira edici\u00f3n de \u00abDegusta Europa\u00bb, unha campa\u00f1a de coci\u00f1a e degustaci\u00f3n de pratos inspirados nos pa\u00edses europeos utilizando produtos das R\u00edas Baixas e o mercado local.","robots":{"index":"index","follow":"follow","max-snippet":"max-snippet:-1","max-image-preview":"max-image-preview:large","max-video-preview":"max-video-preview:-1"},"canonical":"https:\/\/www.aguarda.es\/en\/degusta-europa-inicia-mana-na-praza-de-abastos-da-guarda\/","og_locale":"en_US","og_type":"article","og_title":"\u00abDegusta Europa\u00bb inicia ma\u00f1\u00e1 a s\u00faa nova edici\u00f3n na Praza de Abastos da Guarda","og_description":"A Escola de Hostaler\u00eda Manuel Antonio e a Deputaci\u00f3n de Pontevedra iniciar\u00e1 ma\u00f1\u00e1 na Guarda a terceira edici\u00f3n de \u00abDegusta Europa\u00bb, unha campa\u00f1a de coci\u00f1a e degustaci\u00f3n de pratos inspirados nos pa\u00edses europeos utilizando produtos das R\u00edas Baixas e o mercado local.","og_url":"https:\/\/www.aguarda.es\/en\/degusta-europa-inicia-mana-na-praza-de-abastos-da-guarda\/","og_site_name":"Concello da Guarda","article_publisher":"https:\/\/www.facebook.com\/ConcellodaGuarda","article_published_time":"2018-05-02T11:17:59+00:00","article_modified_time":"2018-05-03T07:23:42+00:00","og_image":[{"width":700,"height":467,"url":"https:\/\/www.aguarda.es\/wp-content\/uploads\/2018\/05\/Judokas1.jpg","type":"image\/jpeg"}],"author":"prensa","twitter_card":"summary_large_image","twitter_creator":"@AGuarda_es","twitter_site":"@AGuarda_es","twitter_misc":{"Written by":"prensa","Est. reading time":"2 minutes"},"schema":{"@context":"https:\/\/schema.org","@graph":[{"@type":"WebPage","@id":"https:\/\/www.aguarda.es\/en\/degusta-europa-inicia-mana-na-praza-de-abastos-da-guarda\/","url":"https:\/\/www.aguarda.es\/en\/degusta-europa-inicia-mana-na-praza-de-abastos-da-guarda\/","name":"\u00abDegusta Europa\u00bb inicia ma\u00f1\u00e1 a s\u00faa nova edici\u00f3n na Praza de Abastos da Guarda","isPartOf":{"@id":"https:\/\/www.aguarda.es\/en\/#website"},"datePublished":"2018-05-02T11:17:59+00:00","dateModified":"2018-05-03T07:23:42+00:00","author":{"@id":"https:\/\/www.aguarda.es\/en\/#\/schema\/person\/c463ca3006858ffb349d11179d044f21"},"description":"A Escola de Hostaler\u00eda Manuel Antonio e a Deputaci\u00f3n de Pontevedra iniciar\u00e1 ma\u00f1\u00e1 na Guarda a terceira edici\u00f3n de \u00abDegusta Europa\u00bb, unha campa\u00f1a de coci\u00f1a e degustaci\u00f3n de pratos inspirados nos pa\u00edses europeos utilizando produtos das R\u00edas Baixas e o mercado local.","breadcrumb":{"@id":"https:\/\/www.aguarda.es\/en\/degusta-europa-inicia-mana-na-praza-de-abastos-da-guarda\/#breadcrumb"},"inLanguage":"en-US","potentialAction":[{"@type":"ReadAction","target":["https:\/\/www.aguarda.es\/en\/degusta-europa-inicia-mana-na-praza-de-abastos-da-guarda\/"]}]},{"@type":"BreadcrumbList","@id":"https:\/\/www.aguarda.es\/en\/degusta-europa-inicia-mana-na-praza-de-abastos-da-guarda\/#breadcrumb","itemListElement":[{"@type":"ListItem","position":1,"name":"Portada","item":"https:\/\/www.aguarda.es\/en\/"},{"@type":"ListItem","position":2,"name":"\u00abDegusta Europa\u00bb inicia ma\u00f1\u00e1 a s\u00faa nova edici\u00f3n na Praza de Abastos da Guarda"}]},{"@type":"WebSite","@id":"https:\/\/www.aguarda.es\/en\/#website","url":"https:\/\/www.aguarda.es\/en\/","name":"Concello da Guarda","description":"P\u00e1xina web do concello da Guarda","potentialAction":[{"@type":"SearchAction","target":{"@type":"EntryPoint","urlTemplate":"https:\/\/www.aguarda.es\/en\/?s={search_term_string}"},"query-input":"required name=search_term_string"}],"inLanguage":"en-US"},{"@type":"Person","@id":"https:\/\/www.aguarda.es\/en\/#\/schema\/person\/c463ca3006858ffb349d11179d044f21","name":"prensa","image":{"@type":"ImageObject","inLanguage":"en-US","@id":"https:\/\/www.aguarda.es\/en\/#\/schema\/person\/image\/","url":"https:\/\/secure.gravatar.com\/avatar\/5f90ef536b0f98306edf5c7a1135ffa1?s=96&d=mm&r=g","contentUrl":"https:\/\/secure.gravatar.com\/avatar\/5f90ef536b0f98306edf5c7a1135ffa1?s=96&d=mm&r=g","caption":"prensa"},"url":"https:\/\/www.aguarda.es\/en\/author\/prensa\/"}]}},"_links":{"self":[{"href":"https:\/\/www.aguarda.es\/en\/wp-json\/wp\/v2\/posts\/13322"}],"collection":[{"href":"https:\/\/www.aguarda.es\/en\/wp-json\/wp\/v2\/posts"}],"about":[{"href":"https:\/\/www.aguarda.es\/en\/wp-json\/wp\/v2\/types\/post"}],"author":[{"embeddable":true,"href":"https:\/\/www.aguarda.es\/en\/wp-json\/wp\/v2\/users\/2"}],"replies":[{"embeddable":true,"href":"https:\/\/www.aguarda.es\/en\/wp-json\/wp\/v2\/comments?post=13322"}],"version-history":[{"count":6,"href":"https:\/\/www.aguarda.es\/en\/wp-json\/wp\/v2\/posts\/13322\/revisions"}],"predecessor-version":[{"id":13335,"href":"https:\/\/www.aguarda.es\/en\/wp-json\/wp\/v2\/posts\/13322\/revisions\/13335"}],"wp:featuredmedia":[{"embeddable":true,"href":"https:\/\/www.aguarda.es\/en\/wp-json\/wp\/v2\/media\/13323"}],"wp:attachment":[{"href":"https:\/\/www.aguarda.es\/en\/wp-json\/wp\/v2\/media?parent=13322"}],"wp:term":[{"taxonomy":"category","embeddable":true,"href":"https:\/\/www.aguarda.es\/en\/wp-json\/wp\/v2\/categories?post=13322"},{"taxonomy":"post_tag","embeddable":true,"href":"https:\/\/www.aguarda.es\/en\/wp-json\/wp\/v2\/tags?post=13322"}],"curies":[{"name":"wp","href":"https:\/\/api.w.org\/{rel}","templated":true}]}}