{"id":13411,"date":"2018-05-08T11:45:41","date_gmt":"2018-05-08T11:45:41","guid":{"rendered":"https:\/\/www.aguarda.es\/?p=13411"},"modified":"2018-05-08T11:47:56","modified_gmt":"2018-05-08T11:47:56","slug":"o-6-de-xuno-abre-o-derradeiro-prazo-de-peticion-de-citas-para-a-renovacion-do-dni-en-2018","status":"publish","type":"post","link":"https:\/\/www.aguarda.es\/en\/o-6-de-xuno-abre-o-derradeiro-prazo-de-peticion-de-citas-para-a-renovacion-do-dni-en-2018\/","title":{"rendered":"O 6 de xu\u00f1o abre o derradeiro prazo de petici\u00f3n de citas para a renovaci\u00f3n do DNI en 2018"},"content":{"rendered":"<p style=\"text-align: justify\">As persoas que precisen renovar o seu Documento Nacional de Identidade (DNI) entre setembro e decembro deste ano, poder\u00e1n solicitar a s\u00faa cita a partir do vindeiro 6 de xu\u00f1o.<\/p>\n<p style=\"text-align: justify\">De acordo co calendario da unidade m\u00f3bil do Corpo Nacional de Polic\u00eda de Vigo, as renovaci\u00f3ns poder\u00e1n realizarse na Casa dos Alonso os d\u00edas 11 de setembro de 2018 (con recollida do documento o d\u00eda 14 do mesmo mes), 9 de outubro (con recollida o d\u00eda 16) e 13 de novembro (con recollida o d\u00eda 16).<\/p>\n<p style=\"text-align: justify\">O horario de atenci\u00f3n ao p\u00fablico para a petici\u00f3n de citas ser\u00e1 de 9:00 a 14:00 horas. <strong>O d\u00eda 6 de xu\u00f1o as solicitudes s\u00f3 poder\u00e1n realizarse de xeito presencial<\/strong>. Para m\u00e1is informaci\u00f3n, as persoas interesadas poden dirixirse \u00e1 Secretar\u00eda do Concello chamando ao tel\u00e9fono 986 610 000, extensi\u00f3n 4.<\/p>\n","protected":false},"excerpt":{"rendered":"<p>As persoas que precisen renovar o seu Documento Nacional de Identidade (DNI) entre setembro e decembro deste ano, poder\u00e1n solicitar a s\u00faa cita a partir do vindeiro 6 de xu\u00f1o. De acordo co calendario da unidade m\u00f3bil do Corpo Nacional &hellip; <\/p>\n","protected":false},"author":2,"featured_media":13412,"comment_status":"open","ping_status":"open","sticky":false,"template":"","format":"standard","meta":[],"categories":[33],"tags":[423,553,556],"yoast_head":"<!-- This site is optimized with the Yoast SEO plugin v21.1 - https:\/\/yoast.com\/wordpress\/plugins\/seo\/ -->\n<title>O 6 de xu\u00f1o abre o derradeiro prazo de petici\u00f3n de citas para a renovaci\u00f3n do DNI en 2018 - Concello da Guarda<\/title>\n<meta name=\"robots\" content=\"index, follow, max-snippet:-1, max-image-preview:large, max-video-preview:-1\" \/>\n<link rel=\"canonical\" href=\"https:\/\/www.aguarda.es\/en\/o-6-de-xuno-abre-o-derradeiro-prazo-de-peticion-de-citas-para-a-renovacion-do-dni-en-2018\/\" \/>\n<meta property=\"og:locale\" content=\"en_US\" \/>\n<meta property=\"og:type\" content=\"article\" \/>\n<meta property=\"og:title\" content=\"O 6 de xu\u00f1o abre o derradeiro prazo de petici\u00f3n de citas para a renovaci\u00f3n do DNI en 2018 - Concello da Guarda\" \/>\n<meta property=\"og:description\" content=\"As persoas que precisen renovar o seu Documento Nacional de Identidade (DNI) entre setembro e decembro deste ano, poder\u00e1n solicitar a s\u00faa cita a partir do vindeiro 6 de xu\u00f1o. De acordo co calendario da unidade m\u00f3bil do Corpo Nacional &hellip;\" \/>\n<meta property=\"og:url\" content=\"https:\/\/www.aguarda.es\/en\/o-6-de-xuno-abre-o-derradeiro-prazo-de-peticion-de-citas-para-a-renovacion-do-dni-en-2018\/\" \/>\n<meta property=\"og:site_name\" content=\"Concello da Guarda\" \/>\n<meta property=\"article:publisher\" content=\"https:\/\/www.facebook.com\/ConcellodaGuarda\" \/>\n<meta property=\"article:published_time\" content=\"2018-05-08T11:45:41+00:00\" \/>\n<meta property=\"article:modified_time\" content=\"2018-05-08T11:47:56+00:00\" \/>\n<meta property=\"og:image\" content=\"https:\/\/www.aguarda.es\/wp-content\/uploads\/2018\/05\/DNI.jpg\" \/>\n\t<meta property=\"og:image:width\" content=\"592\" \/>\n\t<meta property=\"og:image:height\" content=\"356\" \/>\n\t<meta property=\"og:image:type\" content=\"image\/jpeg\" \/>\n<meta name=\"author\" content=\"prensa\" \/>\n<meta name=\"twitter:card\" content=\"summary_large_image\" \/>\n<meta name=\"twitter:creator\" content=\"@AGuarda_es\" \/>\n<meta name=\"twitter:site\" content=\"@AGuarda_es\" \/>\n<meta name=\"twitter:label1\" content=\"Written by\" \/>\n\t<meta name=\"twitter:data1\" content=\"prensa\" \/>\n\t<meta name=\"twitter:label2\" content=\"Est. reading time\" \/>\n\t<meta name=\"twitter:data2\" content=\"1 minute\" \/>\n<script type=\"application\/ld+json\" class=\"yoast-schema-graph\">{\"@context\":\"https:\/\/schema.org\",\"@graph\":[{\"@type\":\"WebPage\",\"@id\":\"https:\/\/www.aguarda.es\/en\/o-6-de-xuno-abre-o-derradeiro-prazo-de-peticion-de-citas-para-a-renovacion-do-dni-en-2018\/\",\"url\":\"https:\/\/www.aguarda.es\/en\/o-6-de-xuno-abre-o-derradeiro-prazo-de-peticion-de-citas-para-a-renovacion-do-dni-en-2018\/\",\"name\":\"O 6 de xu\u00f1o abre o derradeiro prazo de petici\u00f3n de citas para a renovaci\u00f3n do DNI en 2018 - Concello da Guarda\",\"isPartOf\":{\"@id\":\"https:\/\/www.aguarda.es\/en\/#website\"},\"datePublished\":\"2018-05-08T11:45:41+00:00\",\"dateModified\":\"2018-05-08T11:47:56+00:00\",\"author\":{\"@id\":\"https:\/\/www.aguarda.es\/en\/#\/schema\/person\/c463ca3006858ffb349d11179d044f21\"},\"breadcrumb\":{\"@id\":\"https:\/\/www.aguarda.es\/en\/o-6-de-xuno-abre-o-derradeiro-prazo-de-peticion-de-citas-para-a-renovacion-do-dni-en-2018\/#breadcrumb\"},\"inLanguage\":\"en-US\",\"potentialAction\":[{\"@type\":\"ReadAction\",\"target\":[\"https:\/\/www.aguarda.es\/en\/o-6-de-xuno-abre-o-derradeiro-prazo-de-peticion-de-citas-para-a-renovacion-do-dni-en-2018\/\"]}]},{\"@type\":\"BreadcrumbList\",\"@id\":\"https:\/\/www.aguarda.es\/en\/o-6-de-xuno-abre-o-derradeiro-prazo-de-peticion-de-citas-para-a-renovacion-do-dni-en-2018\/#breadcrumb\",\"itemListElement\":[{\"@type\":\"ListItem\",\"position\":1,\"name\":\"Portada\",\"item\":\"https:\/\/www.aguarda.es\/en\/\"},{\"@type\":\"ListItem\",\"position\":2,\"name\":\"O 6 de xu\u00f1o abre o derradeiro prazo de petici\u00f3n de citas para a renovaci\u00f3n do DNI en 2018\"}]},{\"@type\":\"WebSite\",\"@id\":\"https:\/\/www.aguarda.es\/en\/#website\",\"url\":\"https:\/\/www.aguarda.es\/en\/\",\"name\":\"Concello da Guarda\",\"description\":\"P\u00e1xina web do concello da Guarda\",\"potentialAction\":[{\"@type\":\"SearchAction\",\"target\":{\"@type\":\"EntryPoint\",\"urlTemplate\":\"https:\/\/www.aguarda.es\/en\/?s={search_term_string}\"},\"query-input\":\"required name=search_term_string\"}],\"inLanguage\":\"en-US\"},{\"@type\":\"Person\",\"@id\":\"https:\/\/www.aguarda.es\/en\/#\/schema\/person\/c463ca3006858ffb349d11179d044f21\",\"name\":\"prensa\",\"image\":{\"@type\":\"ImageObject\",\"inLanguage\":\"en-US\",\"@id\":\"https:\/\/www.aguarda.es\/en\/#\/schema\/person\/image\/\",\"url\":\"https:\/\/secure.gravatar.com\/avatar\/5f90ef536b0f98306edf5c7a1135ffa1?s=96&d=mm&r=g\",\"contentUrl\":\"https:\/\/secure.gravatar.com\/avatar\/5f90ef536b0f98306edf5c7a1135ffa1?s=96&d=mm&r=g\",\"caption\":\"prensa\"},\"url\":\"https:\/\/www.aguarda.es\/en\/author\/prensa\/\"}]}<\/script>\n<!-- \/ Yoast SEO plugin. -->","yoast_head_json":{"title":"O 6 de xu\u00f1o abre o derradeiro prazo de petici\u00f3n de citas para a renovaci\u00f3n do DNI en 2018 - Concello da Guarda","robots":{"index":"index","follow":"follow","max-snippet":"max-snippet:-1","max-image-preview":"max-image-preview:large","max-video-preview":"max-video-preview:-1"},"canonical":"https:\/\/www.aguarda.es\/en\/o-6-de-xuno-abre-o-derradeiro-prazo-de-peticion-de-citas-para-a-renovacion-do-dni-en-2018\/","og_locale":"en_US","og_type":"article","og_title":"O 6 de xu\u00f1o abre o derradeiro prazo de petici\u00f3n de citas para a renovaci\u00f3n do DNI en 2018 - Concello da Guarda","og_description":"As persoas que precisen renovar o seu Documento Nacional de Identidade (DNI) entre setembro e decembro deste ano, poder\u00e1n solicitar a s\u00faa cita a partir do vindeiro 6 de xu\u00f1o. De acordo co calendario da unidade m\u00f3bil do Corpo Nacional &hellip;","og_url":"https:\/\/www.aguarda.es\/en\/o-6-de-xuno-abre-o-derradeiro-prazo-de-peticion-de-citas-para-a-renovacion-do-dni-en-2018\/","og_site_name":"Concello da Guarda","article_publisher":"https:\/\/www.facebook.com\/ConcellodaGuarda","article_published_time":"2018-05-08T11:45:41+00:00","article_modified_time":"2018-05-08T11:47:56+00:00","og_image":[{"width":592,"height":356,"url":"https:\/\/www.aguarda.es\/wp-content\/uploads\/2018\/05\/DNI.jpg","type":"image\/jpeg"}],"author":"prensa","twitter_card":"summary_large_image","twitter_creator":"@AGuarda_es","twitter_site":"@AGuarda_es","twitter_misc":{"Written by":"prensa","Est. reading time":"1 minute"},"schema":{"@context":"https:\/\/schema.org","@graph":[{"@type":"WebPage","@id":"https:\/\/www.aguarda.es\/en\/o-6-de-xuno-abre-o-derradeiro-prazo-de-peticion-de-citas-para-a-renovacion-do-dni-en-2018\/","url":"https:\/\/www.aguarda.es\/en\/o-6-de-xuno-abre-o-derradeiro-prazo-de-peticion-de-citas-para-a-renovacion-do-dni-en-2018\/","name":"O 6 de xu\u00f1o abre o derradeiro prazo de petici\u00f3n de citas para a renovaci\u00f3n do DNI en 2018 - Concello da Guarda","isPartOf":{"@id":"https:\/\/www.aguarda.es\/en\/#website"},"datePublished":"2018-05-08T11:45:41+00:00","dateModified":"2018-05-08T11:47:56+00:00","author":{"@id":"https:\/\/www.aguarda.es\/en\/#\/schema\/person\/c463ca3006858ffb349d11179d044f21"},"breadcrumb":{"@id":"https:\/\/www.aguarda.es\/en\/o-6-de-xuno-abre-o-derradeiro-prazo-de-peticion-de-citas-para-a-renovacion-do-dni-en-2018\/#breadcrumb"},"inLanguage":"en-US","potentialAction":[{"@type":"ReadAction","target":["https:\/\/www.aguarda.es\/en\/o-6-de-xuno-abre-o-derradeiro-prazo-de-peticion-de-citas-para-a-renovacion-do-dni-en-2018\/"]}]},{"@type":"BreadcrumbList","@id":"https:\/\/www.aguarda.es\/en\/o-6-de-xuno-abre-o-derradeiro-prazo-de-peticion-de-citas-para-a-renovacion-do-dni-en-2018\/#breadcrumb","itemListElement":[{"@type":"ListItem","position":1,"name":"Portada","item":"https:\/\/www.aguarda.es\/en\/"},{"@type":"ListItem","position":2,"name":"O 6 de xu\u00f1o abre o derradeiro prazo de petici\u00f3n de citas para a renovaci\u00f3n do DNI en 2018"}]},{"@type":"WebSite","@id":"https:\/\/www.aguarda.es\/en\/#website","url":"https:\/\/www.aguarda.es\/en\/","name":"Concello da Guarda","description":"P\u00e1xina web do concello da Guarda","potentialAction":[{"@type":"SearchAction","target":{"@type":"EntryPoint","urlTemplate":"https:\/\/www.aguarda.es\/en\/?s={search_term_string}"},"query-input":"required name=search_term_string"}],"inLanguage":"en-US"},{"@type":"Person","@id":"https:\/\/www.aguarda.es\/en\/#\/schema\/person\/c463ca3006858ffb349d11179d044f21","name":"prensa","image":{"@type":"ImageObject","inLanguage":"en-US","@id":"https:\/\/www.aguarda.es\/en\/#\/schema\/person\/image\/","url":"https:\/\/secure.gravatar.com\/avatar\/5f90ef536b0f98306edf5c7a1135ffa1?s=96&d=mm&r=g","contentUrl":"https:\/\/secure.gravatar.com\/avatar\/5f90ef536b0f98306edf5c7a1135ffa1?s=96&d=mm&r=g","caption":"prensa"},"url":"https:\/\/www.aguarda.es\/en\/author\/prensa\/"}]}},"_links":{"self":[{"href":"https:\/\/www.aguarda.es\/en\/wp-json\/wp\/v2\/posts\/13411"}],"collection":[{"href":"https:\/\/www.aguarda.es\/en\/wp-json\/wp\/v2\/posts"}],"about":[{"href":"https:\/\/www.aguarda.es\/en\/wp-json\/wp\/v2\/types\/post"}],"author":[{"embeddable":true,"href":"https:\/\/www.aguarda.es\/en\/wp-json\/wp\/v2\/users\/2"}],"replies":[{"embeddable":true,"href":"https:\/\/www.aguarda.es\/en\/wp-json\/wp\/v2\/comments?post=13411"}],"version-history":[{"count":1,"href":"https:\/\/www.aguarda.es\/en\/wp-json\/wp\/v2\/posts\/13411\/revisions"}],"predecessor-version":[{"id":13414,"href":"https:\/\/www.aguarda.es\/en\/wp-json\/wp\/v2\/posts\/13411\/revisions\/13414"}],"wp:featuredmedia":[{"embeddable":true,"href":"https:\/\/www.aguarda.es\/en\/wp-json\/wp\/v2\/media\/13412"}],"wp:attachment":[{"href":"https:\/\/www.aguarda.es\/en\/wp-json\/wp\/v2\/media?parent=13411"}],"wp:term":[{"taxonomy":"category","embeddable":true,"href":"https:\/\/www.aguarda.es\/en\/wp-json\/wp\/v2\/categories?post=13411"},{"taxonomy":"post_tag","embeddable":true,"href":"https:\/\/www.aguarda.es\/en\/wp-json\/wp\/v2\/tags?post=13411"}],"curies":[{"name":"wp","href":"https:\/\/api.w.org\/{rel}","templated":true}]}}