{"id":1347,"date":"2015-11-13T08:26:36","date_gmt":"2015-11-13T08:26:36","guid":{"rendered":"https:\/\/www.aguarda.es\/?p=1347"},"modified":"2017-04-02T23:49:48","modified_gmt":"2017-04-02T23:49:48","slug":"charla-informativa-para-dar-a-conecer-aos-vecinos-e-vecinas-da-guarda-o-programa-familias-de-acollida","status":"publish","type":"post","link":"https:\/\/www.aguarda.es\/en\/charla-informativa-para-dar-a-conecer-aos-vecinos-e-vecinas-da-guarda-o-programa-familias-de-acollida\/","title":{"rendered":"Charla informativa para dar a co\u00f1ecer aos veci\u00f1os e veci\u00f1as da Guarda o programa  \u201cFamilias de Acollida\u201d"},"content":{"rendered":"<p>A cita \u00e9 o xoves, d\u00eda 19 de novembro, no Centro Cultural<\/p>\n<p><!--more--><\/p>\n<p>O Concello da Guarda, en colaboraci\u00f3n coa Cruz Vermella, organiza unha charla explicativa e formativa para dar a co\u00f1ecer aos veci\u00f1os e veci\u00f1as da localidade o programa \u201cFamilias de Acollida\u201d.<\/p>\n<p>Este encontro, que ter\u00e1 lugar o xoves, d\u00eda 19, \u00e1s 18 horas no Centro Cultural guard\u00e9s, o que busca \u00e9 explicar que \u00e9 e que significa realmente converterse nunha familia de acollida, os motivos polos que os nenos o as nenas est\u00e1n dentro deste programa, as caracter\u00edsticas dos menores e as s\u00faas situaci\u00f3ns.<br \/>\nPara cumprir este obxectivo, ademais de traballadores de Cruz Vermella, na charla estar\u00e1n presentes persoas que xa foron familias de acollida para, de primeira man, contar a s\u00faa experiencia.<\/p>\n<p>Ser familia de acollida significa acoller, de forma temporal, a un neno ou nena para axudarlle a superar unha situaci\u00f3n dif\u00edcil dentro da s\u00faa familia de orixe ou antes da s\u00faa adopci\u00f3n.<\/p>\n<p>Con esta xuntanza, o Concello da Guarda e a Cruz Vermella, queren animar aos veci\u00f1os e veci\u00f1as da Guarda a co\u00f1ecer este programa e tam\u00e9n a participar de forma activa nel.<\/p>\n<p>Aquel que precise m\u00e1is informaci\u00f3n pode dirixirse o departamento de Educaci\u00f3n Familiar ou a OMIX do Concello da Guarda.<\/p>\n<p><img decoding=\"async\" loading=\"lazy\" class=\" size-full wp-image-1346\" src=\"https:\/\/www.aguarda.es\/wp-content\/uploads\/2015\/11\/2015_familiaacollida.png\" alt=\"\" width=\"424\" height=\"600\" srcset=\"https:\/\/www.aguarda.es\/wp-content\/uploads\/2015\/11\/2015_familiaacollida.png 424w, https:\/\/www.aguarda.es\/wp-content\/uploads\/2015\/11\/2015_familiaacollida-212x300.png 212w\" sizes=\"(max-width: 424px) 100vw, 424px\" \/><\/p>\n","protected":false},"excerpt":{"rendered":"<p>A cita \u00e9 o xoves, d\u00eda 19 de novembro, no Centro Cultural<\/p>\n","protected":false},"author":1,"featured_media":1346,"comment_status":"open","ping_status":"open","sticky":false,"template":"","format":"standard","meta":[],"categories":[45],"tags":[],"yoast_head":"<!-- This site is optimized with the Yoast SEO plugin v21.1 - https:\/\/yoast.com\/wordpress\/plugins\/seo\/ -->\n<title>Charla informativa para dar a co\u00f1ecer aos veci\u00f1os e veci\u00f1as da Guarda o programa \u201cFamilias de Acollida\u201d - Concello da Guarda<\/title>\n<meta name=\"robots\" content=\"index, follow, max-snippet:-1, max-image-preview:large, max-video-preview:-1\" \/>\n<link rel=\"canonical\" href=\"https:\/\/www.aguarda.es\/en\/charla-informativa-para-dar-a-conecer-aos-vecinos-e-vecinas-da-guarda-o-programa-familias-de-acollida\/\" \/>\n<meta property=\"og:locale\" content=\"en_US\" \/>\n<meta property=\"og:type\" content=\"article\" \/>\n<meta property=\"og:title\" content=\"Charla informativa para dar a co\u00f1ecer aos veci\u00f1os e veci\u00f1as da Guarda o programa \u201cFamilias de Acollida\u201d - Concello da Guarda\" \/>\n<meta property=\"og:description\" content=\"A cita \u00e9 o xoves, d\u00eda 19 de novembro, no Centro Cultural\" \/>\n<meta property=\"og:url\" content=\"https:\/\/www.aguarda.es\/en\/charla-informativa-para-dar-a-conecer-aos-vecinos-e-vecinas-da-guarda-o-programa-familias-de-acollida\/\" \/>\n<meta property=\"og:site_name\" content=\"Concello da Guarda\" \/>\n<meta property=\"article:publisher\" content=\"https:\/\/www.facebook.com\/ConcellodaGuarda\" \/>\n<meta property=\"article:published_time\" content=\"2015-11-13T08:26:36+00:00\" \/>\n<meta property=\"article:modified_time\" content=\"2017-04-02T23:49:48+00:00\" \/>\n<meta property=\"og:image\" content=\"https:\/\/www.aguarda.es\/wp-content\/uploads\/2015\/11\/2015_familiaacollida.png\" \/>\n\t<meta property=\"og:image:width\" content=\"424\" \/>\n\t<meta property=\"og:image:height\" content=\"600\" \/>\n\t<meta property=\"og:image:type\" content=\"image\/png\" \/>\n<meta name=\"author\" content=\"Concello\" \/>\n<meta name=\"twitter:card\" content=\"summary_large_image\" \/>\n<meta name=\"twitter:creator\" content=\"@AGuarda_es\" \/>\n<meta name=\"twitter:site\" content=\"@AGuarda_es\" \/>\n<meta name=\"twitter:label1\" content=\"Written by\" \/>\n\t<meta name=\"twitter:data1\" content=\"Concello\" \/>\n\t<meta name=\"twitter:label2\" content=\"Est. reading time\" \/>\n\t<meta name=\"twitter:data2\" content=\"1 minute\" \/>\n<script type=\"application\/ld+json\" class=\"yoast-schema-graph\">{\"@context\":\"https:\/\/schema.org\",\"@graph\":[{\"@type\":\"WebPage\",\"@id\":\"https:\/\/www.aguarda.es\/en\/charla-informativa-para-dar-a-conecer-aos-vecinos-e-vecinas-da-guarda-o-programa-familias-de-acollida\/\",\"url\":\"https:\/\/www.aguarda.es\/en\/charla-informativa-para-dar-a-conecer-aos-vecinos-e-vecinas-da-guarda-o-programa-familias-de-acollida\/\",\"name\":\"Charla informativa para dar a co\u00f1ecer aos veci\u00f1os e veci\u00f1as da Guarda o programa \u201cFamilias de Acollida\u201d - Concello da Guarda\",\"isPartOf\":{\"@id\":\"https:\/\/www.aguarda.es\/en\/#website\"},\"datePublished\":\"2015-11-13T08:26:36+00:00\",\"dateModified\":\"2017-04-02T23:49:48+00:00\",\"author\":{\"@id\":\"https:\/\/www.aguarda.es\/en\/#\/schema\/person\/ac30f4d74843174f0af56c730f74dd57\"},\"breadcrumb\":{\"@id\":\"https:\/\/www.aguarda.es\/en\/charla-informativa-para-dar-a-conecer-aos-vecinos-e-vecinas-da-guarda-o-programa-familias-de-acollida\/#breadcrumb\"},\"inLanguage\":\"en-US\",\"potentialAction\":[{\"@type\":\"ReadAction\",\"target\":[\"https:\/\/www.aguarda.es\/en\/charla-informativa-para-dar-a-conecer-aos-vecinos-e-vecinas-da-guarda-o-programa-familias-de-acollida\/\"]}]},{\"@type\":\"BreadcrumbList\",\"@id\":\"https:\/\/www.aguarda.es\/en\/charla-informativa-para-dar-a-conecer-aos-vecinos-e-vecinas-da-guarda-o-programa-familias-de-acollida\/#breadcrumb\",\"itemListElement\":[{\"@type\":\"ListItem\",\"position\":1,\"name\":\"Portada\",\"item\":\"https:\/\/www.aguarda.es\/en\/\"},{\"@type\":\"ListItem\",\"position\":2,\"name\":\"Charla informativa para dar a co\u00f1ecer aos veci\u00f1os e veci\u00f1as da Guarda o programa \u201cFamilias de Acollida\u201d\"}]},{\"@type\":\"WebSite\",\"@id\":\"https:\/\/www.aguarda.es\/en\/#website\",\"url\":\"https:\/\/www.aguarda.es\/en\/\",\"name\":\"Concello da Guarda\",\"description\":\"P\u00e1xina web do concello da Guarda\",\"potentialAction\":[{\"@type\":\"SearchAction\",\"target\":{\"@type\":\"EntryPoint\",\"urlTemplate\":\"https:\/\/www.aguarda.es\/en\/?s={search_term_string}\"},\"query-input\":\"required name=search_term_string\"}],\"inLanguage\":\"en-US\"},{\"@type\":\"Person\",\"@id\":\"https:\/\/www.aguarda.es\/en\/#\/schema\/person\/ac30f4d74843174f0af56c730f74dd57\",\"name\":\"Concello\",\"image\":{\"@type\":\"ImageObject\",\"inLanguage\":\"en-US\",\"@id\":\"https:\/\/www.aguarda.es\/en\/#\/schema\/person\/image\/\",\"url\":\"https:\/\/secure.gravatar.com\/avatar\/7eda12a04da40b2ef77eb62e68f07027?s=96&d=mm&r=g\",\"contentUrl\":\"https:\/\/secure.gravatar.com\/avatar\/7eda12a04da40b2ef77eb62e68f07027?s=96&d=mm&r=g\",\"caption\":\"Concello\"},\"url\":\"https:\/\/www.aguarda.es\/en\/author\/admin\/\"}]}<\/script>\n<!-- \/ Yoast SEO plugin. -->","yoast_head_json":{"title":"Charla informativa para dar a co\u00f1ecer aos veci\u00f1os e veci\u00f1as da Guarda o programa \u201cFamilias de Acollida\u201d - Concello da Guarda","robots":{"index":"index","follow":"follow","max-snippet":"max-snippet:-1","max-image-preview":"max-image-preview:large","max-video-preview":"max-video-preview:-1"},"canonical":"https:\/\/www.aguarda.es\/en\/charla-informativa-para-dar-a-conecer-aos-vecinos-e-vecinas-da-guarda-o-programa-familias-de-acollida\/","og_locale":"en_US","og_type":"article","og_title":"Charla informativa para dar a co\u00f1ecer aos veci\u00f1os e veci\u00f1as da Guarda o programa \u201cFamilias de Acollida\u201d - Concello da Guarda","og_description":"A cita \u00e9 o xoves, d\u00eda 19 de novembro, no Centro Cultural","og_url":"https:\/\/www.aguarda.es\/en\/charla-informativa-para-dar-a-conecer-aos-vecinos-e-vecinas-da-guarda-o-programa-familias-de-acollida\/","og_site_name":"Concello da Guarda","article_publisher":"https:\/\/www.facebook.com\/ConcellodaGuarda","article_published_time":"2015-11-13T08:26:36+00:00","article_modified_time":"2017-04-02T23:49:48+00:00","og_image":[{"width":424,"height":600,"url":"https:\/\/www.aguarda.es\/wp-content\/uploads\/2015\/11\/2015_familiaacollida.png","type":"image\/png"}],"author":"Concello","twitter_card":"summary_large_image","twitter_creator":"@AGuarda_es","twitter_site":"@AGuarda_es","twitter_misc":{"Written by":"Concello","Est. reading time":"1 minute"},"schema":{"@context":"https:\/\/schema.org","@graph":[{"@type":"WebPage","@id":"https:\/\/www.aguarda.es\/en\/charla-informativa-para-dar-a-conecer-aos-vecinos-e-vecinas-da-guarda-o-programa-familias-de-acollida\/","url":"https:\/\/www.aguarda.es\/en\/charla-informativa-para-dar-a-conecer-aos-vecinos-e-vecinas-da-guarda-o-programa-familias-de-acollida\/","name":"Charla informativa para dar a co\u00f1ecer aos veci\u00f1os e veci\u00f1as da Guarda o programa \u201cFamilias de Acollida\u201d - Concello da Guarda","isPartOf":{"@id":"https:\/\/www.aguarda.es\/en\/#website"},"datePublished":"2015-11-13T08:26:36+00:00","dateModified":"2017-04-02T23:49:48+00:00","author":{"@id":"https:\/\/www.aguarda.es\/en\/#\/schema\/person\/ac30f4d74843174f0af56c730f74dd57"},"breadcrumb":{"@id":"https:\/\/www.aguarda.es\/en\/charla-informativa-para-dar-a-conecer-aos-vecinos-e-vecinas-da-guarda-o-programa-familias-de-acollida\/#breadcrumb"},"inLanguage":"en-US","potentialAction":[{"@type":"ReadAction","target":["https:\/\/www.aguarda.es\/en\/charla-informativa-para-dar-a-conecer-aos-vecinos-e-vecinas-da-guarda-o-programa-familias-de-acollida\/"]}]},{"@type":"BreadcrumbList","@id":"https:\/\/www.aguarda.es\/en\/charla-informativa-para-dar-a-conecer-aos-vecinos-e-vecinas-da-guarda-o-programa-familias-de-acollida\/#breadcrumb","itemListElement":[{"@type":"ListItem","position":1,"name":"Portada","item":"https:\/\/www.aguarda.es\/en\/"},{"@type":"ListItem","position":2,"name":"Charla informativa para dar a co\u00f1ecer aos veci\u00f1os e veci\u00f1as da Guarda o programa \u201cFamilias de Acollida\u201d"}]},{"@type":"WebSite","@id":"https:\/\/www.aguarda.es\/en\/#website","url":"https:\/\/www.aguarda.es\/en\/","name":"Concello da Guarda","description":"P\u00e1xina web do concello da Guarda","potentialAction":[{"@type":"SearchAction","target":{"@type":"EntryPoint","urlTemplate":"https:\/\/www.aguarda.es\/en\/?s={search_term_string}"},"query-input":"required name=search_term_string"}],"inLanguage":"en-US"},{"@type":"Person","@id":"https:\/\/www.aguarda.es\/en\/#\/schema\/person\/ac30f4d74843174f0af56c730f74dd57","name":"Concello","image":{"@type":"ImageObject","inLanguage":"en-US","@id":"https:\/\/www.aguarda.es\/en\/#\/schema\/person\/image\/","url":"https:\/\/secure.gravatar.com\/avatar\/7eda12a04da40b2ef77eb62e68f07027?s=96&d=mm&r=g","contentUrl":"https:\/\/secure.gravatar.com\/avatar\/7eda12a04da40b2ef77eb62e68f07027?s=96&d=mm&r=g","caption":"Concello"},"url":"https:\/\/www.aguarda.es\/en\/author\/admin\/"}]}},"_links":{"self":[{"href":"https:\/\/www.aguarda.es\/en\/wp-json\/wp\/v2\/posts\/1347"}],"collection":[{"href":"https:\/\/www.aguarda.es\/en\/wp-json\/wp\/v2\/posts"}],"about":[{"href":"https:\/\/www.aguarda.es\/en\/wp-json\/wp\/v2\/types\/post"}],"author":[{"embeddable":true,"href":"https:\/\/www.aguarda.es\/en\/wp-json\/wp\/v2\/users\/1"}],"replies":[{"embeddable":true,"href":"https:\/\/www.aguarda.es\/en\/wp-json\/wp\/v2\/comments?post=1347"}],"version-history":[{"count":1,"href":"https:\/\/www.aguarda.es\/en\/wp-json\/wp\/v2\/posts\/1347\/revisions"}],"predecessor-version":[{"id":8153,"href":"https:\/\/www.aguarda.es\/en\/wp-json\/wp\/v2\/posts\/1347\/revisions\/8153"}],"wp:featuredmedia":[{"embeddable":true,"href":"https:\/\/www.aguarda.es\/en\/wp-json\/wp\/v2\/media\/1346"}],"wp:attachment":[{"href":"https:\/\/www.aguarda.es\/en\/wp-json\/wp\/v2\/media?parent=1347"}],"wp:term":[{"taxonomy":"category","embeddable":true,"href":"https:\/\/www.aguarda.es\/en\/wp-json\/wp\/v2\/categories?post=1347"},{"taxonomy":"post_tag","embeddable":true,"href":"https:\/\/www.aguarda.es\/en\/wp-json\/wp\/v2\/tags?post=1347"}],"curies":[{"name":"wp","href":"https:\/\/api.w.org\/{rel}","templated":true}]}}